{"id":152186,"date":"2023-09-28T06:44:35","date_gmt":"2023-09-28T10:44:35","guid":{"rendered":"https:\/\/news.canadamotorjobs.com\/?p=152186"},"modified":"2023-09-28T06:46:23","modified_gmt":"2023-09-28T10:46:23","slug":"hyundai-et-kia-rappellent-600-000-vehicules-au-canada","status":"publish","type":"post","link":"https:\/\/news.canadamotorjobs.com\/fr\/hyundai-et-kia-rappellent-600-000-vehicules-au-canada\/","title":{"rendered":"Hyundai et Kia rappellent 600 000 v\u00e9hicules au Canada"},"content":{"rendered":"<\/p>\n<h3>&#8211; 327 000 mod\u00e8les Hyundai de 2010 \u00e0 2017, 276 000 Kia<\/h3>\n<p><\/p>\n<h3>&#8211; Le module ABS pourrait provoquer un court-circuit et un incendie<\/h3>\n<p>\nTransports Canada vient d&#8217;annoncer un rappel massif de v\u00e9hicules Kia et Hyundai. Plus de 600 000 voitures et VUS sont concern\u00e9s, avec un risque d&#8217;incendie m\u00eame lorsque les v\u00e9hicules sont gar\u00e9s et \u00e9teints.<\/p>\n<h3>C\u2019est quoi le probl\u00e8me<\/h3>\n<p>\nSur certains v\u00e9hicules, l&#8217;unit\u00e9 de commande \u00e9lectronique hydraulique des freins (HECU) peut provoquer un court-circuit. Le risque est qu&#8217;un court-circuit peut cr\u00e9er un risque d&#8217;incendie, m\u00eame lorsque le v\u00e9hicule est gar\u00e9 et \u00e9teint&#8221;. Le module de commande \u00e9lectronique du circuit hydraulique de freinage est la pi\u00e8ce qui contr\u00f4le le fonctionnement des freins antiblocage, ce qui signifie \u00e9galement les syst\u00e8mes de contr\u00f4le de la stabilit\u00e9. Il comporte des sol\u00e9no\u00efdes qui ajustent la pression de freinage envoy\u00e9e \u00e0 chaque roue pour \u00e9viter le blocage. Le module est travers\u00e9 par le liquide de frein. Ce liquide n&#8217;est que mod\u00e9r\u00e9ment inflammable, mais en cas de court-circuit et d&#8217;incendie \u00e9lectrique, il peut s&#8217;enflammer.<\/p>\n<h3>Comment on r\u00e8gle le probl\u00e8me<\/h3>\n<p>\nHyundai et Kia ont annonc\u00e9 un correctif pour ce probl\u00e8me. Les clients seront dirig\u00e9s vers un concessionnaire pour faire remplacer le fusible HECU. Les deux constructeurs automobiles recommandent de se garer \u00e0 l&#8217;ext\u00e9rieur et \u00e0 l&#8217;\u00e9cart d&#8217;autres v\u00e9hicules ou structures jusqu&#8217;\u00e0 ce que les r\u00e9parations du rappel aient \u00e9t\u00e9 effectu\u00e9es.<\/p>\n<h3>Les mod\u00e8les concern\u00e9s<\/h3>\n<p>\nLes 276 000 v\u00e9hicules Kia concern\u00e9s sont les Borrego 2010-2011, Cadenza 2014-2016, Forte 2010-2013, Kia K900 2015, Kia Optima 2010-2015, Rio 2012-2017, Rondo 2010-2017, Sorento 2011-2014, Soul 2011-2013 et Sportage 2010.<\/p>\n<p>Les mod\u00e8les Hyundai concern\u00e9s sont les suivants : Accent 2012-2015, Elantra 2011-2015, Equus 2014-2015, Genesis Coupe 2011-2015, Santa Fe 2013-2015, Santa Fe Sport 2013, Tucson 2010-2013 et Vera Cruz 2010-2012. 326 942 v\u00e9hicules sont concern\u00e9s.<\/p>\n<p>Les clients peuvent contacter Hyundai au 888-216-2626 ou v\u00e9rifier la pr\u00e9sence d&#8217;un rappel en ligne. Les clients de Kia peuvent contacter la soci\u00e9t\u00e9 au 877-542-2886 ou v\u00e9rifier sur le site web de Kia.<\/p>\n<p>\u00a0<\/p>\n<p>Avec des renseignements de Motor Illustrated<\/p>\n<p>Le texte <a rel=\"nofollow\" href=\"https:\/\/annuelauto.ca\/hyundai-et-kia-rappellent-600-000-vehicules-au-canada\/\">Hyundai et Kia rappellent 600 000 v\u00e9hicules au Canada<\/a> provient de <a rel=\"nofollow\" href=\"https:\/\/annuelauto.ca\">L&#8217;annuel de l&#8217;automobile &#8211; Actualit\u00e9 automobile<\/a><\/p>\n<p><\/p>\n","protected":false},"excerpt":{"rendered":"<p>&#8211; 327 000 mod\u00e8les Hyundai de 2010 \u00e0 2017, 276 000 Kia &#8211; Le module ABS pourrait provoquer un court-circuit et un incendie Transports Canada vient d&#8217;annoncer un rappel massif de v\u00e9hicules Kia et Hyundai. Plus de 600 000 voitures et VUS sont concern\u00e9s, avec un risque d&#8217;incendie m\u00eame lorsque les v\u00e9hicules sont gar\u00e9s et [&hellip;]<\/p>\n","protected":false},"author":8,"featured_media":152188,"comment_status":"close","ping_status":"closed","sticky":false,"template":"","format":"standard","meta":{"_monsterinsights_skip_tracking":false,"_monsterinsights_sitenote_active":false,"_monsterinsights_sitenote_note":"","_monsterinsights_sitenote_category":0,"footnotes":""},"categories":[101],"tags":[],"yoast_head":"<!-- This site is optimized with the Yoast SEO plugin v23.2 - https:\/\/yoast.com\/wordpress\/plugins\/seo\/ -->\n<title>Hyundai et Kia rappellent 600 000 v\u00e9hicules au Canada - CanadaMotorJobs.com<\/title>\n<meta name=\"description\" content=\"Hyundai et Kia rappellent 600 000 v\u00e9hicules au Canada - Benoit Charette - Annuel automobile - CanadaMotorJobs.com.\" \/>\n<meta name=\"robots\" content=\"index, follow, max-snippet:-1, max-image-preview:large, max-video-preview:-1\" \/>\n<meta property=\"og:locale\" content=\"fr_CA\" \/>\n<meta property=\"og:type\" content=\"article\" \/>\n<meta property=\"og:title\" content=\"Hyundai et Kia rappellent 600 000 v\u00e9hicules au Canada - CanadaMotorJobs.com\" \/>\n<meta property=\"og:description\" content=\"Hyundai et Kia rappellent 600 000 v\u00e9hicules au Canada - Benoit Charette - Annuel automobile - CanadaMotorJobs.com.\" \/>\n<meta property=\"og:url\" content=\"https:\/\/news.canadamotorjobs.com\/fr\/hyundai-et-kia-rappellent-600-000-vehicules-au-canada\/\" \/>\n<meta property=\"og:site_name\" content=\"CanadaMotorJobs.com\" \/>\n<meta property=\"article:publisher\" content=\"https:\/\/www.facebook.com\/canadamotorjobs\/\" \/>\n<meta property=\"article:published_time\" content=\"2023-09-28T10:44:35+00:00\" \/>\n<meta property=\"article:modified_time\" content=\"2023-09-28T10:46:23+00:00\" \/>\n<meta property=\"og:image\" content=\"https:\/\/news.canadamotorjobs.com\/wp-content\/uploads\/2023\/09\/hyundai-automotive-group-has-become-world-s-fourth-automaker-9771_1.jpg\" \/>\n\t<meta property=\"og:image:width\" content=\"700\" \/>\n\t<meta property=\"og:image:height\" content=\"407\" \/>\n\t<meta property=\"og:image:type\" content=\"image\/jpeg\" \/>\n<meta name=\"author\" content=\"Benoit Charette\" \/>\n<meta name=\"twitter:card\" content=\"summary_large_image\" \/>\n<meta name=\"twitter:creator\" content=\"@canadamotorjobs\" \/>\n<meta name=\"twitter:site\" content=\"@canadamotorjobs\" \/>\n<meta name=\"twitter:label1\" content=\"\u00c9crit par\" \/>\n\t<meta name=\"twitter:data1\" content=\"Benoit Charette\" \/>\n\t<meta name=\"twitter:label2\" content=\"Estimation du temps de lecture\" \/>\n\t<meta name=\"twitter:data2\" content=\"2 minutes\" \/>\n<!-- \/ Yoast SEO plugin. -->","yoast_head_json":{"title":"Hyundai et Kia rappellent 600 000 v\u00e9hicules au Canada - CanadaMotorJobs.com","description":"Hyundai et Kia rappellent 600 000 v\u00e9hicules au Canada - Benoit Charette - Annuel automobile - CanadaMotorJobs.com.","robots":{"index":"index","follow":"follow","max-snippet":"max-snippet:-1","max-image-preview":"max-image-preview:large","max-video-preview":"max-video-preview:-1"},"og_locale":"fr_CA","og_type":"article","og_title":"Hyundai et Kia rappellent 600 000 v\u00e9hicules au Canada - CanadaMotorJobs.com","og_description":"Hyundai et Kia rappellent 600 000 v\u00e9hicules au Canada - Benoit Charette - Annuel automobile - CanadaMotorJobs.com.","og_url":"https:\/\/news.canadamotorjobs.com\/fr\/hyundai-et-kia-rappellent-600-000-vehicules-au-canada\/","og_site_name":"CanadaMotorJobs.com","article_publisher":"https:\/\/www.facebook.com\/canadamotorjobs\/","article_published_time":"2023-09-28T10:44:35+00:00","article_modified_time":"2023-09-28T10:46:23+00:00","og_image":[{"width":700,"height":407,"url":"https:\/\/news.canadamotorjobs.com\/wp-content\/uploads\/2023\/09\/hyundai-automotive-group-has-become-world-s-fourth-automaker-9771_1.jpg","type":"image\/jpeg"}],"author":"Benoit Charette","twitter_card":"summary_large_image","twitter_creator":"@canadamotorjobs","twitter_site":"@canadamotorjobs","twitter_misc":{"\u00c9crit par":"Benoit Charette","Estimation du temps de lecture":"2 minutes"},"schema":{"@context":"https:\/\/schema.org","@graph":[{"@type":"Article","@id":"https:\/\/news.canadamotorjobs.com\/fr\/hyundai-et-kia-rappellent-600-000-vehicules-au-canada\/#article","isPartOf":{"@id":"https:\/\/news.canadamotorjobs.com\/fr\/hyundai-et-kia-rappellent-600-000-vehicules-au-canada\/"},"author":{"name":"Benoit Charette","@id":"https:\/\/news.canadamotorjobs.com\/#\/schema\/person\/51793d1f87d44011d7bcc2ed99269a90"},"headline":"Hyundai et Kia rappellent 600 000 v\u00e9hicules au Canada","datePublished":"2023-09-28T10:44:35+00:00","dateModified":"2023-09-28T10:46:23+00:00","mainEntityOfPage":{"@id":"https:\/\/news.canadamotorjobs.com\/fr\/hyundai-et-kia-rappellent-600-000-vehicules-au-canada\/"},"wordCount":393,"publisher":{"@id":"https:\/\/news.canadamotorjobs.com\/#organization"},"image":{"@id":"https:\/\/news.canadamotorjobs.com\/fr\/hyundai-et-kia-rappellent-600-000-vehicules-au-canada\/#primaryimage"},"thumbnailUrl":"https:\/\/news.canadamotorjobs.com\/wp-content\/uploads\/2023\/09\/hyundai-automotive-group-has-become-world-s-fourth-automaker-9771_1.jpg","articleSection":["Annuel automobile"],"inLanguage":"fr-CA"},{"@type":"WebPage","@id":"https:\/\/news.canadamotorjobs.com\/fr\/hyundai-et-kia-rappellent-600-000-vehicules-au-canada\/","url":"https:\/\/news.canadamotorjobs.com\/fr\/hyundai-et-kia-rappellent-600-000-vehicules-au-canada\/","name":"Hyundai et Kia rappellent 600 000 v\u00e9hicules au Canada - CanadaMotorJobs.com","isPartOf":{"@id":"https:\/\/news.canadamotorjobs.com\/#website"},"primaryImageOfPage":{"@id":"https:\/\/news.canadamotorjobs.com\/fr\/hyundai-et-kia-rappellent-600-000-vehicules-au-canada\/#primaryimage"},"image":{"@id":"https:\/\/news.canadamotorjobs.com\/fr\/hyundai-et-kia-rappellent-600-000-vehicules-au-canada\/#primaryimage"},"thumbnailUrl":"https:\/\/news.canadamotorjobs.com\/wp-content\/uploads\/2023\/09\/hyundai-automotive-group-has-become-world-s-fourth-automaker-9771_1.jpg","datePublished":"2023-09-28T10:44:35+00:00","dateModified":"2023-09-28T10:46:23+00:00","description":"Hyundai et Kia rappellent 600 000 v\u00e9hicules au Canada - Benoit Charette - Annuel automobile - CanadaMotorJobs.com.","breadcrumb":{"@id":"https:\/\/news.canadamotorjobs.com\/fr\/hyundai-et-kia-rappellent-600-000-vehicules-au-canada\/#breadcrumb"},"inLanguage":"fr-CA","potentialAction":[{"@type":"ReadAction","target":["https:\/\/news.canadamotorjobs.com\/fr\/hyundai-et-kia-rappellent-600-000-vehicules-au-canada\/"]}]},{"@type":"ImageObject","inLanguage":"fr-CA","@id":"https:\/\/news.canadamotorjobs.com\/fr\/hyundai-et-kia-rappellent-600-000-vehicules-au-canada\/#primaryimage","url":"https:\/\/news.canadamotorjobs.com\/wp-content\/uploads\/2023\/09\/hyundai-automotive-group-has-become-world-s-fourth-automaker-9771_1.jpg","contentUrl":"https:\/\/news.canadamotorjobs.com\/wp-content\/uploads\/2023\/09\/hyundai-automotive-group-has-become-world-s-fourth-automaker-9771_1.jpg","width":700,"height":407},{"@type":"BreadcrumbList","@id":"https:\/\/news.canadamotorjobs.com\/fr\/hyundai-et-kia-rappellent-600-000-vehicules-au-canada\/#breadcrumb","itemListElement":[{"@type":"ListItem","position":1,"name":"Home","item":"https:\/\/news.canadamotorjobs.com\/fr\/blog\/"},{"@type":"ListItem","position":2,"name":"Hyundai et Kia rappellent 600 000 v\u00e9hicules au Canada"}]},{"@type":"WebSite","@id":"https:\/\/news.canadamotorjobs.com\/#website","url":"https:\/\/news.canadamotorjobs.com\/","name":"CanadaMotorJobs.com","description":"Automotive Jobs","publisher":{"@id":"https:\/\/news.canadamotorjobs.com\/#organization"},"potentialAction":[{"@type":"SearchAction","target":{"@type":"EntryPoint","urlTemplate":"https:\/\/news.canadamotorjobs.com\/?s={search_term_string}"},"query-input":"required name=search_term_string"}],"inLanguage":"fr-CA"},{"@type":"Organization","@id":"https:\/\/news.canadamotorjobs.com\/#organization","name":"Canada Motor Jobs","url":"https:\/\/news.canadamotorjobs.com\/","logo":{"@type":"ImageObject","inLanguage":"fr-CA","@id":"https:\/\/news.canadamotorjobs.com\/#\/schema\/logo\/image\/","url":"https:\/\/news.canadamotorjobs.com\/wp-content\/uploads\/2022\/10\/logo-canada-motor-jobs-1.png","contentUrl":"https:\/\/news.canadamotorjobs.com\/wp-content\/uploads\/2022\/10\/logo-canada-motor-jobs-1.png","width":800,"height":400,"caption":"Canada Motor Jobs"},"image":{"@id":"https:\/\/news.canadamotorjobs.com\/#\/schema\/logo\/image\/"},"sameAs":["https:\/\/www.facebook.com\/canadamotorjobs\/","https:\/\/x.com\/canadamotorjobs","https:\/\/www.instagram.com\/canadamotorjobs\/","https:\/\/www.linkedin.com\/company\/canadamotorjobs"]},{"@type":"Person","@id":"https:\/\/news.canadamotorjobs.com\/#\/schema\/person\/51793d1f87d44011d7bcc2ed99269a90","name":"Benoit Charette","image":{"@type":"ImageObject","inLanguage":"fr-CA","@id":"https:\/\/news.canadamotorjobs.com\/#\/schema\/person\/image\/","url":"https:\/\/secure.gravatar.com\/avatar\/45f3d2eebcccd909668d7ce7ea7267b6?s=96&d=mm&r=g","contentUrl":"https:\/\/secure.gravatar.com\/avatar\/45f3d2eebcccd909668d7ce7ea7267b6?s=96&d=mm&r=g","caption":"Benoit Charette"},"description":"Benoit Charette \/ Propri\u00e9taire et r\u00e9dacteur en chef Benoit Charette pratique le journalisme automobile depuis bient\u00f4t 30 ans. Il a fait ses classes au c\u00f4t\u00e9 de Daniel H\u00e9raud et au Carnet de route de 1992 \u00e0 2001. Il est fondateur, copropri\u00e9taire et r\u00e9dacteur en chef de L\u2019Annuel de l\u2019automobile, qu\u2019il publie depuis 2001. Il a anim\u00e9 les \u00e9missions RPM et RPM+ sur V et les L\u00e9gendes de la route sur Historia. \u00c0 la radio depuis 1986, il reprend l\u2019antenne cette ann\u00e9e sur les ondes de Cogeco et participe pour la deuxi\u00e8me ann\u00e9e \u00e0 l\u2019\u00e9mission Passion Auto sur RDS en plus de mettre en ligne le site Web officiel de L\u2019Annuel de l\u2019automobile sur annuelauto.ca.","sameAs":["https:\/\/annuelauto.ca\/"],"url":"https:\/\/news.canadamotorjobs.com\/fr\/author\/benoit-charette\/"}]}},"_links":{"self":[{"href":"https:\/\/news.canadamotorjobs.com\/fr\/wp-json\/wp\/v2\/posts\/152186"}],"collection":[{"href":"https:\/\/news.canadamotorjobs.com\/fr\/wp-json\/wp\/v2\/posts"}],"about":[{"href":"https:\/\/news.canadamotorjobs.com\/fr\/wp-json\/wp\/v2\/types\/post"}],"author":[{"embeddable":true,"href":"https:\/\/news.canadamotorjobs.com\/fr\/wp-json\/wp\/v2\/users\/8"}],"replies":[{"embeddable":true,"href":"https:\/\/news.canadamotorjobs.com\/fr\/wp-json\/wp\/v2\/comments?post=152186"}],"version-history":[{"count":2,"href":"https:\/\/news.canadamotorjobs.com\/fr\/wp-json\/wp\/v2\/posts\/152186\/revisions"}],"predecessor-version":[{"id":152190,"href":"https:\/\/news.canadamotorjobs.com\/fr\/wp-json\/wp\/v2\/posts\/152186\/revisions\/152190"}],"wp:featuredmedia":[{"embeddable":true,"href":"https:\/\/news.canadamotorjobs.com\/fr\/wp-json\/wp\/v2\/media\/152188"}],"wp:attachment":[{"href":"https:\/\/news.canadamotorjobs.com\/fr\/wp-json\/wp\/v2\/media?parent=152186"}],"wp:term":[{"taxonomy":"category","embeddable":true,"href":"https:\/\/news.canadamotorjobs.com\/fr\/wp-json\/wp\/v2\/categories?post=152186"},{"taxonomy":"post_tag","embeddable":true,"href":"https:\/\/news.canadamotorjobs.com\/fr\/wp-json\/wp\/v2\/tags?post=152186"}],"curies":[{"name":"wp","href":"https:\/\/api.w.org\/{rel}","templated":true}]}}