{"id":152167,"date":"2023-09-28T06:25:51","date_gmt":"2023-09-28T10:25:51","guid":{"rendered":"https:\/\/news.canadamotorjobs.com\/?p=152167"},"modified":"2023-09-28T06:31:10","modified_gmt":"2023-09-28T10:31:10","slug":"mercedes-benz-presente-une-autonomie-de-niveau-3-en-californie","status":"publish","type":"post","link":"https:\/\/news.canadamotorjobs.com\/fr\/mercedes-benz-presente-une-autonomie-de-niveau-3-en-californie\/","title":{"rendered":"Mercedes-Benz pr\u00e9sente une autonomie de niveau 3 en Californie"},"content":{"rendered":"<\/p>\n<p>Le syst\u00e8me Drive Pilot sera propos\u00e9 sous forme d&#8217;abonnement annuel, au prix de 2 500 dollars la premi\u00e8re ann\u00e9e.<\/p>\n<h3>Californie et Nevada<\/h3>\n<p>\nMercedes-Benz a annonc\u00e9 le lancement de sa technologie de conduite automatis\u00e9e de niveau 3 dans l&#8217;ouest des \u00c9tats-Unis au cours du quatri\u00e8me trimestre. Le service, dont l&#8217;utilisation est approuv\u00e9e en Californie et au Nevada, sera initialement disponible sur un nombre limit\u00e9 de berlines \u00e9lectriques EQS. L&#8217;ann\u00e9e prochaine, Mercedes \u00e9tendra la technologie Drive Pilot \u00e0 sa berline Classe S \u00e0 essence.<\/p>\n<h3>Conduire sans les mains<\/h3>\n<p>\nLe syst\u00e8me Drive Pilot de Mercedes permet \u00e0 la voiture de prendre le contr\u00f4le des fonctions de conduite dans certaines conditions, lib\u00e9rant ainsi le conducteur pour d&#8217;autres t\u00e2ches, comme r\u00e9pondre \u00e0 ses courriels. Mais le syst\u00e8me peut demander au conducteur de prendre le contr\u00f4le \u00e0 tout moment, ce qui est une condition pr\u00e9alable \u00e0 l&#8217;autonomie de niveau 3. Si le conducteur ne r\u00e9pond pas dans les 10 secondes, la voiture s&#8217;arr\u00eate d&#8217;urgence. Le niveau 3 de l&#8217;\u00e9chelle SAE International est approuv\u00e9 pour fonctionner sur les autoroutes \u00e0 une vitesse maximale de 65 km\/h, ce qui signifie que son utilisation principale serait dans un trafic congestionn\u00e9 ou des embouteillages. Drive Pilot utilise des radars, des lidars, des cam\u00e9ras, des ultrasons et des capteurs d&#8217;humidit\u00e9 pour fournir des donn\u00e9es sur l&#8217;\u00e9tat de la route aux ordinateurs du v\u00e9hicule. Il contr\u00f4le la vitesse, le freinage et la position dans la voie.<\/p>\n<h3>Mercedes n\u2019est pas seul<\/h3>\n<p>\nEn mai, Mercedes a commenc\u00e9 \u00e0 proposer Drive Pilot, le premier syst\u00e8me de conduite autonome de niveau 3 approuv\u00e9 pour les routes publiques europ\u00e9ennes, en option sur les mod\u00e8les Classe S et EQS. Mais Mercedes pourrait ne pas avoir le march\u00e9 pour elle seule pendant longtemps. Son concurrent de luxe, BMW, pr\u00e9voit d&#8217;\u00e9quiper sa berline phare, la s\u00e9rie 7, d&#8217;une technologie similaire en Allemagne cette ann\u00e9e. Volvo et Audi ont essay\u00e9 de proposer des syst\u00e8mes similaires il y a quelques ann\u00e9es, mais ont abandonn\u00e9 apr\u00e8s avoir constat\u00e9 qu&#8217;ils avaient besoin d&#8217;aide pour d\u00e9m\u00ealer les probl\u00e8mes juridiques, r\u00e9glementaires et de s\u00e9curit\u00e9 li\u00e9s \u00e0 la conduite de niveau 3.<\/p>\n<p>\u00a0<\/p>\n<p>Avec des renseignements d\u2019Automotive News<\/p>\n<p>Le texte <a rel=\"nofollow\" href=\"https:\/\/annuelauto.ca\/mercedes-benz-presente-une-autonomie-de-niveau-3-en-californie\/\">Mercedes-Benz pr\u00e9sente une autonomie de niveau 3 en Californie<\/a> provient de <a rel=\"nofollow\" href=\"https:\/\/annuelauto.ca\">L&#8217;annuel de l&#8217;automobile &#8211; Actualit\u00e9 automobile<\/a><\/p>\n<p><\/p>\n","protected":false},"excerpt":{"rendered":"<p>Le syst\u00e8me Drive Pilot sera propos\u00e9 sous forme d&#8217;abonnement annuel, au prix de 2 500 dollars la premi\u00e8re ann\u00e9e. Californie et Nevada Mercedes-Benz a annonc\u00e9 le lancement de sa technologie de conduite automatis\u00e9e de niveau 3 dans l&#8217;ouest des \u00c9tats-Unis au cours du quatri\u00e8me trimestre. Le service, dont l&#8217;utilisation est approuv\u00e9e en Californie et au [&hellip;]<\/p>\n","protected":false},"author":8,"featured_media":152169,"comment_status":"close","ping_status":"closed","sticky":false,"template":"","format":"standard","meta":{"_monsterinsights_skip_tracking":false,"_monsterinsights_sitenote_active":false,"_monsterinsights_sitenote_note":"","_monsterinsights_sitenote_category":0,"footnotes":""},"categories":[101],"tags":[],"yoast_head":"<!-- This site is optimized with the Yoast SEO plugin v23.2 - https:\/\/yoast.com\/wordpress\/plugins\/seo\/ -->\n<title>Mercedes-Benz pr\u00e9sente une autonomie de niveau 3 en Californie - CanadaMotorJobs.com<\/title>\n<meta name=\"description\" content=\"Mercedes-Benz pr\u00e9sente une autonomie de niveau 3 en Californie - Benoit Charette - Annuel automobile - CanadaMotorJobs.com.\" \/>\n<meta name=\"robots\" content=\"index, follow, max-snippet:-1, max-image-preview:large, max-video-preview:-1\" \/>\n<meta property=\"og:locale\" content=\"fr_CA\" \/>\n<meta property=\"og:type\" content=\"article\" \/>\n<meta property=\"og:title\" content=\"Mercedes-Benz pr\u00e9sente une autonomie de niveau 3 en Californie - CanadaMotorJobs.com\" \/>\n<meta property=\"og:description\" content=\"Mercedes-Benz pr\u00e9sente une autonomie de niveau 3 en Californie - Benoit Charette - Annuel automobile - CanadaMotorJobs.com.\" \/>\n<meta property=\"og:url\" content=\"https:\/\/news.canadamotorjobs.com\/fr\/mercedes-benz-presente-une-autonomie-de-niveau-3-en-californie\/\" \/>\n<meta property=\"og:site_name\" content=\"CanadaMotorJobs.com\" \/>\n<meta property=\"article:publisher\" content=\"https:\/\/www.facebook.com\/canadamotorjobs\/\" \/>\n<meta property=\"article:published_time\" content=\"2023-09-28T10:25:51+00:00\" \/>\n<meta property=\"article:modified_time\" content=\"2023-09-28T10:31:10+00:00\" \/>\n<meta property=\"og:image\" content=\"https:\/\/news.canadamotorjobs.com\/wp-content\/uploads\/2023\/09\/21C0403_005-1024x683-1.jpg\" \/>\n\t<meta property=\"og:image:width\" content=\"1024\" \/>\n\t<meta property=\"og:image:height\" content=\"683\" \/>\n\t<meta property=\"og:image:type\" content=\"image\/jpeg\" \/>\n<meta name=\"author\" content=\"Benoit Charette\" \/>\n<meta name=\"twitter:card\" content=\"summary_large_image\" \/>\n<meta name=\"twitter:creator\" content=\"@canadamotorjobs\" \/>\n<meta name=\"twitter:site\" content=\"@canadamotorjobs\" \/>\n<meta name=\"twitter:label1\" content=\"\u00c9crit par\" \/>\n\t<meta name=\"twitter:data1\" content=\"Benoit Charette\" \/>\n\t<meta name=\"twitter:label2\" content=\"Estimation du temps de lecture\" \/>\n\t<meta name=\"twitter:data2\" content=\"2 minutes\" \/>\n<!-- \/ Yoast SEO plugin. -->","yoast_head_json":{"title":"Mercedes-Benz pr\u00e9sente une autonomie de niveau 3 en Californie - CanadaMotorJobs.com","description":"Mercedes-Benz pr\u00e9sente une autonomie de niveau 3 en Californie - Benoit Charette - Annuel automobile - CanadaMotorJobs.com.","robots":{"index":"index","follow":"follow","max-snippet":"max-snippet:-1","max-image-preview":"max-image-preview:large","max-video-preview":"max-video-preview:-1"},"og_locale":"fr_CA","og_type":"article","og_title":"Mercedes-Benz pr\u00e9sente une autonomie de niveau 3 en Californie - CanadaMotorJobs.com","og_description":"Mercedes-Benz pr\u00e9sente une autonomie de niveau 3 en Californie - Benoit Charette - Annuel automobile - CanadaMotorJobs.com.","og_url":"https:\/\/news.canadamotorjobs.com\/fr\/mercedes-benz-presente-une-autonomie-de-niveau-3-en-californie\/","og_site_name":"CanadaMotorJobs.com","article_publisher":"https:\/\/www.facebook.com\/canadamotorjobs\/","article_published_time":"2023-09-28T10:25:51+00:00","article_modified_time":"2023-09-28T10:31:10+00:00","og_image":[{"width":1024,"height":683,"url":"https:\/\/news.canadamotorjobs.com\/wp-content\/uploads\/2023\/09\/21C0403_005-1024x683-1.jpg","type":"image\/jpeg"}],"author":"Benoit Charette","twitter_card":"summary_large_image","twitter_creator":"@canadamotorjobs","twitter_site":"@canadamotorjobs","twitter_misc":{"\u00c9crit par":"Benoit Charette","Estimation du temps de lecture":"2 minutes"},"schema":{"@context":"https:\/\/schema.org","@graph":[{"@type":"Article","@id":"https:\/\/news.canadamotorjobs.com\/fr\/mercedes-benz-presente-une-autonomie-de-niveau-3-en-californie\/#article","isPartOf":{"@id":"https:\/\/news.canadamotorjobs.com\/fr\/mercedes-benz-presente-une-autonomie-de-niveau-3-en-californie\/"},"author":{"name":"Benoit Charette","@id":"https:\/\/news.canadamotorjobs.com\/#\/schema\/person\/51793d1f87d44011d7bcc2ed99269a90"},"headline":"Mercedes-Benz pr\u00e9sente une autonomie de niveau 3 en Californie","datePublished":"2023-09-28T10:25:51+00:00","dateModified":"2023-09-28T10:31:10+00:00","mainEntityOfPage":{"@id":"https:\/\/news.canadamotorjobs.com\/fr\/mercedes-benz-presente-une-autonomie-de-niveau-3-en-californie\/"},"wordCount":414,"publisher":{"@id":"https:\/\/news.canadamotorjobs.com\/#organization"},"image":{"@id":"https:\/\/news.canadamotorjobs.com\/fr\/mercedes-benz-presente-une-autonomie-de-niveau-3-en-californie\/#primaryimage"},"thumbnailUrl":"https:\/\/news.canadamotorjobs.com\/wp-content\/uploads\/2023\/09\/21C0403_005-1024x683-1.jpg","articleSection":["Annuel automobile"],"inLanguage":"fr-CA"},{"@type":"WebPage","@id":"https:\/\/news.canadamotorjobs.com\/fr\/mercedes-benz-presente-une-autonomie-de-niveau-3-en-californie\/","url":"https:\/\/news.canadamotorjobs.com\/fr\/mercedes-benz-presente-une-autonomie-de-niveau-3-en-californie\/","name":"Mercedes-Benz pr\u00e9sente une autonomie de niveau 3 en Californie - CanadaMotorJobs.com","isPartOf":{"@id":"https:\/\/news.canadamotorjobs.com\/#website"},"primaryImageOfPage":{"@id":"https:\/\/news.canadamotorjobs.com\/fr\/mercedes-benz-presente-une-autonomie-de-niveau-3-en-californie\/#primaryimage"},"image":{"@id":"https:\/\/news.canadamotorjobs.com\/fr\/mercedes-benz-presente-une-autonomie-de-niveau-3-en-californie\/#primaryimage"},"thumbnailUrl":"https:\/\/news.canadamotorjobs.com\/wp-content\/uploads\/2023\/09\/21C0403_005-1024x683-1.jpg","datePublished":"2023-09-28T10:25:51+00:00","dateModified":"2023-09-28T10:31:10+00:00","description":"Mercedes-Benz pr\u00e9sente une autonomie de niveau 3 en Californie - Benoit Charette - Annuel automobile - CanadaMotorJobs.com.","breadcrumb":{"@id":"https:\/\/news.canadamotorjobs.com\/fr\/mercedes-benz-presente-une-autonomie-de-niveau-3-en-californie\/#breadcrumb"},"inLanguage":"fr-CA","potentialAction":[{"@type":"ReadAction","target":["https:\/\/news.canadamotorjobs.com\/fr\/mercedes-benz-presente-une-autonomie-de-niveau-3-en-californie\/"]}]},{"@type":"ImageObject","inLanguage":"fr-CA","@id":"https:\/\/news.canadamotorjobs.com\/fr\/mercedes-benz-presente-une-autonomie-de-niveau-3-en-californie\/#primaryimage","url":"https:\/\/news.canadamotorjobs.com\/wp-content\/uploads\/2023\/09\/21C0403_005-1024x683-1.jpg","contentUrl":"https:\/\/news.canadamotorjobs.com\/wp-content\/uploads\/2023\/09\/21C0403_005-1024x683-1.jpg","width":1024,"height":683},{"@type":"BreadcrumbList","@id":"https:\/\/news.canadamotorjobs.com\/fr\/mercedes-benz-presente-une-autonomie-de-niveau-3-en-californie\/#breadcrumb","itemListElement":[{"@type":"ListItem","position":1,"name":"Home","item":"https:\/\/news.canadamotorjobs.com\/fr\/blog\/"},{"@type":"ListItem","position":2,"name":"Mercedes-Benz pr\u00e9sente une autonomie de niveau 3 en Californie"}]},{"@type":"WebSite","@id":"https:\/\/news.canadamotorjobs.com\/#website","url":"https:\/\/news.canadamotorjobs.com\/","name":"CanadaMotorJobs.com","description":"Automotive Jobs","publisher":{"@id":"https:\/\/news.canadamotorjobs.com\/#organization"},"potentialAction":[{"@type":"SearchAction","target":{"@type":"EntryPoint","urlTemplate":"https:\/\/news.canadamotorjobs.com\/?s={search_term_string}"},"query-input":"required name=search_term_string"}],"inLanguage":"fr-CA"},{"@type":"Organization","@id":"https:\/\/news.canadamotorjobs.com\/#organization","name":"Canada Motor Jobs","url":"https:\/\/news.canadamotorjobs.com\/","logo":{"@type":"ImageObject","inLanguage":"fr-CA","@id":"https:\/\/news.canadamotorjobs.com\/#\/schema\/logo\/image\/","url":"https:\/\/news.canadamotorjobs.com\/wp-content\/uploads\/2022\/10\/logo-canada-motor-jobs-1.png","contentUrl":"https:\/\/news.canadamotorjobs.com\/wp-content\/uploads\/2022\/10\/logo-canada-motor-jobs-1.png","width":800,"height":400,"caption":"Canada Motor Jobs"},"image":{"@id":"https:\/\/news.canadamotorjobs.com\/#\/schema\/logo\/image\/"},"sameAs":["https:\/\/www.facebook.com\/canadamotorjobs\/","https:\/\/x.com\/canadamotorjobs","https:\/\/www.instagram.com\/canadamotorjobs\/","https:\/\/www.linkedin.com\/company\/canadamotorjobs"]},{"@type":"Person","@id":"https:\/\/news.canadamotorjobs.com\/#\/schema\/person\/51793d1f87d44011d7bcc2ed99269a90","name":"Benoit Charette","image":{"@type":"ImageObject","inLanguage":"fr-CA","@id":"https:\/\/news.canadamotorjobs.com\/#\/schema\/person\/image\/","url":"https:\/\/secure.gravatar.com\/avatar\/45f3d2eebcccd909668d7ce7ea7267b6?s=96&d=mm&r=g","contentUrl":"https:\/\/secure.gravatar.com\/avatar\/45f3d2eebcccd909668d7ce7ea7267b6?s=96&d=mm&r=g","caption":"Benoit Charette"},"description":"Benoit Charette \/ Propri\u00e9taire et r\u00e9dacteur en chef Benoit Charette pratique le journalisme automobile depuis bient\u00f4t 30 ans. Il a fait ses classes au c\u00f4t\u00e9 de Daniel H\u00e9raud et au Carnet de route de 1992 \u00e0 2001. Il est fondateur, copropri\u00e9taire et r\u00e9dacteur en chef de L\u2019Annuel de l\u2019automobile, qu\u2019il publie depuis 2001. Il a anim\u00e9 les \u00e9missions RPM et RPM+ sur V et les L\u00e9gendes de la route sur Historia. \u00c0 la radio depuis 1986, il reprend l\u2019antenne cette ann\u00e9e sur les ondes de Cogeco et participe pour la deuxi\u00e8me ann\u00e9e \u00e0 l\u2019\u00e9mission Passion Auto sur RDS en plus de mettre en ligne le site Web officiel de L\u2019Annuel de l\u2019automobile sur annuelauto.ca.","sameAs":["https:\/\/annuelauto.ca\/"],"url":"https:\/\/news.canadamotorjobs.com\/fr\/author\/benoit-charette\/"}]}},"_links":{"self":[{"href":"https:\/\/news.canadamotorjobs.com\/fr\/wp-json\/wp\/v2\/posts\/152167"}],"collection":[{"href":"https:\/\/news.canadamotorjobs.com\/fr\/wp-json\/wp\/v2\/posts"}],"about":[{"href":"https:\/\/news.canadamotorjobs.com\/fr\/wp-json\/wp\/v2\/types\/post"}],"author":[{"embeddable":true,"href":"https:\/\/news.canadamotorjobs.com\/fr\/wp-json\/wp\/v2\/users\/8"}],"replies":[{"embeddable":true,"href":"https:\/\/news.canadamotorjobs.com\/fr\/wp-json\/wp\/v2\/comments?post=152167"}],"version-history":[{"count":2,"href":"https:\/\/news.canadamotorjobs.com\/fr\/wp-json\/wp\/v2\/posts\/152167\/revisions"}],"predecessor-version":[{"id":152171,"href":"https:\/\/news.canadamotorjobs.com\/fr\/wp-json\/wp\/v2\/posts\/152167\/revisions\/152171"}],"wp:featuredmedia":[{"embeddable":true,"href":"https:\/\/news.canadamotorjobs.com\/fr\/wp-json\/wp\/v2\/media\/152169"}],"wp:attachment":[{"href":"https:\/\/news.canadamotorjobs.com\/fr\/wp-json\/wp\/v2\/media?parent=152167"}],"wp:term":[{"taxonomy":"category","embeddable":true,"href":"https:\/\/news.canadamotorjobs.com\/fr\/wp-json\/wp\/v2\/categories?post=152167"},{"taxonomy":"post_tag","embeddable":true,"href":"https:\/\/news.canadamotorjobs.com\/fr\/wp-json\/wp\/v2\/tags?post=152167"}],"curies":[{"name":"wp","href":"https:\/\/api.w.org\/{rel}","templated":true}]}}