{"id":152144,"date":"2023-09-27T09:04:29","date_gmt":"2023-09-27T13:04:29","guid":{"rendered":"https:\/\/news.canadamotorjobs.com\/?p=152144"},"modified":"2023-09-27T09:15:40","modified_gmt":"2023-09-27T13:15:40","slug":"tesla-donne-mal-a-la-tete-a-la-concurrence-aux-etats-unis","status":"publish","type":"post","link":"https:\/\/news.canadamotorjobs.com\/fr\/tesla-donne-mal-a-la-tete-a-la-concurrence-aux-etats-unis\/","title":{"rendered":"Tesla donne mal \u00e0 la t\u00eate \u00e0 la concurrence aux \u00c9tats-Unis"},"content":{"rendered":"<\/p>\n<p><em>Le succ\u00e8s de Tesla aux \u00c9tats-Unis met en lumi\u00e8re la difficult\u00e9 pour les concurrents \u00e0 livrer des mod\u00e8les \u00e9lectriques sur le march\u00e9.<\/em><\/p>\n<h3><strong>La lutte pour la rentabilit\u00e9<\/strong><\/h3>\n<p>\n<em>Malgr\u00e9 les investissements massifs des constructeurs automobiles mondiaux dans de nouvelles usines de fabrication de v\u00e9hicules \u00e9lectriques et de batteries, peu de mod\u00e8les, en dehors des Model Y et Model 3 de Tesla, atteignent des volumes de vente suffisamment \u00e9lev\u00e9s pour justifier de grandes usines d&#8217;assemblage, comme le r\u00e9v\u00e8le une analyse de Reuters des donn\u00e9es de ventes de v\u00e9hicules \u00e9lectriques aux \u00c9tats-Unis pour les six premiers mois de 2023.<\/em><\/p>\n<h3><strong>Tesla domine les chiffres de vente<\/strong><\/h3>\n<p>\n<em>Au premier semestre 2023, Tesla a vendu 325 291 v\u00e9hicules aux \u00c9tats-Unis, \u00e9crasant ses 19 concurrents les plus proches, selon les donn\u00e9es de S&amp;P Global Mobility. La Chevrolet Bolt EV vieillissante, arrive au 2<sup>e<\/sup> rang avec seulement 34 943 v\u00e9hicules vendus, suivie par Ford, Hyundai et Rivian.<\/em> Des mod\u00e8les comme le <em>Mustang Mach E de Ford s\u2019est vendu \u00e0 13 600 unit\u00e9s, des chiffres bien en de\u00e7\u00e0 du seuil de rentabilit\u00e9 pour une usine d&#8217;assemblage typique, qui doit fonctionner \u00e0 80 % de sa capacit\u00e9 ou plus.<\/em><\/p>\n<h3><strong>La croissance des v\u00e9hicules \u00e9lectrifi\u00e9s aux \u00c9tats-Unis<\/strong><\/h3>\n<p>\n<em>Au cours du premier semestre 2023, les v\u00e9hicules \u00e9lectrifi\u00e9s, y compris les v\u00e9hicules hybrides rechargeables et \u00e0 pile \u00e0 combustible, ont captur\u00e9 8,9 % du march\u00e9 am\u00e9ricain, soit une augmentation de 2,6 points de pourcentage par rapport \u00e0 l&#8217;ann\u00e9e pr\u00e9c\u00e9dente, selon les donn\u00e9es de l&#8217;Alliance pour l&#8217;innovation automobile. Cependant, cette part de march\u00e9 est r\u00e9partie entre 103 mod\u00e8les diff\u00e9rents, comme le r\u00e9v\u00e8le le dernier rapport trimestriel de l&#8217;Alliance sur le march\u00e9 des v\u00e9hicules \u00e9lectriques.<\/em><\/p>\n<h3><strong>Pause pour l\u2019usine de batteries<\/strong><\/h3>\n<p>\n<em>La d\u00e9cision de Ford de suspendre la construction de son usine de batteries pour v\u00e9hicules \u00e9lectriques de 3,5 milliards de dollars dans le Michigan intervient alors que des interrogations \u00e9mergent quant \u00e0 la croissance rapide du march\u00e9 am\u00e9ricain des v\u00e9hicules \u00e9lectriques, capable de soutenir toutes les nouvelles op\u00e9rations d&#8217;assemblage et de fabrication de batteries lanc\u00e9es ou en cours de construction.<\/em><\/p>\n<h3><strong>Une perte annuelle \u00e9lev\u00e9e pour Ford<\/strong><\/h3>\n<p>\n<em>En juillet, Ford a annonc\u00e9 une perte annuelle de 4,5 milliards de dollars pour sa division v\u00e9hicules \u00e9lectriques, soit 50 % de plus que pr\u00e9vu en d\u00e9but d&#8217;ann\u00e9e. Le constructeur automobile am\u00e9ricain, \u00e0 l&#8217;instar de ses concurrents, a investi des milliards dans la construction d&#8217;usines suppl\u00e9mentaires de v\u00e9hicules \u00e9lectriques et de batteries aux \u00c9tats-Unis.<\/em><\/p>\n<h3><strong>Tesla maintient son avance<\/strong><\/h3>\n<p>\n<em>Malgr\u00e9 l&#8217;arriv\u00e9e de nouveaux concurrents sur le march\u00e9, Tesla conserve une part de march\u00e9 significative, repr\u00e9sentant pr\u00e8s des deux tiers de toutes les ventes de v\u00e9hicules \u00e9lectriques aux \u00c9tats-Unis. Aucune autre marque ne d\u00e9tient plus de 10 % du march\u00e9, selon Cox Automotive.<\/em><\/p>\n<h3><strong>Croissance anticip\u00e9e des ventes de v\u00e9hicules \u00e9lectriques<\/strong><\/h3>\n<p>\n<em>Cox automotive estime que les ventes de v\u00e9hicules \u00e9lectriques atteindront 8 % des ventes totales de v\u00e9hicules aux \u00c9tats-Unis au troisi\u00e8me trimestre, par rapport \u00e0 environ 6,5 % il y a un an. Cette croissance est en partie attribu\u00e9e \u00e0 la baisse des prix, une tendance impuls\u00e9e par Tesla, qui a utilis\u00e9 ses marges b\u00e9n\u00e9ficiaires sup\u00e9rieures pour r\u00e9duire les prix et stimuler les ventes. Les prix de d\u00e9tail moyens des v\u00e9hicules \u00e9lectriques sont pass\u00e9s \u00e0 53 376 dollars en juillet 2023, contre pr\u00e8s de 70 000 dollars il y a un an.<\/em><\/p>\n<p>Tableau des ventes de mod\u00e8les \u00e9lectriques aux \u00c9tats-Unis au premier trimestre 2023<\/p>\n<p>Tesla\u00a0: \u00a0\u00a0\u00a0\u00a0\u00a0\u00a0\u00a0\u00a0\u00a0\u00a0\u00a0\u00a0\u00a0\u00a0\u00a0\u00a0\u00a0\u00a0\u00a0\u00a0\u00a0\u00a0\u00a0 325, 291\u00a0 unit\u00e9s<\/p>\n<p>Chevrolet\u00a0:\u00a0\u00a0\u00a0\u00a0\u00a0\u00a0\u00a0\u00a0\u00a0\u00a0\u00a0\u00a0\u00a0\u00a0\u00a0\u00a0\u00a0 34,943<\/p>\n<p>Ford\u00a0:\u00a0\u00a0\u00a0\u00a0\u00a0\u00a0\u00a0\u00a0\u00a0\u00a0\u00a0\u00a0\u00a0\u00a0\u00a0\u00a0\u00a0\u00a0\u00a0\u00a0\u00a0\u00a0\u00a0\u00a0\u00a0 26,849<\/p>\n<p>Hyundai\u00a0:\u00a0\u00a0\u00a0\u00a0\u00a0\u00a0\u00a0\u00a0\u00a0\u00a0\u00a0\u00a0\u00a0\u00a0\u00a0\u00a0\u00a0\u00a0\u00a0 20,535<\/p>\n<p>Rivian\u00a0:\u00a0\u00a0\u00a0\u00a0\u00a0\u00a0\u00a0\u00a0\u00a0\u00a0\u00a0\u00a0\u00a0\u00a0\u00a0\u00a0\u00a0\u00a0\u00a0\u00a0\u00a0\u00a0 17,969<\/p>\n<p>BMW\u00a0:\u00a0\u00a0\u00a0\u00a0\u00a0\u00a0\u00a0\u00a0\u00a0\u00a0\u00a0\u00a0\u00a0\u00a0\u00a0\u00a0\u00a0\u00a0\u00a0\u00a0\u00a0\u00a0 17,512<\/p>\n<p>Mercedes Benz :\u00a0\u00a0\u00a0\u00a0\u00a0 16,287<\/p>\n<p>Volkswagen\u00a0:\u00a0\u00a0\u00a0\u00a0\u00a0\u00a0\u00a0\u00a0\u00a0\u00a0\u00a0\u00a0 16,032<\/p>\n<p>Kia\u00a0:\u00a0\u00a0\u00a0\u00a0\u00a0\u00a0\u00a0\u00a0\u00a0\u00a0\u00a0\u00a0\u00a0\u00a0\u00a0\u00a0\u00a0\u00a0\u00a0\u00a0\u00a0\u00a0\u00a0\u00a0\u00a0\u00a0\u00a0 13,327<\/p>\n<p>Audi\u00a0:\u00a0\u00a0\u00a0\u00a0\u00a0\u00a0\u00a0\u00a0\u00a0\u00a0\u00a0\u00a0\u00a0\u00a0\u00a0\u00a0\u00a0\u00a0\u00a0\u00a0\u00a0\u00a0\u00a0\u00a0 \u00a0 9,711<\/p>\n<p>Nissan\u00a0:\u00a0\u00a0\u00a0\u00a0\u00a0\u00a0\u00a0\u00a0\u00a0\u00a0\u00a0\u00a0\u00a0\u00a0\u00a0\u00a0\u00a0\u00a0\u00a0\u00a0\u00a0 \u00a0 8,444<\/p>\n<p>Volvo\u00a0:\u00a0\u00a0\u00a0\u00a0\u00a0\u00a0\u00a0\u00a0\u00a0\u00a0\u00a0\u00a0\u00a0\u00a0\u00a0\u00a0\u00a0\u00a0\u00a0\u00a0\u00a0\u00a0 \u00a0 7,461<\/p>\n<p>Polestar\u00a0:\u00a0\u00a0\u00a0\u00a0\u00a0\u00a0\u00a0\u00a0\u00a0\u00a0\u00a0\u00a0\u00a0\u00a0\u00a0\u00a0\u00a0\u00a0\u00a0 \u00a0 5\u00a0354<\/p>\n<p>Toyota\u00a0:\u00a0\u00a0\u00a0\u00a0\u00a0\u00a0\u00a0\u00a0\u00a0\u00a0\u00a0\u00a0\u00a0\u00a0\u00a0\u00a0\u00a0\u00a0\u00a0\u00a0\u00a0 \u00a0\u00a0 5,131<\/p>\n<p>Porsche\u00a0:\u00a0\u00a0\u00a0\u00a0\u00a0\u00a0\u00a0\u00a0\u00a0\u00a0\u00a0\u00a0\u00a0\u00a0\u00a0\u00a0\u00a0\u00a0\u00a0\u00a0 \u00a0\u00a0 3,394<\/p>\n<p>Lucid :\u00a0\u00a0\u00a0\u00a0\u00a0\u00a0\u00a0\u00a0\u00a0\u00a0\u00a0 \u00a0 \u00a0 \u00a0 \u00a0 \u00a0 \u00a0 \u00a0 \u00a0 3,191<\/p>\n<p>Subaru\u00a0:\u00a0\u00a0\u00a0\u00a0\u00a0\u00a0\u00a0\u00a0\u00a0\u00a0\u00a0\u00a0\u00a0\u00a0\u00a0\u00a0\u00a0\u00a0\u00a0\u00a0\u00a0 \u00a0\u00a0 2,946<\/p>\n<p>Genesis\u00a0:\u00a0\u00a0\u00a0\u00a0\u00a0\u00a0\u00a0\u00a0\u00a0\u00a0\u00a0\u00a0\u00a0\u00a0\u00a0\u00a0\u00a0\u00a0\u00a0\u00a0 \u00a0\u00a0 2,327<\/p>\n<p>Cadillac\u00a0:\u00a0\u00a0\u00a0\u00a0\u00a0\u00a0\u00a0\u00a0\u00a0\u00a0\u00a0\u00a0\u00a0\u00a0\u00a0\u00a0\u00a0\u00a0\u00a0 \u00a0\u00a0 2,221<\/p>\n<p>Lexus\u00a0:\u00a0\u00a0\u00a0\u00a0\u00a0\u00a0\u00a0\u00a0\u00a0\u00a0\u00a0\u00a0\u00a0\u00a0\u00a0\u00a0\u00a0\u00a0\u00a0\u00a0\u00a0\u00a0\u00a0 \u00a0\u00a0\u00a0\u00a0\u00a0 908<\/p>\n<p>\u00a0<\/p>\n<p>Avec des renseignements de Reuters<\/p>\n<p>Le texte <a rel=\"nofollow\" href=\"https:\/\/annuelauto.ca\/tesla-donne-mal-a-la-tete-a-la-concurrence-aux-etats-unis\/\">Tesla donne mal \u00e0 la t\u00eate \u00e0 la concurrence aux \u00c9tats-Unis<\/a> provient de <a rel=\"nofollow\" href=\"https:\/\/annuelauto.ca\">L&#8217;annuel de l&#8217;automobile &#8211; Actualit\u00e9 automobile<\/a><\/p>\n<p><\/p>\n","protected":false},"excerpt":{"rendered":"<p>Le succ\u00e8s de Tesla aux \u00c9tats-Unis met en lumi\u00e8re la difficult\u00e9 pour les concurrents \u00e0 livrer des mod\u00e8les \u00e9lectriques sur le march\u00e9. La lutte pour la rentabilit\u00e9 Malgr\u00e9 les investissements massifs des constructeurs automobiles mondiaux dans de nouvelles usines de fabrication de v\u00e9hicules \u00e9lectriques et de batteries, peu de mod\u00e8les, en dehors des Model Y [&hellip;]<\/p>\n","protected":false},"author":8,"featured_media":152146,"comment_status":"close","ping_status":"closed","sticky":false,"template":"","format":"standard","meta":{"_monsterinsights_skip_tracking":false,"_monsterinsights_sitenote_active":false,"_monsterinsights_sitenote_note":"","_monsterinsights_sitenote_category":0,"footnotes":""},"categories":[101],"tags":[],"yoast_head":"<!-- This site is optimized with the Yoast SEO plugin v23.2 - https:\/\/yoast.com\/wordpress\/plugins\/seo\/ -->\n<title>Tesla donne mal \u00e0 la t\u00eate \u00e0 la concurrence aux \u00c9tats-Unis - CanadaMotorJobs.com<\/title>\n<meta name=\"description\" content=\"Tesla donne mal \u00e0 la t\u00eate \u00e0 la concurrence aux \u00c9tats-Unis - Benoit Charette - Annuel automobile - CanadaMotorJobs.com.\" \/>\n<meta name=\"robots\" content=\"index, follow, max-snippet:-1, max-image-preview:large, max-video-preview:-1\" \/>\n<meta property=\"og:locale\" content=\"fr_CA\" \/>\n<meta property=\"og:type\" content=\"article\" \/>\n<meta property=\"og:title\" content=\"Tesla donne mal \u00e0 la t\u00eate \u00e0 la concurrence aux \u00c9tats-Unis - CanadaMotorJobs.com\" \/>\n<meta property=\"og:description\" content=\"Tesla donne mal \u00e0 la t\u00eate \u00e0 la concurrence aux \u00c9tats-Unis - Benoit Charette - Annuel automobile - CanadaMotorJobs.com.\" \/>\n<meta property=\"og:url\" content=\"https:\/\/news.canadamotorjobs.com\/fr\/tesla-donne-mal-a-la-tete-a-la-concurrence-aux-etats-unis\/\" \/>\n<meta property=\"og:site_name\" content=\"CanadaMotorJobs.com\" \/>\n<meta property=\"article:publisher\" content=\"https:\/\/www.facebook.com\/canadamotorjobs\/\" \/>\n<meta property=\"article:published_time\" content=\"2023-09-27T13:04:29+00:00\" \/>\n<meta property=\"article:modified_time\" content=\"2023-09-27T13:15:40+00:00\" \/>\n<meta property=\"og:image\" content=\"https:\/\/news.canadamotorjobs.com\/wp-content\/uploads\/2023\/09\/y3owuyq6ex5uqtygbhm8.jpg\" \/>\n\t<meta property=\"og:image:width\" content=\"1200\" \/>\n\t<meta property=\"og:image:height\" content=\"675\" \/>\n\t<meta property=\"og:image:type\" content=\"image\/jpeg\" \/>\n<meta name=\"author\" content=\"Benoit Charette\" \/>\n<meta name=\"twitter:card\" content=\"summary_large_image\" \/>\n<meta name=\"twitter:creator\" content=\"@canadamotorjobs\" \/>\n<meta name=\"twitter:site\" content=\"@canadamotorjobs\" \/>\n<meta name=\"twitter:label1\" content=\"\u00c9crit par\" \/>\n\t<meta name=\"twitter:data1\" content=\"Benoit Charette\" \/>\n\t<meta name=\"twitter:label2\" content=\"Estimation du temps de lecture\" \/>\n\t<meta name=\"twitter:data2\" content=\"3 minutes\" \/>\n<!-- \/ Yoast SEO plugin. -->","yoast_head_json":{"title":"Tesla donne mal \u00e0 la t\u00eate \u00e0 la concurrence aux \u00c9tats-Unis - CanadaMotorJobs.com","description":"Tesla donne mal \u00e0 la t\u00eate \u00e0 la concurrence aux \u00c9tats-Unis - Benoit Charette - Annuel automobile - CanadaMotorJobs.com.","robots":{"index":"index","follow":"follow","max-snippet":"max-snippet:-1","max-image-preview":"max-image-preview:large","max-video-preview":"max-video-preview:-1"},"og_locale":"fr_CA","og_type":"article","og_title":"Tesla donne mal \u00e0 la t\u00eate \u00e0 la concurrence aux \u00c9tats-Unis - CanadaMotorJobs.com","og_description":"Tesla donne mal \u00e0 la t\u00eate \u00e0 la concurrence aux \u00c9tats-Unis - Benoit Charette - Annuel automobile - CanadaMotorJobs.com.","og_url":"https:\/\/news.canadamotorjobs.com\/fr\/tesla-donne-mal-a-la-tete-a-la-concurrence-aux-etats-unis\/","og_site_name":"CanadaMotorJobs.com","article_publisher":"https:\/\/www.facebook.com\/canadamotorjobs\/","article_published_time":"2023-09-27T13:04:29+00:00","article_modified_time":"2023-09-27T13:15:40+00:00","og_image":[{"width":1200,"height":675,"url":"https:\/\/news.canadamotorjobs.com\/wp-content\/uploads\/2023\/09\/y3owuyq6ex5uqtygbhm8.jpg","type":"image\/jpeg"}],"author":"Benoit Charette","twitter_card":"summary_large_image","twitter_creator":"@canadamotorjobs","twitter_site":"@canadamotorjobs","twitter_misc":{"\u00c9crit par":"Benoit Charette","Estimation du temps de lecture":"3 minutes"},"schema":{"@context":"https:\/\/schema.org","@graph":[{"@type":"Article","@id":"https:\/\/news.canadamotorjobs.com\/fr\/tesla-donne-mal-a-la-tete-a-la-concurrence-aux-etats-unis\/#article","isPartOf":{"@id":"https:\/\/news.canadamotorjobs.com\/fr\/tesla-donne-mal-a-la-tete-a-la-concurrence-aux-etats-unis\/"},"author":{"name":"Benoit Charette","@id":"https:\/\/news.canadamotorjobs.com\/#\/schema\/person\/51793d1f87d44011d7bcc2ed99269a90"},"headline":"Tesla donne mal \u00e0 la t\u00eate \u00e0 la concurrence aux \u00c9tats-Unis","datePublished":"2023-09-27T13:04:29+00:00","dateModified":"2023-09-27T13:15:40+00:00","mainEntityOfPage":{"@id":"https:\/\/news.canadamotorjobs.com\/fr\/tesla-donne-mal-a-la-tete-a-la-concurrence-aux-etats-unis\/"},"wordCount":649,"publisher":{"@id":"https:\/\/news.canadamotorjobs.com\/#organization"},"image":{"@id":"https:\/\/news.canadamotorjobs.com\/fr\/tesla-donne-mal-a-la-tete-a-la-concurrence-aux-etats-unis\/#primaryimage"},"thumbnailUrl":"https:\/\/news.canadamotorjobs.com\/wp-content\/uploads\/2023\/09\/y3owuyq6ex5uqtygbhm8.jpg","articleSection":["Annuel automobile"],"inLanguage":"fr-CA"},{"@type":"WebPage","@id":"https:\/\/news.canadamotorjobs.com\/fr\/tesla-donne-mal-a-la-tete-a-la-concurrence-aux-etats-unis\/","url":"https:\/\/news.canadamotorjobs.com\/fr\/tesla-donne-mal-a-la-tete-a-la-concurrence-aux-etats-unis\/","name":"Tesla donne mal \u00e0 la t\u00eate \u00e0 la concurrence aux \u00c9tats-Unis - CanadaMotorJobs.com","isPartOf":{"@id":"https:\/\/news.canadamotorjobs.com\/#website"},"primaryImageOfPage":{"@id":"https:\/\/news.canadamotorjobs.com\/fr\/tesla-donne-mal-a-la-tete-a-la-concurrence-aux-etats-unis\/#primaryimage"},"image":{"@id":"https:\/\/news.canadamotorjobs.com\/fr\/tesla-donne-mal-a-la-tete-a-la-concurrence-aux-etats-unis\/#primaryimage"},"thumbnailUrl":"https:\/\/news.canadamotorjobs.com\/wp-content\/uploads\/2023\/09\/y3owuyq6ex5uqtygbhm8.jpg","datePublished":"2023-09-27T13:04:29+00:00","dateModified":"2023-09-27T13:15:40+00:00","description":"Tesla donne mal \u00e0 la t\u00eate \u00e0 la concurrence aux \u00c9tats-Unis - Benoit Charette - Annuel automobile - CanadaMotorJobs.com.","breadcrumb":{"@id":"https:\/\/news.canadamotorjobs.com\/fr\/tesla-donne-mal-a-la-tete-a-la-concurrence-aux-etats-unis\/#breadcrumb"},"inLanguage":"fr-CA","potentialAction":[{"@type":"ReadAction","target":["https:\/\/news.canadamotorjobs.com\/fr\/tesla-donne-mal-a-la-tete-a-la-concurrence-aux-etats-unis\/"]}]},{"@type":"ImageObject","inLanguage":"fr-CA","@id":"https:\/\/news.canadamotorjobs.com\/fr\/tesla-donne-mal-a-la-tete-a-la-concurrence-aux-etats-unis\/#primaryimage","url":"https:\/\/news.canadamotorjobs.com\/wp-content\/uploads\/2023\/09\/y3owuyq6ex5uqtygbhm8.jpg","contentUrl":"https:\/\/news.canadamotorjobs.com\/wp-content\/uploads\/2023\/09\/y3owuyq6ex5uqtygbhm8.jpg","width":1200,"height":675},{"@type":"BreadcrumbList","@id":"https:\/\/news.canadamotorjobs.com\/fr\/tesla-donne-mal-a-la-tete-a-la-concurrence-aux-etats-unis\/#breadcrumb","itemListElement":[{"@type":"ListItem","position":1,"name":"Home","item":"https:\/\/news.canadamotorjobs.com\/fr\/blog\/"},{"@type":"ListItem","position":2,"name":"Tesla donne mal \u00e0 la t\u00eate \u00e0 la concurrence aux \u00c9tats-Unis"}]},{"@type":"WebSite","@id":"https:\/\/news.canadamotorjobs.com\/#website","url":"https:\/\/news.canadamotorjobs.com\/","name":"CanadaMotorJobs.com","description":"Automotive Jobs","publisher":{"@id":"https:\/\/news.canadamotorjobs.com\/#organization"},"potentialAction":[{"@type":"SearchAction","target":{"@type":"EntryPoint","urlTemplate":"https:\/\/news.canadamotorjobs.com\/?s={search_term_string}"},"query-input":"required name=search_term_string"}],"inLanguage":"fr-CA"},{"@type":"Organization","@id":"https:\/\/news.canadamotorjobs.com\/#organization","name":"Canada Motor Jobs","url":"https:\/\/news.canadamotorjobs.com\/","logo":{"@type":"ImageObject","inLanguage":"fr-CA","@id":"https:\/\/news.canadamotorjobs.com\/#\/schema\/logo\/image\/","url":"https:\/\/news.canadamotorjobs.com\/wp-content\/uploads\/2022\/10\/logo-canada-motor-jobs-1.png","contentUrl":"https:\/\/news.canadamotorjobs.com\/wp-content\/uploads\/2022\/10\/logo-canada-motor-jobs-1.png","width":800,"height":400,"caption":"Canada Motor Jobs"},"image":{"@id":"https:\/\/news.canadamotorjobs.com\/#\/schema\/logo\/image\/"},"sameAs":["https:\/\/www.facebook.com\/canadamotorjobs\/","https:\/\/x.com\/canadamotorjobs","https:\/\/www.instagram.com\/canadamotorjobs\/","https:\/\/www.linkedin.com\/company\/canadamotorjobs"]},{"@type":"Person","@id":"https:\/\/news.canadamotorjobs.com\/#\/schema\/person\/51793d1f87d44011d7bcc2ed99269a90","name":"Benoit Charette","image":{"@type":"ImageObject","inLanguage":"fr-CA","@id":"https:\/\/news.canadamotorjobs.com\/#\/schema\/person\/image\/","url":"https:\/\/secure.gravatar.com\/avatar\/45f3d2eebcccd909668d7ce7ea7267b6?s=96&d=mm&r=g","contentUrl":"https:\/\/secure.gravatar.com\/avatar\/45f3d2eebcccd909668d7ce7ea7267b6?s=96&d=mm&r=g","caption":"Benoit Charette"},"description":"Benoit Charette \/ Propri\u00e9taire et r\u00e9dacteur en chef Benoit Charette pratique le journalisme automobile depuis bient\u00f4t 30 ans. Il a fait ses classes au c\u00f4t\u00e9 de Daniel H\u00e9raud et au Carnet de route de 1992 \u00e0 2001. Il est fondateur, copropri\u00e9taire et r\u00e9dacteur en chef de L\u2019Annuel de l\u2019automobile, qu\u2019il publie depuis 2001. Il a anim\u00e9 les \u00e9missions RPM et RPM+ sur V et les L\u00e9gendes de la route sur Historia. \u00c0 la radio depuis 1986, il reprend l\u2019antenne cette ann\u00e9e sur les ondes de Cogeco et participe pour la deuxi\u00e8me ann\u00e9e \u00e0 l\u2019\u00e9mission Passion Auto sur RDS en plus de mettre en ligne le site Web officiel de L\u2019Annuel de l\u2019automobile sur annuelauto.ca.","sameAs":["https:\/\/annuelauto.ca\/"],"url":"https:\/\/news.canadamotorjobs.com\/fr\/author\/benoit-charette\/"}]}},"_links":{"self":[{"href":"https:\/\/news.canadamotorjobs.com\/fr\/wp-json\/wp\/v2\/posts\/152144"}],"collection":[{"href":"https:\/\/news.canadamotorjobs.com\/fr\/wp-json\/wp\/v2\/posts"}],"about":[{"href":"https:\/\/news.canadamotorjobs.com\/fr\/wp-json\/wp\/v2\/types\/post"}],"author":[{"embeddable":true,"href":"https:\/\/news.canadamotorjobs.com\/fr\/wp-json\/wp\/v2\/users\/8"}],"replies":[{"embeddable":true,"href":"https:\/\/news.canadamotorjobs.com\/fr\/wp-json\/wp\/v2\/comments?post=152144"}],"version-history":[{"count":2,"href":"https:\/\/news.canadamotorjobs.com\/fr\/wp-json\/wp\/v2\/posts\/152144\/revisions"}],"predecessor-version":[{"id":152148,"href":"https:\/\/news.canadamotorjobs.com\/fr\/wp-json\/wp\/v2\/posts\/152144\/revisions\/152148"}],"wp:featuredmedia":[{"embeddable":true,"href":"https:\/\/news.canadamotorjobs.com\/fr\/wp-json\/wp\/v2\/media\/152146"}],"wp:attachment":[{"href":"https:\/\/news.canadamotorjobs.com\/fr\/wp-json\/wp\/v2\/media?parent=152144"}],"wp:term":[{"taxonomy":"category","embeddable":true,"href":"https:\/\/news.canadamotorjobs.com\/fr\/wp-json\/wp\/v2\/categories?post=152144"},{"taxonomy":"post_tag","embeddable":true,"href":"https:\/\/news.canadamotorjobs.com\/fr\/wp-json\/wp\/v2\/tags?post=152144"}],"curies":[{"name":"wp","href":"https:\/\/api.w.org\/{rel}","templated":true}]}}