{"id":152121,"date":"2023-09-27T06:57:56","date_gmt":"2023-09-27T10:57:56","guid":{"rendered":"https:\/\/news.canadamotorjobs.com\/?p=152121"},"modified":"2023-09-27T07:01:50","modified_gmt":"2023-09-27T11:01:50","slug":"everrati-devoile-la-mercedes-benz-sl-pagoda-electrique","status":"publish","type":"post","link":"https:\/\/news.canadamotorjobs.com\/fr\/everrati-devoile-la-mercedes-benz-sl-pagoda-electrique\/","title":{"rendered":"Everrati D\u00e9voile la Mercedes-Benz SL \u00ab\u00a0Pagoda\u00a0\u00bb \u00c9lectrique"},"content":{"rendered":"<\/p>\n<p>Everrati, pionnier de la conversion de v\u00e9hicules classiques en \u00e9lectriques, vient de d\u00e9voiler son dernier chef-d&#8217;\u0153uvre : une Mercedes-Benz SL &#8220;Pagoda&#8221; \u00e9lectrique, insufflant une nouvelle vie \u00e0 l&#8217;une des voitures classiques les plus pris\u00e9es au monde.<\/p>\n<h3><strong>Une pr\u00e9sentation \u00e0 Monte-Carlo<\/strong><\/h3>\n<p>\nD\u00e9voil\u00e9e dans le cadre prestigieux de l&#8217;h\u00f4tel Fairmont Monte Carlo \u00e0 Monaco, du 27 au 30 septembre, l&#8217;Everrati SL est une v\u00e9ritable \u0153uvre d&#8217;art. Cette voiture classique est minutieusement restaur\u00e9e aux normes de concours par les experts britanniques de Mercedes, Hilton &amp; Moss, avant de recevoir un groupe motopropulseur \u00e9lectrique sur mesure, d\u00e9velopp\u00e9 et fabriqu\u00e9 par Everrati.<\/p>\n<h3>Un peu plus de 250 km d\u2019autonomie<\/h3>\n<p>\nLa Pagode \u00e9lectrifi\u00e9e annonce fi\u00e8rement 375 chevaux sous son capot et peut acc\u00e9l\u00e9rer de 0 \u00e0 1\/00 km\/h par heure en moins de six secondes, tout cela dans un silence \u00e9l\u00e9gant. En ce qui concerne l&#8217;autonomie, elle peut parcourir plus de 255 km avec une seule charge. Cette transformation comprend \u00e9galement un syst\u00e8me de freinage r\u00e9g\u00e9n\u00e9ratif et une batterie de 68 kWh. Cette voiture magnifiquement restaur\u00e9e et red\u00e9finie incarne l&#8217;essence m\u00eame du luxe et de l&#8217;\u00e9l\u00e9gance pour deux passagers. Elle rend hommage \u00e0 l&#8217;histoire l\u00e9gendaire de la SL &#8220;Pagode&#8221; tout en se projetant parfaitement dans le futur.<\/p>\n<h3><strong>La controverse de l&#8217;\u00e9lectrification des classiques<\/strong><\/h3>\n<p>\nCependant, l&#8217;\u00e9lectrification des voitures classiques suscite la controverse parmi les puristes. Ils consid\u00e8rent que le moteur d&#8217;origine fait partie int\u00e9grante du caract\u00e8re de ces v\u00e9hicules. En fin de compte, l&#8217;Everrati SL &#8220;Pagoda&#8221; \u00e9lectrique illustre le mariage r\u00e9ussi entre l&#8217;histoire automobile et l&#8217;innovation durable. Elle incarne la promesse d&#8217;un avenir o\u00f9 l&#8217;\u00e9l\u00e9gance intemporelle et la technologie \u00e9cologique peuvent coexister harmonieusement sur la route.<\/p>\n<p>\u00a0<\/p>\n<p>Le texte <a rel=\"nofollow\" href=\"https:\/\/annuelauto.ca\/everrati-devoile-la-mercedes-benz-sl-pagoda-electrique\/\">Everrati D\u00e9voile la Mercedes-Benz SL \u00ab\u00a0Pagoda\u00a0\u00bb \u00c9lectrique<\/a> provient de <a rel=\"nofollow\" href=\"https:\/\/annuelauto.ca\">L&#8217;annuel de l&#8217;automobile &#8211; Actualit\u00e9 automobile<\/a><\/p>\n<p><\/p>\n","protected":false},"excerpt":{"rendered":"<p>Everrati, pionnier de la conversion de v\u00e9hicules classiques en \u00e9lectriques, vient de d\u00e9voiler son dernier chef-d&#8217;\u0153uvre : une Mercedes-Benz SL &#8220;Pagoda&#8221; \u00e9lectrique, insufflant une nouvelle vie \u00e0 l&#8217;une des voitures classiques les plus pris\u00e9es au monde. Une pr\u00e9sentation \u00e0 Monte-Carlo D\u00e9voil\u00e9e dans le cadre prestigieux de l&#8217;h\u00f4tel Fairmont Monte Carlo \u00e0 Monaco, du 27 au [&hellip;]<\/p>\n","protected":false},"author":8,"featured_media":152123,"comment_status":"close","ping_status":"closed","sticky":false,"template":"","format":"standard","meta":{"_monsterinsights_skip_tracking":false,"_monsterinsights_sitenote_active":false,"_monsterinsights_sitenote_note":"","_monsterinsights_sitenote_category":0,"footnotes":""},"categories":[101],"tags":[],"yoast_head":"<!-- This site is optimized with the Yoast SEO plugin v23.2 - https:\/\/yoast.com\/wordpress\/plugins\/seo\/ -->\n<title>Everrati D\u00e9voile la Mercedes-Benz SL \u00ab\u00a0Pagoda\u00a0\u00bb \u00c9lectrique - CanadaMotorJobs.com<\/title>\n<meta name=\"description\" content=\"Everrati D\u00e9voile la Mercedes-Benz SL \u00ab\u00a0Pagoda\u00a0\u00bb \u00c9lectrique - Benoit Charette - Annuel automobile - CanadaMotorJobs.com.\" \/>\n<meta name=\"robots\" content=\"index, follow, max-snippet:-1, max-image-preview:large, max-video-preview:-1\" \/>\n<meta property=\"og:locale\" content=\"fr_CA\" \/>\n<meta property=\"og:type\" content=\"article\" \/>\n<meta property=\"og:title\" content=\"Everrati D\u00e9voile la Mercedes-Benz SL \u00ab\u00a0Pagoda\u00a0\u00bb \u00c9lectrique - CanadaMotorJobs.com\" \/>\n<meta property=\"og:description\" content=\"Everrati D\u00e9voile la Mercedes-Benz SL \u00ab\u00a0Pagoda\u00a0\u00bb \u00c9lectrique - Benoit Charette - Annuel automobile - CanadaMotorJobs.com.\" \/>\n<meta property=\"og:url\" content=\"https:\/\/news.canadamotorjobs.com\/fr\/everrati-devoile-la-mercedes-benz-sl-pagoda-electrique\/\" \/>\n<meta property=\"og:site_name\" content=\"CanadaMotorJobs.com\" \/>\n<meta property=\"article:publisher\" content=\"https:\/\/www.facebook.com\/canadamotorjobs\/\" \/>\n<meta property=\"article:published_time\" content=\"2023-09-27T10:57:56+00:00\" \/>\n<meta property=\"article:modified_time\" content=\"2023-09-27T11:01:50+00:00\" \/>\n<meta property=\"og:image\" content=\"https:\/\/news.canadamotorjobs.com\/wp-content\/uploads\/2023\/09\/Everrati-Pagoda_1.jpg\" \/>\n\t<meta property=\"og:image:width\" content=\"1199\" \/>\n\t<meta property=\"og:image:height\" content=\"800\" \/>\n\t<meta property=\"og:image:type\" content=\"image\/jpeg\" \/>\n<meta name=\"author\" content=\"Benoit Charette\" \/>\n<meta name=\"twitter:card\" content=\"summary_large_image\" \/>\n<meta name=\"twitter:creator\" content=\"@canadamotorjobs\" \/>\n<meta name=\"twitter:site\" content=\"@canadamotorjobs\" \/>\n<meta name=\"twitter:label1\" content=\"\u00c9crit par\" \/>\n\t<meta name=\"twitter:data1\" content=\"Benoit Charette\" \/>\n\t<meta name=\"twitter:label2\" content=\"Estimation du temps de lecture\" \/>\n\t<meta name=\"twitter:data2\" content=\"2 minutes\" \/>\n<!-- \/ Yoast SEO plugin. -->","yoast_head_json":{"title":"Everrati D\u00e9voile la Mercedes-Benz SL \u00ab\u00a0Pagoda\u00a0\u00bb \u00c9lectrique - CanadaMotorJobs.com","description":"Everrati D\u00e9voile la Mercedes-Benz SL \u00ab\u00a0Pagoda\u00a0\u00bb \u00c9lectrique - Benoit Charette - Annuel automobile - CanadaMotorJobs.com.","robots":{"index":"index","follow":"follow","max-snippet":"max-snippet:-1","max-image-preview":"max-image-preview:large","max-video-preview":"max-video-preview:-1"},"og_locale":"fr_CA","og_type":"article","og_title":"Everrati D\u00e9voile la Mercedes-Benz SL \u00ab\u00a0Pagoda\u00a0\u00bb \u00c9lectrique - CanadaMotorJobs.com","og_description":"Everrati D\u00e9voile la Mercedes-Benz SL \u00ab\u00a0Pagoda\u00a0\u00bb \u00c9lectrique - Benoit Charette - Annuel automobile - CanadaMotorJobs.com.","og_url":"https:\/\/news.canadamotorjobs.com\/fr\/everrati-devoile-la-mercedes-benz-sl-pagoda-electrique\/","og_site_name":"CanadaMotorJobs.com","article_publisher":"https:\/\/www.facebook.com\/canadamotorjobs\/","article_published_time":"2023-09-27T10:57:56+00:00","article_modified_time":"2023-09-27T11:01:50+00:00","og_image":[{"width":1199,"height":800,"url":"https:\/\/news.canadamotorjobs.com\/wp-content\/uploads\/2023\/09\/Everrati-Pagoda_1.jpg","type":"image\/jpeg"}],"author":"Benoit Charette","twitter_card":"summary_large_image","twitter_creator":"@canadamotorjobs","twitter_site":"@canadamotorjobs","twitter_misc":{"\u00c9crit par":"Benoit Charette","Estimation du temps de lecture":"2 minutes"},"schema":{"@context":"https:\/\/schema.org","@graph":[{"@type":"Article","@id":"https:\/\/news.canadamotorjobs.com\/fr\/everrati-devoile-la-mercedes-benz-sl-pagoda-electrique\/#article","isPartOf":{"@id":"https:\/\/news.canadamotorjobs.com\/fr\/everrati-devoile-la-mercedes-benz-sl-pagoda-electrique\/"},"author":{"name":"Benoit Charette","@id":"https:\/\/news.canadamotorjobs.com\/#\/schema\/person\/51793d1f87d44011d7bcc2ed99269a90"},"headline":"Everrati D\u00e9voile la Mercedes-Benz SL \u00ab\u00a0Pagoda\u00a0\u00bb \u00c9lectrique","datePublished":"2023-09-27T10:57:56+00:00","dateModified":"2023-09-27T11:01:50+00:00","mainEntityOfPage":{"@id":"https:\/\/news.canadamotorjobs.com\/fr\/everrati-devoile-la-mercedes-benz-sl-pagoda-electrique\/"},"wordCount":332,"publisher":{"@id":"https:\/\/news.canadamotorjobs.com\/#organization"},"image":{"@id":"https:\/\/news.canadamotorjobs.com\/fr\/everrati-devoile-la-mercedes-benz-sl-pagoda-electrique\/#primaryimage"},"thumbnailUrl":"https:\/\/news.canadamotorjobs.com\/wp-content\/uploads\/2023\/09\/Everrati-Pagoda_1.jpg","articleSection":["Annuel automobile"],"inLanguage":"fr-CA"},{"@type":"WebPage","@id":"https:\/\/news.canadamotorjobs.com\/fr\/everrati-devoile-la-mercedes-benz-sl-pagoda-electrique\/","url":"https:\/\/news.canadamotorjobs.com\/fr\/everrati-devoile-la-mercedes-benz-sl-pagoda-electrique\/","name":"Everrati D\u00e9voile la Mercedes-Benz SL \u00ab\u00a0Pagoda\u00a0\u00bb \u00c9lectrique - CanadaMotorJobs.com","isPartOf":{"@id":"https:\/\/news.canadamotorjobs.com\/#website"},"primaryImageOfPage":{"@id":"https:\/\/news.canadamotorjobs.com\/fr\/everrati-devoile-la-mercedes-benz-sl-pagoda-electrique\/#primaryimage"},"image":{"@id":"https:\/\/news.canadamotorjobs.com\/fr\/everrati-devoile-la-mercedes-benz-sl-pagoda-electrique\/#primaryimage"},"thumbnailUrl":"https:\/\/news.canadamotorjobs.com\/wp-content\/uploads\/2023\/09\/Everrati-Pagoda_1.jpg","datePublished":"2023-09-27T10:57:56+00:00","dateModified":"2023-09-27T11:01:50+00:00","description":"Everrati D\u00e9voile la Mercedes-Benz SL \u00ab\u00a0Pagoda\u00a0\u00bb \u00c9lectrique - Benoit Charette - Annuel automobile - CanadaMotorJobs.com.","breadcrumb":{"@id":"https:\/\/news.canadamotorjobs.com\/fr\/everrati-devoile-la-mercedes-benz-sl-pagoda-electrique\/#breadcrumb"},"inLanguage":"fr-CA","potentialAction":[{"@type":"ReadAction","target":["https:\/\/news.canadamotorjobs.com\/fr\/everrati-devoile-la-mercedes-benz-sl-pagoda-electrique\/"]}]},{"@type":"ImageObject","inLanguage":"fr-CA","@id":"https:\/\/news.canadamotorjobs.com\/fr\/everrati-devoile-la-mercedes-benz-sl-pagoda-electrique\/#primaryimage","url":"https:\/\/news.canadamotorjobs.com\/wp-content\/uploads\/2023\/09\/Everrati-Pagoda_1.jpg","contentUrl":"https:\/\/news.canadamotorjobs.com\/wp-content\/uploads\/2023\/09\/Everrati-Pagoda_1.jpg","width":1199,"height":800},{"@type":"BreadcrumbList","@id":"https:\/\/news.canadamotorjobs.com\/fr\/everrati-devoile-la-mercedes-benz-sl-pagoda-electrique\/#breadcrumb","itemListElement":[{"@type":"ListItem","position":1,"name":"Home","item":"https:\/\/news.canadamotorjobs.com\/fr\/blog\/"},{"@type":"ListItem","position":2,"name":"Everrati D\u00e9voile la Mercedes-Benz SL \u00ab\u00a0Pagoda\u00a0\u00bb \u00c9lectrique"}]},{"@type":"WebSite","@id":"https:\/\/news.canadamotorjobs.com\/#website","url":"https:\/\/news.canadamotorjobs.com\/","name":"CanadaMotorJobs.com","description":"Automotive Jobs","publisher":{"@id":"https:\/\/news.canadamotorjobs.com\/#organization"},"potentialAction":[{"@type":"SearchAction","target":{"@type":"EntryPoint","urlTemplate":"https:\/\/news.canadamotorjobs.com\/?s={search_term_string}"},"query-input":"required name=search_term_string"}],"inLanguage":"fr-CA"},{"@type":"Organization","@id":"https:\/\/news.canadamotorjobs.com\/#organization","name":"Canada Motor Jobs","url":"https:\/\/news.canadamotorjobs.com\/","logo":{"@type":"ImageObject","inLanguage":"fr-CA","@id":"https:\/\/news.canadamotorjobs.com\/#\/schema\/logo\/image\/","url":"https:\/\/news.canadamotorjobs.com\/wp-content\/uploads\/2022\/10\/logo-canada-motor-jobs-1.png","contentUrl":"https:\/\/news.canadamotorjobs.com\/wp-content\/uploads\/2022\/10\/logo-canada-motor-jobs-1.png","width":800,"height":400,"caption":"Canada Motor Jobs"},"image":{"@id":"https:\/\/news.canadamotorjobs.com\/#\/schema\/logo\/image\/"},"sameAs":["https:\/\/www.facebook.com\/canadamotorjobs\/","https:\/\/x.com\/canadamotorjobs","https:\/\/www.instagram.com\/canadamotorjobs\/","https:\/\/www.linkedin.com\/company\/canadamotorjobs"]},{"@type":"Person","@id":"https:\/\/news.canadamotorjobs.com\/#\/schema\/person\/51793d1f87d44011d7bcc2ed99269a90","name":"Benoit Charette","image":{"@type":"ImageObject","inLanguage":"fr-CA","@id":"https:\/\/news.canadamotorjobs.com\/#\/schema\/person\/image\/","url":"https:\/\/secure.gravatar.com\/avatar\/45f3d2eebcccd909668d7ce7ea7267b6?s=96&d=mm&r=g","contentUrl":"https:\/\/secure.gravatar.com\/avatar\/45f3d2eebcccd909668d7ce7ea7267b6?s=96&d=mm&r=g","caption":"Benoit Charette"},"description":"Benoit Charette \/ Propri\u00e9taire et r\u00e9dacteur en chef Benoit Charette pratique le journalisme automobile depuis bient\u00f4t 30 ans. Il a fait ses classes au c\u00f4t\u00e9 de Daniel H\u00e9raud et au Carnet de route de 1992 \u00e0 2001. Il est fondateur, copropri\u00e9taire et r\u00e9dacteur en chef de L\u2019Annuel de l\u2019automobile, qu\u2019il publie depuis 2001. Il a anim\u00e9 les \u00e9missions RPM et RPM+ sur V et les L\u00e9gendes de la route sur Historia. \u00c0 la radio depuis 1986, il reprend l\u2019antenne cette ann\u00e9e sur les ondes de Cogeco et participe pour la deuxi\u00e8me ann\u00e9e \u00e0 l\u2019\u00e9mission Passion Auto sur RDS en plus de mettre en ligne le site Web officiel de L\u2019Annuel de l\u2019automobile sur annuelauto.ca.","sameAs":["https:\/\/annuelauto.ca\/"],"url":"https:\/\/news.canadamotorjobs.com\/fr\/author\/benoit-charette\/"}]}},"_links":{"self":[{"href":"https:\/\/news.canadamotorjobs.com\/fr\/wp-json\/wp\/v2\/posts\/152121"}],"collection":[{"href":"https:\/\/news.canadamotorjobs.com\/fr\/wp-json\/wp\/v2\/posts"}],"about":[{"href":"https:\/\/news.canadamotorjobs.com\/fr\/wp-json\/wp\/v2\/types\/post"}],"author":[{"embeddable":true,"href":"https:\/\/news.canadamotorjobs.com\/fr\/wp-json\/wp\/v2\/users\/8"}],"replies":[{"embeddable":true,"href":"https:\/\/news.canadamotorjobs.com\/fr\/wp-json\/wp\/v2\/comments?post=152121"}],"version-history":[{"count":2,"href":"https:\/\/news.canadamotorjobs.com\/fr\/wp-json\/wp\/v2\/posts\/152121\/revisions"}],"predecessor-version":[{"id":152125,"href":"https:\/\/news.canadamotorjobs.com\/fr\/wp-json\/wp\/v2\/posts\/152121\/revisions\/152125"}],"wp:featuredmedia":[{"embeddable":true,"href":"https:\/\/news.canadamotorjobs.com\/fr\/wp-json\/wp\/v2\/media\/152123"}],"wp:attachment":[{"href":"https:\/\/news.canadamotorjobs.com\/fr\/wp-json\/wp\/v2\/media?parent=152121"}],"wp:term":[{"taxonomy":"category","embeddable":true,"href":"https:\/\/news.canadamotorjobs.com\/fr\/wp-json\/wp\/v2\/categories?post=152121"},{"taxonomy":"post_tag","embeddable":true,"href":"https:\/\/news.canadamotorjobs.com\/fr\/wp-json\/wp\/v2\/tags?post=152121"}],"curies":[{"name":"wp","href":"https:\/\/api.w.org\/{rel}","templated":true}]}}