{"id":152102,"date":"2023-09-26T20:41:56","date_gmt":"2023-09-27T00:41:56","guid":{"rendered":"https:\/\/news.canadamotorjobs.com\/?p=152102"},"modified":"2023-09-26T20:59:10","modified_gmt":"2023-09-27T00:59:10","slug":"afrique-du-sud-pres-de-800-proprietaires-de-4x4-suzuki-etablissent-un-record-du-monde-guinness","status":"publish","type":"post","link":"https:\/\/news.canadamotorjobs.com\/fr\/afrique-du-sud-pres-de-800-proprietaires-de-4x4-suzuki-etablissent-un-record-du-monde-guinness\/","title":{"rendered":"Afrique du Sud\u00a0: pr\u00e8s de 800 propri\u00e9taires de 4\u00d74 Suzuki \u00e9tablissent un record du monde Guinness"},"content":{"rendered":"<\/p>\n<p>L\u2019humoriste montr\u00e9alais Jean-Marc Parent aurait sans doute \u00e9t\u00e9 heureux de voir \u00e7a. Pr\u00e8s de 800 propri\u00e9taires de petits 4&#215;4 de marque Suzuki ont allum\u00e9 simultan\u00e9ment les phares de leurs utilitaires nippons pour \u00e9tablir un nouveau <a href=\"https:\/\/annuelauto.ca\/2-573-km-sans-recharge-la-muc022-electrique-etablit-un-nouveau-record-du-monde-guinness\/\" target=\"_blank\" rel=\"noopener noreferrer\">record du monde Guinness<\/a>. C\u2019est arriv\u00e9 le 24 septembre \u00e0 Langkranz, dans une plaine \u00e0 proximit\u00e9 du village de Clarens, au coeur de l\u2019Afrique du Sud.<\/p>\n<p>Arriv\u00e9s au volant de <a href=\"https:\/\/annuelauto.ca\/suzuki-lance-son-premier-jimny-a-5-portes\/\" target=\"_blank\" rel=\"noopener noreferrer\">Jimny<\/a> nouveaux et anciens, ou de SJ, LJ et Samurai, leurs anc\u00eatres, ces <em>Suzuquistes<\/em> arrivaient des quatre coins du pays de la Nation arc-en-ciel pour r\u00e9pondre \u00e0 l\u2019appel lanc\u00e9 un an plus t\u00f4t par Suzuki Auto South Africa.<\/p>\n<p>\u00c0 pareille date l\u2019an dernier, la filiale locale du constructeur japonais avait annonc\u00e9 son intention d&#8217;accueillir autant de propri\u00e9taires de Jimny et d&#8217;amis de la marque que possible au \u00ab\u00a0Jimny Gathering\u00a0\u00bb organis\u00e9 \u00e0 Langkranz, du vendredi 22 septembre au dimanche 24 septembre 2023. Ce rassemblement co\u00efncidait d\u2019ailleurs avec le Suzuki Safari Town, un festival de musique, de gastronomie et d&#8217;artisanat organis\u00e9 sur la place centrale de Clarens, le samedi 23 septembre.<\/p>\n<h3><strong>Un petit village \u00e9loign\u00e9<\/strong><\/h3>\n<p>\nClarens est pour le moins isol\u00e9e. Situ\u00e9e \u00e0 plus de 300\u00a0km au sud de Johannesburg, la capitale, cette petite communaut\u00e9 d\u2019environ 750\u00a0habitants se trouve dans la province de l\u2019\u00c9tat libre sur les contreforts des montagnes de Maluti, non loin de la fronti\u00e8re du Lesotho.<\/p>\n<p>Malgr\u00e9 l\u2019\u00e9loignement, les participants du rassemblement ont eu la chance de rencontrer Hisanori Matsushima. Le directeur du d\u00e9partement de design automobile de Suzuki Motor Corporation a vu le nouveau Jimny devenir un succ\u00e8s de vente mondial, en plus d\u2019\u00eatre nomm\u00e9 Voiture urbaine mondiale de l\u2019ann\u00e9e en 2019.<\/p>\n<p>Le clou de ce rassemblement \u00e9tait naturellement la tentative de record. Or, comme pr\u00e9vu, le dimanche, \u00e0 14\u00a0h, tous les propri\u00e9taires de Suzuki se sont r\u00e9unis pour, au moment opportun, allumer leurs phares simultan\u00e9ment.<\/p>\n<p>Un repr\u00e9sentant officiel de l\u2019Organisation des <a href=\"https:\/\/annuelauto.ca\/american-dream\/\" target=\"_blank\" rel=\"noopener noreferrer\">records du monde Guinness<\/a> \u00e9tait sur place et il a confirm\u00e9 que le record a \u00e9t\u00e9 battu avec les 787 v\u00e9hicules Suzuki pr\u00e9sents, confirme Brendon Carpenter, le directeur marketing de la filiale locale de Suzuki, dans un communiqu\u00e9 publi\u00e9 le 25 septembre.<\/p>\n<p>Carpenter ajoute que cette tentative de record visait \u00e0 \u00ab c\u00e9l\u00e9brer l&#8217;h\u00e9ritage du Suzuki Jimny dans le contexte sud-africain \u00bb \u00e0 l\u2019occasion de la Journ\u00e9e du patrimoine (<em>Usuku Lwamagugu<\/em> en zoulou), une f\u00eate nationale c\u00e9l\u00e9br\u00e9e le 24 septembre o\u00f9 les Sud-Africains mettent en valeur la culture et la diversit\u00e9 des croyances et de traditions de leur pays.<\/p>\n<p><em>Photos : Suzuki<\/em><\/p>\n<p>Le texte <a rel=\"nofollow\" href=\"https:\/\/annuelauto.ca\/afrique-du-sud-pres-de-800-proprietaires-de-4x4-suzuki-etablissent-un-record-du-monde-guinness\/\">Afrique du Sud\u00a0: pr\u00e8s de 800 propri\u00e9taires de 4\u00d74 Suzuki \u00e9tablissent un record du monde Guinness<\/a> provient de <a rel=\"nofollow\" href=\"https:\/\/annuelauto.ca\">L&#8217;annuel de l&#8217;automobile &#8211; Actualit\u00e9 automobile<\/a><\/p>\n<p><\/p>\n","protected":false},"excerpt":{"rendered":"<p>L\u2019humoriste montr\u00e9alais Jean-Marc Parent aurait sans doute \u00e9t\u00e9 heureux de voir \u00e7a. Pr\u00e8s de 800 propri\u00e9taires de petits 4&#215;4 de marque Suzuki ont allum\u00e9 simultan\u00e9ment les phares de leurs utilitaires nippons pour \u00e9tablir un nouveau record du monde Guinness. C\u2019est arriv\u00e9 le 24 septembre \u00e0 Langkranz, dans une plaine \u00e0 proximit\u00e9 du village de Clarens, [&hellip;]<\/p>\n","protected":false},"author":8,"featured_media":152104,"comment_status":"close","ping_status":"closed","sticky":false,"template":"","format":"standard","meta":{"_monsterinsights_skip_tracking":false,"_monsterinsights_sitenote_active":false,"_monsterinsights_sitenote_note":"","_monsterinsights_sitenote_category":0,"footnotes":""},"categories":[101],"tags":[],"yoast_head":"<!-- This site is optimized with the Yoast SEO plugin v23.2 - https:\/\/yoast.com\/wordpress\/plugins\/seo\/ -->\n<title>Afrique du Sud\u00a0: pr\u00e8s de 800 propri\u00e9taires de 4\u00d74 Suzuki \u00e9tablissent un record du monde Guinness - CanadaMotorJobs.com<\/title>\n<meta name=\"description\" content=\"Afrique du Sud\u00a0: pr\u00e8s de 800 propri\u00e9taires de 4\u00d74 Suzuki \u00e9tablissent un record du monde Guinness - Benoit Charette - Annuel automobile - CanadaMotorJobs.com.\" \/>\n<meta name=\"robots\" content=\"index, follow, max-snippet:-1, max-image-preview:large, max-video-preview:-1\" \/>\n<meta property=\"og:locale\" content=\"fr_CA\" \/>\n<meta property=\"og:type\" content=\"article\" \/>\n<meta property=\"og:title\" content=\"Afrique du Sud\u00a0: pr\u00e8s de 800 propri\u00e9taires de 4\u00d74 Suzuki \u00e9tablissent un record du monde Guinness - CanadaMotorJobs.com\" \/>\n<meta property=\"og:description\" content=\"Afrique du Sud\u00a0: pr\u00e8s de 800 propri\u00e9taires de 4\u00d74 Suzuki \u00e9tablissent un record du monde Guinness - Benoit Charette - Annuel automobile - CanadaMotorJobs.com.\" \/>\n<meta property=\"og:url\" content=\"https:\/\/news.canadamotorjobs.com\/fr\/afrique-du-sud-pres-de-800-proprietaires-de-4x4-suzuki-etablissent-un-record-du-monde-guinness\/\" \/>\n<meta property=\"og:site_name\" content=\"CanadaMotorJobs.com\" \/>\n<meta property=\"article:publisher\" content=\"https:\/\/www.facebook.com\/canadamotorjobs\/\" \/>\n<meta property=\"article:published_time\" content=\"2023-09-27T00:41:56+00:00\" \/>\n<meta property=\"article:modified_time\" content=\"2023-09-27T00:59:10+00:00\" \/>\n<meta property=\"og:image\" content=\"https:\/\/news.canadamotorjobs.com\/wp-content\/uploads\/2023\/09\/Suzuki-Afrique-du-Sud-record-Guinness_10.jpg\" \/>\n\t<meta property=\"og:image:width\" content=\"1024\" \/>\n\t<meta property=\"og:image:height\" content=\"683\" \/>\n\t<meta property=\"og:image:type\" content=\"image\/jpeg\" \/>\n<meta name=\"author\" content=\"Benoit Charette\" \/>\n<meta name=\"twitter:card\" content=\"summary_large_image\" \/>\n<meta name=\"twitter:creator\" content=\"@canadamotorjobs\" \/>\n<meta name=\"twitter:site\" content=\"@canadamotorjobs\" \/>\n<meta name=\"twitter:label1\" content=\"\u00c9crit par\" \/>\n\t<meta name=\"twitter:data1\" content=\"Benoit Charette\" \/>\n\t<meta name=\"twitter:label2\" content=\"Estimation du temps de lecture\" \/>\n\t<meta name=\"twitter:data2\" content=\"2 minutes\" \/>\n<!-- \/ Yoast SEO plugin. -->","yoast_head_json":{"title":"Afrique du Sud\u00a0: pr\u00e8s de 800 propri\u00e9taires de 4\u00d74 Suzuki \u00e9tablissent un record du monde Guinness - CanadaMotorJobs.com","description":"Afrique du Sud\u00a0: pr\u00e8s de 800 propri\u00e9taires de 4\u00d74 Suzuki \u00e9tablissent un record du monde Guinness - Benoit Charette - Annuel automobile - CanadaMotorJobs.com.","robots":{"index":"index","follow":"follow","max-snippet":"max-snippet:-1","max-image-preview":"max-image-preview:large","max-video-preview":"max-video-preview:-1"},"og_locale":"fr_CA","og_type":"article","og_title":"Afrique du Sud\u00a0: pr\u00e8s de 800 propri\u00e9taires de 4\u00d74 Suzuki \u00e9tablissent un record du monde Guinness - CanadaMotorJobs.com","og_description":"Afrique du Sud\u00a0: pr\u00e8s de 800 propri\u00e9taires de 4\u00d74 Suzuki \u00e9tablissent un record du monde Guinness - Benoit Charette - Annuel automobile - CanadaMotorJobs.com.","og_url":"https:\/\/news.canadamotorjobs.com\/fr\/afrique-du-sud-pres-de-800-proprietaires-de-4x4-suzuki-etablissent-un-record-du-monde-guinness\/","og_site_name":"CanadaMotorJobs.com","article_publisher":"https:\/\/www.facebook.com\/canadamotorjobs\/","article_published_time":"2023-09-27T00:41:56+00:00","article_modified_time":"2023-09-27T00:59:10+00:00","og_image":[{"width":1024,"height":683,"url":"https:\/\/news.canadamotorjobs.com\/wp-content\/uploads\/2023\/09\/Suzuki-Afrique-du-Sud-record-Guinness_10.jpg","type":"image\/jpeg"}],"author":"Benoit Charette","twitter_card":"summary_large_image","twitter_creator":"@canadamotorjobs","twitter_site":"@canadamotorjobs","twitter_misc":{"\u00c9crit par":"Benoit Charette","Estimation du temps de lecture":"2 minutes"},"schema":{"@context":"https:\/\/schema.org","@graph":[{"@type":"Article","@id":"https:\/\/news.canadamotorjobs.com\/fr\/afrique-du-sud-pres-de-800-proprietaires-de-4x4-suzuki-etablissent-un-record-du-monde-guinness\/#article","isPartOf":{"@id":"https:\/\/news.canadamotorjobs.com\/fr\/afrique-du-sud-pres-de-800-proprietaires-de-4x4-suzuki-etablissent-un-record-du-monde-guinness\/"},"author":{"name":"Benoit Charette","@id":"https:\/\/news.canadamotorjobs.com\/#\/schema\/person\/51793d1f87d44011d7bcc2ed99269a90"},"headline":"Afrique du Sud\u00a0: pr\u00e8s de 800 propri\u00e9taires de 4\u00d74 Suzuki \u00e9tablissent un record du monde Guinness","datePublished":"2023-09-27T00:41:56+00:00","dateModified":"2023-09-27T00:59:10+00:00","mainEntityOfPage":{"@id":"https:\/\/news.canadamotorjobs.com\/fr\/afrique-du-sud-pres-de-800-proprietaires-de-4x4-suzuki-etablissent-un-record-du-monde-guinness\/"},"wordCount":481,"publisher":{"@id":"https:\/\/news.canadamotorjobs.com\/#organization"},"image":{"@id":"https:\/\/news.canadamotorjobs.com\/fr\/afrique-du-sud-pres-de-800-proprietaires-de-4x4-suzuki-etablissent-un-record-du-monde-guinness\/#primaryimage"},"thumbnailUrl":"https:\/\/news.canadamotorjobs.com\/wp-content\/uploads\/2023\/09\/Suzuki-Afrique-du-Sud-record-Guinness_10.jpg","articleSection":["Annuel automobile"],"inLanguage":"fr-CA"},{"@type":"WebPage","@id":"https:\/\/news.canadamotorjobs.com\/fr\/afrique-du-sud-pres-de-800-proprietaires-de-4x4-suzuki-etablissent-un-record-du-monde-guinness\/","url":"https:\/\/news.canadamotorjobs.com\/fr\/afrique-du-sud-pres-de-800-proprietaires-de-4x4-suzuki-etablissent-un-record-du-monde-guinness\/","name":"Afrique du Sud\u00a0: pr\u00e8s de 800 propri\u00e9taires de 4\u00d74 Suzuki \u00e9tablissent un record du monde Guinness - CanadaMotorJobs.com","isPartOf":{"@id":"https:\/\/news.canadamotorjobs.com\/#website"},"primaryImageOfPage":{"@id":"https:\/\/news.canadamotorjobs.com\/fr\/afrique-du-sud-pres-de-800-proprietaires-de-4x4-suzuki-etablissent-un-record-du-monde-guinness\/#primaryimage"},"image":{"@id":"https:\/\/news.canadamotorjobs.com\/fr\/afrique-du-sud-pres-de-800-proprietaires-de-4x4-suzuki-etablissent-un-record-du-monde-guinness\/#primaryimage"},"thumbnailUrl":"https:\/\/news.canadamotorjobs.com\/wp-content\/uploads\/2023\/09\/Suzuki-Afrique-du-Sud-record-Guinness_10.jpg","datePublished":"2023-09-27T00:41:56+00:00","dateModified":"2023-09-27T00:59:10+00:00","description":"Afrique du Sud\u00a0: pr\u00e8s de 800 propri\u00e9taires de 4\u00d74 Suzuki \u00e9tablissent un record du monde Guinness - Benoit Charette - Annuel automobile - CanadaMotorJobs.com.","breadcrumb":{"@id":"https:\/\/news.canadamotorjobs.com\/fr\/afrique-du-sud-pres-de-800-proprietaires-de-4x4-suzuki-etablissent-un-record-du-monde-guinness\/#breadcrumb"},"inLanguage":"fr-CA","potentialAction":[{"@type":"ReadAction","target":["https:\/\/news.canadamotorjobs.com\/fr\/afrique-du-sud-pres-de-800-proprietaires-de-4x4-suzuki-etablissent-un-record-du-monde-guinness\/"]}]},{"@type":"ImageObject","inLanguage":"fr-CA","@id":"https:\/\/news.canadamotorjobs.com\/fr\/afrique-du-sud-pres-de-800-proprietaires-de-4x4-suzuki-etablissent-un-record-du-monde-guinness\/#primaryimage","url":"https:\/\/news.canadamotorjobs.com\/wp-content\/uploads\/2023\/09\/Suzuki-Afrique-du-Sud-record-Guinness_10.jpg","contentUrl":"https:\/\/news.canadamotorjobs.com\/wp-content\/uploads\/2023\/09\/Suzuki-Afrique-du-Sud-record-Guinness_10.jpg","width":1024,"height":683},{"@type":"BreadcrumbList","@id":"https:\/\/news.canadamotorjobs.com\/fr\/afrique-du-sud-pres-de-800-proprietaires-de-4x4-suzuki-etablissent-un-record-du-monde-guinness\/#breadcrumb","itemListElement":[{"@type":"ListItem","position":1,"name":"Home","item":"https:\/\/news.canadamotorjobs.com\/fr\/blog\/"},{"@type":"ListItem","position":2,"name":"Afrique du Sud\u00a0: pr\u00e8s de 800 propri\u00e9taires de 4\u00d74 Suzuki \u00e9tablissent un record du monde Guinness"}]},{"@type":"WebSite","@id":"https:\/\/news.canadamotorjobs.com\/#website","url":"https:\/\/news.canadamotorjobs.com\/","name":"CanadaMotorJobs.com","description":"Automotive Jobs","publisher":{"@id":"https:\/\/news.canadamotorjobs.com\/#organization"},"potentialAction":[{"@type":"SearchAction","target":{"@type":"EntryPoint","urlTemplate":"https:\/\/news.canadamotorjobs.com\/?s={search_term_string}"},"query-input":"required name=search_term_string"}],"inLanguage":"fr-CA"},{"@type":"Organization","@id":"https:\/\/news.canadamotorjobs.com\/#organization","name":"Canada Motor Jobs","url":"https:\/\/news.canadamotorjobs.com\/","logo":{"@type":"ImageObject","inLanguage":"fr-CA","@id":"https:\/\/news.canadamotorjobs.com\/#\/schema\/logo\/image\/","url":"https:\/\/news.canadamotorjobs.com\/wp-content\/uploads\/2022\/10\/logo-canada-motor-jobs-1.png","contentUrl":"https:\/\/news.canadamotorjobs.com\/wp-content\/uploads\/2022\/10\/logo-canada-motor-jobs-1.png","width":800,"height":400,"caption":"Canada Motor Jobs"},"image":{"@id":"https:\/\/news.canadamotorjobs.com\/#\/schema\/logo\/image\/"},"sameAs":["https:\/\/www.facebook.com\/canadamotorjobs\/","https:\/\/x.com\/canadamotorjobs","https:\/\/www.instagram.com\/canadamotorjobs\/","https:\/\/www.linkedin.com\/company\/canadamotorjobs"]},{"@type":"Person","@id":"https:\/\/news.canadamotorjobs.com\/#\/schema\/person\/51793d1f87d44011d7bcc2ed99269a90","name":"Benoit Charette","image":{"@type":"ImageObject","inLanguage":"fr-CA","@id":"https:\/\/news.canadamotorjobs.com\/#\/schema\/person\/image\/","url":"https:\/\/secure.gravatar.com\/avatar\/45f3d2eebcccd909668d7ce7ea7267b6?s=96&d=mm&r=g","contentUrl":"https:\/\/secure.gravatar.com\/avatar\/45f3d2eebcccd909668d7ce7ea7267b6?s=96&d=mm&r=g","caption":"Benoit Charette"},"description":"Benoit Charette \/ Propri\u00e9taire et r\u00e9dacteur en chef Benoit Charette pratique le journalisme automobile depuis bient\u00f4t 30 ans. Il a fait ses classes au c\u00f4t\u00e9 de Daniel H\u00e9raud et au Carnet de route de 1992 \u00e0 2001. Il est fondateur, copropri\u00e9taire et r\u00e9dacteur en chef de L\u2019Annuel de l\u2019automobile, qu\u2019il publie depuis 2001. Il a anim\u00e9 les \u00e9missions RPM et RPM+ sur V et les L\u00e9gendes de la route sur Historia. \u00c0 la radio depuis 1986, il reprend l\u2019antenne cette ann\u00e9e sur les ondes de Cogeco et participe pour la deuxi\u00e8me ann\u00e9e \u00e0 l\u2019\u00e9mission Passion Auto sur RDS en plus de mettre en ligne le site Web officiel de L\u2019Annuel de l\u2019automobile sur annuelauto.ca.","sameAs":["https:\/\/annuelauto.ca\/"],"url":"https:\/\/news.canadamotorjobs.com\/fr\/author\/benoit-charette\/"}]}},"_links":{"self":[{"href":"https:\/\/news.canadamotorjobs.com\/fr\/wp-json\/wp\/v2\/posts\/152102"}],"collection":[{"href":"https:\/\/news.canadamotorjobs.com\/fr\/wp-json\/wp\/v2\/posts"}],"about":[{"href":"https:\/\/news.canadamotorjobs.com\/fr\/wp-json\/wp\/v2\/types\/post"}],"author":[{"embeddable":true,"href":"https:\/\/news.canadamotorjobs.com\/fr\/wp-json\/wp\/v2\/users\/8"}],"replies":[{"embeddable":true,"href":"https:\/\/news.canadamotorjobs.com\/fr\/wp-json\/wp\/v2\/comments?post=152102"}],"version-history":[{"count":2,"href":"https:\/\/news.canadamotorjobs.com\/fr\/wp-json\/wp\/v2\/posts\/152102\/revisions"}],"predecessor-version":[{"id":152106,"href":"https:\/\/news.canadamotorjobs.com\/fr\/wp-json\/wp\/v2\/posts\/152102\/revisions\/152106"}],"wp:featuredmedia":[{"embeddable":true,"href":"https:\/\/news.canadamotorjobs.com\/fr\/wp-json\/wp\/v2\/media\/152104"}],"wp:attachment":[{"href":"https:\/\/news.canadamotorjobs.com\/fr\/wp-json\/wp\/v2\/media?parent=152102"}],"wp:term":[{"taxonomy":"category","embeddable":true,"href":"https:\/\/news.canadamotorjobs.com\/fr\/wp-json\/wp\/v2\/categories?post=152102"},{"taxonomy":"post_tag","embeddable":true,"href":"https:\/\/news.canadamotorjobs.com\/fr\/wp-json\/wp\/v2\/tags?post=152102"}],"curies":[{"name":"wp","href":"https:\/\/api.w.org\/{rel}","templated":true}]}}