{"id":152083,"date":"2023-09-26T14:00:25","date_gmt":"2023-09-26T18:00:25","guid":{"rendered":"https:\/\/news.canadamotorjobs.com\/?p=152083"},"modified":"2023-09-26T14:31:18","modified_gmt":"2023-09-26T18:31:18","slug":"toyota-celebre-ses-20-annees-dassemblage-de-lexus-en-ontario","status":"publish","type":"post","link":"https:\/\/news.canadamotorjobs.com\/fr\/toyota-celebre-ses-20-annees-dassemblage-de-lexus-en-ontario\/","title":{"rendered":"Toyota c\u00e9l\u00e8bre ses 20 ann\u00e9es d\u2019assemblage de Lexus en Ontario"},"content":{"rendered":"<\/p>\n<p>Toyota assemble des produits <a href=\"https:\/\/annuelauto.ca\/lexus-redevient-la-marque-la-plus-fiable-apres-3-ans-selon-j-d-power\/\" target=\"_blank\" rel=\"noopener noreferrer\">Lexus<\/a> au Canada depuis maintenant 20\u00a0ans. Pour plusieurs, cela pourrait para\u00eetre banal. Mais il faut savoir qu\u2019il a fallu attendre 14 ans apr\u00e8s la cr\u00e9ation de cette marque pour qu\u2019un de ses produits soit finalement assembl\u00e9 hors du Pays du soleil levant.<\/p>\n<p>Toyota a cr\u00e9\u00e9 la marque Lexus en 1989 afin d\u2019acc\u00e9der aux cr\u00e9neaux des mod\u00e8les de luxe. Or, durant ses premi\u00e8res ann\u00e9es d\u2019existence, la production de ses produits a \u00e9t\u00e9 jalousement r\u00e9serv\u00e9e aux travailleurs des usines japonaises de Toyota.<\/p>\n<p>Puis, le 26 septembre 2003, un RX\u00a0330 de seconde g\u00e9n\u00e9ration assembl\u00e9 \u00e0 l\u2019usine <a href=\"https:\/\/annuelauto.ca\/toyota-a-produit-10-millions-de-vehicules-au-canada\/\" target=\"_blank\" rel=\"noopener noreferrer\">Toyota Motor Manufacturing Canada<\/a> (TMMC) de Cambridge, ville du sud de l\u2019Ontario, a marqu\u00e9 un tournant dans l\u2019histoire de Lexus lorsqu\u2019il a quitt\u00e9 la cha\u00eene d\u2019assemblage dans un tonnerre d\u2019applaudissements.<\/p>\n<p>\u00ab\u00a0C&#8217;est un grand jour pour nous tous ici \u00e0 Cambridge\u00a0\u00bb, avait alors d\u00e9clar\u00e9 fi\u00e8rement Ray\u00a0Tanguay, le pr\u00e9sident de TMMC, qui voyait ainsi aboutir un projet amorc\u00e9 trois ans plus t\u00f4t \u00e0 la suite d\u2019un investissement de 650 millions de dollars canadiens de la part du constructeur.<\/p>\n<p>\u00c0 l\u2019\u00e9poque, Toyota avait adopt\u00e9 une strat\u00e9gie visant \u00e0 fabriquer ses produits l\u00e0 o\u00f9 la demande \u00e9tait forte. La popularit\u00e9 du RX sur notre continent faisait de l\u2019Am\u00e9rique du Nord un lieu de production \u00e9vident.<\/p>\n<h3><strong>TMMC, un joyau de Toyota<\/strong><\/h3>\n<p>\nDans l\u2019allocution prononc\u00e9e lors du lancement de la production du RX, le Canadien Ray Tanguay avait ajout\u00e9\u00a0: \u00ab\u00a0La fabrication de Lexus exige une compr\u00e9hension approfondie de ce que les clients veulent, attendent et m\u00e9ritent d\u2019un v\u00e9hicule de luxe. Nous appelons cela la recherche incessante de la perfection.\u00a0\u00bb Quelques minutes plus tard, le directeur g\u00e9n\u00e9ral de Toyota Motor Corporation, Hiroshi Kawakami, avait rench\u00e9ri en justifiant le choix de cette usine canadienne pour la production en affirmant\u00a0: \u00ab\u00a0Puisque TMMC est l&#8217;un de nos joyaux \u00e0 l&#8217;\u00e9tranger, le d\u00e9but de la production de Lexus ici est certainement conforme \u00e0 cette philosophie.\u00a0\u00bb<\/p>\n<p>Vingt ans, quatre g\u00e9n\u00e9rations de RX et huit prix J.D.\u00a0Power plus tard, TMMC continue de produire cet utilitaire, qui est devenu le mod\u00e8le le plus vendu de la marque au pays et chez nos voisins du sud.<\/p>\n<p>En 2014, TMMC a aussi commenc\u00e9 \u00e0 fabriquer le RX \u00e0 motorisation hybride (non branchable). Puis, en mars 2022, TMMC a ajout\u00e9 une autre famille de mod\u00e8les Lexus \u00e0 sa production\u00a0: les <a href=\"https:\/\/annuelauto.ca\/lexus-debute-la-production-de-son-modele-nx-en-ontario\/\" target=\"_blank\" rel=\"noopener noreferrer\">NX et NX\u00a0hybride<\/a>. Du m\u00eame coup, cette usine devenait la premi\u00e8re de Toyota \u00e0 produire deux mod\u00e8les Lexus hors du Japon\u00a0!<\/p>\n<h3><strong>10 millioni\u00e8me v\u00e9hicule produit par TMMC\u00a0: un Lexus<\/strong><\/h3>\n<p>\nD\u2019ailleurs, lorsque TMMC a produit son 10\u00a0millioni\u00e8me v\u00e9hicule en ao\u00fbt\u00a02022, c\u2019\u00e9tait un Lexus NX\u00a0350h rouge; le fruit d\u2019une judicieuse planification de sa production, naturellement.<\/p>\n<p>Rappelons que la premi\u00e8re usine de TMMC est entr\u00e9e en exploitation en novembre 1988. \u00c0 l\u2019\u00e9poque, on y assemblait des berlines Toyota Corolla, mod\u00e8le qu\u2019on y a produit jusqu\u2019en 2019. En outre, TMMC a \u00e9galement produit des Toyota Solara, entre 1998 et 2003, et des Toyota Matrix, de 2002 \u00e0 2013.<\/p>\n<p>Aujourd\u2019hui, TMMC compte trois usines en Ontario\u00a0: deux \u00e0 Cambridge et une troisi\u00e8me \u00e0 Woodstock, ville situ\u00e9e \u00e0 une cinquantaine de kilom\u00e8tres au sud-ouest. Ces trois usines produisent des Toyota RAV4 et RAV4 hybride, des Lexus RX\u00a0350, RX\u00a0350h et RX\u00a0500h, de m\u00eame que des Lexus NX et NX\u00a0hybride. TMMC ne produit aucun v\u00e9hicule \u00e0 motorisation hybride branchable.<\/p>\n<h3><strong>Plus important constructeur au Canada<\/strong><\/h3>\n<p>\nTMMC emploie environ 8\u00a0500 travailleurs et la capacit\u00e9 de production annuelle de ses trois usines d\u00e9passe les 500\u00a0000 unit\u00e9s. Depuis les cinq derni\u00e8res ann\u00e9es, TMMC a d\u2019ailleurs \u00e9t\u00e9 le plus important constructeur automobile au Canada sur le plan du volume.<\/p>\n<p>Pr\u00e9cisons, enfin, qu\u2019en plus des usines nipponnes et de celles de TMMC, Toyota Motor Manufacturing Kentucky de Georgetown, aux \u00c9tats-Unis, assemble \u00e9galement un produit Lexus depuis octobre 2015\u00a0: la berline\u00a0ES.<\/p>\n<p><em>Photos : Toyota et archives Luc Gagn\u00e9<br \/>\n<\/em><\/p>\n<p>Le texte <a rel=\"nofollow\" href=\"https:\/\/annuelauto.ca\/toyota-celebre-ses-20-annees-dassemblage-de-lexus-en-ontario\/\">Toyota c\u00e9l\u00e8bre ses 20 ann\u00e9es d\u2019assemblage de Lexus en Ontario<\/a> provient de <a rel=\"nofollow\" href=\"https:\/\/annuelauto.ca\">L&#8217;annuel de l&#8217;automobile &#8211; Actualit\u00e9 automobile<\/a><\/p>\n<p><\/p>\n","protected":false},"excerpt":{"rendered":"<p>Toyota assemble des produits Lexus au Canada depuis maintenant 20\u00a0ans. Pour plusieurs, cela pourrait para\u00eetre banal. Mais il faut savoir qu\u2019il a fallu attendre 14 ans apr\u00e8s la cr\u00e9ation de cette marque pour qu\u2019un de ses produits soit finalement assembl\u00e9 hors du Pays du soleil levant. Toyota a cr\u00e9\u00e9 la marque Lexus en 1989 afin [&hellip;]<\/p>\n","protected":false},"author":8,"featured_media":152085,"comment_status":"close","ping_status":"closed","sticky":false,"template":"","format":"standard","meta":{"_monsterinsights_skip_tracking":false,"_monsterinsights_sitenote_active":false,"_monsterinsights_sitenote_note":"","_monsterinsights_sitenote_category":0,"footnotes":""},"categories":[101],"tags":[],"yoast_head":"<!-- This site is optimized with the Yoast SEO plugin v23.2 - https:\/\/yoast.com\/wordpress\/plugins\/seo\/ -->\n<title>Toyota c\u00e9l\u00e8bre ses 20 ann\u00e9es d\u2019assemblage de Lexus en Ontario - CanadaMotorJobs.com<\/title>\n<meta name=\"description\" content=\"Toyota c\u00e9l\u00e8bre ses 20 ann\u00e9es d\u2019assemblage de Lexus en Ontario - Benoit Charette - Annuel automobile - CanadaMotorJobs.com.\" \/>\n<meta name=\"robots\" content=\"index, follow, max-snippet:-1, max-image-preview:large, max-video-preview:-1\" \/>\n<meta property=\"og:locale\" content=\"fr_CA\" \/>\n<meta property=\"og:type\" content=\"article\" \/>\n<meta property=\"og:title\" content=\"Toyota c\u00e9l\u00e8bre ses 20 ann\u00e9es d\u2019assemblage de Lexus en Ontario - CanadaMotorJobs.com\" \/>\n<meta property=\"og:description\" content=\"Toyota c\u00e9l\u00e8bre ses 20 ann\u00e9es d\u2019assemblage de Lexus en Ontario - Benoit Charette - Annuel automobile - CanadaMotorJobs.com.\" \/>\n<meta property=\"og:url\" content=\"https:\/\/news.canadamotorjobs.com\/fr\/toyota-celebre-ses-20-annees-dassemblage-de-lexus-en-ontario\/\" \/>\n<meta property=\"og:site_name\" content=\"CanadaMotorJobs.com\" \/>\n<meta property=\"article:publisher\" content=\"https:\/\/www.facebook.com\/canadamotorjobs\/\" \/>\n<meta property=\"article:published_time\" content=\"2023-09-26T18:00:25+00:00\" \/>\n<meta property=\"article:modified_time\" content=\"2023-09-26T18:31:18+00:00\" \/>\n<meta property=\"og:image\" content=\"https:\/\/news.canadamotorjobs.com\/wp-content\/uploads\/2023\/09\/Toyota-TMMC-20-ans-de-Lexus_1.jpg\" \/>\n\t<meta property=\"og:image:width\" content=\"1024\" \/>\n\t<meta property=\"og:image:height\" content=\"683\" \/>\n\t<meta property=\"og:image:type\" content=\"image\/jpeg\" \/>\n<meta name=\"author\" content=\"Benoit Charette\" \/>\n<meta name=\"twitter:card\" content=\"summary_large_image\" \/>\n<meta name=\"twitter:creator\" content=\"@canadamotorjobs\" \/>\n<meta name=\"twitter:site\" content=\"@canadamotorjobs\" \/>\n<meta name=\"twitter:label1\" content=\"\u00c9crit par\" \/>\n\t<meta name=\"twitter:data1\" content=\"Benoit Charette\" \/>\n\t<meta name=\"twitter:label2\" content=\"Estimation du temps de lecture\" \/>\n\t<meta name=\"twitter:data2\" content=\"3 minutes\" \/>\n<!-- \/ Yoast SEO plugin. -->","yoast_head_json":{"title":"Toyota c\u00e9l\u00e8bre ses 20 ann\u00e9es d\u2019assemblage de Lexus en Ontario - CanadaMotorJobs.com","description":"Toyota c\u00e9l\u00e8bre ses 20 ann\u00e9es d\u2019assemblage de Lexus en Ontario - Benoit Charette - Annuel automobile - CanadaMotorJobs.com.","robots":{"index":"index","follow":"follow","max-snippet":"max-snippet:-1","max-image-preview":"max-image-preview:large","max-video-preview":"max-video-preview:-1"},"og_locale":"fr_CA","og_type":"article","og_title":"Toyota c\u00e9l\u00e8bre ses 20 ann\u00e9es d\u2019assemblage de Lexus en Ontario - CanadaMotorJobs.com","og_description":"Toyota c\u00e9l\u00e8bre ses 20 ann\u00e9es d\u2019assemblage de Lexus en Ontario - Benoit Charette - Annuel automobile - CanadaMotorJobs.com.","og_url":"https:\/\/news.canadamotorjobs.com\/fr\/toyota-celebre-ses-20-annees-dassemblage-de-lexus-en-ontario\/","og_site_name":"CanadaMotorJobs.com","article_publisher":"https:\/\/www.facebook.com\/canadamotorjobs\/","article_published_time":"2023-09-26T18:00:25+00:00","article_modified_time":"2023-09-26T18:31:18+00:00","og_image":[{"width":1024,"height":683,"url":"https:\/\/news.canadamotorjobs.com\/wp-content\/uploads\/2023\/09\/Toyota-TMMC-20-ans-de-Lexus_1.jpg","type":"image\/jpeg"}],"author":"Benoit Charette","twitter_card":"summary_large_image","twitter_creator":"@canadamotorjobs","twitter_site":"@canadamotorjobs","twitter_misc":{"\u00c9crit par":"Benoit Charette","Estimation du temps de lecture":"3 minutes"},"schema":{"@context":"https:\/\/schema.org","@graph":[{"@type":"Article","@id":"https:\/\/news.canadamotorjobs.com\/fr\/toyota-celebre-ses-20-annees-dassemblage-de-lexus-en-ontario\/#article","isPartOf":{"@id":"https:\/\/news.canadamotorjobs.com\/fr\/toyota-celebre-ses-20-annees-dassemblage-de-lexus-en-ontario\/"},"author":{"name":"Benoit Charette","@id":"https:\/\/news.canadamotorjobs.com\/#\/schema\/person\/51793d1f87d44011d7bcc2ed99269a90"},"headline":"Toyota c\u00e9l\u00e8bre ses 20 ann\u00e9es d\u2019assemblage de Lexus en Ontario","datePublished":"2023-09-26T18:00:25+00:00","dateModified":"2023-09-26T18:31:18+00:00","mainEntityOfPage":{"@id":"https:\/\/news.canadamotorjobs.com\/fr\/toyota-celebre-ses-20-annees-dassemblage-de-lexus-en-ontario\/"},"wordCount":714,"publisher":{"@id":"https:\/\/news.canadamotorjobs.com\/#organization"},"image":{"@id":"https:\/\/news.canadamotorjobs.com\/fr\/toyota-celebre-ses-20-annees-dassemblage-de-lexus-en-ontario\/#primaryimage"},"thumbnailUrl":"https:\/\/news.canadamotorjobs.com\/wp-content\/uploads\/2023\/09\/Toyota-TMMC-20-ans-de-Lexus_1.jpg","articleSection":["Annuel automobile"],"inLanguage":"fr-CA"},{"@type":"WebPage","@id":"https:\/\/news.canadamotorjobs.com\/fr\/toyota-celebre-ses-20-annees-dassemblage-de-lexus-en-ontario\/","url":"https:\/\/news.canadamotorjobs.com\/fr\/toyota-celebre-ses-20-annees-dassemblage-de-lexus-en-ontario\/","name":"Toyota c\u00e9l\u00e8bre ses 20 ann\u00e9es d\u2019assemblage de Lexus en Ontario - CanadaMotorJobs.com","isPartOf":{"@id":"https:\/\/news.canadamotorjobs.com\/#website"},"primaryImageOfPage":{"@id":"https:\/\/news.canadamotorjobs.com\/fr\/toyota-celebre-ses-20-annees-dassemblage-de-lexus-en-ontario\/#primaryimage"},"image":{"@id":"https:\/\/news.canadamotorjobs.com\/fr\/toyota-celebre-ses-20-annees-dassemblage-de-lexus-en-ontario\/#primaryimage"},"thumbnailUrl":"https:\/\/news.canadamotorjobs.com\/wp-content\/uploads\/2023\/09\/Toyota-TMMC-20-ans-de-Lexus_1.jpg","datePublished":"2023-09-26T18:00:25+00:00","dateModified":"2023-09-26T18:31:18+00:00","description":"Toyota c\u00e9l\u00e8bre ses 20 ann\u00e9es d\u2019assemblage de Lexus en Ontario - Benoit Charette - Annuel automobile - CanadaMotorJobs.com.","breadcrumb":{"@id":"https:\/\/news.canadamotorjobs.com\/fr\/toyota-celebre-ses-20-annees-dassemblage-de-lexus-en-ontario\/#breadcrumb"},"inLanguage":"fr-CA","potentialAction":[{"@type":"ReadAction","target":["https:\/\/news.canadamotorjobs.com\/fr\/toyota-celebre-ses-20-annees-dassemblage-de-lexus-en-ontario\/"]}]},{"@type":"ImageObject","inLanguage":"fr-CA","@id":"https:\/\/news.canadamotorjobs.com\/fr\/toyota-celebre-ses-20-annees-dassemblage-de-lexus-en-ontario\/#primaryimage","url":"https:\/\/news.canadamotorjobs.com\/wp-content\/uploads\/2023\/09\/Toyota-TMMC-20-ans-de-Lexus_1.jpg","contentUrl":"https:\/\/news.canadamotorjobs.com\/wp-content\/uploads\/2023\/09\/Toyota-TMMC-20-ans-de-Lexus_1.jpg","width":1024,"height":683},{"@type":"BreadcrumbList","@id":"https:\/\/news.canadamotorjobs.com\/fr\/toyota-celebre-ses-20-annees-dassemblage-de-lexus-en-ontario\/#breadcrumb","itemListElement":[{"@type":"ListItem","position":1,"name":"Home","item":"https:\/\/news.canadamotorjobs.com\/fr\/blog\/"},{"@type":"ListItem","position":2,"name":"Toyota c\u00e9l\u00e8bre ses 20 ann\u00e9es d\u2019assemblage de Lexus en Ontario"}]},{"@type":"WebSite","@id":"https:\/\/news.canadamotorjobs.com\/#website","url":"https:\/\/news.canadamotorjobs.com\/","name":"CanadaMotorJobs.com","description":"Automotive Jobs","publisher":{"@id":"https:\/\/news.canadamotorjobs.com\/#organization"},"potentialAction":[{"@type":"SearchAction","target":{"@type":"EntryPoint","urlTemplate":"https:\/\/news.canadamotorjobs.com\/?s={search_term_string}"},"query-input":"required name=search_term_string"}],"inLanguage":"fr-CA"},{"@type":"Organization","@id":"https:\/\/news.canadamotorjobs.com\/#organization","name":"Canada Motor Jobs","url":"https:\/\/news.canadamotorjobs.com\/","logo":{"@type":"ImageObject","inLanguage":"fr-CA","@id":"https:\/\/news.canadamotorjobs.com\/#\/schema\/logo\/image\/","url":"https:\/\/news.canadamotorjobs.com\/wp-content\/uploads\/2022\/10\/logo-canada-motor-jobs-1.png","contentUrl":"https:\/\/news.canadamotorjobs.com\/wp-content\/uploads\/2022\/10\/logo-canada-motor-jobs-1.png","width":800,"height":400,"caption":"Canada Motor Jobs"},"image":{"@id":"https:\/\/news.canadamotorjobs.com\/#\/schema\/logo\/image\/"},"sameAs":["https:\/\/www.facebook.com\/canadamotorjobs\/","https:\/\/x.com\/canadamotorjobs","https:\/\/www.instagram.com\/canadamotorjobs\/","https:\/\/www.linkedin.com\/company\/canadamotorjobs"]},{"@type":"Person","@id":"https:\/\/news.canadamotorjobs.com\/#\/schema\/person\/51793d1f87d44011d7bcc2ed99269a90","name":"Benoit Charette","image":{"@type":"ImageObject","inLanguage":"fr-CA","@id":"https:\/\/news.canadamotorjobs.com\/#\/schema\/person\/image\/","url":"https:\/\/secure.gravatar.com\/avatar\/45f3d2eebcccd909668d7ce7ea7267b6?s=96&d=mm&r=g","contentUrl":"https:\/\/secure.gravatar.com\/avatar\/45f3d2eebcccd909668d7ce7ea7267b6?s=96&d=mm&r=g","caption":"Benoit Charette"},"description":"Benoit Charette \/ Propri\u00e9taire et r\u00e9dacteur en chef Benoit Charette pratique le journalisme automobile depuis bient\u00f4t 30 ans. Il a fait ses classes au c\u00f4t\u00e9 de Daniel H\u00e9raud et au Carnet de route de 1992 \u00e0 2001. Il est fondateur, copropri\u00e9taire et r\u00e9dacteur en chef de L\u2019Annuel de l\u2019automobile, qu\u2019il publie depuis 2001. Il a anim\u00e9 les \u00e9missions RPM et RPM+ sur V et les L\u00e9gendes de la route sur Historia. \u00c0 la radio depuis 1986, il reprend l\u2019antenne cette ann\u00e9e sur les ondes de Cogeco et participe pour la deuxi\u00e8me ann\u00e9e \u00e0 l\u2019\u00e9mission Passion Auto sur RDS en plus de mettre en ligne le site Web officiel de L\u2019Annuel de l\u2019automobile sur annuelauto.ca.","sameAs":["https:\/\/annuelauto.ca\/"],"url":"https:\/\/news.canadamotorjobs.com\/fr\/author\/benoit-charette\/"}]}},"_links":{"self":[{"href":"https:\/\/news.canadamotorjobs.com\/fr\/wp-json\/wp\/v2\/posts\/152083"}],"collection":[{"href":"https:\/\/news.canadamotorjobs.com\/fr\/wp-json\/wp\/v2\/posts"}],"about":[{"href":"https:\/\/news.canadamotorjobs.com\/fr\/wp-json\/wp\/v2\/types\/post"}],"author":[{"embeddable":true,"href":"https:\/\/news.canadamotorjobs.com\/fr\/wp-json\/wp\/v2\/users\/8"}],"replies":[{"embeddable":true,"href":"https:\/\/news.canadamotorjobs.com\/fr\/wp-json\/wp\/v2\/comments?post=152083"}],"version-history":[{"count":2,"href":"https:\/\/news.canadamotorjobs.com\/fr\/wp-json\/wp\/v2\/posts\/152083\/revisions"}],"predecessor-version":[{"id":152087,"href":"https:\/\/news.canadamotorjobs.com\/fr\/wp-json\/wp\/v2\/posts\/152083\/revisions\/152087"}],"wp:featuredmedia":[{"embeddable":true,"href":"https:\/\/news.canadamotorjobs.com\/fr\/wp-json\/wp\/v2\/media\/152085"}],"wp:attachment":[{"href":"https:\/\/news.canadamotorjobs.com\/fr\/wp-json\/wp\/v2\/media?parent=152083"}],"wp:term":[{"taxonomy":"category","embeddable":true,"href":"https:\/\/news.canadamotorjobs.com\/fr\/wp-json\/wp\/v2\/categories?post=152083"},{"taxonomy":"post_tag","embeddable":true,"href":"https:\/\/news.canadamotorjobs.com\/fr\/wp-json\/wp\/v2\/tags?post=152083"}],"curies":[{"name":"wp","href":"https:\/\/api.w.org\/{rel}","templated":true}]}}