{"id":152041,"date":"2023-09-26T08:27:45","date_gmt":"2023-09-26T12:27:45","guid":{"rendered":"https:\/\/news.canadamotorjobs.com\/?p=152041"},"modified":"2023-09-26T08:33:07","modified_gmt":"2023-09-26T12:33:07","slug":"ford-suspend-la-construction-dune-usine-de-batteries","status":"publish","type":"post","link":"https:\/\/news.canadamotorjobs.com\/fr\/ford-suspend-la-construction-dune-usine-de-batteries\/","title":{"rendered":"Ford suspend la construction d\u2019une usine de batteries"},"content":{"rendered":"<\/p>\n<p>En r\u00e9action \u00e0 la gr\u00e8ve en cours dans l&#8217;industrie automobile am\u00e9ricaine, Ford a pris la d\u00e9cision de suspendre temporairement les travaux de construction de son usine de batteries pr\u00e9vue dans la ville de Marshall, dans le Michigan, aux \u00c9tats-Unis. Cette d\u00e9cision d\u00e9coule de pr\u00e9occupations quant \u00e0 la rentabilit\u00e9 future de cette installation, \u00e9valu\u00e9e \u00e0 plus de 3,5 milliards de dollars (US).<\/p>\n<h3><strong>Une pause pour r\u00e9fl\u00e9chir<\/strong><\/h3>\n<p>\nLe constructeur am\u00e9ricain, Ford, a annonc\u00e9 lundi la suspension des travaux de construction de l&#8217;usine de batteries baptis\u00e9e &#8220;BlueOval Battery Park Michigan&#8221;. Cette d\u00e9cision intervient en raison des incertitudes concernant la rentabilit\u00e9 future du site, alors que l&#8217;industrie automobile am\u00e9ricaine est touch\u00e9e par une gr\u00e8ve majeure.<\/p>\n<p>Initialement pr\u00e9sent\u00e9 en f\u00e9vrier, le projet devait \u00eatre op\u00e9rationnel en 2026, cr\u00e9ant ainsi 2 500 emplois potentiels. Un porte-parole du groupe a d\u00e9clar\u00e9 : &#8220;Nous suspendons les travaux et limitons les d\u00e9penses li\u00e9es au projet Marshall jusqu&#8217;\u00e0 ce que nous soyons confiants dans notre capacit\u00e9 \u00e0 exploiter l&#8217;usine de mani\u00e8re comp\u00e9titive. Notre d\u00e9cision finale concernant cet investissement n&#8217;a pas encore \u00e9t\u00e9 prise.&#8221;<\/p>\n<p>Il est important de noter que cette d\u00e9cision n&#8217;est pas li\u00e9e \u00e0 la gr\u00e8ve en cours chez Ford, r\u00e9sultant du manque d&#8217;accord avec le syndicat automobile UAW (United Auto Workers) concernant une nouvelle convention collective et de nouveaux salaires.<\/p>\n<h3><strong>Des enjeux \u00e9conomiques importants<\/strong><\/h3>\n<p>\nLa construction d&#8217;usines pour les v\u00e9hicules \u00e9lectriques b\u00e9n\u00e9ficie de nombreuses subventions gouvernementales \u00e0 Washington, et les salaires ne repr\u00e9sentent qu&#8217;une petite part des co\u00fbts de production d&#8217;une ligne de batteries. Cependant, la future usine devrait employer des travailleurs syndiqu\u00e9s, dont la r\u00e9mun\u00e9ration d\u00e9pend des n\u00e9gociations en cours.<\/p>\n<p>Cela contraste avec la plupart des &#8220;gigafactories&#8221; actuellement en construction aux \u00c9tats-Unis, qui sont des coentreprises. La d\u00e9cision de Ford de suspendre ce projet de cr\u00e9ation d&#8217;emplois syndiqu\u00e9s peut \u00e9galement \u00eatre interpr\u00e9t\u00e9e comme une tentative de pression dans les n\u00e9gociations salariales, selon le dirigeant de l&#8217;UAW, Shawn Fain, qui a qualifi\u00e9 cette man\u0153uvre de &#8220;honteuse&#8221;.<\/p>\n<h3><strong>Un projet controvers\u00e9<\/strong><\/h3>\n<p>\nLa suspension de ce projet repr\u00e9sente un revers pour l&#8217;\u00c9tat du Michigan et les autorit\u00e9s locales, qui avaient promis des centaines de millions de dollars de budget pour les travaux d&#8217;am\u00e9nagement et l&#8217;acc\u00e8s au site, ainsi que d&#8217;\u00e9normes avantages fiscaux, d\u00e9passant au total 1 milliard de dollars. Ford avait \u00e9galement promis de consacrer 3,5 milliards de dollars de financement au BlueOval Battery Park Michigan.<\/p>\n<p>D\u00e8s le d\u00e9but, ce projet avait suscit\u00e9 la controverse au Michigan en raison du partenariat avec l&#8217;entreprise chinoise Contemporary Amperex Technology (CATL), un leader dans les batteries \u00e9lectriques. Plusieurs \u00e9lus r\u00e9publicains s&#8217;\u00e9taient oppos\u00e9s \u00e0 cette collaboration, refusant de voir Ford s&#8217;associer \u00e0 une soci\u00e9t\u00e9 chinoise. Le gouverneur r\u00e9publicain de Virginie, Glenn Youngkin, avait \u00e9galement exprim\u00e9 en janvier son d\u00e9saccord quant \u00e0 l&#8217;installation de l&#8217;usine dans son \u00c9tat, pour des raisons similaires.<\/p>\n<h3><strong>La pertinence remise en question<\/strong><\/h3>\n<p>\nL&#8217;usine \u00e9tait cens\u00e9e permettre \u00e0 Ford de produire des batteries \u00e0 base de lithium, de fer et de phosphate (LFP), qui diff\u00e8rent des batteries actuellement utilis\u00e9es par le groupe \u00e0 base de nickel, de cobalt et de mangan\u00e8se (NCM). Cette transition vers des batteries plus durables repr\u00e9sente un enjeu crucial pour Ford, qui pr\u00e9voit d&#8217;investir au total 50 milliards de dollars dans l&#8217;\u00e9lectrification de sa gamme de v\u00e9hicules.<\/p>\n<p>Avec des renseignements d\u2019AFP<\/p>\n<p>Le texte <a rel=\"nofollow\" href=\"https:\/\/annuelauto.ca\/ford-suspend-la-construction-dune-usine-de-batteries\/\">Ford suspend la construction d\u2019une usine de batteries<\/a> provient de <a rel=\"nofollow\" href=\"https:\/\/annuelauto.ca\">L&#8217;annuel de l&#8217;automobile &#8211; Actualit\u00e9 automobile<\/a><\/p>\n<p><\/p>\n","protected":false},"excerpt":{"rendered":"<p>En r\u00e9action \u00e0 la gr\u00e8ve en cours dans l&#8217;industrie automobile am\u00e9ricaine, Ford a pris la d\u00e9cision de suspendre temporairement les travaux de construction de son usine de batteries pr\u00e9vue dans la ville de Marshall, dans le Michigan, aux \u00c9tats-Unis. Cette d\u00e9cision d\u00e9coule de pr\u00e9occupations quant \u00e0 la rentabilit\u00e9 future de cette installation, \u00e9valu\u00e9e \u00e0 plus [&hellip;]<\/p>\n","protected":false},"author":8,"featured_media":152043,"comment_status":"close","ping_status":"closed","sticky":false,"template":"","format":"standard","meta":{"_monsterinsights_skip_tracking":false,"_monsterinsights_sitenote_active":false,"_monsterinsights_sitenote_note":"","_monsterinsights_sitenote_category":0,"footnotes":""},"categories":[101],"tags":[],"yoast_head":"<!-- This site is optimized with the Yoast SEO plugin v23.2 - https:\/\/yoast.com\/wordpress\/plugins\/seo\/ -->\n<title>Ford suspend la construction d\u2019une usine de batteries - CanadaMotorJobs.com<\/title>\n<meta name=\"description\" content=\"Ford suspend la construction d\u2019une usine de batteries - Benoit Charette - Annuel automobile - CanadaMotorJobs.com.\" \/>\n<meta name=\"robots\" content=\"index, follow, max-snippet:-1, max-image-preview:large, max-video-preview:-1\" \/>\n<meta property=\"og:locale\" content=\"fr_CA\" \/>\n<meta property=\"og:type\" content=\"article\" \/>\n<meta property=\"og:title\" content=\"Ford suspend la construction d\u2019une usine de batteries - CanadaMotorJobs.com\" \/>\n<meta property=\"og:description\" content=\"Ford suspend la construction d\u2019une usine de batteries - Benoit Charette - Annuel automobile - CanadaMotorJobs.com.\" \/>\n<meta property=\"og:url\" content=\"https:\/\/news.canadamotorjobs.com\/fr\/ford-suspend-la-construction-dune-usine-de-batteries\/\" \/>\n<meta property=\"og:site_name\" content=\"CanadaMotorJobs.com\" \/>\n<meta property=\"article:publisher\" content=\"https:\/\/www.facebook.com\/canadamotorjobs\/\" \/>\n<meta property=\"article:published_time\" content=\"2023-09-26T12:27:45+00:00\" \/>\n<meta property=\"article:modified_time\" content=\"2023-09-26T12:33:07+00:00\" \/>\n<meta property=\"og:image\" content=\"https:\/\/news.canadamotorjobs.com\/wp-content\/uploads\/2023\/09\/Ford-scaled-1.jpg\" \/>\n\t<meta property=\"og:image:width\" content=\"2560\" \/>\n\t<meta property=\"og:image:height\" content=\"1707\" \/>\n\t<meta property=\"og:image:type\" content=\"image\/jpeg\" \/>\n<meta name=\"author\" content=\"Benoit Charette\" \/>\n<meta name=\"twitter:card\" content=\"summary_large_image\" \/>\n<meta name=\"twitter:creator\" content=\"@canadamotorjobs\" \/>\n<meta name=\"twitter:site\" content=\"@canadamotorjobs\" \/>\n<meta name=\"twitter:label1\" content=\"\u00c9crit par\" \/>\n\t<meta name=\"twitter:data1\" content=\"Benoit Charette\" \/>\n\t<meta name=\"twitter:label2\" content=\"Estimation du temps de lecture\" \/>\n\t<meta name=\"twitter:data2\" content=\"3 minutes\" \/>\n<!-- \/ Yoast SEO plugin. -->","yoast_head_json":{"title":"Ford suspend la construction d\u2019une usine de batteries - CanadaMotorJobs.com","description":"Ford suspend la construction d\u2019une usine de batteries - Benoit Charette - Annuel automobile - CanadaMotorJobs.com.","robots":{"index":"index","follow":"follow","max-snippet":"max-snippet:-1","max-image-preview":"max-image-preview:large","max-video-preview":"max-video-preview:-1"},"og_locale":"fr_CA","og_type":"article","og_title":"Ford suspend la construction d\u2019une usine de batteries - CanadaMotorJobs.com","og_description":"Ford suspend la construction d\u2019une usine de batteries - Benoit Charette - Annuel automobile - CanadaMotorJobs.com.","og_url":"https:\/\/news.canadamotorjobs.com\/fr\/ford-suspend-la-construction-dune-usine-de-batteries\/","og_site_name":"CanadaMotorJobs.com","article_publisher":"https:\/\/www.facebook.com\/canadamotorjobs\/","article_published_time":"2023-09-26T12:27:45+00:00","article_modified_time":"2023-09-26T12:33:07+00:00","og_image":[{"width":2560,"height":1707,"url":"https:\/\/news.canadamotorjobs.com\/wp-content\/uploads\/2023\/09\/Ford-scaled-1.jpg","type":"image\/jpeg"}],"author":"Benoit Charette","twitter_card":"summary_large_image","twitter_creator":"@canadamotorjobs","twitter_site":"@canadamotorjobs","twitter_misc":{"\u00c9crit par":"Benoit Charette","Estimation du temps de lecture":"3 minutes"},"schema":{"@context":"https:\/\/schema.org","@graph":[{"@type":"Article","@id":"https:\/\/news.canadamotorjobs.com\/fr\/ford-suspend-la-construction-dune-usine-de-batteries\/#article","isPartOf":{"@id":"https:\/\/news.canadamotorjobs.com\/fr\/ford-suspend-la-construction-dune-usine-de-batteries\/"},"author":{"name":"Benoit Charette","@id":"https:\/\/news.canadamotorjobs.com\/#\/schema\/person\/51793d1f87d44011d7bcc2ed99269a90"},"headline":"Ford suspend la construction d\u2019une usine de batteries","datePublished":"2023-09-26T12:27:45+00:00","dateModified":"2023-09-26T12:33:07+00:00","mainEntityOfPage":{"@id":"https:\/\/news.canadamotorjobs.com\/fr\/ford-suspend-la-construction-dune-usine-de-batteries\/"},"wordCount":634,"publisher":{"@id":"https:\/\/news.canadamotorjobs.com\/#organization"},"image":{"@id":"https:\/\/news.canadamotorjobs.com\/fr\/ford-suspend-la-construction-dune-usine-de-batteries\/#primaryimage"},"thumbnailUrl":"https:\/\/news.canadamotorjobs.com\/wp-content\/uploads\/2023\/09\/Ford-scaled-1.jpg","articleSection":["Annuel automobile"],"inLanguage":"fr-CA"},{"@type":"WebPage","@id":"https:\/\/news.canadamotorjobs.com\/fr\/ford-suspend-la-construction-dune-usine-de-batteries\/","url":"https:\/\/news.canadamotorjobs.com\/fr\/ford-suspend-la-construction-dune-usine-de-batteries\/","name":"Ford suspend la construction d\u2019une usine de batteries - CanadaMotorJobs.com","isPartOf":{"@id":"https:\/\/news.canadamotorjobs.com\/#website"},"primaryImageOfPage":{"@id":"https:\/\/news.canadamotorjobs.com\/fr\/ford-suspend-la-construction-dune-usine-de-batteries\/#primaryimage"},"image":{"@id":"https:\/\/news.canadamotorjobs.com\/fr\/ford-suspend-la-construction-dune-usine-de-batteries\/#primaryimage"},"thumbnailUrl":"https:\/\/news.canadamotorjobs.com\/wp-content\/uploads\/2023\/09\/Ford-scaled-1.jpg","datePublished":"2023-09-26T12:27:45+00:00","dateModified":"2023-09-26T12:33:07+00:00","description":"Ford suspend la construction d\u2019une usine de batteries - Benoit Charette - Annuel automobile - CanadaMotorJobs.com.","breadcrumb":{"@id":"https:\/\/news.canadamotorjobs.com\/fr\/ford-suspend-la-construction-dune-usine-de-batteries\/#breadcrumb"},"inLanguage":"fr-CA","potentialAction":[{"@type":"ReadAction","target":["https:\/\/news.canadamotorjobs.com\/fr\/ford-suspend-la-construction-dune-usine-de-batteries\/"]}]},{"@type":"ImageObject","inLanguage":"fr-CA","@id":"https:\/\/news.canadamotorjobs.com\/fr\/ford-suspend-la-construction-dune-usine-de-batteries\/#primaryimage","url":"https:\/\/news.canadamotorjobs.com\/wp-content\/uploads\/2023\/09\/Ford-scaled-1.jpg","contentUrl":"https:\/\/news.canadamotorjobs.com\/wp-content\/uploads\/2023\/09\/Ford-scaled-1.jpg","width":2560,"height":1707},{"@type":"BreadcrumbList","@id":"https:\/\/news.canadamotorjobs.com\/fr\/ford-suspend-la-construction-dune-usine-de-batteries\/#breadcrumb","itemListElement":[{"@type":"ListItem","position":1,"name":"Home","item":"https:\/\/news.canadamotorjobs.com\/fr\/blog\/"},{"@type":"ListItem","position":2,"name":"Ford suspend la construction d\u2019une usine de batteries"}]},{"@type":"WebSite","@id":"https:\/\/news.canadamotorjobs.com\/#website","url":"https:\/\/news.canadamotorjobs.com\/","name":"CanadaMotorJobs.com","description":"Automotive Jobs","publisher":{"@id":"https:\/\/news.canadamotorjobs.com\/#organization"},"potentialAction":[{"@type":"SearchAction","target":{"@type":"EntryPoint","urlTemplate":"https:\/\/news.canadamotorjobs.com\/?s={search_term_string}"},"query-input":"required name=search_term_string"}],"inLanguage":"fr-CA"},{"@type":"Organization","@id":"https:\/\/news.canadamotorjobs.com\/#organization","name":"Canada Motor Jobs","url":"https:\/\/news.canadamotorjobs.com\/","logo":{"@type":"ImageObject","inLanguage":"fr-CA","@id":"https:\/\/news.canadamotorjobs.com\/#\/schema\/logo\/image\/","url":"https:\/\/news.canadamotorjobs.com\/wp-content\/uploads\/2022\/10\/logo-canada-motor-jobs-1.png","contentUrl":"https:\/\/news.canadamotorjobs.com\/wp-content\/uploads\/2022\/10\/logo-canada-motor-jobs-1.png","width":800,"height":400,"caption":"Canada Motor Jobs"},"image":{"@id":"https:\/\/news.canadamotorjobs.com\/#\/schema\/logo\/image\/"},"sameAs":["https:\/\/www.facebook.com\/canadamotorjobs\/","https:\/\/x.com\/canadamotorjobs","https:\/\/www.instagram.com\/canadamotorjobs\/","https:\/\/www.linkedin.com\/company\/canadamotorjobs"]},{"@type":"Person","@id":"https:\/\/news.canadamotorjobs.com\/#\/schema\/person\/51793d1f87d44011d7bcc2ed99269a90","name":"Benoit Charette","image":{"@type":"ImageObject","inLanguage":"fr-CA","@id":"https:\/\/news.canadamotorjobs.com\/#\/schema\/person\/image\/","url":"https:\/\/secure.gravatar.com\/avatar\/45f3d2eebcccd909668d7ce7ea7267b6?s=96&d=mm&r=g","contentUrl":"https:\/\/secure.gravatar.com\/avatar\/45f3d2eebcccd909668d7ce7ea7267b6?s=96&d=mm&r=g","caption":"Benoit Charette"},"description":"Benoit Charette \/ Propri\u00e9taire et r\u00e9dacteur en chef Benoit Charette pratique le journalisme automobile depuis bient\u00f4t 30 ans. Il a fait ses classes au c\u00f4t\u00e9 de Daniel H\u00e9raud et au Carnet de route de 1992 \u00e0 2001. Il est fondateur, copropri\u00e9taire et r\u00e9dacteur en chef de L\u2019Annuel de l\u2019automobile, qu\u2019il publie depuis 2001. Il a anim\u00e9 les \u00e9missions RPM et RPM+ sur V et les L\u00e9gendes de la route sur Historia. \u00c0 la radio depuis 1986, il reprend l\u2019antenne cette ann\u00e9e sur les ondes de Cogeco et participe pour la deuxi\u00e8me ann\u00e9e \u00e0 l\u2019\u00e9mission Passion Auto sur RDS en plus de mettre en ligne le site Web officiel de L\u2019Annuel de l\u2019automobile sur annuelauto.ca.","sameAs":["https:\/\/annuelauto.ca\/"],"url":"https:\/\/news.canadamotorjobs.com\/fr\/author\/benoit-charette\/"}]}},"_links":{"self":[{"href":"https:\/\/news.canadamotorjobs.com\/fr\/wp-json\/wp\/v2\/posts\/152041"}],"collection":[{"href":"https:\/\/news.canadamotorjobs.com\/fr\/wp-json\/wp\/v2\/posts"}],"about":[{"href":"https:\/\/news.canadamotorjobs.com\/fr\/wp-json\/wp\/v2\/types\/post"}],"author":[{"embeddable":true,"href":"https:\/\/news.canadamotorjobs.com\/fr\/wp-json\/wp\/v2\/users\/8"}],"replies":[{"embeddable":true,"href":"https:\/\/news.canadamotorjobs.com\/fr\/wp-json\/wp\/v2\/comments?post=152041"}],"version-history":[{"count":2,"href":"https:\/\/news.canadamotorjobs.com\/fr\/wp-json\/wp\/v2\/posts\/152041\/revisions"}],"predecessor-version":[{"id":152045,"href":"https:\/\/news.canadamotorjobs.com\/fr\/wp-json\/wp\/v2\/posts\/152041\/revisions\/152045"}],"wp:featuredmedia":[{"embeddable":true,"href":"https:\/\/news.canadamotorjobs.com\/fr\/wp-json\/wp\/v2\/media\/152043"}],"wp:attachment":[{"href":"https:\/\/news.canadamotorjobs.com\/fr\/wp-json\/wp\/v2\/media?parent=152041"}],"wp:term":[{"taxonomy":"category","embeddable":true,"href":"https:\/\/news.canadamotorjobs.com\/fr\/wp-json\/wp\/v2\/categories?post=152041"},{"taxonomy":"post_tag","embeddable":true,"href":"https:\/\/news.canadamotorjobs.com\/fr\/wp-json\/wp\/v2\/tags?post=152041"}],"curies":[{"name":"wp","href":"https:\/\/api.w.org\/{rel}","templated":true}]}}