{"id":152014,"date":"2023-09-26T07:06:59","date_gmt":"2023-09-26T11:06:59","guid":{"rendered":"https:\/\/news.canadamotorjobs.com\/?p=152014"},"modified":"2023-09-26T07:14:20","modified_gmt":"2023-09-26T11:14:20","slug":"porsche-presente-sa-troisieme-version-e-hybrid-du-cayenne","status":"publish","type":"post","link":"https:\/\/news.canadamotorjobs.com\/fr\/porsche-presente-sa-troisieme-version-e-hybrid-du-cayenne\/","title":{"rendered":"Porsche pr\u00e9sente sa troisi\u00e8me version E-Hybrid du Cayenne"},"content":{"rendered":"<\/p>\n<table><\/p>\n<tbody><\/p>\n<tr><\/p>\n<td>\u00b7\u00a0\u00a0\u00a0\u00a0\u00a0\u00a0 <strong>Le Cayenne S E-Hybrid 2024 s\u2019ajoute \u00e0 la gamme de VUS de luxe<\/strong><\/p>\n<p>\u00b7\u00a0\u00a0\u00a0\u00a0\u00a0\u00a0 <strong>Il se positionne entre le Cayenne E-Hybrid et le Cayenne Turbo E-Hybrid<\/strong><\/p>\n<p>\u00b7\u00a0\u00a0\u00a0\u00a0\u00a0\u00a0 <strong>Son syst\u00e8me offre une puissance de 455 ch et un couple de 553 lb-pi<\/strong><\/p>\n<p>\u00b7\u00a0\u00a0\u00a0\u00a0\u00a0\u00a0 <strong>Les capacit\u00e9s de batterie et de charge sont respectivement de 25,9 kWh et de 11 kW<\/strong><\/p>\n<p>\u00b7\u00a0\u00a0\u00a0\u00a0\u00a0\u00a0 <strong>\u00c9quipement de s\u00e9rie bonifi\u00e9 avec suspension pneumatique adaptative<\/strong><\/td>\n<p>\n<\/tr>\n<p>\n<\/tbody>\n<p>\n<\/table>\n<p>\n\u00a0<\/p>\n<table><\/p>\n<tbody><\/p>\n<tr><\/p>\n<td><strong>Porsche \u00e9largit\u00a0 la gamme hybride du nouveau Cayenne. Troisi\u00e8me mod\u00e8le rechargeable de la s\u00e9rie de VUS de luxe enti\u00e8rement revue r\u00e9cemment, le nouveau Cayenne S E-Hybrid 2024 impressionne par son comportement routier, son confort et son efficacit\u00e9 parfaitement \u00e9quilibr\u00e9s.<\/strong><\/td>\n<p>\n<\/tr>\n<p>\n<\/tbody>\n<p>\n<\/table>\n<p>\nLe nouveau Cayenne S E-Hybrid est la troisi\u00e8me version \u00e0 moteur \u00e9lectrique de la gamme de mod\u00e8les et se positionne entre le Cayenne E-Hybrid et le Cayenne Turbo E-Hybrid. Misant sur un juste \u00e9quilibre entre la commodit\u00e9 au quotidien et la performance, le S E-Hybrid offert en versions VUS et VUS Coup\u00e9 est un ajout id\u00e9al \u00e0 la gamme de groupes motopropulseurs. Les donn\u00e9es de Transports Canada sur son autonomie \u00e9lectrique et son efficacit\u00e9 seront publi\u00e9es avant l\u2019arriv\u00e9e du v\u00e9hicule.<\/p>\n<h3>V6 de 3 litres<\/h3>\n<p>\n\u00c0 l\u2019int\u00e9rieur du v\u00e9hicule se trouve un moteur V6 turbo r\u00e9vis\u00e9 de trois litres d\u2019une puissance de 348 ch, jumel\u00e9 \u00e0 un moteur \u00e9lectrique d\u2019une puissance de 174 ch. Ils d\u00e9ploient de concert une puissance totale de 455 ch et un couple maximal de 553 lb-pi. Ce potentiel de puissance \u00e9lev\u00e9 se refl\u00e8te dans la performance de conduite. Le Cayenne S E-Hybrid acc\u00e9l\u00e8re de 0 \u00e0 100 km\/h en 4,7 secondes et atteint une vitesse de pointe de 263 km\/h.<\/p>\n<h3>\n<strong>Suspension pneumatique <\/strong><\/h3>\n<p>\nLa suspension pneumatique adaptative de s\u00e9rie contribue \u00e0 une performance et \u00e0 un confort de conduite accru. Sa technologie \u00e0 deux soupapes et \u00e0 deux chambres offre un tr\u00e8s grand \u00e9ventail de raideurs de ressort, allant d\u2019un confort total \u00e0 un comportement dynamique de haute performance. Parall\u00e8lement, les nouveaux mod\u00e8les S E-Hybrid b\u00e9n\u00e9ficient de l\u2019optimisation du syst\u00e8me hybride de la g\u00e9n\u00e9ration actuelle du Cayenne et d\u2019une capacit\u00e9 de la batterie de 25,9 kWh. Le nouveau chargeur c.a. embarqu\u00e9 d\u2019une capacit\u00e9 de recharge maximale de 11 kW recharge enti\u00e8rement le Cayenne S E-Hybrid en moins de deux heures et demie lorsqu\u2019il est branch\u00e9 une source d\u2019alimentation appropri\u00e9e.<\/p>\n<p>\u00a0<\/p>\n<h3>Un \u00e9quipement complet<\/h3>\n<p>\nLe v\u00e9hicule est \u00e9quip\u00e9 de s\u00e9rie des roues de 20 pouces du Cayenne S et d\u2019un syst\u00e8me d\u2019\u00e9chappement avec deux tuyaux d\u2019\u00e9chappement doubles en acier inoxydable bross\u00e9. Le mod\u00e8le VUS du Cayenne S E-Hybrid est dot\u00e9 de l\u2019ensemble ext\u00e9rieur argent et le mod\u00e8le Coup\u00e9 de l\u2019ensemble ext\u00e9rieur noir. Pour la conduite de nuit, la s\u00e9curit\u00e9 et le confort sont assur\u00e9s par les phares \u00e0 matrice de DEL de s\u00e9rie. Les nouveaux phares \u00e0 matrice de DEL haute d\u00e9finition sont offerts en option.<\/p>\n<p>Parmi les caract\u00e9ristiques de s\u00e9rie \u00e0 l\u2019int\u00e9rieur, notons les si\u00e8ges \u00e0 huit r\u00e9glages, l\u2019ensemble Sport Chrono comprenant un s\u00e9lecteur de mode pour s\u00e9lectionner le programme de conduite, des p\u00e9dales en inox, ainsi que l\u2019ensemble de garnitures argent\u00e9es Diamar. Le conducteur profite \u00e9galement de fonctions suppl\u00e9mentaires dans l\u2019application My Porsche, y compris de nouvelles fonctionnalit\u00e9s Apple CarPlay. Porsche est le premier constructeur automobile \u00e0 faciliter l\u2019acc\u00e8s aux fonctions automobiles de CarPlay. Le nouvel \u00e9cran passager en option avec fonctions In-Car Video embarqu\u00e9es et le nouveau syst\u00e8me de qualit\u00e9 de l\u2019air con\u00e7u pour filtrer les particules et les substances dangereuses offrent un confort accru \u00e0 l\u2019int\u00e9rieur du nouveau Cayenne S E-Hybrid.<\/p>\n<h3>\n<p><strong>Disponibilit\u00e9 et prix<\/strong><\/h3>\n<p>\nLe nouveau mod\u00e8le Cayenne S E-Hybrid 2024 peut \u00eatre command\u00e9 d\u00e8s aujourd\u2019hui \u00e0 un prix de d\u00e9part de 113 700 $ au Canada (119 800 $ pour le mod\u00e8le coup\u00e9). Les livraisons commenceront \u00e0 l\u2019\u00e9t\u00e9 2024.<\/p>\n<p>\u00a0<\/p>\n<p>Le texte <a rel=\"nofollow\" href=\"https:\/\/annuelauto.ca\/porsche-presente-sa-troisieme-version-e-hybrid-du-cayenne\/\">Porsche pr\u00e9sente sa troisi\u00e8me version E-Hybrid du Cayenne<\/a> provient de <a rel=\"nofollow\" href=\"https:\/\/annuelauto.ca\">L&#8217;annuel de l&#8217;automobile &#8211; Actualit\u00e9 automobile<\/a><\/p>\n<p><\/p>\n","protected":false},"excerpt":{"rendered":"<p>\u00b7\u00a0\u00a0\u00a0\u00a0\u00a0\u00a0 Le Cayenne S E-Hybrid 2024 s\u2019ajoute \u00e0 la gamme de VUS de luxe \u00b7\u00a0\u00a0\u00a0\u00a0\u00a0\u00a0 Il se positionne entre le Cayenne E-Hybrid et le Cayenne Turbo E-Hybrid \u00b7\u00a0\u00a0\u00a0\u00a0\u00a0\u00a0 Son syst\u00e8me offre une puissance de 455 ch et un couple de 553 lb-pi \u00b7\u00a0\u00a0\u00a0\u00a0\u00a0\u00a0 Les capacit\u00e9s de batterie et de charge sont respectivement de 25,9 kWh [&hellip;]<\/p>\n","protected":false},"author":8,"featured_media":152016,"comment_status":"close","ping_status":"closed","sticky":false,"template":"","format":"standard","meta":{"_monsterinsights_skip_tracking":false,"_monsterinsights_sitenote_active":false,"_monsterinsights_sitenote_note":"","_monsterinsights_sitenote_category":0,"footnotes":""},"categories":[101],"tags":[],"yoast_head":"<!-- This site is optimized with the Yoast SEO plugin v23.2 - https:\/\/yoast.com\/wordpress\/plugins\/seo\/ -->\n<title>Porsche pr\u00e9sente sa troisi\u00e8me version E-Hybrid du Cayenne - CanadaMotorJobs.com<\/title>\n<meta name=\"description\" content=\"Porsche pr\u00e9sente sa troisi\u00e8me version E-Hybrid du Cayenne - Benoit Charette - Annuel automobile - CanadaMotorJobs.com.\" \/>\n<meta name=\"robots\" content=\"index, follow, max-snippet:-1, max-image-preview:large, max-video-preview:-1\" \/>\n<meta property=\"og:locale\" content=\"fr_CA\" \/>\n<meta property=\"og:type\" content=\"article\" \/>\n<meta property=\"og:title\" content=\"Porsche pr\u00e9sente sa troisi\u00e8me version E-Hybrid du Cayenne - CanadaMotorJobs.com\" \/>\n<meta property=\"og:description\" content=\"Porsche pr\u00e9sente sa troisi\u00e8me version E-Hybrid du Cayenne - Benoit Charette - Annuel automobile - CanadaMotorJobs.com.\" \/>\n<meta property=\"og:url\" content=\"https:\/\/news.canadamotorjobs.com\/fr\/porsche-presente-sa-troisieme-version-e-hybrid-du-cayenne\/\" \/>\n<meta property=\"og:site_name\" content=\"CanadaMotorJobs.com\" \/>\n<meta property=\"article:publisher\" content=\"https:\/\/www.facebook.com\/canadamotorjobs\/\" \/>\n<meta property=\"article:published_time\" content=\"2023-09-26T11:06:59+00:00\" \/>\n<meta property=\"article:modified_time\" content=\"2023-09-26T11:14:20+00:00\" \/>\n<meta property=\"og:image\" content=\"https:\/\/news.canadamotorjobs.com\/wp-content\/uploads\/2023\/09\/1114_miami_S_ucrane_AKOS4359_5032_V03_final.jpg\" \/>\n\t<meta property=\"og:image:width\" content=\"1920\" \/>\n\t<meta property=\"og:image:height\" content=\"1080\" \/>\n\t<meta property=\"og:image:type\" content=\"image\/jpeg\" \/>\n<meta name=\"author\" content=\"Benoit Charette\" \/>\n<meta name=\"twitter:card\" content=\"summary_large_image\" \/>\n<meta name=\"twitter:creator\" content=\"@canadamotorjobs\" \/>\n<meta name=\"twitter:site\" content=\"@canadamotorjobs\" \/>\n<meta name=\"twitter:label1\" content=\"\u00c9crit par\" \/>\n\t<meta name=\"twitter:data1\" content=\"Benoit Charette\" \/>\n\t<meta name=\"twitter:label2\" content=\"Estimation du temps de lecture\" \/>\n\t<meta name=\"twitter:data2\" content=\"3 minutes\" \/>\n<!-- \/ Yoast SEO plugin. -->","yoast_head_json":{"title":"Porsche pr\u00e9sente sa troisi\u00e8me version E-Hybrid du Cayenne - CanadaMotorJobs.com","description":"Porsche pr\u00e9sente sa troisi\u00e8me version E-Hybrid du Cayenne - Benoit Charette - Annuel automobile - CanadaMotorJobs.com.","robots":{"index":"index","follow":"follow","max-snippet":"max-snippet:-1","max-image-preview":"max-image-preview:large","max-video-preview":"max-video-preview:-1"},"og_locale":"fr_CA","og_type":"article","og_title":"Porsche pr\u00e9sente sa troisi\u00e8me version E-Hybrid du Cayenne - CanadaMotorJobs.com","og_description":"Porsche pr\u00e9sente sa troisi\u00e8me version E-Hybrid du Cayenne - Benoit Charette - Annuel automobile - CanadaMotorJobs.com.","og_url":"https:\/\/news.canadamotorjobs.com\/fr\/porsche-presente-sa-troisieme-version-e-hybrid-du-cayenne\/","og_site_name":"CanadaMotorJobs.com","article_publisher":"https:\/\/www.facebook.com\/canadamotorjobs\/","article_published_time":"2023-09-26T11:06:59+00:00","article_modified_time":"2023-09-26T11:14:20+00:00","og_image":[{"width":1920,"height":1080,"url":"https:\/\/news.canadamotorjobs.com\/wp-content\/uploads\/2023\/09\/1114_miami_S_ucrane_AKOS4359_5032_V03_final.jpg","type":"image\/jpeg"}],"author":"Benoit Charette","twitter_card":"summary_large_image","twitter_creator":"@canadamotorjobs","twitter_site":"@canadamotorjobs","twitter_misc":{"\u00c9crit par":"Benoit Charette","Estimation du temps de lecture":"3 minutes"},"schema":{"@context":"https:\/\/schema.org","@graph":[{"@type":"Article","@id":"https:\/\/news.canadamotorjobs.com\/fr\/porsche-presente-sa-troisieme-version-e-hybrid-du-cayenne\/#article","isPartOf":{"@id":"https:\/\/news.canadamotorjobs.com\/fr\/porsche-presente-sa-troisieme-version-e-hybrid-du-cayenne\/"},"author":{"name":"Benoit Charette","@id":"https:\/\/news.canadamotorjobs.com\/#\/schema\/person\/51793d1f87d44011d7bcc2ed99269a90"},"headline":"Porsche pr\u00e9sente sa troisi\u00e8me version E-Hybrid du Cayenne","datePublished":"2023-09-26T11:06:59+00:00","dateModified":"2023-09-26T11:14:20+00:00","mainEntityOfPage":{"@id":"https:\/\/news.canadamotorjobs.com\/fr\/porsche-presente-sa-troisieme-version-e-hybrid-du-cayenne\/"},"wordCount":687,"publisher":{"@id":"https:\/\/news.canadamotorjobs.com\/#organization"},"image":{"@id":"https:\/\/news.canadamotorjobs.com\/fr\/porsche-presente-sa-troisieme-version-e-hybrid-du-cayenne\/#primaryimage"},"thumbnailUrl":"https:\/\/news.canadamotorjobs.com\/wp-content\/uploads\/2023\/09\/1114_miami_S_ucrane_AKOS4359_5032_V03_final.jpg","articleSection":["Annuel automobile"],"inLanguage":"fr-CA"},{"@type":"WebPage","@id":"https:\/\/news.canadamotorjobs.com\/fr\/porsche-presente-sa-troisieme-version-e-hybrid-du-cayenne\/","url":"https:\/\/news.canadamotorjobs.com\/fr\/porsche-presente-sa-troisieme-version-e-hybrid-du-cayenne\/","name":"Porsche pr\u00e9sente sa troisi\u00e8me version E-Hybrid du Cayenne - CanadaMotorJobs.com","isPartOf":{"@id":"https:\/\/news.canadamotorjobs.com\/#website"},"primaryImageOfPage":{"@id":"https:\/\/news.canadamotorjobs.com\/fr\/porsche-presente-sa-troisieme-version-e-hybrid-du-cayenne\/#primaryimage"},"image":{"@id":"https:\/\/news.canadamotorjobs.com\/fr\/porsche-presente-sa-troisieme-version-e-hybrid-du-cayenne\/#primaryimage"},"thumbnailUrl":"https:\/\/news.canadamotorjobs.com\/wp-content\/uploads\/2023\/09\/1114_miami_S_ucrane_AKOS4359_5032_V03_final.jpg","datePublished":"2023-09-26T11:06:59+00:00","dateModified":"2023-09-26T11:14:20+00:00","description":"Porsche pr\u00e9sente sa troisi\u00e8me version E-Hybrid du Cayenne - Benoit Charette - Annuel automobile - CanadaMotorJobs.com.","breadcrumb":{"@id":"https:\/\/news.canadamotorjobs.com\/fr\/porsche-presente-sa-troisieme-version-e-hybrid-du-cayenne\/#breadcrumb"},"inLanguage":"fr-CA","potentialAction":[{"@type":"ReadAction","target":["https:\/\/news.canadamotorjobs.com\/fr\/porsche-presente-sa-troisieme-version-e-hybrid-du-cayenne\/"]}]},{"@type":"ImageObject","inLanguage":"fr-CA","@id":"https:\/\/news.canadamotorjobs.com\/fr\/porsche-presente-sa-troisieme-version-e-hybrid-du-cayenne\/#primaryimage","url":"https:\/\/news.canadamotorjobs.com\/wp-content\/uploads\/2023\/09\/1114_miami_S_ucrane_AKOS4359_5032_V03_final.jpg","contentUrl":"https:\/\/news.canadamotorjobs.com\/wp-content\/uploads\/2023\/09\/1114_miami_S_ucrane_AKOS4359_5032_V03_final.jpg","width":1920,"height":1080},{"@type":"BreadcrumbList","@id":"https:\/\/news.canadamotorjobs.com\/fr\/porsche-presente-sa-troisieme-version-e-hybrid-du-cayenne\/#breadcrumb","itemListElement":[{"@type":"ListItem","position":1,"name":"Home","item":"https:\/\/news.canadamotorjobs.com\/fr\/blog\/"},{"@type":"ListItem","position":2,"name":"Porsche pr\u00e9sente sa troisi\u00e8me version E-Hybrid du Cayenne"}]},{"@type":"WebSite","@id":"https:\/\/news.canadamotorjobs.com\/#website","url":"https:\/\/news.canadamotorjobs.com\/","name":"CanadaMotorJobs.com","description":"Automotive Jobs","publisher":{"@id":"https:\/\/news.canadamotorjobs.com\/#organization"},"potentialAction":[{"@type":"SearchAction","target":{"@type":"EntryPoint","urlTemplate":"https:\/\/news.canadamotorjobs.com\/?s={search_term_string}"},"query-input":"required name=search_term_string"}],"inLanguage":"fr-CA"},{"@type":"Organization","@id":"https:\/\/news.canadamotorjobs.com\/#organization","name":"Canada Motor Jobs","url":"https:\/\/news.canadamotorjobs.com\/","logo":{"@type":"ImageObject","inLanguage":"fr-CA","@id":"https:\/\/news.canadamotorjobs.com\/#\/schema\/logo\/image\/","url":"https:\/\/news.canadamotorjobs.com\/wp-content\/uploads\/2022\/10\/logo-canada-motor-jobs-1.png","contentUrl":"https:\/\/news.canadamotorjobs.com\/wp-content\/uploads\/2022\/10\/logo-canada-motor-jobs-1.png","width":800,"height":400,"caption":"Canada Motor Jobs"},"image":{"@id":"https:\/\/news.canadamotorjobs.com\/#\/schema\/logo\/image\/"},"sameAs":["https:\/\/www.facebook.com\/canadamotorjobs\/","https:\/\/x.com\/canadamotorjobs","https:\/\/www.instagram.com\/canadamotorjobs\/","https:\/\/www.linkedin.com\/company\/canadamotorjobs"]},{"@type":"Person","@id":"https:\/\/news.canadamotorjobs.com\/#\/schema\/person\/51793d1f87d44011d7bcc2ed99269a90","name":"Benoit Charette","image":{"@type":"ImageObject","inLanguage":"fr-CA","@id":"https:\/\/news.canadamotorjobs.com\/#\/schema\/person\/image\/","url":"https:\/\/secure.gravatar.com\/avatar\/45f3d2eebcccd909668d7ce7ea7267b6?s=96&d=mm&r=g","contentUrl":"https:\/\/secure.gravatar.com\/avatar\/45f3d2eebcccd909668d7ce7ea7267b6?s=96&d=mm&r=g","caption":"Benoit Charette"},"description":"Benoit Charette \/ Propri\u00e9taire et r\u00e9dacteur en chef Benoit Charette pratique le journalisme automobile depuis bient\u00f4t 30 ans. Il a fait ses classes au c\u00f4t\u00e9 de Daniel H\u00e9raud et au Carnet de route de 1992 \u00e0 2001. Il est fondateur, copropri\u00e9taire et r\u00e9dacteur en chef de L\u2019Annuel de l\u2019automobile, qu\u2019il publie depuis 2001. Il a anim\u00e9 les \u00e9missions RPM et RPM+ sur V et les L\u00e9gendes de la route sur Historia. \u00c0 la radio depuis 1986, il reprend l\u2019antenne cette ann\u00e9e sur les ondes de Cogeco et participe pour la deuxi\u00e8me ann\u00e9e \u00e0 l\u2019\u00e9mission Passion Auto sur RDS en plus de mettre en ligne le site Web officiel de L\u2019Annuel de l\u2019automobile sur annuelauto.ca.","sameAs":["https:\/\/annuelauto.ca\/"],"url":"https:\/\/news.canadamotorjobs.com\/fr\/author\/benoit-charette\/"}]}},"_links":{"self":[{"href":"https:\/\/news.canadamotorjobs.com\/fr\/wp-json\/wp\/v2\/posts\/152014"}],"collection":[{"href":"https:\/\/news.canadamotorjobs.com\/fr\/wp-json\/wp\/v2\/posts"}],"about":[{"href":"https:\/\/news.canadamotorjobs.com\/fr\/wp-json\/wp\/v2\/types\/post"}],"author":[{"embeddable":true,"href":"https:\/\/news.canadamotorjobs.com\/fr\/wp-json\/wp\/v2\/users\/8"}],"replies":[{"embeddable":true,"href":"https:\/\/news.canadamotorjobs.com\/fr\/wp-json\/wp\/v2\/comments?post=152014"}],"version-history":[{"count":2,"href":"https:\/\/news.canadamotorjobs.com\/fr\/wp-json\/wp\/v2\/posts\/152014\/revisions"}],"predecessor-version":[{"id":152018,"href":"https:\/\/news.canadamotorjobs.com\/fr\/wp-json\/wp\/v2\/posts\/152014\/revisions\/152018"}],"wp:featuredmedia":[{"embeddable":true,"href":"https:\/\/news.canadamotorjobs.com\/fr\/wp-json\/wp\/v2\/media\/152016"}],"wp:attachment":[{"href":"https:\/\/news.canadamotorjobs.com\/fr\/wp-json\/wp\/v2\/media?parent=152014"}],"wp:term":[{"taxonomy":"category","embeddable":true,"href":"https:\/\/news.canadamotorjobs.com\/fr\/wp-json\/wp\/v2\/categories?post=152014"},{"taxonomy":"post_tag","embeddable":true,"href":"https:\/\/news.canadamotorjobs.com\/fr\/wp-json\/wp\/v2\/tags?post=152014"}],"curies":[{"name":"wp","href":"https:\/\/api.w.org\/{rel}","templated":true}]}}