{"id":151961,"date":"2023-09-24T15:09:09","date_gmt":"2023-09-24T19:09:09","guid":{"rendered":"https:\/\/news.canadamotorjobs.com\/?p=151961"},"modified":"2023-09-24T15:16:07","modified_gmt":"2023-09-24T19:16:07","slug":"la-bmw-i7-m70-xdrive-redefinit-le-luxe-electrique","status":"publish","type":"post","link":"https:\/\/news.canadamotorjobs.com\/fr\/la-bmw-i7-m70-xdrive-redefinit-le-luxe-electrique\/","title":{"rendered":"La BMW i7 M70 xDrive red\u00e9finit le luxe \u00e9lectrique"},"content":{"rendered":"<\/p>\n<p>Lisbonne, Portugal- Dans l&#8217;atelier de l&#8217;ing\u00e9nierie allemande, au c\u0153ur de la Bavi\u00e8re, une transformation silencieuse est en marche. Pr\u00e9par\u00e9e avec pr\u00e9cision par les artisans de chez M GmbH, la division d\u00e9di\u00e9e aux hautes performances de BMW, une r\u00e9volution prend forme. Ce n&#8217;est pas le bruit assourdissant d&#8217;un bolide surbaiss\u00e9 et exotique que l&#8217;on entend, mais une r\u00e9volution silencieuse. La BMW i7 M70 \u00e9merge comme la r\u00e9ponse de la Bavi\u00e8re \u00e0 l&#8217;\u00e9lectrification croissante de l&#8217;industrie automobile en alliant puissance et luxe.<\/p>\n<h3><strong>\u00c9l\u00e9gante et sobre<\/strong><\/h3>\n<p>\nAu c\u0153ur de cette transformation se trouve la BMW i7, une berline \u00e9l\u00e9gante et \u00e9lectrique d\u00e9riv\u00e9e de la l\u00e9gendaire s\u00e9rie 7. C&#8217;est la plus grande et la plus puissante berline \u00e9lectrique jamais produite par le constructeur, une r\u00e9ponse \u00e0 la Mercedes-Benz EQS, \u00e0 la Tesla Model S et \u00e0 la Lucid Air. Pour faciliter une transition en douceur, BMW reprend le style de ses berlines \u00e0 essence et les transpose dans ses mod\u00e8les \u00e9lectriques. La ressemblance \u00e9tait frappante. La M70 se distingue visuellement des autres i7 par ses garnitures noires, ses jupes lat\u00e9rales et son diffuseur arri\u00e8re. L\u2019ensemble M Performance ajoute un becquet arri\u00e8re noir, une garniture noire entre les feux arri\u00e8re et d&#8217;autres garnitures noires sur le pare-chocs arri\u00e8re. Comme les autres i7, la M70 peut \u00eatre \u00e9quip\u00e9e d&#8217;une peinture bicolore, et le contour de l&#8217;\u00e9norme calandre s&#8217;illumine pour 500 $ de plus.<\/p>\n<h3><strong>Un havre de luxe<\/strong><\/h3>\n<p>\nL\u2019habitacle de la BMW i7 offre un v\u00e9ritable havre de luxe. L&#8217;esth\u00e9tique g\u00e9n\u00e9rale d\u00e9gage une \u00e9l\u00e9gance raffin\u00e9e, avec des mat\u00e9riaux de haute qualit\u00e9 ornant chaque surface. Le cuir est disponible, mais c&#8217;est l&#8217;option des si\u00e8ges en cachemire qui attire le plus l&#8217;attention. Le choix de tissus haut de gamme s\u00e9duit, bien que certaines garnitures int\u00e9rieures brillantes refl\u00e8tent la lumi\u00e8re du soleil, cr\u00e9ant un inconfort temporaire. Les si\u00e8ges arri\u00e8re peuvent \u00eatre r\u00e9gl\u00e9s pour offrir un maximum de confort, tandis que le coffre spacieux, bien que priv\u00e9 du compartiment avant o\u00f9 se trouverait habituellement un moteur, permet de ranger des bagages en abondance. Les petites poches de rangement dans l&#8217;habitacle offrent \u00e9galement un espace appr\u00e9ciable pour les objets personnels.<\/p>\n<h3><strong>Le summum de l&#8217;innovation<\/strong><\/h3>\n<p>\nLe tableau de bord, inclin\u00e9 en direction du conducteur, se distingue par la pr\u00e9sence de deux grands \u00e9crans, habilement positionn\u00e9s sous une longue vitre l\u00e9g\u00e8rement incurv\u00e9e. La derni\u00e8re it\u00e9ration du syst\u00e8me d&#8217;infodivertissement de BMW offre une panoplie de fonctionnalit\u00e9s plus \u00e9tendue que son pr\u00e9d\u00e9cesseur, tandis que le mod\u00e8le M70 b\u00e9n\u00e9ficie d&#8217;un design unique, conf\u00e9rant \u00e0 la voiture un aspect sportif. Le tableau de bord s&#8217;anime avec des graphiques sp\u00e9cifiques aux performances, soulign\u00e9s par des teintes rouge et bleue, tout en diffusant des sons \u00e9lectriques &#8220;performance&#8221; d&#8217;IconicSounds lorsque le M Sport Boost \u00e9tait activ\u00e9. Cependant, l&#8217;un des principaux reproches adress\u00e9s \u00e0 la i7 r\u00e9side dans l&#8217;interface peu intuitive, bien que BMW ait ajout\u00e9 la fonction QuickSelect pour faciliter la s\u00e9lection des fonctions. BMW s\u2019est associ\u00e9 \u00e0 Airconsole pour offrir, tout comme Tesla, la possibilit\u00e9 de jouer \u00e0 des jeux vid\u00e9os pendant que vous attendez pour une recharge. Vous avez \u00e9galement acc\u00e8s \u00e0 la t\u00e9l\u00e9vision en direct moyennant un abonnement.<\/p>\n<h3><strong>La plus puissante BMW<br \/>\n<\/strong><\/h3>\n<p>\nLa i7 est offerte en deux versions au Canada. En tant que plus grande berline de BMW, elle offre une batterie de 101,7 kWh d\u00e9livrant son \u00e9nergie \u00e0 deux moteurs, l&#8217;un \u00e0 l&#8217;avant et l&#8217;autre \u00e0 l&#8217;arri\u00e8re. La version xDrive60 offre 536 chevaux et 549 lb-pi de couple. La nouvelle version M70 xDrive offre 650 chevaux et 748 lb-pi de couple. Vous avez le choix entre une couleur monotone ou deux tons, avec diff\u00e9rents groupes d\u2019options qui peuvent facilement ajouter 20 000 $ ou plus \u00e0 la voiture. Le moteur arri\u00e8re de la M70 se distingue par sa puissance accrue de 25,5 % par rapport \u00e0 la version standard, offrant une puissance totale de 650 ch et un couple monstrueux de 748 lb-pi en mode Sport. Selon BMW, cette derni\u00e8re option permettait \u00e0 la M70 de passer de 0 \u00e0 100 km\/h en seulement 3,8 secondes avec un poids de 2,7 tonnes, une performance qui impose le respect. Malgr\u00e9 ces immenses performances, BMW affirme que la batterie de 101,7 kWh sera capable de fournir une autonomie de 474 km. Un nouveau mode de conduite appel\u00e9 Max Range permet d&#8217;exploiter chaque \u00e9lectron en limitant la M70 \u00e0 100 km, en limitant la puissance et en d\u00e9sactivant la climatisation, les si\u00e8ges chauffants et ventil\u00e9s, ainsi que le volant chauffant. La i7 M70 prend en charge la charge rapide en courant continu jusqu&#8217;\u00e0 195 kW, BMW affirmant que la batterie peut passer de 10 \u00e0 80 % en 34 minutes.<\/p>\n<h3><strong>Lourde, mais agile<\/strong><\/h3>\n<p>\nLa i7 est beaucoup plus agile que le laisse croire sa taille et son poids. Les moteurs \u00e9lectriques g\u00e9n\u00e8rent beaucoup de puissance. L&#8217;acc\u00e9l\u00e9ration est remarquablement rapide mais sereine. Ce n&#8217;est pas tant la vitesse qui compte que l&#8217;attention port\u00e9e aux d\u00e9tails et \u00e0 la qualit\u00e9 de la conduite. La voiture se comporte impeccablement sur la route, absorbant les imperfections du bitume avec aisance, n\u00e9gociant les virages avec agilit\u00e9, et maintenant ses mouvements lat\u00e9raux m\u00eame \u00e0 grande vitesse. Ce chef-d&#8217;\u0153uvre de dynamisme est le fruit d&#8217;un ch\u00e2ssis con\u00e7u par les experts de la division M. La suspension pneumatique adaptative sp\u00e9cifique M, dot\u00e9e d&#8217;amortisseurs contr\u00f4l\u00e9s \u00e9lectroniquement, ainsi que la stabilisation active du roulis, conf\u00e8rent \u00e0 cette berline imposante de pr\u00e8s de 5,4 m\u00e8tres une agilit\u00e9 surprenante. Vous pouvez conduire \u00e0 une p\u00e9dale par la simple pression sur l&#8217;acc\u00e9l\u00e9rateur ou un rel\u00e2chement de la pression. Il n&#8217;est n\u00e9cessaire d&#8217;appuyer sur la p\u00e9dale de frein qu&#8217;en cas d&#8217;arr\u00eat plus urgent. Toutefois, m\u00eame les amateurs de conduite sportive trouveraient leur compte \u00e0 bord de cette BMW i7 M70.<\/p>\n<h3><strong>Une facture sal\u00e9e<\/strong><\/h3>\n<p>\nAlors que la i7 xDrive 60 d\u00e9bute \u00e0 151,700 $, la facture grimpe \u00e0 185,000 $ avec la M70. Ce prix n&#8217;inclut pas les taxes, le transport, la pr\u00e9paration et la taxe de luxe. Quelques options vous am\u00e8neront facilement \u00e0 200,000 $. Vous devinerez qu\u2019\u00e0 ce prix, les mod\u00e8les vendus se compteront sur les doigts de la main.<\/p>\n<h3><strong>Conclusion <\/strong><\/h3>\n<p>\nAu final, la version M se place en version de performance. C\u2019est une r\u00e9ponse audacieuse \u00e0 l&#8217;avenir de la mobilit\u00e9 \u00e9lectrique, un mariage r\u00e9ussi entre puissance, luxe et raffinement. BMW veut faire la preuve que peu importe que le mod\u00e8le soit \u00e0 combustion ou \u00e9lectrique, il a l\u2019intention de se placer sur la plus haute marche du podium. \u00c0 5,4 m\u00e8tres, l\u2019i7 est \u00e9norme. Son poids de 2.7 tonnes et ses roues de 21 pouces sortent des sentiers battus. Il y a une quantit\u00e9 ph\u00e9nom\u00e9nale de technologie \u00e0 bord qui demande une longue p\u00e9riode d\u2019adaptation. Nous savons que BMW pr\u00e9pare un niveau 3 d\u2019autonomie pour la prochaine g\u00e9n\u00e9ration de ce mod\u00e8le et une pile solide qui promet non seulement de rejoindre, mais de d\u00e9passer Tesla. Bien des gens se demandent si c\u2019est le bon moment de faire l\u2019achat de technologie \u00e9lectrique. La r\u00e9ponse est oui, mais comme on le r\u00e9p\u00e8te souvent, le meilleur est \u00e0 venir.<\/p>\n<h3>Forces<\/h3>\n<p>\nUn luxe hors-norme<\/p>\n<p>Une \u00e9norme r\u00e9serve de puissance<\/p>\n<p>Le nec plus ultra de la technologie<\/p>\n<h3>Faiblesses<\/h3>\n<p>\nUne concurrence qui offre plus d\u2019autonomie<\/p>\n<p>Un prix sal\u00e9<\/p>\n<p>Une interface complexe<\/p>\n<p>Le texte <a rel=\"nofollow\" href=\"https:\/\/annuelauto.ca\/la-bmw-i7-m70-xdrive-redefinit-le-luxe-electrique\/\">La BMW i7 M70 xDrive red\u00e9finit le luxe \u00e9lectrique<\/a> provient de <a rel=\"nofollow\" href=\"https:\/\/annuelauto.ca\">L&#8217;annuel de l&#8217;automobile &#8211; Actualit\u00e9 automobile<\/a><\/p>\n<p><\/p>\n","protected":false},"excerpt":{"rendered":"<p>Lisbonne, Portugal- Dans l&#8217;atelier de l&#8217;ing\u00e9nierie allemande, au c\u0153ur de la Bavi\u00e8re, une transformation silencieuse est en marche. Pr\u00e9par\u00e9e avec pr\u00e9cision par les artisans de chez M GmbH, la division d\u00e9di\u00e9e aux hautes performances de BMW, une r\u00e9volution prend forme. Ce n&#8217;est pas le bruit assourdissant d&#8217;un bolide surbaiss\u00e9 et exotique que l&#8217;on entend, mais [&hellip;]<\/p>\n","protected":false},"author":8,"featured_media":151963,"comment_status":"close","ping_status":"closed","sticky":false,"template":"","format":"standard","meta":{"_monsterinsights_skip_tracking":false,"_monsterinsights_sitenote_active":false,"_monsterinsights_sitenote_note":"","_monsterinsights_sitenote_category":0,"footnotes":""},"categories":[101],"tags":[],"yoast_head":"<!-- This site is optimized with the Yoast SEO plugin v23.2 - https:\/\/yoast.com\/wordpress\/plugins\/seo\/ -->\n<title>La BMW i7 M70 xDrive red\u00e9finit le luxe \u00e9lectrique - CanadaMotorJobs.com<\/title>\n<meta name=\"description\" content=\"La BMW i7 M70 xDrive red\u00e9finit le luxe \u00e9lectrique - Benoit Charette - Annuel automobile - CanadaMotorJobs.com.\" \/>\n<meta name=\"robots\" content=\"index, follow, max-snippet:-1, max-image-preview:large, max-video-preview:-1\" \/>\n<meta property=\"og:locale\" content=\"fr_CA\" \/>\n<meta property=\"og:type\" content=\"article\" \/>\n<meta property=\"og:title\" content=\"La BMW i7 M70 xDrive red\u00e9finit le luxe \u00e9lectrique - CanadaMotorJobs.com\" \/>\n<meta property=\"og:description\" content=\"La BMW i7 M70 xDrive red\u00e9finit le luxe \u00e9lectrique - Benoit Charette - Annuel automobile - CanadaMotorJobs.com.\" \/>\n<meta property=\"og:url\" content=\"https:\/\/news.canadamotorjobs.com\/fr\/la-bmw-i7-m70-xdrive-redefinit-le-luxe-electrique\/\" \/>\n<meta property=\"og:site_name\" content=\"CanadaMotorJobs.com\" \/>\n<meta property=\"article:publisher\" content=\"https:\/\/www.facebook.com\/canadamotorjobs\/\" \/>\n<meta property=\"article:published_time\" content=\"2023-09-24T19:09:09+00:00\" \/>\n<meta property=\"article:modified_time\" content=\"2023-09-24T19:16:07+00:00\" \/>\n<meta property=\"og:image\" content=\"https:\/\/news.canadamotorjobs.com\/wp-content\/uploads\/2023\/09\/BMW_i7_M70_xDrive_Aurora_Diamond_Green-016.jpg\" \/>\n\t<meta property=\"og:image:width\" content=\"1199\" \/>\n\t<meta property=\"og:image:height\" content=\"800\" \/>\n\t<meta property=\"og:image:type\" content=\"image\/jpeg\" \/>\n<meta name=\"author\" content=\"Benoit Charette\" \/>\n<meta name=\"twitter:card\" content=\"summary_large_image\" \/>\n<meta name=\"twitter:creator\" content=\"@canadamotorjobs\" \/>\n<meta name=\"twitter:site\" content=\"@canadamotorjobs\" \/>\n<meta name=\"twitter:label1\" content=\"\u00c9crit par\" \/>\n\t<meta name=\"twitter:data1\" content=\"Benoit Charette\" \/>\n\t<meta name=\"twitter:label2\" content=\"Estimation du temps de lecture\" \/>\n\t<meta name=\"twitter:data2\" content=\"6 minutes\" \/>\n<!-- \/ Yoast SEO plugin. -->","yoast_head_json":{"title":"La BMW i7 M70 xDrive red\u00e9finit le luxe \u00e9lectrique - CanadaMotorJobs.com","description":"La BMW i7 M70 xDrive red\u00e9finit le luxe \u00e9lectrique - Benoit Charette - Annuel automobile - CanadaMotorJobs.com.","robots":{"index":"index","follow":"follow","max-snippet":"max-snippet:-1","max-image-preview":"max-image-preview:large","max-video-preview":"max-video-preview:-1"},"og_locale":"fr_CA","og_type":"article","og_title":"La BMW i7 M70 xDrive red\u00e9finit le luxe \u00e9lectrique - CanadaMotorJobs.com","og_description":"La BMW i7 M70 xDrive red\u00e9finit le luxe \u00e9lectrique - Benoit Charette - Annuel automobile - CanadaMotorJobs.com.","og_url":"https:\/\/news.canadamotorjobs.com\/fr\/la-bmw-i7-m70-xdrive-redefinit-le-luxe-electrique\/","og_site_name":"CanadaMotorJobs.com","article_publisher":"https:\/\/www.facebook.com\/canadamotorjobs\/","article_published_time":"2023-09-24T19:09:09+00:00","article_modified_time":"2023-09-24T19:16:07+00:00","og_image":[{"width":1199,"height":800,"url":"https:\/\/news.canadamotorjobs.com\/wp-content\/uploads\/2023\/09\/BMW_i7_M70_xDrive_Aurora_Diamond_Green-016.jpg","type":"image\/jpeg"}],"author":"Benoit Charette","twitter_card":"summary_large_image","twitter_creator":"@canadamotorjobs","twitter_site":"@canadamotorjobs","twitter_misc":{"\u00c9crit par":"Benoit Charette","Estimation du temps de lecture":"6 minutes"},"schema":{"@context":"https:\/\/schema.org","@graph":[{"@type":"Article","@id":"https:\/\/news.canadamotorjobs.com\/fr\/la-bmw-i7-m70-xdrive-redefinit-le-luxe-electrique\/#article","isPartOf":{"@id":"https:\/\/news.canadamotorjobs.com\/fr\/la-bmw-i7-m70-xdrive-redefinit-le-luxe-electrique\/"},"author":{"name":"Benoit Charette","@id":"https:\/\/news.canadamotorjobs.com\/#\/schema\/person\/51793d1f87d44011d7bcc2ed99269a90"},"headline":"La BMW i7 M70 xDrive red\u00e9finit le luxe \u00e9lectrique","datePublished":"2023-09-24T19:09:09+00:00","dateModified":"2023-09-24T19:16:07+00:00","mainEntityOfPage":{"@id":"https:\/\/news.canadamotorjobs.com\/fr\/la-bmw-i7-m70-xdrive-redefinit-le-luxe-electrique\/"},"wordCount":1324,"publisher":{"@id":"https:\/\/news.canadamotorjobs.com\/#organization"},"image":{"@id":"https:\/\/news.canadamotorjobs.com\/fr\/la-bmw-i7-m70-xdrive-redefinit-le-luxe-electrique\/#primaryimage"},"thumbnailUrl":"https:\/\/news.canadamotorjobs.com\/wp-content\/uploads\/2023\/09\/BMW_i7_M70_xDrive_Aurora_Diamond_Green-016.jpg","articleSection":["Annuel automobile"],"inLanguage":"fr-CA"},{"@type":"WebPage","@id":"https:\/\/news.canadamotorjobs.com\/fr\/la-bmw-i7-m70-xdrive-redefinit-le-luxe-electrique\/","url":"https:\/\/news.canadamotorjobs.com\/fr\/la-bmw-i7-m70-xdrive-redefinit-le-luxe-electrique\/","name":"La BMW i7 M70 xDrive red\u00e9finit le luxe \u00e9lectrique - CanadaMotorJobs.com","isPartOf":{"@id":"https:\/\/news.canadamotorjobs.com\/#website"},"primaryImageOfPage":{"@id":"https:\/\/news.canadamotorjobs.com\/fr\/la-bmw-i7-m70-xdrive-redefinit-le-luxe-electrique\/#primaryimage"},"image":{"@id":"https:\/\/news.canadamotorjobs.com\/fr\/la-bmw-i7-m70-xdrive-redefinit-le-luxe-electrique\/#primaryimage"},"thumbnailUrl":"https:\/\/news.canadamotorjobs.com\/wp-content\/uploads\/2023\/09\/BMW_i7_M70_xDrive_Aurora_Diamond_Green-016.jpg","datePublished":"2023-09-24T19:09:09+00:00","dateModified":"2023-09-24T19:16:07+00:00","description":"La BMW i7 M70 xDrive red\u00e9finit le luxe \u00e9lectrique - Benoit Charette - Annuel automobile - CanadaMotorJobs.com.","breadcrumb":{"@id":"https:\/\/news.canadamotorjobs.com\/fr\/la-bmw-i7-m70-xdrive-redefinit-le-luxe-electrique\/#breadcrumb"},"inLanguage":"fr-CA","potentialAction":[{"@type":"ReadAction","target":["https:\/\/news.canadamotorjobs.com\/fr\/la-bmw-i7-m70-xdrive-redefinit-le-luxe-electrique\/"]}]},{"@type":"ImageObject","inLanguage":"fr-CA","@id":"https:\/\/news.canadamotorjobs.com\/fr\/la-bmw-i7-m70-xdrive-redefinit-le-luxe-electrique\/#primaryimage","url":"https:\/\/news.canadamotorjobs.com\/wp-content\/uploads\/2023\/09\/BMW_i7_M70_xDrive_Aurora_Diamond_Green-016.jpg","contentUrl":"https:\/\/news.canadamotorjobs.com\/wp-content\/uploads\/2023\/09\/BMW_i7_M70_xDrive_Aurora_Diamond_Green-016.jpg","width":1199,"height":800},{"@type":"BreadcrumbList","@id":"https:\/\/news.canadamotorjobs.com\/fr\/la-bmw-i7-m70-xdrive-redefinit-le-luxe-electrique\/#breadcrumb","itemListElement":[{"@type":"ListItem","position":1,"name":"Home","item":"https:\/\/news.canadamotorjobs.com\/fr\/blog\/"},{"@type":"ListItem","position":2,"name":"La BMW i7 M70 xDrive red\u00e9finit le luxe \u00e9lectrique"}]},{"@type":"WebSite","@id":"https:\/\/news.canadamotorjobs.com\/#website","url":"https:\/\/news.canadamotorjobs.com\/","name":"CanadaMotorJobs.com","description":"Automotive Jobs","publisher":{"@id":"https:\/\/news.canadamotorjobs.com\/#organization"},"potentialAction":[{"@type":"SearchAction","target":{"@type":"EntryPoint","urlTemplate":"https:\/\/news.canadamotorjobs.com\/?s={search_term_string}"},"query-input":"required name=search_term_string"}],"inLanguage":"fr-CA"},{"@type":"Organization","@id":"https:\/\/news.canadamotorjobs.com\/#organization","name":"Canada Motor Jobs","url":"https:\/\/news.canadamotorjobs.com\/","logo":{"@type":"ImageObject","inLanguage":"fr-CA","@id":"https:\/\/news.canadamotorjobs.com\/#\/schema\/logo\/image\/","url":"https:\/\/news.canadamotorjobs.com\/wp-content\/uploads\/2022\/10\/logo-canada-motor-jobs-1.png","contentUrl":"https:\/\/news.canadamotorjobs.com\/wp-content\/uploads\/2022\/10\/logo-canada-motor-jobs-1.png","width":800,"height":400,"caption":"Canada Motor Jobs"},"image":{"@id":"https:\/\/news.canadamotorjobs.com\/#\/schema\/logo\/image\/"},"sameAs":["https:\/\/www.facebook.com\/canadamotorjobs\/","https:\/\/x.com\/canadamotorjobs","https:\/\/www.instagram.com\/canadamotorjobs\/","https:\/\/www.linkedin.com\/company\/canadamotorjobs"]},{"@type":"Person","@id":"https:\/\/news.canadamotorjobs.com\/#\/schema\/person\/51793d1f87d44011d7bcc2ed99269a90","name":"Benoit Charette","image":{"@type":"ImageObject","inLanguage":"fr-CA","@id":"https:\/\/news.canadamotorjobs.com\/#\/schema\/person\/image\/","url":"https:\/\/secure.gravatar.com\/avatar\/45f3d2eebcccd909668d7ce7ea7267b6?s=96&d=mm&r=g","contentUrl":"https:\/\/secure.gravatar.com\/avatar\/45f3d2eebcccd909668d7ce7ea7267b6?s=96&d=mm&r=g","caption":"Benoit Charette"},"description":"Benoit Charette \/ Propri\u00e9taire et r\u00e9dacteur en chef Benoit Charette pratique le journalisme automobile depuis bient\u00f4t 30 ans. Il a fait ses classes au c\u00f4t\u00e9 de Daniel H\u00e9raud et au Carnet de route de 1992 \u00e0 2001. Il est fondateur, copropri\u00e9taire et r\u00e9dacteur en chef de L\u2019Annuel de l\u2019automobile, qu\u2019il publie depuis 2001. Il a anim\u00e9 les \u00e9missions RPM et RPM+ sur V et les L\u00e9gendes de la route sur Historia. \u00c0 la radio depuis 1986, il reprend l\u2019antenne cette ann\u00e9e sur les ondes de Cogeco et participe pour la deuxi\u00e8me ann\u00e9e \u00e0 l\u2019\u00e9mission Passion Auto sur RDS en plus de mettre en ligne le site Web officiel de L\u2019Annuel de l\u2019automobile sur annuelauto.ca.","sameAs":["https:\/\/annuelauto.ca\/"],"url":"https:\/\/news.canadamotorjobs.com\/fr\/author\/benoit-charette\/"}]}},"_links":{"self":[{"href":"https:\/\/news.canadamotorjobs.com\/fr\/wp-json\/wp\/v2\/posts\/151961"}],"collection":[{"href":"https:\/\/news.canadamotorjobs.com\/fr\/wp-json\/wp\/v2\/posts"}],"about":[{"href":"https:\/\/news.canadamotorjobs.com\/fr\/wp-json\/wp\/v2\/types\/post"}],"author":[{"embeddable":true,"href":"https:\/\/news.canadamotorjobs.com\/fr\/wp-json\/wp\/v2\/users\/8"}],"replies":[{"embeddable":true,"href":"https:\/\/news.canadamotorjobs.com\/fr\/wp-json\/wp\/v2\/comments?post=151961"}],"version-history":[{"count":2,"href":"https:\/\/news.canadamotorjobs.com\/fr\/wp-json\/wp\/v2\/posts\/151961\/revisions"}],"predecessor-version":[{"id":151965,"href":"https:\/\/news.canadamotorjobs.com\/fr\/wp-json\/wp\/v2\/posts\/151961\/revisions\/151965"}],"wp:featuredmedia":[{"embeddable":true,"href":"https:\/\/news.canadamotorjobs.com\/fr\/wp-json\/wp\/v2\/media\/151963"}],"wp:attachment":[{"href":"https:\/\/news.canadamotorjobs.com\/fr\/wp-json\/wp\/v2\/media?parent=151961"}],"wp:term":[{"taxonomy":"category","embeddable":true,"href":"https:\/\/news.canadamotorjobs.com\/fr\/wp-json\/wp\/v2\/categories?post=151961"},{"taxonomy":"post_tag","embeddable":true,"href":"https:\/\/news.canadamotorjobs.com\/fr\/wp-json\/wp\/v2\/tags?post=151961"}],"curies":[{"name":"wp","href":"https:\/\/api.w.org\/{rel}","templated":true}]}}