{"id":151938,"date":"2023-09-24T06:03:23","date_gmt":"2023-09-24T10:03:23","guid":{"rendered":"https:\/\/news.canadamotorjobs.com\/?p=151938"},"modified":"2023-09-24T06:13:52","modified_gmt":"2023-09-24T10:13:52","slug":"un-accord-prometteur-entre-ford-et-unifor-au-canada","status":"publish","type":"post","link":"https:\/\/news.canadamotorjobs.com\/fr\/un-accord-prometteur-entre-ford-et-unifor-au-canada\/","title":{"rendered":"Un accord prometteur entre Ford et Unifor au Canada"},"content":{"rendered":"<\/p>\n<p>L&#8217;accord conclu entre Unifor et Ford Motor Co. Canada promet des avanc\u00e9es significatives pour les travailleurs et l&#8217;industrie automobile canadienne.<\/p>\n<h3>Augmentation salariale imm\u00e9diate<\/h3>\n<p>\nLes travailleurs b\u00e9n\u00e9ficieront d&#8217;une augmentation salariale imm\u00e9diate pouvant atteindre 22 %, repr\u00e9sentant l&#8217;une des plus importantes augmentations de l&#8217;histoire d&#8217;Unifor et des TCA.<\/p>\n<ul><\/p>\n<li>Les salaires des travailleurs d\u00e9butants augmenteront de 22 % \u00e0 partir du 25 septembre.<\/li>\n<p><\/p>\n<li>Pour les travailleurs d\u00e9j\u00e0 au sommet de la grille salariale, une augmentation de 13 % est pr\u00e9vue.<\/li>\n<p>\n<\/ul>\n<p><\/p>\n<h3>Transition vers des r\u00e9gimes de retraite avantageux<\/h3>\n<p>\nFord s&#8217;est engag\u00e9 \u00e0 transf\u00e9rer les travailleurs actuellement sous un r\u00e9gime de retraite \u00e0 cotisations d\u00e9termin\u00e9es vers un r\u00e9gime \u00e0 prestations d\u00e9termin\u00e9es en 2025, offrant ainsi plus de stabilit\u00e9.<\/p>\n<h3>Autres am\u00e9liorations des r\u00e9gimes de retraite<\/h3>\n<p>\nL&#8217;accord pr\u00e9voit \u00e9galement d&#8217;autres am\u00e9liorations pour les r\u00e9gimes de retraite, offrant aux travailleurs davantage de s\u00e9curit\u00e9 financi\u00e8re \u00e0 l&#8217;avenir.<\/p>\n<h3>Soutien lors des p\u00e9riodes de r\u00e9outillage<\/h3>\n<p>\nUnifor a obtenu une augmentation du taux de ch\u00f4mage suppl\u00e9mentaire pour soutenir les travailleurs pendant les fermetures li\u00e9es aux r\u00e9outillages.<\/p>\n<ul><\/p>\n<li>Le taux de base du ch\u00f4mage suppl\u00e9mentaire passe de 65 % \u00e0 70 %.<\/li>\n<p>\n<\/ul>\n<p><\/p>\n<h3>Expansion de la production de moteurs<\/h3>\n<p>\nL&#8217;accord comprend un engagement de Ford \u00e0 augmenter la capacit\u00e9 de production de moteurs \u00e0 Windsor, en Ontario.<\/p>\n<ul><\/p>\n<li>Expansion de la production du moteur de 7,3 litres \u00e0 l&#8217;usine d&#8217;Essex \u00e0 partir de la fin de 2025.<\/li>\n<p>\n<\/ul>\n<p><\/p>\n<h3>Prochaines \u00e9tapes<\/h3>\n<p>\nUnifor organisera des s\u00e9ances d&#8217;information pour pr\u00e9senter l&#8217;accord aux membres de Ford, et ces derniers disposeront d&#8217;environ 24 heures pour voter sur son approbation. Les r\u00e9sultats du vote seront communiqu\u00e9s demain. Malgr\u00e9 les attentes \u00e9lev\u00e9es, l&#8217;issue du vote n&#8217;est pas garantie, compte tenu du contexte social actuel.<\/p>\n<p>Cet accord marque un moment historique pour les travailleurs de l&#8217;automobile au Canada et pourrait avoir un impact significatif sur l&#8217;industrie automobile du pays.<\/p>\n<p>\u00a0<\/p>\n<p>Le texte <a rel=\"nofollow\" href=\"https:\/\/annuelauto.ca\/un-accord-prometteur-entre-ford-et-unifor-au-canada\/\">Un accord prometteur entre Ford et Unifor au Canada<\/a> provient de <a rel=\"nofollow\" href=\"https:\/\/annuelauto.ca\">L&#8217;annuel de l&#8217;automobile &#8211; Actualit\u00e9 automobile<\/a><\/p>\n<p><\/p>\n","protected":false},"excerpt":{"rendered":"<p>L&#8217;accord conclu entre Unifor et Ford Motor Co. Canada promet des avanc\u00e9es significatives pour les travailleurs et l&#8217;industrie automobile canadienne. Augmentation salariale imm\u00e9diate Les travailleurs b\u00e9n\u00e9ficieront d&#8217;une augmentation salariale imm\u00e9diate pouvant atteindre 22 %, repr\u00e9sentant l&#8217;une des plus importantes augmentations de l&#8217;histoire d&#8217;Unifor et des TCA. Les salaires des travailleurs d\u00e9butants augmenteront de 22 % [&hellip;]<\/p>\n","protected":false},"author":8,"featured_media":151940,"comment_status":"close","ping_status":"closed","sticky":false,"template":"","format":"standard","meta":{"_monsterinsights_skip_tracking":false,"_monsterinsights_sitenote_active":false,"_monsterinsights_sitenote_note":"","_monsterinsights_sitenote_category":0,"footnotes":""},"categories":[101],"tags":[],"yoast_head":"<!-- This site is optimized with the Yoast SEO plugin v23.2 - https:\/\/yoast.com\/wordpress\/plugins\/seo\/ -->\n<title>Un accord prometteur entre Ford et Unifor au Canada - CanadaMotorJobs.com<\/title>\n<meta name=\"description\" content=\"Un accord prometteur entre Ford et Unifor au Canada - Benoit Charette - Annuel automobile - CanadaMotorJobs.com.\" \/>\n<meta name=\"robots\" content=\"index, follow, max-snippet:-1, max-image-preview:large, max-video-preview:-1\" \/>\n<meta property=\"og:locale\" content=\"fr_CA\" \/>\n<meta property=\"og:type\" content=\"article\" \/>\n<meta property=\"og:title\" content=\"Un accord prometteur entre Ford et Unifor au Canada - CanadaMotorJobs.com\" \/>\n<meta property=\"og:description\" content=\"Un accord prometteur entre Ford et Unifor au Canada - Benoit Charette - Annuel automobile - CanadaMotorJobs.com.\" \/>\n<meta property=\"og:url\" content=\"https:\/\/news.canadamotorjobs.com\/fr\/un-accord-prometteur-entre-ford-et-unifor-au-canada\/\" \/>\n<meta property=\"og:site_name\" content=\"CanadaMotorJobs.com\" \/>\n<meta property=\"article:publisher\" content=\"https:\/\/www.facebook.com\/canadamotorjobs\/\" \/>\n<meta property=\"article:published_time\" content=\"2023-09-24T10:03:23+00:00\" \/>\n<meta property=\"article:modified_time\" content=\"2023-09-24T10:13:52+00:00\" \/>\n<meta property=\"og:image\" content=\"https:\/\/news.canadamotorjobs.com\/wp-content\/uploads\/2023\/09\/Ford_Oakville_Assembly-4.jpg\" \/>\n\t<meta property=\"og:image:width\" content=\"1200\" \/>\n\t<meta property=\"og:image:height\" content=\"800\" \/>\n\t<meta property=\"og:image:type\" content=\"image\/jpeg\" \/>\n<meta name=\"author\" content=\"Benoit Charette\" \/>\n<meta name=\"twitter:card\" content=\"summary_large_image\" \/>\n<meta name=\"twitter:creator\" content=\"@canadamotorjobs\" \/>\n<meta name=\"twitter:site\" content=\"@canadamotorjobs\" \/>\n<meta name=\"twitter:label1\" content=\"\u00c9crit par\" \/>\n\t<meta name=\"twitter:data1\" content=\"Benoit Charette\" \/>\n\t<meta name=\"twitter:label2\" content=\"Estimation du temps de lecture\" \/>\n\t<meta name=\"twitter:data2\" content=\"2 minutes\" \/>\n<!-- \/ Yoast SEO plugin. -->","yoast_head_json":{"title":"Un accord prometteur entre Ford et Unifor au Canada - CanadaMotorJobs.com","description":"Un accord prometteur entre Ford et Unifor au Canada - Benoit Charette - Annuel automobile - CanadaMotorJobs.com.","robots":{"index":"index","follow":"follow","max-snippet":"max-snippet:-1","max-image-preview":"max-image-preview:large","max-video-preview":"max-video-preview:-1"},"og_locale":"fr_CA","og_type":"article","og_title":"Un accord prometteur entre Ford et Unifor au Canada - CanadaMotorJobs.com","og_description":"Un accord prometteur entre Ford et Unifor au Canada - Benoit Charette - Annuel automobile - CanadaMotorJobs.com.","og_url":"https:\/\/news.canadamotorjobs.com\/fr\/un-accord-prometteur-entre-ford-et-unifor-au-canada\/","og_site_name":"CanadaMotorJobs.com","article_publisher":"https:\/\/www.facebook.com\/canadamotorjobs\/","article_published_time":"2023-09-24T10:03:23+00:00","article_modified_time":"2023-09-24T10:13:52+00:00","og_image":[{"width":1200,"height":800,"url":"https:\/\/news.canadamotorjobs.com\/wp-content\/uploads\/2023\/09\/Ford_Oakville_Assembly-4.jpg","type":"image\/jpeg"}],"author":"Benoit Charette","twitter_card":"summary_large_image","twitter_creator":"@canadamotorjobs","twitter_site":"@canadamotorjobs","twitter_misc":{"\u00c9crit par":"Benoit Charette","Estimation du temps de lecture":"2 minutes"},"schema":{"@context":"https:\/\/schema.org","@graph":[{"@type":"Article","@id":"https:\/\/news.canadamotorjobs.com\/fr\/un-accord-prometteur-entre-ford-et-unifor-au-canada\/#article","isPartOf":{"@id":"https:\/\/news.canadamotorjobs.com\/fr\/un-accord-prometteur-entre-ford-et-unifor-au-canada\/"},"author":{"name":"Benoit Charette","@id":"https:\/\/news.canadamotorjobs.com\/#\/schema\/person\/51793d1f87d44011d7bcc2ed99269a90"},"headline":"Un accord prometteur entre Ford et Unifor au Canada","datePublished":"2023-09-24T10:03:23+00:00","dateModified":"2023-09-24T10:13:52+00:00","mainEntityOfPage":{"@id":"https:\/\/news.canadamotorjobs.com\/fr\/un-accord-prometteur-entre-ford-et-unifor-au-canada\/"},"wordCount":356,"publisher":{"@id":"https:\/\/news.canadamotorjobs.com\/#organization"},"image":{"@id":"https:\/\/news.canadamotorjobs.com\/fr\/un-accord-prometteur-entre-ford-et-unifor-au-canada\/#primaryimage"},"thumbnailUrl":"https:\/\/news.canadamotorjobs.com\/wp-content\/uploads\/2023\/09\/Ford_Oakville_Assembly-4.jpg","articleSection":["Annuel automobile"],"inLanguage":"fr-CA"},{"@type":"WebPage","@id":"https:\/\/news.canadamotorjobs.com\/fr\/un-accord-prometteur-entre-ford-et-unifor-au-canada\/","url":"https:\/\/news.canadamotorjobs.com\/fr\/un-accord-prometteur-entre-ford-et-unifor-au-canada\/","name":"Un accord prometteur entre Ford et Unifor au Canada - CanadaMotorJobs.com","isPartOf":{"@id":"https:\/\/news.canadamotorjobs.com\/#website"},"primaryImageOfPage":{"@id":"https:\/\/news.canadamotorjobs.com\/fr\/un-accord-prometteur-entre-ford-et-unifor-au-canada\/#primaryimage"},"image":{"@id":"https:\/\/news.canadamotorjobs.com\/fr\/un-accord-prometteur-entre-ford-et-unifor-au-canada\/#primaryimage"},"thumbnailUrl":"https:\/\/news.canadamotorjobs.com\/wp-content\/uploads\/2023\/09\/Ford_Oakville_Assembly-4.jpg","datePublished":"2023-09-24T10:03:23+00:00","dateModified":"2023-09-24T10:13:52+00:00","description":"Un accord prometteur entre Ford et Unifor au Canada - Benoit Charette - Annuel automobile - CanadaMotorJobs.com.","breadcrumb":{"@id":"https:\/\/news.canadamotorjobs.com\/fr\/un-accord-prometteur-entre-ford-et-unifor-au-canada\/#breadcrumb"},"inLanguage":"fr-CA","potentialAction":[{"@type":"ReadAction","target":["https:\/\/news.canadamotorjobs.com\/fr\/un-accord-prometteur-entre-ford-et-unifor-au-canada\/"]}]},{"@type":"ImageObject","inLanguage":"fr-CA","@id":"https:\/\/news.canadamotorjobs.com\/fr\/un-accord-prometteur-entre-ford-et-unifor-au-canada\/#primaryimage","url":"https:\/\/news.canadamotorjobs.com\/wp-content\/uploads\/2023\/09\/Ford_Oakville_Assembly-4.jpg","contentUrl":"https:\/\/news.canadamotorjobs.com\/wp-content\/uploads\/2023\/09\/Ford_Oakville_Assembly-4.jpg","width":1200,"height":800},{"@type":"BreadcrumbList","@id":"https:\/\/news.canadamotorjobs.com\/fr\/un-accord-prometteur-entre-ford-et-unifor-au-canada\/#breadcrumb","itemListElement":[{"@type":"ListItem","position":1,"name":"Home","item":"https:\/\/news.canadamotorjobs.com\/fr\/blog\/"},{"@type":"ListItem","position":2,"name":"Un accord prometteur entre Ford et Unifor au Canada"}]},{"@type":"WebSite","@id":"https:\/\/news.canadamotorjobs.com\/#website","url":"https:\/\/news.canadamotorjobs.com\/","name":"CanadaMotorJobs.com","description":"Automotive Jobs","publisher":{"@id":"https:\/\/news.canadamotorjobs.com\/#organization"},"potentialAction":[{"@type":"SearchAction","target":{"@type":"EntryPoint","urlTemplate":"https:\/\/news.canadamotorjobs.com\/?s={search_term_string}"},"query-input":"required name=search_term_string"}],"inLanguage":"fr-CA"},{"@type":"Organization","@id":"https:\/\/news.canadamotorjobs.com\/#organization","name":"Canada Motor Jobs","url":"https:\/\/news.canadamotorjobs.com\/","logo":{"@type":"ImageObject","inLanguage":"fr-CA","@id":"https:\/\/news.canadamotorjobs.com\/#\/schema\/logo\/image\/","url":"https:\/\/news.canadamotorjobs.com\/wp-content\/uploads\/2022\/10\/logo-canada-motor-jobs-1.png","contentUrl":"https:\/\/news.canadamotorjobs.com\/wp-content\/uploads\/2022\/10\/logo-canada-motor-jobs-1.png","width":800,"height":400,"caption":"Canada Motor Jobs"},"image":{"@id":"https:\/\/news.canadamotorjobs.com\/#\/schema\/logo\/image\/"},"sameAs":["https:\/\/www.facebook.com\/canadamotorjobs\/","https:\/\/x.com\/canadamotorjobs","https:\/\/www.instagram.com\/canadamotorjobs\/","https:\/\/www.linkedin.com\/company\/canadamotorjobs"]},{"@type":"Person","@id":"https:\/\/news.canadamotorjobs.com\/#\/schema\/person\/51793d1f87d44011d7bcc2ed99269a90","name":"Benoit Charette","image":{"@type":"ImageObject","inLanguage":"fr-CA","@id":"https:\/\/news.canadamotorjobs.com\/#\/schema\/person\/image\/","url":"https:\/\/secure.gravatar.com\/avatar\/45f3d2eebcccd909668d7ce7ea7267b6?s=96&d=mm&r=g","contentUrl":"https:\/\/secure.gravatar.com\/avatar\/45f3d2eebcccd909668d7ce7ea7267b6?s=96&d=mm&r=g","caption":"Benoit Charette"},"description":"Benoit Charette \/ Propri\u00e9taire et r\u00e9dacteur en chef Benoit Charette pratique le journalisme automobile depuis bient\u00f4t 30 ans. Il a fait ses classes au c\u00f4t\u00e9 de Daniel H\u00e9raud et au Carnet de route de 1992 \u00e0 2001. Il est fondateur, copropri\u00e9taire et r\u00e9dacteur en chef de L\u2019Annuel de l\u2019automobile, qu\u2019il publie depuis 2001. Il a anim\u00e9 les \u00e9missions RPM et RPM+ sur V et les L\u00e9gendes de la route sur Historia. \u00c0 la radio depuis 1986, il reprend l\u2019antenne cette ann\u00e9e sur les ondes de Cogeco et participe pour la deuxi\u00e8me ann\u00e9e \u00e0 l\u2019\u00e9mission Passion Auto sur RDS en plus de mettre en ligne le site Web officiel de L\u2019Annuel de l\u2019automobile sur annuelauto.ca.","sameAs":["https:\/\/annuelauto.ca\/"],"url":"https:\/\/news.canadamotorjobs.com\/fr\/author\/benoit-charette\/"}]}},"_links":{"self":[{"href":"https:\/\/news.canadamotorjobs.com\/fr\/wp-json\/wp\/v2\/posts\/151938"}],"collection":[{"href":"https:\/\/news.canadamotorjobs.com\/fr\/wp-json\/wp\/v2\/posts"}],"about":[{"href":"https:\/\/news.canadamotorjobs.com\/fr\/wp-json\/wp\/v2\/types\/post"}],"author":[{"embeddable":true,"href":"https:\/\/news.canadamotorjobs.com\/fr\/wp-json\/wp\/v2\/users\/8"}],"replies":[{"embeddable":true,"href":"https:\/\/news.canadamotorjobs.com\/fr\/wp-json\/wp\/v2\/comments?post=151938"}],"version-history":[{"count":2,"href":"https:\/\/news.canadamotorjobs.com\/fr\/wp-json\/wp\/v2\/posts\/151938\/revisions"}],"predecessor-version":[{"id":151942,"href":"https:\/\/news.canadamotorjobs.com\/fr\/wp-json\/wp\/v2\/posts\/151938\/revisions\/151942"}],"wp:featuredmedia":[{"embeddable":true,"href":"https:\/\/news.canadamotorjobs.com\/fr\/wp-json\/wp\/v2\/media\/151940"}],"wp:attachment":[{"href":"https:\/\/news.canadamotorjobs.com\/fr\/wp-json\/wp\/v2\/media?parent=151938"}],"wp:term":[{"taxonomy":"category","embeddable":true,"href":"https:\/\/news.canadamotorjobs.com\/fr\/wp-json\/wp\/v2\/categories?post=151938"},{"taxonomy":"post_tag","embeddable":true,"href":"https:\/\/news.canadamotorjobs.com\/fr\/wp-json\/wp\/v2\/tags?post=151938"}],"curies":[{"name":"wp","href":"https:\/\/api.w.org\/{rel}","templated":true}]}}