{"id":151888,"date":"2023-09-22T13:51:53","date_gmt":"2023-09-22T17:51:53","guid":{"rendered":"https:\/\/news.canadamotorjobs.com\/?p=151888"},"modified":"2023-09-22T14:04:08","modified_gmt":"2023-09-22T18:04:08","slug":"une-confrontation-a-prevoir-entre-le-syndicat-des-travailleurs-de-lautomobile-et-tesla","status":"publish","type":"post","link":"https:\/\/news.canadamotorjobs.com\/fr\/une-confrontation-a-prevoir-entre-le-syndicat-des-travailleurs-de-lautomobile-et-tesla\/","title":{"rendered":"Une confrontation \u00e0 pr\u00e9voir entre le syndicat des travailleurs de l\u2019automobile et Tesla"},"content":{"rendered":"<\/p>\n<p>Alors que l&#8217;UAW s&#8217;attaque aux grands constructeurs am\u00e9ricains, Tesla devient une cible. Le syndicat United Auto Workers (UAW) a Tesla dans son viseur en raison de l&#8217;absence de syndicalisation et des pratiques de travail controvers\u00e9es de l&#8217;entreprise.<\/p>\n<h3>La gr\u00e8ve de l&#8217;UAW pour r\u00e9tablir les normes de travail<\/h3>\n<p>\nL&#8217;UAW m\u00e8ne une gr\u00e8ve contre les principaux constructeurs automobiles pour r\u00e9tablir les normes du travail et promouvoir une prosp\u00e9rit\u00e9 partag\u00e9e. Malgr\u00e9 des ventes de voitures moins importantes que les &#8220;trois grands&#8221;, Tesla affiche une valeur marchande impressionnante gr\u00e2ce au soutien massif des investisseurs.<\/p>\n<h3>La r\u00e9sistance de Tesla \u00e0 la syndicalisation<\/h3>\n<p>\nTesla fait face \u00e0 des accusations d&#8217;activit\u00e9s antisyndicales alors que la soci\u00e9t\u00e9 continue de r\u00e9sister \u00e0 la syndicalisation. Le paysage de l&#8217;industrie automobile \u00e9volue avec la d\u00e9localisation, la mondialisation et l&#8217;\u00e9mergence d&#8217;entreprises non syndiqu\u00e9es comme Tesla. Tesla affiche aujourd&#8217;hui une valeur marchande sup\u00e9rieure \u00e0 celle des trois grands constructeurs automobiles r\u00e9unis.<\/p>\n<h3>Les enjeux des n\u00e9gociations syndicales<\/h3>\n<p>\nLes entreprises syndiqu\u00e9es font face \u00e0 des pressions croissantes pour maintenir leurs avantages face \u00e0 des concurrents non syndiqu\u00e9s tels que Tesla. La r\u00e9mun\u00e9ration des travailleurs de Tesla est en retard par rapport aux trois grands constructeurs, ce qui souligne l&#8217;importance d&#8217;une repr\u00e9sentation syndicale. La syndicalisation de Tesla pourrait renforcer les n\u00e9gociations collectives dans l&#8217;industrie automobile et garantir une voix aux travailleurs.<\/p>\n<h3>L&#8217;Influence de Tesla dans le secteur automobile<\/h3>\n<p>\nTesla, en tant qu&#8217;acteur majeur de l&#8217;industrie automobile, devient une cible cruciale pour les mouvements syndicaux en raison de son potentiel d&#8217;impact sur les n\u00e9gociations collectives plus larges. Sans une repr\u00e9sentation syndicale dans l&#8217;industrie automobile, le pouvoir et l&#8217;efficacit\u00e9 des gr\u00e8ves pourraient \u00eatre compromis.<\/p>\n<p>Ce r\u00e9cit souligne les enjeux de la syndicalisation de Tesla dans l&#8217;industrie automobile, mettant en \u00e9vidence les tensions entre l&#8217;UAW et Tesla, tout en soulignant les cons\u00e9quences potentielles de l&#8217;absence de syndicalisation dans ce secteur en \u00e9volution rapide.<\/p>\n<p>\u00a0<\/p>\n<p>Le texte <a rel=\"nofollow\" href=\"https:\/\/annuelauto.ca\/une-confrontation-a-prevoir-en-le-syndicat-des-travailleurs-de-lautomobile-et-tesla\/\">Une confrontation \u00e0 pr\u00e9voir entre le syndicat des travailleurs de l\u2019automobile et Tesla<\/a> provient de <a rel=\"nofollow\" href=\"https:\/\/annuelauto.ca\">L&#8217;annuel de l&#8217;automobile &#8211; Actualit\u00e9 automobile<\/a><\/p>\n<p><\/p>\n","protected":false},"excerpt":{"rendered":"<p>Alors que l&#8217;UAW s&#8217;attaque aux grands constructeurs am\u00e9ricains, Tesla devient une cible. Le syndicat United Auto Workers (UAW) a Tesla dans son viseur en raison de l&#8217;absence de syndicalisation et des pratiques de travail controvers\u00e9es de l&#8217;entreprise. La gr\u00e8ve de l&#8217;UAW pour r\u00e9tablir les normes de travail L&#8217;UAW m\u00e8ne une gr\u00e8ve contre les principaux constructeurs [&hellip;]<\/p>\n","protected":false},"author":8,"featured_media":151890,"comment_status":"close","ping_status":"closed","sticky":false,"template":"","format":"standard","meta":{"_monsterinsights_skip_tracking":false,"_monsterinsights_sitenote_active":false,"_monsterinsights_sitenote_note":"","_monsterinsights_sitenote_category":0,"footnotes":""},"categories":[101],"tags":[],"yoast_head":"<!-- This site is optimized with the Yoast SEO plugin v23.2 - https:\/\/yoast.com\/wordpress\/plugins\/seo\/ -->\n<title>Une confrontation \u00e0 pr\u00e9voir entre le syndicat des travailleurs de l\u2019automobile et Tesla - CanadaMotorJobs.com<\/title>\n<meta name=\"description\" content=\"Une confrontation \u00e0 pr\u00e9voir entre le syndicat des travailleurs de l\u2019automobile et Tesla - Benoit Charette - Annuel automobile - CanadaMotorJobs.com.\" \/>\n<meta name=\"robots\" content=\"index, follow, max-snippet:-1, max-image-preview:large, max-video-preview:-1\" \/>\n<meta property=\"og:locale\" content=\"fr_CA\" \/>\n<meta property=\"og:type\" content=\"article\" \/>\n<meta property=\"og:title\" content=\"Une confrontation \u00e0 pr\u00e9voir entre le syndicat des travailleurs de l\u2019automobile et Tesla - CanadaMotorJobs.com\" \/>\n<meta property=\"og:description\" content=\"Une confrontation \u00e0 pr\u00e9voir entre le syndicat des travailleurs de l\u2019automobile et Tesla - Benoit Charette - Annuel automobile - CanadaMotorJobs.com.\" \/>\n<meta property=\"og:url\" content=\"https:\/\/news.canadamotorjobs.com\/fr\/une-confrontation-a-prevoir-entre-le-syndicat-des-travailleurs-de-lautomobile-et-tesla\/\" \/>\n<meta property=\"og:site_name\" content=\"CanadaMotorJobs.com\" \/>\n<meta property=\"article:publisher\" content=\"https:\/\/www.facebook.com\/canadamotorjobs\/\" \/>\n<meta property=\"article:published_time\" content=\"2023-09-22T17:51:53+00:00\" \/>\n<meta property=\"article:modified_time\" content=\"2023-09-22T18:04:08+00:00\" \/>\n<meta property=\"og:image\" content=\"https:\/\/news.canadamotorjobs.com\/wp-content\/uploads\/2023\/09\/20180412174616-GettyImages-490595922-edited.jpeg\" \/>\n\t<meta property=\"og:image:width\" content=\"2000\" \/>\n\t<meta property=\"og:image:height\" content=\"1334\" \/>\n\t<meta property=\"og:image:type\" content=\"image\/jpeg\" \/>\n<meta name=\"author\" content=\"Benoit Charette\" \/>\n<meta name=\"twitter:card\" content=\"summary_large_image\" \/>\n<meta name=\"twitter:creator\" content=\"@canadamotorjobs\" \/>\n<meta name=\"twitter:site\" content=\"@canadamotorjobs\" \/>\n<meta name=\"twitter:label1\" content=\"\u00c9crit par\" \/>\n\t<meta name=\"twitter:data1\" content=\"Benoit Charette\" \/>\n\t<meta name=\"twitter:label2\" content=\"Estimation du temps de lecture\" \/>\n\t<meta name=\"twitter:data2\" content=\"2 minutes\" \/>\n<!-- \/ Yoast SEO plugin. -->","yoast_head_json":{"title":"Une confrontation \u00e0 pr\u00e9voir entre le syndicat des travailleurs de l\u2019automobile et Tesla - CanadaMotorJobs.com","description":"Une confrontation \u00e0 pr\u00e9voir entre le syndicat des travailleurs de l\u2019automobile et Tesla - Benoit Charette - Annuel automobile - CanadaMotorJobs.com.","robots":{"index":"index","follow":"follow","max-snippet":"max-snippet:-1","max-image-preview":"max-image-preview:large","max-video-preview":"max-video-preview:-1"},"og_locale":"fr_CA","og_type":"article","og_title":"Une confrontation \u00e0 pr\u00e9voir entre le syndicat des travailleurs de l\u2019automobile et Tesla - CanadaMotorJobs.com","og_description":"Une confrontation \u00e0 pr\u00e9voir entre le syndicat des travailleurs de l\u2019automobile et Tesla - Benoit Charette - Annuel automobile - CanadaMotorJobs.com.","og_url":"https:\/\/news.canadamotorjobs.com\/fr\/une-confrontation-a-prevoir-entre-le-syndicat-des-travailleurs-de-lautomobile-et-tesla\/","og_site_name":"CanadaMotorJobs.com","article_publisher":"https:\/\/www.facebook.com\/canadamotorjobs\/","article_published_time":"2023-09-22T17:51:53+00:00","article_modified_time":"2023-09-22T18:04:08+00:00","og_image":[{"width":2000,"height":1334,"url":"https:\/\/news.canadamotorjobs.com\/wp-content\/uploads\/2023\/09\/20180412174616-GettyImages-490595922-edited.jpeg","type":"image\/jpeg"}],"author":"Benoit Charette","twitter_card":"summary_large_image","twitter_creator":"@canadamotorjobs","twitter_site":"@canadamotorjobs","twitter_misc":{"\u00c9crit par":"Benoit Charette","Estimation du temps de lecture":"2 minutes"},"schema":{"@context":"https:\/\/schema.org","@graph":[{"@type":"Article","@id":"https:\/\/news.canadamotorjobs.com\/fr\/une-confrontation-a-prevoir-entre-le-syndicat-des-travailleurs-de-lautomobile-et-tesla\/#article","isPartOf":{"@id":"https:\/\/news.canadamotorjobs.com\/fr\/une-confrontation-a-prevoir-entre-le-syndicat-des-travailleurs-de-lautomobile-et-tesla\/"},"author":{"name":"Benoit Charette","@id":"https:\/\/news.canadamotorjobs.com\/#\/schema\/person\/51793d1f87d44011d7bcc2ed99269a90"},"headline":"Une confrontation \u00e0 pr\u00e9voir entre le syndicat des travailleurs de l\u2019automobile et Tesla","datePublished":"2023-09-22T17:51:53+00:00","dateModified":"2023-09-22T18:04:08+00:00","mainEntityOfPage":{"@id":"https:\/\/news.canadamotorjobs.com\/fr\/une-confrontation-a-prevoir-entre-le-syndicat-des-travailleurs-de-lautomobile-et-tesla\/"},"wordCount":391,"publisher":{"@id":"https:\/\/news.canadamotorjobs.com\/#organization"},"image":{"@id":"https:\/\/news.canadamotorjobs.com\/fr\/une-confrontation-a-prevoir-entre-le-syndicat-des-travailleurs-de-lautomobile-et-tesla\/#primaryimage"},"thumbnailUrl":"https:\/\/news.canadamotorjobs.com\/wp-content\/uploads\/2023\/09\/20180412174616-GettyImages-490595922-edited.jpeg","articleSection":["Annuel automobile"],"inLanguage":"fr-CA"},{"@type":"WebPage","@id":"https:\/\/news.canadamotorjobs.com\/fr\/une-confrontation-a-prevoir-entre-le-syndicat-des-travailleurs-de-lautomobile-et-tesla\/","url":"https:\/\/news.canadamotorjobs.com\/fr\/une-confrontation-a-prevoir-entre-le-syndicat-des-travailleurs-de-lautomobile-et-tesla\/","name":"Une confrontation \u00e0 pr\u00e9voir entre le syndicat des travailleurs de l\u2019automobile et Tesla - CanadaMotorJobs.com","isPartOf":{"@id":"https:\/\/news.canadamotorjobs.com\/#website"},"primaryImageOfPage":{"@id":"https:\/\/news.canadamotorjobs.com\/fr\/une-confrontation-a-prevoir-entre-le-syndicat-des-travailleurs-de-lautomobile-et-tesla\/#primaryimage"},"image":{"@id":"https:\/\/news.canadamotorjobs.com\/fr\/une-confrontation-a-prevoir-entre-le-syndicat-des-travailleurs-de-lautomobile-et-tesla\/#primaryimage"},"thumbnailUrl":"https:\/\/news.canadamotorjobs.com\/wp-content\/uploads\/2023\/09\/20180412174616-GettyImages-490595922-edited.jpeg","datePublished":"2023-09-22T17:51:53+00:00","dateModified":"2023-09-22T18:04:08+00:00","description":"Une confrontation \u00e0 pr\u00e9voir entre le syndicat des travailleurs de l\u2019automobile et Tesla - Benoit Charette - Annuel automobile - CanadaMotorJobs.com.","breadcrumb":{"@id":"https:\/\/news.canadamotorjobs.com\/fr\/une-confrontation-a-prevoir-entre-le-syndicat-des-travailleurs-de-lautomobile-et-tesla\/#breadcrumb"},"inLanguage":"fr-CA","potentialAction":[{"@type":"ReadAction","target":["https:\/\/news.canadamotorjobs.com\/fr\/une-confrontation-a-prevoir-entre-le-syndicat-des-travailleurs-de-lautomobile-et-tesla\/"]}]},{"@type":"ImageObject","inLanguage":"fr-CA","@id":"https:\/\/news.canadamotorjobs.com\/fr\/une-confrontation-a-prevoir-entre-le-syndicat-des-travailleurs-de-lautomobile-et-tesla\/#primaryimage","url":"https:\/\/news.canadamotorjobs.com\/wp-content\/uploads\/2023\/09\/20180412174616-GettyImages-490595922-edited.jpeg","contentUrl":"https:\/\/news.canadamotorjobs.com\/wp-content\/uploads\/2023\/09\/20180412174616-GettyImages-490595922-edited.jpeg","width":2000,"height":1334},{"@type":"BreadcrumbList","@id":"https:\/\/news.canadamotorjobs.com\/fr\/une-confrontation-a-prevoir-entre-le-syndicat-des-travailleurs-de-lautomobile-et-tesla\/#breadcrumb","itemListElement":[{"@type":"ListItem","position":1,"name":"Home","item":"https:\/\/news.canadamotorjobs.com\/fr\/blog\/"},{"@type":"ListItem","position":2,"name":"Une confrontation \u00e0 pr\u00e9voir entre le syndicat des travailleurs de l\u2019automobile et Tesla"}]},{"@type":"WebSite","@id":"https:\/\/news.canadamotorjobs.com\/#website","url":"https:\/\/news.canadamotorjobs.com\/","name":"CanadaMotorJobs.com","description":"Automotive Jobs","publisher":{"@id":"https:\/\/news.canadamotorjobs.com\/#organization"},"potentialAction":[{"@type":"SearchAction","target":{"@type":"EntryPoint","urlTemplate":"https:\/\/news.canadamotorjobs.com\/?s={search_term_string}"},"query-input":"required name=search_term_string"}],"inLanguage":"fr-CA"},{"@type":"Organization","@id":"https:\/\/news.canadamotorjobs.com\/#organization","name":"Canada Motor Jobs","url":"https:\/\/news.canadamotorjobs.com\/","logo":{"@type":"ImageObject","inLanguage":"fr-CA","@id":"https:\/\/news.canadamotorjobs.com\/#\/schema\/logo\/image\/","url":"https:\/\/news.canadamotorjobs.com\/wp-content\/uploads\/2022\/10\/logo-canada-motor-jobs-1.png","contentUrl":"https:\/\/news.canadamotorjobs.com\/wp-content\/uploads\/2022\/10\/logo-canada-motor-jobs-1.png","width":800,"height":400,"caption":"Canada Motor Jobs"},"image":{"@id":"https:\/\/news.canadamotorjobs.com\/#\/schema\/logo\/image\/"},"sameAs":["https:\/\/www.facebook.com\/canadamotorjobs\/","https:\/\/x.com\/canadamotorjobs","https:\/\/www.instagram.com\/canadamotorjobs\/","https:\/\/www.linkedin.com\/company\/canadamotorjobs"]},{"@type":"Person","@id":"https:\/\/news.canadamotorjobs.com\/#\/schema\/person\/51793d1f87d44011d7bcc2ed99269a90","name":"Benoit Charette","image":{"@type":"ImageObject","inLanguage":"fr-CA","@id":"https:\/\/news.canadamotorjobs.com\/#\/schema\/person\/image\/","url":"https:\/\/secure.gravatar.com\/avatar\/45f3d2eebcccd909668d7ce7ea7267b6?s=96&d=mm&r=g","contentUrl":"https:\/\/secure.gravatar.com\/avatar\/45f3d2eebcccd909668d7ce7ea7267b6?s=96&d=mm&r=g","caption":"Benoit Charette"},"description":"Benoit Charette \/ Propri\u00e9taire et r\u00e9dacteur en chef Benoit Charette pratique le journalisme automobile depuis bient\u00f4t 30 ans. Il a fait ses classes au c\u00f4t\u00e9 de Daniel H\u00e9raud et au Carnet de route de 1992 \u00e0 2001. Il est fondateur, copropri\u00e9taire et r\u00e9dacteur en chef de L\u2019Annuel de l\u2019automobile, qu\u2019il publie depuis 2001. Il a anim\u00e9 les \u00e9missions RPM et RPM+ sur V et les L\u00e9gendes de la route sur Historia. \u00c0 la radio depuis 1986, il reprend l\u2019antenne cette ann\u00e9e sur les ondes de Cogeco et participe pour la deuxi\u00e8me ann\u00e9e \u00e0 l\u2019\u00e9mission Passion Auto sur RDS en plus de mettre en ligne le site Web officiel de L\u2019Annuel de l\u2019automobile sur annuelauto.ca.","sameAs":["https:\/\/annuelauto.ca\/"],"url":"https:\/\/news.canadamotorjobs.com\/fr\/author\/benoit-charette\/"}]}},"_links":{"self":[{"href":"https:\/\/news.canadamotorjobs.com\/fr\/wp-json\/wp\/v2\/posts\/151888"}],"collection":[{"href":"https:\/\/news.canadamotorjobs.com\/fr\/wp-json\/wp\/v2\/posts"}],"about":[{"href":"https:\/\/news.canadamotorjobs.com\/fr\/wp-json\/wp\/v2\/types\/post"}],"author":[{"embeddable":true,"href":"https:\/\/news.canadamotorjobs.com\/fr\/wp-json\/wp\/v2\/users\/8"}],"replies":[{"embeddable":true,"href":"https:\/\/news.canadamotorjobs.com\/fr\/wp-json\/wp\/v2\/comments?post=151888"}],"version-history":[{"count":2,"href":"https:\/\/news.canadamotorjobs.com\/fr\/wp-json\/wp\/v2\/posts\/151888\/revisions"}],"predecessor-version":[{"id":151892,"href":"https:\/\/news.canadamotorjobs.com\/fr\/wp-json\/wp\/v2\/posts\/151888\/revisions\/151892"}],"wp:featuredmedia":[{"embeddable":true,"href":"https:\/\/news.canadamotorjobs.com\/fr\/wp-json\/wp\/v2\/media\/151890"}],"wp:attachment":[{"href":"https:\/\/news.canadamotorjobs.com\/fr\/wp-json\/wp\/v2\/media?parent=151888"}],"wp:term":[{"taxonomy":"category","embeddable":true,"href":"https:\/\/news.canadamotorjobs.com\/fr\/wp-json\/wp\/v2\/categories?post=151888"},{"taxonomy":"post_tag","embeddable":true,"href":"https:\/\/news.canadamotorjobs.com\/fr\/wp-json\/wp\/v2\/tags?post=151888"}],"curies":[{"name":"wp","href":"https:\/\/api.w.org\/{rel}","templated":true}]}}