{"id":151865,"date":"2023-09-22T02:59:05","date_gmt":"2023-09-22T06:59:05","guid":{"rendered":"https:\/\/news.canadamotorjobs.com\/?p=151865"},"modified":"2023-09-22T03:00:52","modified_gmt":"2023-09-22T07:00:52","slug":"toyota-prepare-une-camionnette-basee-sur-le-corolla-cross","status":"publish","type":"post","link":"https:\/\/news.canadamotorjobs.com\/fr\/toyota-prepare-une-camionnette-basee-sur-le-corolla-cross\/","title":{"rendered":"Toyota pr\u00e9pare une camionnette bas\u00e9e sur le Corolla Cross\u00a0\u00a0\u00a0\u00a0\u00a0"},"content":{"rendered":"<\/p>\n<p>La photo que vous voyez ne vient pas de Toyota, mais est un rendu num\u00e9rique non officielle. Le dessin se base sur un ch\u00e2ssis de Corolla Cross transform\u00e9e en petit pick-up dans le style du Maverick chez Ford.<\/p>\n<h3>Un mod\u00e8le confirm\u00e9 par Toyota<\/h3>\n<p>\nLe d\u00e9veloppement d&#8217;un Stout, ou d&#8217;une version de celui-ci, a \u00e9t\u00e9 confirm\u00e9 par Toyota, et plus particuli\u00e8rement par les dirigeants sud-africains de la marque, qui ont promis qu&#8217;il serait robuste, qu&#8217;il ne serait pas un v\u00e9hicule \u00e9lectrique et qu&#8217;il &#8220;prendrait le march\u00e9 d&#8217;assaut&#8221;. Du c\u00f4t\u00e9 australien, les commentaires sugg\u00e8rent que le nouveau mod\u00e8le sera en fait plus proche d&#8217;un HiLux d&#8217;une tonne en termes de capacit\u00e9 de charge utile que ce que l&#8217;on pensait \u00e0 l&#8217;origine, la marque s&#8217;attachant davantage \u00e0 offrir une r\u00e9ponse abordable au HiLux qu&#8217;\u00e0 rivaliser dans une classe de taille particuli\u00e8re.<\/p>\n<h3>Un mod\u00e8le pour l\u2019Am\u00e9rique du Nord<\/h3>\n<p>\nAux \u00c9tats-Unis, Toyota s&#8217;est \u00e9galement montr\u00e9 audacieux sur le potentiel d\u2019un petit camion. Cooper Ericksen, vice-pr\u00e9sident de la planification et de la strat\u00e9gie produit de Toyota \u00c9.-U., a d\u00e9clar\u00e9 l&#8217;ann\u00e9e derni\u00e8re \u00e0 Automotive News qu&#8217;il y a de la place&#8221; dans sa gamme pour un mod\u00e8le qui se situerait en dessous du Tacoma. Toyota comme bien des constructeurs cherche des solutions pour des mod\u00e8les plus abordables sur la route, ce qui est de plus en plus rare dans le monde des camions. Le grand succ\u00e8s du Maverick a sans doute inspir\u00e9 Toyota. Reste maintenant \u00e0 savoir si Toyota va prendre le chemin d\u2019un VUS avec une petite bo\u00eete ou aller vers un v\u00e9ritable petit pick-up comme le Maverick.<\/p>\n<p>\u00a0<\/p>\n<p>Un dossier \u00e0 suivre<\/p>\n<p>\u00a0<\/p>\n<p>Avec des renseignements de Carsguide<\/p>\n<p>\u00a0<\/p>\n<p>\u00a0<\/p>\n<p>\u00a0<\/p>\n<p>Le texte <a rel=\"nofollow\" href=\"https:\/\/annuelauto.ca\/toyota-prepare-une-camionnette-basee-sur-le-corolla-cross\/\">Toyota pr\u00e9pare une camionnette bas\u00e9e sur le Corolla Cross\u00a0\u00a0\u00a0\u00a0\u00a0<\/a> provient de <a rel=\"nofollow\" href=\"https:\/\/annuelauto.ca\">L&#8217;annuel de l&#8217;automobile &#8211; Actualit\u00e9 automobile<\/a><\/p>\n<p><\/p>\n","protected":false},"excerpt":{"rendered":"<p>La photo que vous voyez ne vient pas de Toyota, mais est un rendu num\u00e9rique non officielle. Le dessin se base sur un ch\u00e2ssis de Corolla Cross transform\u00e9e en petit pick-up dans le style du Maverick chez Ford. Un mod\u00e8le confirm\u00e9 par Toyota Le d\u00e9veloppement d&#8217;un Stout, ou d&#8217;une version de celui-ci, a \u00e9t\u00e9 confirm\u00e9 [&hellip;]<\/p>\n","protected":false},"author":8,"featured_media":151867,"comment_status":"close","ping_status":"closed","sticky":false,"template":"","format":"standard","meta":{"_monsterinsights_skip_tracking":false,"_monsterinsights_sitenote_active":false,"_monsterinsights_sitenote_note":"","_monsterinsights_sitenote_category":0,"footnotes":""},"categories":[101],"tags":[],"yoast_head":"<!-- This site is optimized with the Yoast SEO plugin v23.2 - https:\/\/yoast.com\/wordpress\/plugins\/seo\/ -->\n<title>Toyota pr\u00e9pare une camionnette bas\u00e9e sur le Corolla Cross\u00a0\u00a0\u00a0\u00a0\u00a0 - CanadaMotorJobs.com<\/title>\n<meta name=\"description\" content=\"Toyota pr\u00e9pare une camionnette bas\u00e9e sur le Corolla Cross\u00a0\u00a0\u00a0\u00a0\u00a0 - Benoit Charette - Annuel automobile - CanadaMotorJobs.com.\" \/>\n<meta name=\"robots\" content=\"index, follow, max-snippet:-1, max-image-preview:large, max-video-preview:-1\" \/>\n<meta property=\"og:locale\" content=\"fr_CA\" \/>\n<meta property=\"og:type\" content=\"article\" \/>\n<meta property=\"og:title\" content=\"Toyota pr\u00e9pare une camionnette bas\u00e9e sur le Corolla Cross\u00a0\u00a0\u00a0\u00a0\u00a0 - CanadaMotorJobs.com\" \/>\n<meta property=\"og:description\" content=\"Toyota pr\u00e9pare une camionnette bas\u00e9e sur le Corolla Cross\u00a0\u00a0\u00a0\u00a0\u00a0 - Benoit Charette - Annuel automobile - CanadaMotorJobs.com.\" \/>\n<meta property=\"og:url\" content=\"https:\/\/news.canadamotorjobs.com\/fr\/toyota-prepare-une-camionnette-basee-sur-le-corolla-cross\/\" \/>\n<meta property=\"og:site_name\" content=\"CanadaMotorJobs.com\" \/>\n<meta property=\"article:publisher\" content=\"https:\/\/www.facebook.com\/canadamotorjobs\/\" \/>\n<meta property=\"article:published_time\" content=\"2023-09-22T06:59:05+00:00\" \/>\n<meta property=\"article:modified_time\" content=\"2023-09-22T07:00:52+00:00\" \/>\n<meta property=\"og:image\" content=\"https:\/\/news.canadamotorjobs.com\/wp-content\/uploads\/2023\/09\/maxresdefault.jpg\" \/>\n\t<meta property=\"og:image:width\" content=\"1280\" \/>\n\t<meta property=\"og:image:height\" content=\"720\" \/>\n\t<meta property=\"og:image:type\" content=\"image\/jpeg\" \/>\n<meta name=\"author\" content=\"Benoit Charette\" \/>\n<meta name=\"twitter:card\" content=\"summary_large_image\" \/>\n<meta name=\"twitter:creator\" content=\"@canadamotorjobs\" \/>\n<meta name=\"twitter:site\" content=\"@canadamotorjobs\" \/>\n<meta name=\"twitter:label1\" content=\"\u00c9crit par\" \/>\n\t<meta name=\"twitter:data1\" content=\"Benoit Charette\" \/>\n\t<meta name=\"twitter:label2\" content=\"Estimation du temps de lecture\" \/>\n\t<meta name=\"twitter:data2\" content=\"2 minutes\" \/>\n<!-- \/ Yoast SEO plugin. -->","yoast_head_json":{"title":"Toyota pr\u00e9pare une camionnette bas\u00e9e sur le Corolla Cross\u00a0\u00a0\u00a0\u00a0\u00a0 - CanadaMotorJobs.com","description":"Toyota pr\u00e9pare une camionnette bas\u00e9e sur le Corolla Cross\u00a0\u00a0\u00a0\u00a0\u00a0 - Benoit Charette - Annuel automobile - CanadaMotorJobs.com.","robots":{"index":"index","follow":"follow","max-snippet":"max-snippet:-1","max-image-preview":"max-image-preview:large","max-video-preview":"max-video-preview:-1"},"og_locale":"fr_CA","og_type":"article","og_title":"Toyota pr\u00e9pare une camionnette bas\u00e9e sur le Corolla Cross\u00a0\u00a0\u00a0\u00a0\u00a0 - CanadaMotorJobs.com","og_description":"Toyota pr\u00e9pare une camionnette bas\u00e9e sur le Corolla Cross\u00a0\u00a0\u00a0\u00a0\u00a0 - Benoit Charette - Annuel automobile - CanadaMotorJobs.com.","og_url":"https:\/\/news.canadamotorjobs.com\/fr\/toyota-prepare-une-camionnette-basee-sur-le-corolla-cross\/","og_site_name":"CanadaMotorJobs.com","article_publisher":"https:\/\/www.facebook.com\/canadamotorjobs\/","article_published_time":"2023-09-22T06:59:05+00:00","article_modified_time":"2023-09-22T07:00:52+00:00","og_image":[{"width":1280,"height":720,"url":"https:\/\/news.canadamotorjobs.com\/wp-content\/uploads\/2023\/09\/maxresdefault.jpg","type":"image\/jpeg"}],"author":"Benoit Charette","twitter_card":"summary_large_image","twitter_creator":"@canadamotorjobs","twitter_site":"@canadamotorjobs","twitter_misc":{"\u00c9crit par":"Benoit Charette","Estimation du temps de lecture":"2 minutes"},"schema":{"@context":"https:\/\/schema.org","@graph":[{"@type":"Article","@id":"https:\/\/news.canadamotorjobs.com\/fr\/toyota-prepare-une-camionnette-basee-sur-le-corolla-cross\/#article","isPartOf":{"@id":"https:\/\/news.canadamotorjobs.com\/fr\/toyota-prepare-une-camionnette-basee-sur-le-corolla-cross\/"},"author":{"name":"Benoit Charette","@id":"https:\/\/news.canadamotorjobs.com\/#\/schema\/person\/51793d1f87d44011d7bcc2ed99269a90"},"headline":"Toyota pr\u00e9pare une camionnette bas\u00e9e sur le Corolla Cross\u00a0\u00a0\u00a0\u00a0\u00a0","datePublished":"2023-09-22T06:59:05+00:00","dateModified":"2023-09-22T07:00:52+00:00","mainEntityOfPage":{"@id":"https:\/\/news.canadamotorjobs.com\/fr\/toyota-prepare-une-camionnette-basee-sur-le-corolla-cross\/"},"wordCount":341,"publisher":{"@id":"https:\/\/news.canadamotorjobs.com\/#organization"},"image":{"@id":"https:\/\/news.canadamotorjobs.com\/fr\/toyota-prepare-une-camionnette-basee-sur-le-corolla-cross\/#primaryimage"},"thumbnailUrl":"https:\/\/news.canadamotorjobs.com\/wp-content\/uploads\/2023\/09\/maxresdefault.jpg","articleSection":["Annuel automobile"],"inLanguage":"fr-CA"},{"@type":"WebPage","@id":"https:\/\/news.canadamotorjobs.com\/fr\/toyota-prepare-une-camionnette-basee-sur-le-corolla-cross\/","url":"https:\/\/news.canadamotorjobs.com\/fr\/toyota-prepare-une-camionnette-basee-sur-le-corolla-cross\/","name":"Toyota pr\u00e9pare une camionnette bas\u00e9e sur le Corolla Cross\u00a0\u00a0\u00a0\u00a0\u00a0 - CanadaMotorJobs.com","isPartOf":{"@id":"https:\/\/news.canadamotorjobs.com\/#website"},"primaryImageOfPage":{"@id":"https:\/\/news.canadamotorjobs.com\/fr\/toyota-prepare-une-camionnette-basee-sur-le-corolla-cross\/#primaryimage"},"image":{"@id":"https:\/\/news.canadamotorjobs.com\/fr\/toyota-prepare-une-camionnette-basee-sur-le-corolla-cross\/#primaryimage"},"thumbnailUrl":"https:\/\/news.canadamotorjobs.com\/wp-content\/uploads\/2023\/09\/maxresdefault.jpg","datePublished":"2023-09-22T06:59:05+00:00","dateModified":"2023-09-22T07:00:52+00:00","description":"Toyota pr\u00e9pare une camionnette bas\u00e9e sur le Corolla Cross\u00a0\u00a0\u00a0\u00a0\u00a0 - Benoit Charette - Annuel automobile - CanadaMotorJobs.com.","breadcrumb":{"@id":"https:\/\/news.canadamotorjobs.com\/fr\/toyota-prepare-une-camionnette-basee-sur-le-corolla-cross\/#breadcrumb"},"inLanguage":"fr-CA","potentialAction":[{"@type":"ReadAction","target":["https:\/\/news.canadamotorjobs.com\/fr\/toyota-prepare-une-camionnette-basee-sur-le-corolla-cross\/"]}]},{"@type":"ImageObject","inLanguage":"fr-CA","@id":"https:\/\/news.canadamotorjobs.com\/fr\/toyota-prepare-une-camionnette-basee-sur-le-corolla-cross\/#primaryimage","url":"https:\/\/news.canadamotorjobs.com\/wp-content\/uploads\/2023\/09\/maxresdefault.jpg","contentUrl":"https:\/\/news.canadamotorjobs.com\/wp-content\/uploads\/2023\/09\/maxresdefault.jpg","width":1280,"height":720},{"@type":"BreadcrumbList","@id":"https:\/\/news.canadamotorjobs.com\/fr\/toyota-prepare-une-camionnette-basee-sur-le-corolla-cross\/#breadcrumb","itemListElement":[{"@type":"ListItem","position":1,"name":"Home","item":"https:\/\/news.canadamotorjobs.com\/fr\/blog\/"},{"@type":"ListItem","position":2,"name":"Toyota pr\u00e9pare une camionnette bas\u00e9e sur le Corolla Cross\u00a0\u00a0\u00a0\u00a0\u00a0"}]},{"@type":"WebSite","@id":"https:\/\/news.canadamotorjobs.com\/#website","url":"https:\/\/news.canadamotorjobs.com\/","name":"CanadaMotorJobs.com","description":"Automotive Jobs","publisher":{"@id":"https:\/\/news.canadamotorjobs.com\/#organization"},"potentialAction":[{"@type":"SearchAction","target":{"@type":"EntryPoint","urlTemplate":"https:\/\/news.canadamotorjobs.com\/?s={search_term_string}"},"query-input":"required name=search_term_string"}],"inLanguage":"fr-CA"},{"@type":"Organization","@id":"https:\/\/news.canadamotorjobs.com\/#organization","name":"Canada Motor Jobs","url":"https:\/\/news.canadamotorjobs.com\/","logo":{"@type":"ImageObject","inLanguage":"fr-CA","@id":"https:\/\/news.canadamotorjobs.com\/#\/schema\/logo\/image\/","url":"https:\/\/news.canadamotorjobs.com\/wp-content\/uploads\/2022\/10\/logo-canada-motor-jobs-1.png","contentUrl":"https:\/\/news.canadamotorjobs.com\/wp-content\/uploads\/2022\/10\/logo-canada-motor-jobs-1.png","width":800,"height":400,"caption":"Canada Motor Jobs"},"image":{"@id":"https:\/\/news.canadamotorjobs.com\/#\/schema\/logo\/image\/"},"sameAs":["https:\/\/www.facebook.com\/canadamotorjobs\/","https:\/\/x.com\/canadamotorjobs","https:\/\/www.instagram.com\/canadamotorjobs\/","https:\/\/www.linkedin.com\/company\/canadamotorjobs"]},{"@type":"Person","@id":"https:\/\/news.canadamotorjobs.com\/#\/schema\/person\/51793d1f87d44011d7bcc2ed99269a90","name":"Benoit Charette","image":{"@type":"ImageObject","inLanguage":"fr-CA","@id":"https:\/\/news.canadamotorjobs.com\/#\/schema\/person\/image\/","url":"https:\/\/secure.gravatar.com\/avatar\/45f3d2eebcccd909668d7ce7ea7267b6?s=96&d=mm&r=g","contentUrl":"https:\/\/secure.gravatar.com\/avatar\/45f3d2eebcccd909668d7ce7ea7267b6?s=96&d=mm&r=g","caption":"Benoit Charette"},"description":"Benoit Charette \/ Propri\u00e9taire et r\u00e9dacteur en chef Benoit Charette pratique le journalisme automobile depuis bient\u00f4t 30 ans. Il a fait ses classes au c\u00f4t\u00e9 de Daniel H\u00e9raud et au Carnet de route de 1992 \u00e0 2001. Il est fondateur, copropri\u00e9taire et r\u00e9dacteur en chef de L\u2019Annuel de l\u2019automobile, qu\u2019il publie depuis 2001. Il a anim\u00e9 les \u00e9missions RPM et RPM+ sur V et les L\u00e9gendes de la route sur Historia. \u00c0 la radio depuis 1986, il reprend l\u2019antenne cette ann\u00e9e sur les ondes de Cogeco et participe pour la deuxi\u00e8me ann\u00e9e \u00e0 l\u2019\u00e9mission Passion Auto sur RDS en plus de mettre en ligne le site Web officiel de L\u2019Annuel de l\u2019automobile sur annuelauto.ca.","sameAs":["https:\/\/annuelauto.ca\/"],"url":"https:\/\/news.canadamotorjobs.com\/fr\/author\/benoit-charette\/"}]}},"_links":{"self":[{"href":"https:\/\/news.canadamotorjobs.com\/fr\/wp-json\/wp\/v2\/posts\/151865"}],"collection":[{"href":"https:\/\/news.canadamotorjobs.com\/fr\/wp-json\/wp\/v2\/posts"}],"about":[{"href":"https:\/\/news.canadamotorjobs.com\/fr\/wp-json\/wp\/v2\/types\/post"}],"author":[{"embeddable":true,"href":"https:\/\/news.canadamotorjobs.com\/fr\/wp-json\/wp\/v2\/users\/8"}],"replies":[{"embeddable":true,"href":"https:\/\/news.canadamotorjobs.com\/fr\/wp-json\/wp\/v2\/comments?post=151865"}],"version-history":[{"count":2,"href":"https:\/\/news.canadamotorjobs.com\/fr\/wp-json\/wp\/v2\/posts\/151865\/revisions"}],"predecessor-version":[{"id":151869,"href":"https:\/\/news.canadamotorjobs.com\/fr\/wp-json\/wp\/v2\/posts\/151865\/revisions\/151869"}],"wp:featuredmedia":[{"embeddable":true,"href":"https:\/\/news.canadamotorjobs.com\/fr\/wp-json\/wp\/v2\/media\/151867"}],"wp:attachment":[{"href":"https:\/\/news.canadamotorjobs.com\/fr\/wp-json\/wp\/v2\/media?parent=151865"}],"wp:term":[{"taxonomy":"category","embeddable":true,"href":"https:\/\/news.canadamotorjobs.com\/fr\/wp-json\/wp\/v2\/categories?post=151865"},{"taxonomy":"post_tag","embeddable":true,"href":"https:\/\/news.canadamotorjobs.com\/fr\/wp-json\/wp\/v2\/tags?post=151865"}],"curies":[{"name":"wp","href":"https:\/\/api.w.org\/{rel}","templated":true}]}}