{"id":151834,"date":"2023-09-22T02:35:31","date_gmt":"2023-09-22T06:35:31","guid":{"rendered":"https:\/\/news.canadamotorjobs.com\/?p=151834"},"modified":"2023-09-22T02:40:17","modified_gmt":"2023-09-22T06:40:17","slug":"gottlieb-daimler-un-pionnier-de-lindustrie-automobile","status":"publish","type":"post","link":"https:\/\/news.canadamotorjobs.com\/fr\/gottlieb-daimler-un-pionnier-de-lindustrie-automobile\/","title":{"rendered":"Gottlieb Daimler : Un pionnier de l\u2019industrie automobile"},"content":{"rendered":"<\/p>\n<p>Gottlieb Daimler, un homme aux multiples talents, a laiss\u00e9 une empreinte ind\u00e9l\u00e9bile dans l&#8217;histoire de l&#8217;industrie automobile. En tant qu&#8217;ing\u00e9nieur, designer industriel, industriel visionnaire, et pionnier du moteur \u00e0 combustion interne moderne, sa vie est une source d&#8217;inspiration. D\u00e9couvrons les moments cl\u00e9s de sa vie et de sa carri\u00e8re.<\/p>\n<h3><strong>Les d\u00e9buts<\/strong><\/h3>\n<p>\nGottlieb Daimler na\u00eet \u00e0 Schorndorf, en Allemagne, le 17 mars 1834. Bien que son p\u00e8re souhaite qu&#8217;il devienne employ\u00e9 municipal, le jeune Daimler nourrit une passion pour la m\u00e9canique. Il entreprend un apprentissage chez un armurier et poursuit sa formation \u00e0 l&#8217;\u00e9cole polytechnique de Stuttgart apr\u00e8s quatre ann\u00e9es d&#8217;apprentissage.<\/p>\n<h3><strong>Une carri\u00e8re remarquable<\/strong><\/h3>\n<p>\nDaimler consacre les trois d\u00e9cennies suivantes \u00e0 une carri\u00e8re remarquable. Il travaille en tant qu&#8217;ing\u00e9nieur et directeur technique du d\u00e9veloppement des moteurs pour plusieurs entreprises. C&#8217;est \u00e0 cette \u00e9poque qu&#8217;il forge des partenariats cl\u00e9s, notamment avec Nikolaus August Otto, l&#8217;inventeur du moteur \u00e0 combustion interne \u00e0 quatre temps, et Wilhelm Maybach, son collaborateur de longue date.<\/p>\n<h3><strong>La vision Daimler-Maybach<\/strong><\/h3>\n<p>\nDaimler et Maybach partagent la vision d&#8217;\u00e9laborer de petits moteurs \u00e0 grande vitesse adaptables \u00e0 divers moyens de transport. Ils con\u00e7oivent un pr\u00e9curseur du moteur \u00e0 essence moderne, qu&#8217;ils montent sur un deux-roues, marquant ainsi la naissance de la premi\u00e8re moto. L&#8217;ann\u00e9e suivante, ce moteur propulse une diligence et un bateau, confirmant leur r\u00e9putation de concepteurs avant-gardistes. En 1882, ils fondent une usine \u00e0 Stuttgart d\u00e9di\u00e9e au d\u00e9veloppement de moteurs \u00e0 combustion interne \u00e0 essence l\u00e9gers et rapides, avec l&#8217;intention de les appliquer aux v\u00e9hicules.<\/p>\n<h3><strong>Le triomphe de Paris-Rouen<\/strong><\/h3>\n<p>\nEn 1890, Daimler et Maybach cr\u00e9ent la Daimler Motoren Gesellschaft \u00e0 Stuttgart. L&#8217;ann\u00e9e suivante, ils quittent l&#8217;entreprise pour se consacrer \u00e0 divers projets de d\u00e9veloppement technique et commercial. En 1894, une voiture \u00e9quip\u00e9e d&#8217;un moteur Daimler remporte la premi\u00e8re course automobile internationale, la Paris-Rouen. Ce succ\u00e8s marque un tournant significatif dans l&#8217;histoire de l&#8217;automobile.<\/p>\n<h3><strong>L&#8217;h\u00e9ritage Daimler<\/strong><\/h3>\n<p>\nLe succ\u00e8s de la course Paris-Rouen incite Daimler et Maybach \u00e0 rejoindre la Daimler Motor Company en 1895. En 1900, cette soci\u00e9t\u00e9 produit la premi\u00e8re automobile Mercedes, nomm\u00e9e en l&#8217;honneur de la fille du financier qui soutenait Daimler. Bien que Daimler lui-m\u00eame ne semble pas avoir eu une grande passion pour la conduite, son g\u00e9nie technique a fa\u00e7onn\u00e9 l&#8217;industrie automobile moderne.<\/p>\n<h3><strong>Conclusion<\/strong><\/h3>\n<p>\nGottlieb Daimler, d\u00e9c\u00e9d\u00e9 le 6 mars 1900 \u00e0 l&#8217;\u00e2ge de 65 ans, \u00e0 Stuttgart, en Allemagne, reste une figure embl\u00e9matique de l&#8217;histoire de l&#8217;automobile. Sa soci\u00e9t\u00e9 automobile fusionnera ult\u00e9rieurement avec Benz pour former la l\u00e9gendaire entreprise Mercedes-Benz. Son h\u00e9ritage perdure \u00e0 travers les innovations techniques et les v\u00e9hicules que nous conduisons aujourd&#8217;hui, rappelant son statut de v\u00e9ritable pionnier de l&#8217;industrie automobile moderne.<\/p>\n<p>\u00a0<\/p>\n<p>Le texte <a rel=\"nofollow\" href=\"https:\/\/annuelauto.ca\/gottlieb-daimler-un-pionnier-de-lindustrie-automobile\/\">Gottlieb Daimler : Un pionnier de l\u2019industrie automobile<\/a> provient de <a rel=\"nofollow\" href=\"https:\/\/annuelauto.ca\">L&#8217;annuel de l&#8217;automobile &#8211; Actualit\u00e9 automobile<\/a><\/p>\n<p><\/p>\n","protected":false},"excerpt":{"rendered":"<p>Gottlieb Daimler, un homme aux multiples talents, a laiss\u00e9 une empreinte ind\u00e9l\u00e9bile dans l&#8217;histoire de l&#8217;industrie automobile. En tant qu&#8217;ing\u00e9nieur, designer industriel, industriel visionnaire, et pionnier du moteur \u00e0 combustion interne moderne, sa vie est une source d&#8217;inspiration. D\u00e9couvrons les moments cl\u00e9s de sa vie et de sa carri\u00e8re. Les d\u00e9buts Gottlieb Daimler na\u00eet \u00e0 [&hellip;]<\/p>\n","protected":false},"author":8,"featured_media":151836,"comment_status":"close","ping_status":"closed","sticky":false,"template":"","format":"standard","meta":{"_monsterinsights_skip_tracking":false,"_monsterinsights_sitenote_active":false,"_monsterinsights_sitenote_note":"","_monsterinsights_sitenote_category":0,"footnotes":""},"categories":[101],"tags":[],"yoast_head":"<!-- This site is optimized with the Yoast SEO plugin v23.2 - https:\/\/yoast.com\/wordpress\/plugins\/seo\/ -->\n<title>Gottlieb Daimler : Un pionnier de l\u2019industrie automobile - CanadaMotorJobs.com<\/title>\n<meta name=\"description\" content=\"Gottlieb Daimler : Un pionnier de l\u2019industrie automobile - Benoit Charette - Annuel automobile - CanadaMotorJobs.com.\" \/>\n<meta name=\"robots\" content=\"index, follow, max-snippet:-1, max-image-preview:large, max-video-preview:-1\" \/>\n<meta property=\"og:locale\" content=\"fr_CA\" \/>\n<meta property=\"og:type\" content=\"article\" \/>\n<meta property=\"og:title\" content=\"Gottlieb Daimler : Un pionnier de l\u2019industrie automobile - CanadaMotorJobs.com\" \/>\n<meta property=\"og:description\" content=\"Gottlieb Daimler : Un pionnier de l\u2019industrie automobile - Benoit Charette - Annuel automobile - CanadaMotorJobs.com.\" \/>\n<meta property=\"og:url\" content=\"https:\/\/news.canadamotorjobs.com\/fr\/gottlieb-daimler-un-pionnier-de-lindustrie-automobile\/\" \/>\n<meta property=\"og:site_name\" content=\"CanadaMotorJobs.com\" \/>\n<meta property=\"article:publisher\" content=\"https:\/\/www.facebook.com\/canadamotorjobs\/\" \/>\n<meta property=\"article:published_time\" content=\"2023-09-22T06:35:31+00:00\" \/>\n<meta property=\"article:modified_time\" content=\"2023-09-22T06:40:17+00:00\" \/>\n<meta property=\"og:image\" content=\"https:\/\/news.canadamotorjobs.com\/wp-content\/uploads\/2023\/09\/Gottlieb_Daimler_1890s2-scaled-1.jpg\" \/>\n\t<meta property=\"og:image:width\" content=\"2048\" \/>\n\t<meta property=\"og:image:height\" content=\"2560\" \/>\n\t<meta property=\"og:image:type\" content=\"image\/jpeg\" \/>\n<meta name=\"author\" content=\"Benoit Charette\" \/>\n<meta name=\"twitter:card\" content=\"summary_large_image\" \/>\n<meta name=\"twitter:creator\" content=\"@canadamotorjobs\" \/>\n<meta name=\"twitter:site\" content=\"@canadamotorjobs\" \/>\n<meta name=\"twitter:label1\" content=\"\u00c9crit par\" \/>\n\t<meta name=\"twitter:data1\" content=\"Benoit Charette\" \/>\n\t<meta name=\"twitter:label2\" content=\"Estimation du temps de lecture\" \/>\n\t<meta name=\"twitter:data2\" content=\"2 minutes\" \/>\n<!-- \/ Yoast SEO plugin. -->","yoast_head_json":{"title":"Gottlieb Daimler : Un pionnier de l\u2019industrie automobile - CanadaMotorJobs.com","description":"Gottlieb Daimler : Un pionnier de l\u2019industrie automobile - Benoit Charette - Annuel automobile - CanadaMotorJobs.com.","robots":{"index":"index","follow":"follow","max-snippet":"max-snippet:-1","max-image-preview":"max-image-preview:large","max-video-preview":"max-video-preview:-1"},"og_locale":"fr_CA","og_type":"article","og_title":"Gottlieb Daimler : Un pionnier de l\u2019industrie automobile - CanadaMotorJobs.com","og_description":"Gottlieb Daimler : Un pionnier de l\u2019industrie automobile - Benoit Charette - Annuel automobile - CanadaMotorJobs.com.","og_url":"https:\/\/news.canadamotorjobs.com\/fr\/gottlieb-daimler-un-pionnier-de-lindustrie-automobile\/","og_site_name":"CanadaMotorJobs.com","article_publisher":"https:\/\/www.facebook.com\/canadamotorjobs\/","article_published_time":"2023-09-22T06:35:31+00:00","article_modified_time":"2023-09-22T06:40:17+00:00","og_image":[{"width":2048,"height":2560,"url":"https:\/\/news.canadamotorjobs.com\/wp-content\/uploads\/2023\/09\/Gottlieb_Daimler_1890s2-scaled-1.jpg","type":"image\/jpeg"}],"author":"Benoit Charette","twitter_card":"summary_large_image","twitter_creator":"@canadamotorjobs","twitter_site":"@canadamotorjobs","twitter_misc":{"\u00c9crit par":"Benoit Charette","Estimation du temps de lecture":"2 minutes"},"schema":{"@context":"https:\/\/schema.org","@graph":[{"@type":"Article","@id":"https:\/\/news.canadamotorjobs.com\/fr\/gottlieb-daimler-un-pionnier-de-lindustrie-automobile\/#article","isPartOf":{"@id":"https:\/\/news.canadamotorjobs.com\/fr\/gottlieb-daimler-un-pionnier-de-lindustrie-automobile\/"},"author":{"name":"Benoit Charette","@id":"https:\/\/news.canadamotorjobs.com\/#\/schema\/person\/51793d1f87d44011d7bcc2ed99269a90"},"headline":"Gottlieb Daimler : Un pionnier de l\u2019industrie automobile","datePublished":"2023-09-22T06:35:31+00:00","dateModified":"2023-09-22T06:40:17+00:00","mainEntityOfPage":{"@id":"https:\/\/news.canadamotorjobs.com\/fr\/gottlieb-daimler-un-pionnier-de-lindustrie-automobile\/"},"wordCount":509,"publisher":{"@id":"https:\/\/news.canadamotorjobs.com\/#organization"},"image":{"@id":"https:\/\/news.canadamotorjobs.com\/fr\/gottlieb-daimler-un-pionnier-de-lindustrie-automobile\/#primaryimage"},"thumbnailUrl":"https:\/\/news.canadamotorjobs.com\/wp-content\/uploads\/2023\/09\/Gottlieb_Daimler_1890s2-scaled-1.jpg","articleSection":["Annuel automobile"],"inLanguage":"fr-CA"},{"@type":"WebPage","@id":"https:\/\/news.canadamotorjobs.com\/fr\/gottlieb-daimler-un-pionnier-de-lindustrie-automobile\/","url":"https:\/\/news.canadamotorjobs.com\/fr\/gottlieb-daimler-un-pionnier-de-lindustrie-automobile\/","name":"Gottlieb Daimler : Un pionnier de l\u2019industrie automobile - CanadaMotorJobs.com","isPartOf":{"@id":"https:\/\/news.canadamotorjobs.com\/#website"},"primaryImageOfPage":{"@id":"https:\/\/news.canadamotorjobs.com\/fr\/gottlieb-daimler-un-pionnier-de-lindustrie-automobile\/#primaryimage"},"image":{"@id":"https:\/\/news.canadamotorjobs.com\/fr\/gottlieb-daimler-un-pionnier-de-lindustrie-automobile\/#primaryimage"},"thumbnailUrl":"https:\/\/news.canadamotorjobs.com\/wp-content\/uploads\/2023\/09\/Gottlieb_Daimler_1890s2-scaled-1.jpg","datePublished":"2023-09-22T06:35:31+00:00","dateModified":"2023-09-22T06:40:17+00:00","description":"Gottlieb Daimler : Un pionnier de l\u2019industrie automobile - Benoit Charette - Annuel automobile - CanadaMotorJobs.com.","breadcrumb":{"@id":"https:\/\/news.canadamotorjobs.com\/fr\/gottlieb-daimler-un-pionnier-de-lindustrie-automobile\/#breadcrumb"},"inLanguage":"fr-CA","potentialAction":[{"@type":"ReadAction","target":["https:\/\/news.canadamotorjobs.com\/fr\/gottlieb-daimler-un-pionnier-de-lindustrie-automobile\/"]}]},{"@type":"ImageObject","inLanguage":"fr-CA","@id":"https:\/\/news.canadamotorjobs.com\/fr\/gottlieb-daimler-un-pionnier-de-lindustrie-automobile\/#primaryimage","url":"https:\/\/news.canadamotorjobs.com\/wp-content\/uploads\/2023\/09\/Gottlieb_Daimler_1890s2-scaled-1.jpg","contentUrl":"https:\/\/news.canadamotorjobs.com\/wp-content\/uploads\/2023\/09\/Gottlieb_Daimler_1890s2-scaled-1.jpg","width":2048,"height":2560},{"@type":"BreadcrumbList","@id":"https:\/\/news.canadamotorjobs.com\/fr\/gottlieb-daimler-un-pionnier-de-lindustrie-automobile\/#breadcrumb","itemListElement":[{"@type":"ListItem","position":1,"name":"Home","item":"https:\/\/news.canadamotorjobs.com\/fr\/blog\/"},{"@type":"ListItem","position":2,"name":"Gottlieb Daimler : Un pionnier de l\u2019industrie automobile"}]},{"@type":"WebSite","@id":"https:\/\/news.canadamotorjobs.com\/#website","url":"https:\/\/news.canadamotorjobs.com\/","name":"CanadaMotorJobs.com","description":"Automotive Jobs","publisher":{"@id":"https:\/\/news.canadamotorjobs.com\/#organization"},"potentialAction":[{"@type":"SearchAction","target":{"@type":"EntryPoint","urlTemplate":"https:\/\/news.canadamotorjobs.com\/?s={search_term_string}"},"query-input":"required name=search_term_string"}],"inLanguage":"fr-CA"},{"@type":"Organization","@id":"https:\/\/news.canadamotorjobs.com\/#organization","name":"Canada Motor Jobs","url":"https:\/\/news.canadamotorjobs.com\/","logo":{"@type":"ImageObject","inLanguage":"fr-CA","@id":"https:\/\/news.canadamotorjobs.com\/#\/schema\/logo\/image\/","url":"https:\/\/news.canadamotorjobs.com\/wp-content\/uploads\/2022\/10\/logo-canada-motor-jobs-1.png","contentUrl":"https:\/\/news.canadamotorjobs.com\/wp-content\/uploads\/2022\/10\/logo-canada-motor-jobs-1.png","width":800,"height":400,"caption":"Canada Motor Jobs"},"image":{"@id":"https:\/\/news.canadamotorjobs.com\/#\/schema\/logo\/image\/"},"sameAs":["https:\/\/www.facebook.com\/canadamotorjobs\/","https:\/\/x.com\/canadamotorjobs","https:\/\/www.instagram.com\/canadamotorjobs\/","https:\/\/www.linkedin.com\/company\/canadamotorjobs"]},{"@type":"Person","@id":"https:\/\/news.canadamotorjobs.com\/#\/schema\/person\/51793d1f87d44011d7bcc2ed99269a90","name":"Benoit Charette","image":{"@type":"ImageObject","inLanguage":"fr-CA","@id":"https:\/\/news.canadamotorjobs.com\/#\/schema\/person\/image\/","url":"https:\/\/secure.gravatar.com\/avatar\/45f3d2eebcccd909668d7ce7ea7267b6?s=96&d=mm&r=g","contentUrl":"https:\/\/secure.gravatar.com\/avatar\/45f3d2eebcccd909668d7ce7ea7267b6?s=96&d=mm&r=g","caption":"Benoit Charette"},"description":"Benoit Charette \/ Propri\u00e9taire et r\u00e9dacteur en chef Benoit Charette pratique le journalisme automobile depuis bient\u00f4t 30 ans. Il a fait ses classes au c\u00f4t\u00e9 de Daniel H\u00e9raud et au Carnet de route de 1992 \u00e0 2001. Il est fondateur, copropri\u00e9taire et r\u00e9dacteur en chef de L\u2019Annuel de l\u2019automobile, qu\u2019il publie depuis 2001. Il a anim\u00e9 les \u00e9missions RPM et RPM+ sur V et les L\u00e9gendes de la route sur Historia. \u00c0 la radio depuis 1986, il reprend l\u2019antenne cette ann\u00e9e sur les ondes de Cogeco et participe pour la deuxi\u00e8me ann\u00e9e \u00e0 l\u2019\u00e9mission Passion Auto sur RDS en plus de mettre en ligne le site Web officiel de L\u2019Annuel de l\u2019automobile sur annuelauto.ca.","sameAs":["https:\/\/annuelauto.ca\/"],"url":"https:\/\/news.canadamotorjobs.com\/fr\/author\/benoit-charette\/"}]}},"_links":{"self":[{"href":"https:\/\/news.canadamotorjobs.com\/fr\/wp-json\/wp\/v2\/posts\/151834"}],"collection":[{"href":"https:\/\/news.canadamotorjobs.com\/fr\/wp-json\/wp\/v2\/posts"}],"about":[{"href":"https:\/\/news.canadamotorjobs.com\/fr\/wp-json\/wp\/v2\/types\/post"}],"author":[{"embeddable":true,"href":"https:\/\/news.canadamotorjobs.com\/fr\/wp-json\/wp\/v2\/users\/8"}],"replies":[{"embeddable":true,"href":"https:\/\/news.canadamotorjobs.com\/fr\/wp-json\/wp\/v2\/comments?post=151834"}],"version-history":[{"count":2,"href":"https:\/\/news.canadamotorjobs.com\/fr\/wp-json\/wp\/v2\/posts\/151834\/revisions"}],"predecessor-version":[{"id":151838,"href":"https:\/\/news.canadamotorjobs.com\/fr\/wp-json\/wp\/v2\/posts\/151834\/revisions\/151838"}],"wp:featuredmedia":[{"embeddable":true,"href":"https:\/\/news.canadamotorjobs.com\/fr\/wp-json\/wp\/v2\/media\/151836"}],"wp:attachment":[{"href":"https:\/\/news.canadamotorjobs.com\/fr\/wp-json\/wp\/v2\/media?parent=151834"}],"wp:term":[{"taxonomy":"category","embeddable":true,"href":"https:\/\/news.canadamotorjobs.com\/fr\/wp-json\/wp\/v2\/categories?post=151834"},{"taxonomy":"post_tag","embeddable":true,"href":"https:\/\/news.canadamotorjobs.com\/fr\/wp-json\/wp\/v2\/tags?post=151834"}],"curies":[{"name":"wp","href":"https:\/\/api.w.org\/{rel}","templated":true}]}}