{"id":151807,"date":"2023-09-21T13:54:09","date_gmt":"2023-09-21T17:54:09","guid":{"rendered":"https:\/\/news.canadamotorjobs.com\/?p=151807"},"modified":"2023-09-21T14:00:42","modified_gmt":"2023-09-21T18:00:42","slug":"le-royaume-uni-repousse-linterdiction-des-moteurs-a-combustion-interne-a-2035","status":"publish","type":"post","link":"https:\/\/news.canadamotorjobs.com\/fr\/le-royaume-uni-repousse-linterdiction-des-moteurs-a-combustion-interne-a-2035\/","title":{"rendered":"Le Royaume-Uni repousse l\u2019interdiction des moteurs \u00e0 combustion interne \u00e0 2035"},"content":{"rendered":"<\/p>\n<p>Le gouvernement britannique, dirig\u00e9 par le Premier ministre Rishi Sunak, a surpris tout le monde en faisant marche arri\u00e8re sur l&#8217;interdiction des voitures \u00e0 moteur \u00e0 combustion interne, pr\u00e9vue pour 2030, suscitant de vives r\u00e9actions.<\/p>\n<h3><strong>La volte-face du gouvernement britannique face \u00e0 l&#8217;interdiction des voitures \u00e0 essence et diesel<\/strong><\/h3>\n<p>\nDans un discours inattendu, le Premier ministre Rishi Sunak a justifi\u00e9 cette d\u00e9cision en \u00e9voquant les pr\u00e9occupations des travailleurs et le besoin d&#8217;un d\u00e9bat national \u00e9clair\u00e9 sur les questions environnementales. Cette d\u00e9cision a suscit\u00e9 un d\u00e9bat houleux au sein de son propre parti, des critiques l&#8217;accusant de mettre en p\u00e9ril la position internationale du Royaume-Uni.<\/p>\n<h3><strong>R\u00e9actions n\u00e9gatives de personnalit\u00e9s politiques, experts environnementaux et constructeurs automobiles<\/strong><\/h3>\n<p>\nPlusieurs personnalit\u00e9s politiques, dont Alok Sharma et Sir Simon Clarke, ont vivement critiqu\u00e9 cette volte-face, affirmant qu&#8217;elle n&#8217;\u00e9tait ni \u00e9conomiquement ni moralement justifi\u00e9e. M\u00eame l&#8217;ancien Premier ministre Boris Johnson a exprim\u00e9 son inqui\u00e9tude quant \u00e0 l&#8217;impact sur les entreprises et a appel\u00e9 \u00e0 des engagements clairs en mati\u00e8re d&#8217;\u00e9missions nettes z\u00e9ro. Certains appellent m\u00eame \u00e0 des \u00e9lections g\u00e9n\u00e9rales.<\/p>\n<h3><strong>L&#8217;impact sur l&#8217;industrie automobile et les appels \u00e0 la coh\u00e9rence<\/strong><\/h3>\n<p>\nLes constructeurs automobiles, qui avaient commenc\u00e9 \u00e0 investir massivement dans les v\u00e9hicules \u00e9lectriques, sont \u00e9galement m\u00e9contents de cette d\u00e9cision soudaine. Ford UK a soulign\u00e9 l&#8217;importance de l&#8217;ambition, de l&#8217;engagement et de la coh\u00e9rence de la politique gouvernementale pour soutenir le march\u00e9 des v\u00e9hicules \u00e9lectriques. Les experts de l&#8217;industrie estiment que cette d\u00e9cision envoie un signal n\u00e9gatif \u00e0 l&#8217;industrie et aux consommateurs, mettant en danger la position du Royaume-Uni en tant que leader de la mobilit\u00e9 z\u00e9ro \u00e9mission.<\/p>\n<p>Il est d\u00e9cevant de constater que le Royaume-Uni, qui avait jou\u00e9 un r\u00f4le cl\u00e9 dans le d\u00e9veloppement de la technologie \u00e9lectrique, semble d\u00e9sormais cr\u00e9er de l&#8217;incertitude en modifiant les r\u00e8gles du jeu, malgr\u00e9 son engagement pr\u00e9c\u00e9dent dans l&#8217;\u00e9lectrification.<\/p>\n<p>\u00a0<\/p>\n<p>Avec des renseignements d\u2019Autocar<\/p>\n<p>\u00a0<\/p>\n<p>Le texte <a rel=\"nofollow\" href=\"https:\/\/annuelauto.ca\/le-royaume-uni-repousse-linterdiction-des-moteurs-a-combustion-interne-a-2035\/\">Le Royaume-Uni repousse l\u2019interdiction des moteurs \u00e0 combustion interne \u00e0 2035<\/a> provient de <a rel=\"nofollow\" href=\"https:\/\/annuelauto.ca\">L&#8217;annuel de l&#8217;automobile &#8211; Actualit\u00e9 automobile<\/a><\/p>\n<p><\/p>\n","protected":false},"excerpt":{"rendered":"<p>Le gouvernement britannique, dirig\u00e9 par le Premier ministre Rishi Sunak, a surpris tout le monde en faisant marche arri\u00e8re sur l&#8217;interdiction des voitures \u00e0 moteur \u00e0 combustion interne, pr\u00e9vue pour 2030, suscitant de vives r\u00e9actions. La volte-face du gouvernement britannique face \u00e0 l&#8217;interdiction des voitures \u00e0 essence et diesel Dans un discours inattendu, le Premier [&hellip;]<\/p>\n","protected":false},"author":8,"featured_media":151809,"comment_status":"close","ping_status":"closed","sticky":false,"template":"","format":"standard","meta":{"_monsterinsights_skip_tracking":false,"_monsterinsights_sitenote_active":false,"_monsterinsights_sitenote_note":"","_monsterinsights_sitenote_category":0,"footnotes":""},"categories":[101],"tags":[],"yoast_head":"<!-- This site is optimized with the Yoast SEO plugin v23.2 - https:\/\/yoast.com\/wordpress\/plugins\/seo\/ -->\n<title>Le Royaume-Uni repousse l\u2019interdiction des moteurs \u00e0 combustion interne \u00e0 2035 - CanadaMotorJobs.com<\/title>\n<meta name=\"description\" content=\"Le Royaume-Uni repousse l\u2019interdiction des moteurs \u00e0 combustion interne \u00e0 2035 - Benoit Charette - Annuel automobile - CanadaMotorJobs.com.\" \/>\n<meta name=\"robots\" content=\"index, follow, max-snippet:-1, max-image-preview:large, max-video-preview:-1\" \/>\n<meta property=\"og:locale\" content=\"fr_CA\" \/>\n<meta property=\"og:type\" content=\"article\" \/>\n<meta property=\"og:title\" content=\"Le Royaume-Uni repousse l\u2019interdiction des moteurs \u00e0 combustion interne \u00e0 2035 - CanadaMotorJobs.com\" \/>\n<meta property=\"og:description\" content=\"Le Royaume-Uni repousse l\u2019interdiction des moteurs \u00e0 combustion interne \u00e0 2035 - Benoit Charette - Annuel automobile - CanadaMotorJobs.com.\" \/>\n<meta property=\"og:url\" content=\"https:\/\/news.canadamotorjobs.com\/fr\/le-royaume-uni-repousse-linterdiction-des-moteurs-a-combustion-interne-a-2035\/\" \/>\n<meta property=\"og:site_name\" content=\"CanadaMotorJobs.com\" \/>\n<meta property=\"article:publisher\" content=\"https:\/\/www.facebook.com\/canadamotorjobs\/\" \/>\n<meta property=\"article:published_time\" content=\"2023-09-21T17:54:09+00:00\" \/>\n<meta property=\"article:modified_time\" content=\"2023-09-21T18:00:42+00:00\" \/>\n<meta property=\"og:image\" content=\"https:\/\/news.canadamotorjobs.com\/wp-content\/uploads\/2023\/09\/Official_portrait_of_Rishi_Sunak_crop_2_cropped.jpg\" \/>\n\t<meta property=\"og:image:width\" content=\"1548\" \/>\n\t<meta property=\"og:image:height\" content=\"1824\" \/>\n\t<meta property=\"og:image:type\" content=\"image\/jpeg\" \/>\n<meta name=\"author\" content=\"Benoit Charette\" \/>\n<meta name=\"twitter:card\" content=\"summary_large_image\" \/>\n<meta name=\"twitter:creator\" content=\"@canadamotorjobs\" \/>\n<meta name=\"twitter:site\" content=\"@canadamotorjobs\" \/>\n<meta name=\"twitter:label1\" content=\"\u00c9crit par\" \/>\n\t<meta name=\"twitter:data1\" content=\"Benoit Charette\" \/>\n\t<meta name=\"twitter:label2\" content=\"Estimation du temps de lecture\" \/>\n\t<meta name=\"twitter:data2\" content=\"2 minutes\" \/>\n<!-- \/ Yoast SEO plugin. -->","yoast_head_json":{"title":"Le Royaume-Uni repousse l\u2019interdiction des moteurs \u00e0 combustion interne \u00e0 2035 - CanadaMotorJobs.com","description":"Le Royaume-Uni repousse l\u2019interdiction des moteurs \u00e0 combustion interne \u00e0 2035 - Benoit Charette - Annuel automobile - CanadaMotorJobs.com.","robots":{"index":"index","follow":"follow","max-snippet":"max-snippet:-1","max-image-preview":"max-image-preview:large","max-video-preview":"max-video-preview:-1"},"og_locale":"fr_CA","og_type":"article","og_title":"Le Royaume-Uni repousse l\u2019interdiction des moteurs \u00e0 combustion interne \u00e0 2035 - CanadaMotorJobs.com","og_description":"Le Royaume-Uni repousse l\u2019interdiction des moteurs \u00e0 combustion interne \u00e0 2035 - Benoit Charette - Annuel automobile - CanadaMotorJobs.com.","og_url":"https:\/\/news.canadamotorjobs.com\/fr\/le-royaume-uni-repousse-linterdiction-des-moteurs-a-combustion-interne-a-2035\/","og_site_name":"CanadaMotorJobs.com","article_publisher":"https:\/\/www.facebook.com\/canadamotorjobs\/","article_published_time":"2023-09-21T17:54:09+00:00","article_modified_time":"2023-09-21T18:00:42+00:00","og_image":[{"width":1548,"height":1824,"url":"https:\/\/news.canadamotorjobs.com\/wp-content\/uploads\/2023\/09\/Official_portrait_of_Rishi_Sunak_crop_2_cropped.jpg","type":"image\/jpeg"}],"author":"Benoit Charette","twitter_card":"summary_large_image","twitter_creator":"@canadamotorjobs","twitter_site":"@canadamotorjobs","twitter_misc":{"\u00c9crit par":"Benoit Charette","Estimation du temps de lecture":"2 minutes"},"schema":{"@context":"https:\/\/schema.org","@graph":[{"@type":"Article","@id":"https:\/\/news.canadamotorjobs.com\/fr\/le-royaume-uni-repousse-linterdiction-des-moteurs-a-combustion-interne-a-2035\/#article","isPartOf":{"@id":"https:\/\/news.canadamotorjobs.com\/fr\/le-royaume-uni-repousse-linterdiction-des-moteurs-a-combustion-interne-a-2035\/"},"author":{"name":"Benoit Charette","@id":"https:\/\/news.canadamotorjobs.com\/#\/schema\/person\/51793d1f87d44011d7bcc2ed99269a90"},"headline":"Le Royaume-Uni repousse l\u2019interdiction des moteurs \u00e0 combustion interne \u00e0 2035","datePublished":"2023-09-21T17:54:09+00:00","dateModified":"2023-09-21T18:00:42+00:00","mainEntityOfPage":{"@id":"https:\/\/news.canadamotorjobs.com\/fr\/le-royaume-uni-repousse-linterdiction-des-moteurs-a-combustion-interne-a-2035\/"},"wordCount":377,"publisher":{"@id":"https:\/\/news.canadamotorjobs.com\/#organization"},"image":{"@id":"https:\/\/news.canadamotorjobs.com\/fr\/le-royaume-uni-repousse-linterdiction-des-moteurs-a-combustion-interne-a-2035\/#primaryimage"},"thumbnailUrl":"https:\/\/news.canadamotorjobs.com\/wp-content\/uploads\/2023\/09\/Official_portrait_of_Rishi_Sunak_crop_2_cropped.jpg","articleSection":["Annuel automobile"],"inLanguage":"fr-CA"},{"@type":"WebPage","@id":"https:\/\/news.canadamotorjobs.com\/fr\/le-royaume-uni-repousse-linterdiction-des-moteurs-a-combustion-interne-a-2035\/","url":"https:\/\/news.canadamotorjobs.com\/fr\/le-royaume-uni-repousse-linterdiction-des-moteurs-a-combustion-interne-a-2035\/","name":"Le Royaume-Uni repousse l\u2019interdiction des moteurs \u00e0 combustion interne \u00e0 2035 - CanadaMotorJobs.com","isPartOf":{"@id":"https:\/\/news.canadamotorjobs.com\/#website"},"primaryImageOfPage":{"@id":"https:\/\/news.canadamotorjobs.com\/fr\/le-royaume-uni-repousse-linterdiction-des-moteurs-a-combustion-interne-a-2035\/#primaryimage"},"image":{"@id":"https:\/\/news.canadamotorjobs.com\/fr\/le-royaume-uni-repousse-linterdiction-des-moteurs-a-combustion-interne-a-2035\/#primaryimage"},"thumbnailUrl":"https:\/\/news.canadamotorjobs.com\/wp-content\/uploads\/2023\/09\/Official_portrait_of_Rishi_Sunak_crop_2_cropped.jpg","datePublished":"2023-09-21T17:54:09+00:00","dateModified":"2023-09-21T18:00:42+00:00","description":"Le Royaume-Uni repousse l\u2019interdiction des moteurs \u00e0 combustion interne \u00e0 2035 - Benoit Charette - Annuel automobile - CanadaMotorJobs.com.","breadcrumb":{"@id":"https:\/\/news.canadamotorjobs.com\/fr\/le-royaume-uni-repousse-linterdiction-des-moteurs-a-combustion-interne-a-2035\/#breadcrumb"},"inLanguage":"fr-CA","potentialAction":[{"@type":"ReadAction","target":["https:\/\/news.canadamotorjobs.com\/fr\/le-royaume-uni-repousse-linterdiction-des-moteurs-a-combustion-interne-a-2035\/"]}]},{"@type":"ImageObject","inLanguage":"fr-CA","@id":"https:\/\/news.canadamotorjobs.com\/fr\/le-royaume-uni-repousse-linterdiction-des-moteurs-a-combustion-interne-a-2035\/#primaryimage","url":"https:\/\/news.canadamotorjobs.com\/wp-content\/uploads\/2023\/09\/Official_portrait_of_Rishi_Sunak_crop_2_cropped.jpg","contentUrl":"https:\/\/news.canadamotorjobs.com\/wp-content\/uploads\/2023\/09\/Official_portrait_of_Rishi_Sunak_crop_2_cropped.jpg","width":1548,"height":1824},{"@type":"BreadcrumbList","@id":"https:\/\/news.canadamotorjobs.com\/fr\/le-royaume-uni-repousse-linterdiction-des-moteurs-a-combustion-interne-a-2035\/#breadcrumb","itemListElement":[{"@type":"ListItem","position":1,"name":"Home","item":"https:\/\/news.canadamotorjobs.com\/fr\/blog\/"},{"@type":"ListItem","position":2,"name":"Le Royaume-Uni repousse l\u2019interdiction des moteurs \u00e0 combustion interne \u00e0 2035"}]},{"@type":"WebSite","@id":"https:\/\/news.canadamotorjobs.com\/#website","url":"https:\/\/news.canadamotorjobs.com\/","name":"CanadaMotorJobs.com","description":"Automotive Jobs","publisher":{"@id":"https:\/\/news.canadamotorjobs.com\/#organization"},"potentialAction":[{"@type":"SearchAction","target":{"@type":"EntryPoint","urlTemplate":"https:\/\/news.canadamotorjobs.com\/?s={search_term_string}"},"query-input":"required name=search_term_string"}],"inLanguage":"fr-CA"},{"@type":"Organization","@id":"https:\/\/news.canadamotorjobs.com\/#organization","name":"Canada Motor Jobs","url":"https:\/\/news.canadamotorjobs.com\/","logo":{"@type":"ImageObject","inLanguage":"fr-CA","@id":"https:\/\/news.canadamotorjobs.com\/#\/schema\/logo\/image\/","url":"https:\/\/news.canadamotorjobs.com\/wp-content\/uploads\/2022\/10\/logo-canada-motor-jobs-1.png","contentUrl":"https:\/\/news.canadamotorjobs.com\/wp-content\/uploads\/2022\/10\/logo-canada-motor-jobs-1.png","width":800,"height":400,"caption":"Canada Motor Jobs"},"image":{"@id":"https:\/\/news.canadamotorjobs.com\/#\/schema\/logo\/image\/"},"sameAs":["https:\/\/www.facebook.com\/canadamotorjobs\/","https:\/\/x.com\/canadamotorjobs","https:\/\/www.instagram.com\/canadamotorjobs\/","https:\/\/www.linkedin.com\/company\/canadamotorjobs"]},{"@type":"Person","@id":"https:\/\/news.canadamotorjobs.com\/#\/schema\/person\/51793d1f87d44011d7bcc2ed99269a90","name":"Benoit Charette","image":{"@type":"ImageObject","inLanguage":"fr-CA","@id":"https:\/\/news.canadamotorjobs.com\/#\/schema\/person\/image\/","url":"https:\/\/secure.gravatar.com\/avatar\/45f3d2eebcccd909668d7ce7ea7267b6?s=96&d=mm&r=g","contentUrl":"https:\/\/secure.gravatar.com\/avatar\/45f3d2eebcccd909668d7ce7ea7267b6?s=96&d=mm&r=g","caption":"Benoit Charette"},"description":"Benoit Charette \/ Propri\u00e9taire et r\u00e9dacteur en chef Benoit Charette pratique le journalisme automobile depuis bient\u00f4t 30 ans. Il a fait ses classes au c\u00f4t\u00e9 de Daniel H\u00e9raud et au Carnet de route de 1992 \u00e0 2001. Il est fondateur, copropri\u00e9taire et r\u00e9dacteur en chef de L\u2019Annuel de l\u2019automobile, qu\u2019il publie depuis 2001. Il a anim\u00e9 les \u00e9missions RPM et RPM+ sur V et les L\u00e9gendes de la route sur Historia. \u00c0 la radio depuis 1986, il reprend l\u2019antenne cette ann\u00e9e sur les ondes de Cogeco et participe pour la deuxi\u00e8me ann\u00e9e \u00e0 l\u2019\u00e9mission Passion Auto sur RDS en plus de mettre en ligne le site Web officiel de L\u2019Annuel de l\u2019automobile sur annuelauto.ca.","sameAs":["https:\/\/annuelauto.ca\/"],"url":"https:\/\/news.canadamotorjobs.com\/fr\/author\/benoit-charette\/"}]}},"_links":{"self":[{"href":"https:\/\/news.canadamotorjobs.com\/fr\/wp-json\/wp\/v2\/posts\/151807"}],"collection":[{"href":"https:\/\/news.canadamotorjobs.com\/fr\/wp-json\/wp\/v2\/posts"}],"about":[{"href":"https:\/\/news.canadamotorjobs.com\/fr\/wp-json\/wp\/v2\/types\/post"}],"author":[{"embeddable":true,"href":"https:\/\/news.canadamotorjobs.com\/fr\/wp-json\/wp\/v2\/users\/8"}],"replies":[{"embeddable":true,"href":"https:\/\/news.canadamotorjobs.com\/fr\/wp-json\/wp\/v2\/comments?post=151807"}],"version-history":[{"count":2,"href":"https:\/\/news.canadamotorjobs.com\/fr\/wp-json\/wp\/v2\/posts\/151807\/revisions"}],"predecessor-version":[{"id":151811,"href":"https:\/\/news.canadamotorjobs.com\/fr\/wp-json\/wp\/v2\/posts\/151807\/revisions\/151811"}],"wp:featuredmedia":[{"embeddable":true,"href":"https:\/\/news.canadamotorjobs.com\/fr\/wp-json\/wp\/v2\/media\/151809"}],"wp:attachment":[{"href":"https:\/\/news.canadamotorjobs.com\/fr\/wp-json\/wp\/v2\/media?parent=151807"}],"wp:term":[{"taxonomy":"category","embeddable":true,"href":"https:\/\/news.canadamotorjobs.com\/fr\/wp-json\/wp\/v2\/categories?post=151807"},{"taxonomy":"post_tag","embeddable":true,"href":"https:\/\/news.canadamotorjobs.com\/fr\/wp-json\/wp\/v2\/tags?post=151807"}],"curies":[{"name":"wp","href":"https:\/\/api.w.org\/{rel}","templated":true}]}}