{"id":151784,"date":"2023-09-21T12:44:20","date_gmt":"2023-09-21T16:44:20","guid":{"rendered":"https:\/\/news.canadamotorjobs.com\/?p=151784"},"modified":"2023-09-21T12:45:55","modified_gmt":"2023-09-21T16:45:55","slug":"volvo-xc90-recharge","status":"publish","type":"post","link":"https:\/\/news.canadamotorjobs.com\/fr\/volvo-xc90-recharge\/","title":{"rendered":"Volvo XC90 Recharge"},"content":{"rendered":"<\/p>\n<p>M\u00eame apr\u00e8s huit ans sur le march\u00e9, le XC90 demeure une ic\u00f4ne d&#8217;\u00e9l\u00e9gance. Son charme transcende le temps, en faisant l&#8217;un des mod\u00e8les les plus raffin\u00e9s de son segment.<\/p>\n<h3><em>Un int\u00e9rieur raffin\u00e9<\/em><\/h3>\n<p>\nL&#8217;habitacle du XC90 est une ode \u00e0 la simplicit\u00e9 et \u00e0 la modernit\u00e9. Il marie subtilement des lignes \u00e9pur\u00e9es \u00e0 des mat\u00e9riaux somptueux. Ses si\u00e8ges douillets et son g\u00e9n\u00e9reux espace invitent \u00e0 de longs p\u00e9riples, bien que la troisi\u00e8me rang\u00e9e puisse s&#8217;av\u00e9rer un peu exigu\u00eb.<\/p>\n<h3><strong>Puissance vari\u00e9e sous le capot<\/strong><\/h3>\n<p>\nTrois groupes motopropulseurs se tiennent \u00e0 votre disposition, offrant des niveaux de puissance variant de 247 chevaux pour la version d&#8217;entr\u00e9e de gamme B5 \u00e0 455 chevaux pour la version hybride rechargeable comme notre mod\u00e8le \u00e0 l\u2019essai. Cette derni\u00e8re est en mesure de parcourir un peu plus de 50 km en mode \u00e9lectrique.<\/p>\n<h3><em>Quelques imperfections<\/em><\/h3>\n<p>\nCependant, nul v\u00e9hicule n&#8217;est parfait. L&#8217;\u00e9cran du tableau de bord, de taille r\u00e9duite, et la complexit\u00e9 des commandes de l&#8217;\u00e9cran tactile de l&#8217;infodivertissement peuvent laisser certains acheteurs sur leur faim. Malgr\u00e9 cela, les atouts du XC90 l&#8217;emportent nettement sur ses lacunes.<\/p>\n<h3><strong>Int\u00e9rieur<\/strong><\/h3>\n<p>\nLe th\u00e8me sombre des derni\u00e8res ann\u00e9es, avec ses garnitures noires, c\u00e8de la place au th\u00e8me illumin\u00e9 et ses \u00e9l\u00e9ments chrom\u00e9s. Parmi les autres mises \u00e0 jour, les vitres lat\u00e9rales feuillet\u00e9es plus \u00e9paisse sont de s\u00e9rie sur la version Ultimate, et un ensemble de jantes et de pneus de 22 pouces est d\u00e9sormais disponible sur le mod\u00e8le Ultimate<\/p>\n<h3><strong>Performances sous le capot<\/strong><\/h3>\n<p>\nM\u00eame les mod\u00e8les B5 et B6 sont assist\u00e9s par un moteur \u00e9lectrique de 48 volts. Le B5 offre un moteur turbocompress\u00e9 de 2,0 litres, d\u00e9veloppant 247 chevaux, tandis que le B6, disponible sur les versions Plus et de s\u00e9rie sur les versions Ultimate, d\u00e9livre une puissance de 295 chevaux. Quant au XC90 Recharge, hybride rechargeable de 455 chevaux, il tr\u00f4ne en tant que le plus puissant du groupe. Tous les XC90 sont dot\u00e9s d&#8217;une transmission int\u00e9grale et d&#8217;une bo\u00eete automatique \u00e0 huit rapports. Notre mod\u00e8le Recharge a impressionn\u00e9 en atteignant 100 km\/h en seulement 4,8 secondes. La tenue de route du XC90 est typique de sa cat\u00e9gorie, inclinant l\u00e9g\u00e8rement dans les virages. Cependant, sa direction pr\u00e9cise et son volant bien pond\u00e9r\u00e9 font la diff\u00e9rence.<\/p>\n<h3><strong>Capacit\u00e9 de remorquage et charge utile<\/strong><\/h3>\n<p>\nLorsqu&#8217;il s&#8217;agit de remorquer, tous les XC90 ne sont pas cr\u00e9\u00e9s \u00e9gaux. Les XC90 \u00e9quip\u00e9s du groupe motopropulseur B6 de 295 chevaux et du XC90 Recharge peuvent tous deux remorquer jusqu&#8217;\u00e0 5 000 livres. Cependant, les XC90 \u00e9quip\u00e9s du groupe motopropulseur B5 de base ne peuvent pas d\u00e9passer les 4 000 livres.<\/p>\n<h3><strong>Confort et conduite<\/strong><\/h3>\n<p>\nL&#8217;int\u00e9rieur du XC90 est un chef-d&#8217;\u0153uvre de design, alliant esth\u00e9tique attrayante et mat\u00e9riaux haut de gamme. Les si\u00e8ges offrent un confort exceptionnel, mais la troisi\u00e8me rang\u00e9e n&#8217;est pas id\u00e9ale pour les adultes lors de longs trajets. Sur la route, le XC90 se comporte avec souplesse. La version Recharge T8, avec son moteur hybride rechargeable, offre une conduite fluide en ville et une acc\u00e9l\u00e9ration robuste sur autoroute. Les freins, bien que l\u00e9g\u00e8rement moins performants en cas de freinage d&#8217;urgence, offrent une modulation pr\u00e9cise. Son confort est sans doute sa plus grande qualit\u00e9. Les si\u00e8ges en cuir de notre mod\u00e8le \u00e0 l\u2019essai sont fermes, mais tr\u00e8s confortables. L&#8217;isolation phonique est exemplaire, cr\u00e9ant un cocon de tranquillit\u00e9 \u00e0 l&#8217;int\u00e9rieur de la cabine. Au chapitre de la consommation, il faut s\u2019attendre \u00e0 environ 9 litres aux 100 km. Il ne faut pas oublier de brancher d\u00e8s vous en avez l\u2019occasion.<\/p>\n<h3><strong>Technologie de pointe<\/strong><\/h3>\n<p>\nLe XC90 brille \u00e9galement sur le plan technologique. Le syst\u00e8me audio Bowers &amp; Wilkins en option est un ravissement pour les oreilles, tandis que l&#8217;infodivertissement, bien que parfois complexe, regorge de fonctionnalit\u00e9s. Les aides \u00e0 la conduite de Volvo sont de premier ordre, avec un r\u00e9gulateur de vitesse adaptatif et un syst\u00e8me de maintien de trajectoire efficace. Le Volvo comme le grand vin, vieillit bien et il offre un charme unique qui en fait une alternative int\u00e9ressante aux mod\u00e8les allemands. Le prix de base pour notre mod\u00e8le Ultimate \u00e0 l\u2019essai se situe \u00e0 un peu plus de 97\u00a0000 $ avant d\u2019aller piger dans la liste des options.<\/p>\n<p>\u00a0<\/p>\n<p>Le texte <a rel=\"nofollow\" href=\"https:\/\/annuelauto.ca\/volvo-xc90-recharge\/\">Volvo XC90 Recharge<\/a> provient de <a rel=\"nofollow\" href=\"https:\/\/annuelauto.ca\">L&#8217;annuel de l&#8217;automobile &#8211; Actualit\u00e9 automobile<\/a><\/p>\n<p><\/p>\n","protected":false},"excerpt":{"rendered":"<p>M\u00eame apr\u00e8s huit ans sur le march\u00e9, le XC90 demeure une ic\u00f4ne d&#8217;\u00e9l\u00e9gance. Son charme transcende le temps, en faisant l&#8217;un des mod\u00e8les les plus raffin\u00e9s de son segment. Un int\u00e9rieur raffin\u00e9 L&#8217;habitacle du XC90 est une ode \u00e0 la simplicit\u00e9 et \u00e0 la modernit\u00e9. Il marie subtilement des lignes \u00e9pur\u00e9es \u00e0 des mat\u00e9riaux somptueux. [&hellip;]<\/p>\n","protected":false},"author":8,"featured_media":151786,"comment_status":"close","ping_status":"closed","sticky":false,"template":"","format":"standard","meta":{"_monsterinsights_skip_tracking":false,"_monsterinsights_sitenote_active":false,"_monsterinsights_sitenote_note":"","_monsterinsights_sitenote_category":0,"footnotes":""},"categories":[101],"tags":[],"yoast_head":"<!-- This site is optimized with the Yoast SEO plugin v23.2 - https:\/\/yoast.com\/wordpress\/plugins\/seo\/ -->\n<title>Volvo XC90 Recharge - CanadaMotorJobs.com<\/title>\n<meta name=\"description\" content=\"Volvo XC90 Recharge - Benoit Charette - Annuel automobile - CanadaMotorJobs.com.\" \/>\n<meta name=\"robots\" content=\"index, follow, max-snippet:-1, max-image-preview:large, max-video-preview:-1\" \/>\n<meta property=\"og:locale\" content=\"fr_CA\" \/>\n<meta property=\"og:type\" content=\"article\" \/>\n<meta property=\"og:title\" content=\"Volvo XC90 Recharge - CanadaMotorJobs.com\" \/>\n<meta property=\"og:description\" content=\"Volvo XC90 Recharge - Benoit Charette - Annuel automobile - CanadaMotorJobs.com.\" \/>\n<meta property=\"og:url\" content=\"https:\/\/news.canadamotorjobs.com\/fr\/volvo-xc90-recharge\/\" \/>\n<meta property=\"og:site_name\" content=\"CanadaMotorJobs.com\" \/>\n<meta property=\"article:publisher\" content=\"https:\/\/www.facebook.com\/canadamotorjobs\/\" \/>\n<meta property=\"article:published_time\" content=\"2023-09-21T16:44:20+00:00\" \/>\n<meta property=\"article:modified_time\" content=\"2023-09-21T16:45:55+00:00\" \/>\n<meta property=\"og:image\" content=\"https:\/\/news.canadamotorjobs.com\/wp-content\/uploads\/2023\/09\/294651_XC90_Recharge_T8_AWD_Denim_Blue.jpg\" \/>\n\t<meta property=\"og:image:width\" content=\"1200\" \/>\n\t<meta property=\"og:image:height\" content=\"800\" \/>\n\t<meta property=\"og:image:type\" content=\"image\/jpeg\" \/>\n<meta name=\"author\" content=\"Benoit Charette\" \/>\n<meta name=\"twitter:card\" content=\"summary_large_image\" \/>\n<meta name=\"twitter:creator\" content=\"@canadamotorjobs\" \/>\n<meta name=\"twitter:site\" content=\"@canadamotorjobs\" \/>\n<meta name=\"twitter:label1\" content=\"\u00c9crit par\" \/>\n\t<meta name=\"twitter:data1\" content=\"Benoit Charette\" \/>\n\t<meta name=\"twitter:label2\" content=\"Estimation du temps de lecture\" \/>\n\t<meta name=\"twitter:data2\" content=\"4 minutes\" \/>\n<!-- \/ Yoast SEO plugin. -->","yoast_head_json":{"title":"Volvo XC90 Recharge - CanadaMotorJobs.com","description":"Volvo XC90 Recharge - Benoit Charette - Annuel automobile - CanadaMotorJobs.com.","robots":{"index":"index","follow":"follow","max-snippet":"max-snippet:-1","max-image-preview":"max-image-preview:large","max-video-preview":"max-video-preview:-1"},"og_locale":"fr_CA","og_type":"article","og_title":"Volvo XC90 Recharge - CanadaMotorJobs.com","og_description":"Volvo XC90 Recharge - Benoit Charette - Annuel automobile - CanadaMotorJobs.com.","og_url":"https:\/\/news.canadamotorjobs.com\/fr\/volvo-xc90-recharge\/","og_site_name":"CanadaMotorJobs.com","article_publisher":"https:\/\/www.facebook.com\/canadamotorjobs\/","article_published_time":"2023-09-21T16:44:20+00:00","article_modified_time":"2023-09-21T16:45:55+00:00","og_image":[{"width":1200,"height":800,"url":"https:\/\/news.canadamotorjobs.com\/wp-content\/uploads\/2023\/09\/294651_XC90_Recharge_T8_AWD_Denim_Blue.jpg","type":"image\/jpeg"}],"author":"Benoit Charette","twitter_card":"summary_large_image","twitter_creator":"@canadamotorjobs","twitter_site":"@canadamotorjobs","twitter_misc":{"\u00c9crit par":"Benoit Charette","Estimation du temps de lecture":"4 minutes"},"schema":{"@context":"https:\/\/schema.org","@graph":[{"@type":"Article","@id":"https:\/\/news.canadamotorjobs.com\/fr\/volvo-xc90-recharge\/#article","isPartOf":{"@id":"https:\/\/news.canadamotorjobs.com\/fr\/volvo-xc90-recharge\/"},"author":{"name":"Benoit Charette","@id":"https:\/\/news.canadamotorjobs.com\/#\/schema\/person\/51793d1f87d44011d7bcc2ed99269a90"},"headline":"Volvo XC90 Recharge","datePublished":"2023-09-21T16:44:20+00:00","dateModified":"2023-09-21T16:45:55+00:00","mainEntityOfPage":{"@id":"https:\/\/news.canadamotorjobs.com\/fr\/volvo-xc90-recharge\/"},"wordCount":773,"publisher":{"@id":"https:\/\/news.canadamotorjobs.com\/#organization"},"image":{"@id":"https:\/\/news.canadamotorjobs.com\/fr\/volvo-xc90-recharge\/#primaryimage"},"thumbnailUrl":"https:\/\/news.canadamotorjobs.com\/wp-content\/uploads\/2023\/09\/294651_XC90_Recharge_T8_AWD_Denim_Blue.jpg","articleSection":["Annuel automobile"],"inLanguage":"fr-CA"},{"@type":"WebPage","@id":"https:\/\/news.canadamotorjobs.com\/fr\/volvo-xc90-recharge\/","url":"https:\/\/news.canadamotorjobs.com\/fr\/volvo-xc90-recharge\/","name":"Volvo XC90 Recharge - CanadaMotorJobs.com","isPartOf":{"@id":"https:\/\/news.canadamotorjobs.com\/#website"},"primaryImageOfPage":{"@id":"https:\/\/news.canadamotorjobs.com\/fr\/volvo-xc90-recharge\/#primaryimage"},"image":{"@id":"https:\/\/news.canadamotorjobs.com\/fr\/volvo-xc90-recharge\/#primaryimage"},"thumbnailUrl":"https:\/\/news.canadamotorjobs.com\/wp-content\/uploads\/2023\/09\/294651_XC90_Recharge_T8_AWD_Denim_Blue.jpg","datePublished":"2023-09-21T16:44:20+00:00","dateModified":"2023-09-21T16:45:55+00:00","description":"Volvo XC90 Recharge - Benoit Charette - Annuel automobile - CanadaMotorJobs.com.","breadcrumb":{"@id":"https:\/\/news.canadamotorjobs.com\/fr\/volvo-xc90-recharge\/#breadcrumb"},"inLanguage":"fr-CA","potentialAction":[{"@type":"ReadAction","target":["https:\/\/news.canadamotorjobs.com\/fr\/volvo-xc90-recharge\/"]}]},{"@type":"ImageObject","inLanguage":"fr-CA","@id":"https:\/\/news.canadamotorjobs.com\/fr\/volvo-xc90-recharge\/#primaryimage","url":"https:\/\/news.canadamotorjobs.com\/wp-content\/uploads\/2023\/09\/294651_XC90_Recharge_T8_AWD_Denim_Blue.jpg","contentUrl":"https:\/\/news.canadamotorjobs.com\/wp-content\/uploads\/2023\/09\/294651_XC90_Recharge_T8_AWD_Denim_Blue.jpg","width":1200,"height":800},{"@type":"BreadcrumbList","@id":"https:\/\/news.canadamotorjobs.com\/fr\/volvo-xc90-recharge\/#breadcrumb","itemListElement":[{"@type":"ListItem","position":1,"name":"Home","item":"https:\/\/news.canadamotorjobs.com\/fr\/blog\/"},{"@type":"ListItem","position":2,"name":"Volvo XC90 Recharge"}]},{"@type":"WebSite","@id":"https:\/\/news.canadamotorjobs.com\/#website","url":"https:\/\/news.canadamotorjobs.com\/","name":"CanadaMotorJobs.com","description":"Automotive Jobs","publisher":{"@id":"https:\/\/news.canadamotorjobs.com\/#organization"},"potentialAction":[{"@type":"SearchAction","target":{"@type":"EntryPoint","urlTemplate":"https:\/\/news.canadamotorjobs.com\/?s={search_term_string}"},"query-input":"required name=search_term_string"}],"inLanguage":"fr-CA"},{"@type":"Organization","@id":"https:\/\/news.canadamotorjobs.com\/#organization","name":"Canada Motor Jobs","url":"https:\/\/news.canadamotorjobs.com\/","logo":{"@type":"ImageObject","inLanguage":"fr-CA","@id":"https:\/\/news.canadamotorjobs.com\/#\/schema\/logo\/image\/","url":"https:\/\/news.canadamotorjobs.com\/wp-content\/uploads\/2022\/10\/logo-canada-motor-jobs-1.png","contentUrl":"https:\/\/news.canadamotorjobs.com\/wp-content\/uploads\/2022\/10\/logo-canada-motor-jobs-1.png","width":800,"height":400,"caption":"Canada Motor Jobs"},"image":{"@id":"https:\/\/news.canadamotorjobs.com\/#\/schema\/logo\/image\/"},"sameAs":["https:\/\/www.facebook.com\/canadamotorjobs\/","https:\/\/x.com\/canadamotorjobs","https:\/\/www.instagram.com\/canadamotorjobs\/","https:\/\/www.linkedin.com\/company\/canadamotorjobs"]},{"@type":"Person","@id":"https:\/\/news.canadamotorjobs.com\/#\/schema\/person\/51793d1f87d44011d7bcc2ed99269a90","name":"Benoit Charette","image":{"@type":"ImageObject","inLanguage":"fr-CA","@id":"https:\/\/news.canadamotorjobs.com\/#\/schema\/person\/image\/","url":"https:\/\/secure.gravatar.com\/avatar\/45f3d2eebcccd909668d7ce7ea7267b6?s=96&d=mm&r=g","contentUrl":"https:\/\/secure.gravatar.com\/avatar\/45f3d2eebcccd909668d7ce7ea7267b6?s=96&d=mm&r=g","caption":"Benoit Charette"},"description":"Benoit Charette \/ Propri\u00e9taire et r\u00e9dacteur en chef Benoit Charette pratique le journalisme automobile depuis bient\u00f4t 30 ans. Il a fait ses classes au c\u00f4t\u00e9 de Daniel H\u00e9raud et au Carnet de route de 1992 \u00e0 2001. Il est fondateur, copropri\u00e9taire et r\u00e9dacteur en chef de L\u2019Annuel de l\u2019automobile, qu\u2019il publie depuis 2001. Il a anim\u00e9 les \u00e9missions RPM et RPM+ sur V et les L\u00e9gendes de la route sur Historia. \u00c0 la radio depuis 1986, il reprend l\u2019antenne cette ann\u00e9e sur les ondes de Cogeco et participe pour la deuxi\u00e8me ann\u00e9e \u00e0 l\u2019\u00e9mission Passion Auto sur RDS en plus de mettre en ligne le site Web officiel de L\u2019Annuel de l\u2019automobile sur annuelauto.ca.","sameAs":["https:\/\/annuelauto.ca\/"],"url":"https:\/\/news.canadamotorjobs.com\/fr\/author\/benoit-charette\/"}]}},"_links":{"self":[{"href":"https:\/\/news.canadamotorjobs.com\/fr\/wp-json\/wp\/v2\/posts\/151784"}],"collection":[{"href":"https:\/\/news.canadamotorjobs.com\/fr\/wp-json\/wp\/v2\/posts"}],"about":[{"href":"https:\/\/news.canadamotorjobs.com\/fr\/wp-json\/wp\/v2\/types\/post"}],"author":[{"embeddable":true,"href":"https:\/\/news.canadamotorjobs.com\/fr\/wp-json\/wp\/v2\/users\/8"}],"replies":[{"embeddable":true,"href":"https:\/\/news.canadamotorjobs.com\/fr\/wp-json\/wp\/v2\/comments?post=151784"}],"version-history":[{"count":2,"href":"https:\/\/news.canadamotorjobs.com\/fr\/wp-json\/wp\/v2\/posts\/151784\/revisions"}],"predecessor-version":[{"id":151788,"href":"https:\/\/news.canadamotorjobs.com\/fr\/wp-json\/wp\/v2\/posts\/151784\/revisions\/151788"}],"wp:featuredmedia":[{"embeddable":true,"href":"https:\/\/news.canadamotorjobs.com\/fr\/wp-json\/wp\/v2\/media\/151786"}],"wp:attachment":[{"href":"https:\/\/news.canadamotorjobs.com\/fr\/wp-json\/wp\/v2\/media?parent=151784"}],"wp:term":[{"taxonomy":"category","embeddable":true,"href":"https:\/\/news.canadamotorjobs.com\/fr\/wp-json\/wp\/v2\/categories?post=151784"},{"taxonomy":"post_tag","embeddable":true,"href":"https:\/\/news.canadamotorjobs.com\/fr\/wp-json\/wp\/v2\/tags?post=151784"}],"curies":[{"name":"wp","href":"https:\/\/api.w.org\/{rel}","templated":true}]}}