{"id":151708,"date":"2023-09-20T06:49:31","date_gmt":"2023-09-20T10:49:31","guid":{"rendered":"https:\/\/news.canadamotorjobs.com\/?p=151708"},"modified":"2023-09-20T07:00:25","modified_gmt":"2023-09-20T11:00:25","slug":"unifor-et-ford-motor-co-du-canada-parviennent-a-un-accord-de-derniere-minute-pour-eviter-une-greve-historique","status":"publish","type":"post","link":"https:\/\/news.canadamotorjobs.com\/fr\/unifor-et-ford-motor-co-du-canada-parviennent-a-un-accord-de-derniere-minute-pour-eviter-une-greve-historique\/","title":{"rendered":"Unifor et Ford Motor Co. du Canada parviennent \u00e0 un accord de derni\u00e8re minute pour \u00e9viter une gr\u00e8ve historique"},"content":{"rendered":"<\/p>\n<h3><em>Des n\u00e9gociations intenses aboutissent \u00e0 un accord de trois ans<\/em><\/h3>\n<p>\nUnifor, le syndicat repr\u00e9sentant les travailleurs de l&#8217;automobile au Canada, a annonc\u00e9 un accord de principe de derni\u00e8re minute avec Ford Motor Co. du Canada, \u00e9vitant ainsi ce qui aurait \u00e9t\u00e9 la premi\u00e8re gr\u00e8ve des travailleurs canadiens de l&#8217;automobile contre le constructeur en 33 ans. Les n\u00e9gociateurs cl\u00e9s des deux parties ont conclu cet accord mardi soir, six semaines apr\u00e8s le d\u00e9but du processus de n\u00e9gociation en ao\u00fbt, et pr\u00e8s de 24 heures apr\u00e8s l&#8217;expiration du d\u00e9lai de gr\u00e8ve initial.<\/p>\n<h3><em>Des r\u00e9ponses aux pr\u00e9occupations des membres<\/em><\/h3>\n<p>\nLana Payne, pr\u00e9sidente d&#8217;Unifor, a d\u00e9clar\u00e9 dans un communiqu\u00e9 : &#8220;Cet accord de principe, approuv\u00e9 par l&#8217;ensemble du comit\u00e9 principal de n\u00e9gociation, aborde tous les points soulev\u00e9s par les membres dans le cadre de la pr\u00e9paration de ce cycle de n\u00e9gociations collectives. Nous pensons que cet accord consolidera les bases sur lesquelles nous continuerons \u00e0 n\u00e9gocier des gains pour des g\u00e9n\u00e9rations de travailleurs de l&#8217;automobile au Canada&#8221;.<\/p>\n<h3><em>Les d\u00e9tails restent confidentiels<\/em><\/h3>\n<p>\nUnifor n&#8217;a pas divulgu\u00e9 les d\u00e9tails de l&#8217;accord de principe, mais le syndicat a insist\u00e9 tout au long des pourparlers sur l&#8217;importance d&#8217;am\u00e9liorer les pensions et les salaires, ainsi que d&#8217;assurer une plus grande s\u00e9curit\u00e9 d&#8217;emploi pour les membres pendant les p\u00e9riodes de r\u00e9outillage \u00e0 venir. Une source proche des n\u00e9gociations a indiqu\u00e9 qu&#8217;Unifor demandait une &#8220;augmentation salariale substantielle, de l&#8217;ordre de 20 %&#8221;. Les pensions demeurent un point de contention majeur alors que les discussions se poursuivent.<\/p>\n<h3><em>L&#8217;accord arrive \u00e0 la derni\u00e8re minute<\/em><\/h3>\n<p>\nL&#8217;accord a \u00e9t\u00e9 annonc\u00e9 environ deux heures avant la date limite de la deuxi\u00e8me gr\u00e8ve d&#8217;Unifor, fix\u00e9e \u00e0 23 h 59 (heure de l&#8217;Est) le 19 septembre. Le pr\u00e9c\u00e9dent contrat de trois ans avec Ford avait initialement expir\u00e9 \u00e0 23 h 59 (heure de l&#8217;Est) le 18 septembre, avant que le syndicat n&#8217;ajoute 24 heures suppl\u00e9mentaires en r\u00e9ponse \u00e0 une offre &#8220;substantielle&#8221; de derni\u00e8re minute de la part de Ford.<\/p>\n<h3><em>L&#8217;accord doit \u00eatre ratifi\u00e9<\/em><\/h3>\n<p>\nBien que l&#8217;accord de principe ait \u00e9t\u00e9 sign\u00e9 par le comit\u00e9 de n\u00e9gociation d&#8217;Unifor, il doit encore \u00eatre approuv\u00e9 par les membres syndiqu\u00e9s de la base sur les sites de Ford au Canada avant d&#8217;\u00eatre ratifi\u00e9. Unifor a indiqu\u00e9 qu&#8217;il partagerait tous les d\u00e9tails de l&#8217;accord lors des r\u00e9unions de ratification dans les &#8220;prochains jours&#8221;.<\/p>\n<h3><em>Implications pour les n\u00e9gociations futures<\/em><\/h3>\n<p>\nSi l&#8217;accord est approuv\u00e9 par les membres du syndicat, il marquera une divergence par rapport aux n\u00e9gociations en cours aux \u00c9tats-Unis. Actuellement, les membres de l&#8217;UAW (syndicat automobile am\u00e9ricain) sont en gr\u00e8ve dans une usine Ford, une usine General Motors et une usine Stellantis depuis le 15 septembre. Le syndicat pr\u00e9voit d&#8217;intensifier la gr\u00e8ve vendredi si aucun progr\u00e8s n&#8217;est r\u00e9alis\u00e9 cette semaine.<\/p>\n<p>Avec des renseignements d\u2019Automotive News<\/p>\n<p>Le texte <a rel=\"nofollow\" href=\"https:\/\/annuelauto.ca\/unifor-et-ford-motor-co-du-canada-parviennent-a-un-accord-de-derniere-minute-pour-eviter-une-greve-historique\/\">Unifor et Ford Motor Co. du Canada parviennent \u00e0 un accord de derni\u00e8re minute pour \u00e9viter une gr\u00e8ve historique<\/a> provient de <a rel=\"nofollow\" href=\"https:\/\/annuelauto.ca\">L&#8217;annuel de l&#8217;automobile &#8211; Actualit\u00e9 automobile<\/a><\/p>\n<p><\/p>\n","protected":false},"excerpt":{"rendered":"<p>Des n\u00e9gociations intenses aboutissent \u00e0 un accord de trois ans Unifor, le syndicat repr\u00e9sentant les travailleurs de l&#8217;automobile au Canada, a annonc\u00e9 un accord de principe de derni\u00e8re minute avec Ford Motor Co. du Canada, \u00e9vitant ainsi ce qui aurait \u00e9t\u00e9 la premi\u00e8re gr\u00e8ve des travailleurs canadiens de l&#8217;automobile contre le constructeur en 33 ans. [&hellip;]<\/p>\n","protected":false},"author":8,"featured_media":151710,"comment_status":"close","ping_status":"closed","sticky":false,"template":"","format":"standard","meta":{"_monsterinsights_skip_tracking":false,"_monsterinsights_sitenote_active":false,"_monsterinsights_sitenote_note":"","_monsterinsights_sitenote_category":0,"footnotes":""},"categories":[101],"tags":[],"yoast_head":"<!-- This site is optimized with the Yoast SEO plugin v23.2 - https:\/\/yoast.com\/wordpress\/plugins\/seo\/ -->\n<title>Unifor et Ford Motor Co. du Canada parviennent \u00e0 un accord de derni\u00e8re minute pour \u00e9viter une gr\u00e8ve historique - CanadaMotorJobs.com<\/title>\n<meta name=\"description\" content=\"Unifor et Ford Motor Co. du Canada parviennent \u00e0 un accord de derni\u00e8re minute pour \u00e9viter une gr\u00e8ve historique - Benoit Charette - Annuel automobile - CanadaMotorJobs.com.\" \/>\n<meta name=\"robots\" content=\"index, follow, max-snippet:-1, max-image-preview:large, max-video-preview:-1\" \/>\n<meta property=\"og:locale\" content=\"fr_CA\" \/>\n<meta property=\"og:type\" content=\"article\" \/>\n<meta property=\"og:title\" content=\"Unifor et Ford Motor Co. du Canada parviennent \u00e0 un accord de derni\u00e8re minute pour \u00e9viter une gr\u00e8ve historique - CanadaMotorJobs.com\" \/>\n<meta property=\"og:description\" content=\"Unifor et Ford Motor Co. du Canada parviennent \u00e0 un accord de derni\u00e8re minute pour \u00e9viter une gr\u00e8ve historique - Benoit Charette - Annuel automobile - CanadaMotorJobs.com.\" \/>\n<meta property=\"og:url\" content=\"https:\/\/news.canadamotorjobs.com\/fr\/unifor-et-ford-motor-co-du-canada-parviennent-a-un-accord-de-derniere-minute-pour-eviter-une-greve-historique\/\" \/>\n<meta property=\"og:site_name\" content=\"CanadaMotorJobs.com\" \/>\n<meta property=\"article:publisher\" content=\"https:\/\/www.facebook.com\/canadamotorjobs\/\" \/>\n<meta property=\"article:published_time\" content=\"2023-09-20T10:49:31+00:00\" \/>\n<meta property=\"article:modified_time\" content=\"2023-09-20T11:00:25+00:00\" \/>\n<meta property=\"og:image\" content=\"https:\/\/news.canadamotorjobs.com\/wp-content\/uploads\/2023\/09\/PCWOLV5Y4BCI3MZJITV64VW6EU-scaled-1.jpg\" \/>\n\t<meta property=\"og:image:width\" content=\"2560\" \/>\n\t<meta property=\"og:image:height\" content=\"1707\" \/>\n\t<meta property=\"og:image:type\" content=\"image\/jpeg\" \/>\n<meta name=\"author\" content=\"Benoit Charette\" \/>\n<meta name=\"twitter:card\" content=\"summary_large_image\" \/>\n<meta name=\"twitter:creator\" content=\"@canadamotorjobs\" \/>\n<meta name=\"twitter:site\" content=\"@canadamotorjobs\" \/>\n<meta name=\"twitter:label1\" content=\"\u00c9crit par\" \/>\n\t<meta name=\"twitter:data1\" content=\"Benoit Charette\" \/>\n\t<meta name=\"twitter:label2\" content=\"Estimation du temps de lecture\" \/>\n\t<meta name=\"twitter:data2\" content=\"3 minutes\" \/>\n<!-- \/ Yoast SEO plugin. -->","yoast_head_json":{"title":"Unifor et Ford Motor Co. du Canada parviennent \u00e0 un accord de derni\u00e8re minute pour \u00e9viter une gr\u00e8ve historique - CanadaMotorJobs.com","description":"Unifor et Ford Motor Co. du Canada parviennent \u00e0 un accord de derni\u00e8re minute pour \u00e9viter une gr\u00e8ve historique - Benoit Charette - Annuel automobile - CanadaMotorJobs.com.","robots":{"index":"index","follow":"follow","max-snippet":"max-snippet:-1","max-image-preview":"max-image-preview:large","max-video-preview":"max-video-preview:-1"},"og_locale":"fr_CA","og_type":"article","og_title":"Unifor et Ford Motor Co. du Canada parviennent \u00e0 un accord de derni\u00e8re minute pour \u00e9viter une gr\u00e8ve historique - CanadaMotorJobs.com","og_description":"Unifor et Ford Motor Co. du Canada parviennent \u00e0 un accord de derni\u00e8re minute pour \u00e9viter une gr\u00e8ve historique - Benoit Charette - Annuel automobile - CanadaMotorJobs.com.","og_url":"https:\/\/news.canadamotorjobs.com\/fr\/unifor-et-ford-motor-co-du-canada-parviennent-a-un-accord-de-derniere-minute-pour-eviter-une-greve-historique\/","og_site_name":"CanadaMotorJobs.com","article_publisher":"https:\/\/www.facebook.com\/canadamotorjobs\/","article_published_time":"2023-09-20T10:49:31+00:00","article_modified_time":"2023-09-20T11:00:25+00:00","og_image":[{"width":2560,"height":1707,"url":"https:\/\/news.canadamotorjobs.com\/wp-content\/uploads\/2023\/09\/PCWOLV5Y4BCI3MZJITV64VW6EU-scaled-1.jpg","type":"image\/jpeg"}],"author":"Benoit Charette","twitter_card":"summary_large_image","twitter_creator":"@canadamotorjobs","twitter_site":"@canadamotorjobs","twitter_misc":{"\u00c9crit par":"Benoit Charette","Estimation du temps de lecture":"3 minutes"},"schema":{"@context":"https:\/\/schema.org","@graph":[{"@type":"Article","@id":"https:\/\/news.canadamotorjobs.com\/fr\/unifor-et-ford-motor-co-du-canada-parviennent-a-un-accord-de-derniere-minute-pour-eviter-une-greve-historique\/#article","isPartOf":{"@id":"https:\/\/news.canadamotorjobs.com\/fr\/unifor-et-ford-motor-co-du-canada-parviennent-a-un-accord-de-derniere-minute-pour-eviter-une-greve-historique\/"},"author":{"name":"Benoit Charette","@id":"https:\/\/news.canadamotorjobs.com\/#\/schema\/person\/51793d1f87d44011d7bcc2ed99269a90"},"headline":"Unifor et Ford Motor Co. du Canada parviennent \u00e0 un accord de derni\u00e8re minute pour \u00e9viter une gr\u00e8ve historique","datePublished":"2023-09-20T10:49:31+00:00","dateModified":"2023-09-20T11:00:25+00:00","mainEntityOfPage":{"@id":"https:\/\/news.canadamotorjobs.com\/fr\/unifor-et-ford-motor-co-du-canada-parviennent-a-un-accord-de-derniere-minute-pour-eviter-une-greve-historique\/"},"wordCount":568,"publisher":{"@id":"https:\/\/news.canadamotorjobs.com\/#organization"},"image":{"@id":"https:\/\/news.canadamotorjobs.com\/fr\/unifor-et-ford-motor-co-du-canada-parviennent-a-un-accord-de-derniere-minute-pour-eviter-une-greve-historique\/#primaryimage"},"thumbnailUrl":"https:\/\/news.canadamotorjobs.com\/wp-content\/uploads\/2023\/09\/PCWOLV5Y4BCI3MZJITV64VW6EU-scaled-1.jpg","articleSection":["Annuel automobile"],"inLanguage":"fr-CA"},{"@type":"WebPage","@id":"https:\/\/news.canadamotorjobs.com\/fr\/unifor-et-ford-motor-co-du-canada-parviennent-a-un-accord-de-derniere-minute-pour-eviter-une-greve-historique\/","url":"https:\/\/news.canadamotorjobs.com\/fr\/unifor-et-ford-motor-co-du-canada-parviennent-a-un-accord-de-derniere-minute-pour-eviter-une-greve-historique\/","name":"Unifor et Ford Motor Co. du Canada parviennent \u00e0 un accord de derni\u00e8re minute pour \u00e9viter une gr\u00e8ve historique - CanadaMotorJobs.com","isPartOf":{"@id":"https:\/\/news.canadamotorjobs.com\/#website"},"primaryImageOfPage":{"@id":"https:\/\/news.canadamotorjobs.com\/fr\/unifor-et-ford-motor-co-du-canada-parviennent-a-un-accord-de-derniere-minute-pour-eviter-une-greve-historique\/#primaryimage"},"image":{"@id":"https:\/\/news.canadamotorjobs.com\/fr\/unifor-et-ford-motor-co-du-canada-parviennent-a-un-accord-de-derniere-minute-pour-eviter-une-greve-historique\/#primaryimage"},"thumbnailUrl":"https:\/\/news.canadamotorjobs.com\/wp-content\/uploads\/2023\/09\/PCWOLV5Y4BCI3MZJITV64VW6EU-scaled-1.jpg","datePublished":"2023-09-20T10:49:31+00:00","dateModified":"2023-09-20T11:00:25+00:00","description":"Unifor et Ford Motor Co. du Canada parviennent \u00e0 un accord de derni\u00e8re minute pour \u00e9viter une gr\u00e8ve historique - Benoit Charette - Annuel automobile - CanadaMotorJobs.com.","breadcrumb":{"@id":"https:\/\/news.canadamotorjobs.com\/fr\/unifor-et-ford-motor-co-du-canada-parviennent-a-un-accord-de-derniere-minute-pour-eviter-une-greve-historique\/#breadcrumb"},"inLanguage":"fr-CA","potentialAction":[{"@type":"ReadAction","target":["https:\/\/news.canadamotorjobs.com\/fr\/unifor-et-ford-motor-co-du-canada-parviennent-a-un-accord-de-derniere-minute-pour-eviter-une-greve-historique\/"]}]},{"@type":"ImageObject","inLanguage":"fr-CA","@id":"https:\/\/news.canadamotorjobs.com\/fr\/unifor-et-ford-motor-co-du-canada-parviennent-a-un-accord-de-derniere-minute-pour-eviter-une-greve-historique\/#primaryimage","url":"https:\/\/news.canadamotorjobs.com\/wp-content\/uploads\/2023\/09\/PCWOLV5Y4BCI3MZJITV64VW6EU-scaled-1.jpg","contentUrl":"https:\/\/news.canadamotorjobs.com\/wp-content\/uploads\/2023\/09\/PCWOLV5Y4BCI3MZJITV64VW6EU-scaled-1.jpg","width":2560,"height":1707},{"@type":"BreadcrumbList","@id":"https:\/\/news.canadamotorjobs.com\/fr\/unifor-et-ford-motor-co-du-canada-parviennent-a-un-accord-de-derniere-minute-pour-eviter-une-greve-historique\/#breadcrumb","itemListElement":[{"@type":"ListItem","position":1,"name":"Home","item":"https:\/\/news.canadamotorjobs.com\/fr\/blog\/"},{"@type":"ListItem","position":2,"name":"Unifor et Ford Motor Co. du Canada parviennent \u00e0 un accord de derni\u00e8re minute pour \u00e9viter une gr\u00e8ve historique"}]},{"@type":"WebSite","@id":"https:\/\/news.canadamotorjobs.com\/#website","url":"https:\/\/news.canadamotorjobs.com\/","name":"CanadaMotorJobs.com","description":"Automotive Jobs","publisher":{"@id":"https:\/\/news.canadamotorjobs.com\/#organization"},"potentialAction":[{"@type":"SearchAction","target":{"@type":"EntryPoint","urlTemplate":"https:\/\/news.canadamotorjobs.com\/?s={search_term_string}"},"query-input":"required name=search_term_string"}],"inLanguage":"fr-CA"},{"@type":"Organization","@id":"https:\/\/news.canadamotorjobs.com\/#organization","name":"Canada Motor Jobs","url":"https:\/\/news.canadamotorjobs.com\/","logo":{"@type":"ImageObject","inLanguage":"fr-CA","@id":"https:\/\/news.canadamotorjobs.com\/#\/schema\/logo\/image\/","url":"https:\/\/news.canadamotorjobs.com\/wp-content\/uploads\/2022\/10\/logo-canada-motor-jobs-1.png","contentUrl":"https:\/\/news.canadamotorjobs.com\/wp-content\/uploads\/2022\/10\/logo-canada-motor-jobs-1.png","width":800,"height":400,"caption":"Canada Motor Jobs"},"image":{"@id":"https:\/\/news.canadamotorjobs.com\/#\/schema\/logo\/image\/"},"sameAs":["https:\/\/www.facebook.com\/canadamotorjobs\/","https:\/\/x.com\/canadamotorjobs","https:\/\/www.instagram.com\/canadamotorjobs\/","https:\/\/www.linkedin.com\/company\/canadamotorjobs"]},{"@type":"Person","@id":"https:\/\/news.canadamotorjobs.com\/#\/schema\/person\/51793d1f87d44011d7bcc2ed99269a90","name":"Benoit Charette","image":{"@type":"ImageObject","inLanguage":"fr-CA","@id":"https:\/\/news.canadamotorjobs.com\/#\/schema\/person\/image\/","url":"https:\/\/secure.gravatar.com\/avatar\/45f3d2eebcccd909668d7ce7ea7267b6?s=96&d=mm&r=g","contentUrl":"https:\/\/secure.gravatar.com\/avatar\/45f3d2eebcccd909668d7ce7ea7267b6?s=96&d=mm&r=g","caption":"Benoit Charette"},"description":"Benoit Charette \/ Propri\u00e9taire et r\u00e9dacteur en chef Benoit Charette pratique le journalisme automobile depuis bient\u00f4t 30 ans. Il a fait ses classes au c\u00f4t\u00e9 de Daniel H\u00e9raud et au Carnet de route de 1992 \u00e0 2001. Il est fondateur, copropri\u00e9taire et r\u00e9dacteur en chef de L\u2019Annuel de l\u2019automobile, qu\u2019il publie depuis 2001. Il a anim\u00e9 les \u00e9missions RPM et RPM+ sur V et les L\u00e9gendes de la route sur Historia. \u00c0 la radio depuis 1986, il reprend l\u2019antenne cette ann\u00e9e sur les ondes de Cogeco et participe pour la deuxi\u00e8me ann\u00e9e \u00e0 l\u2019\u00e9mission Passion Auto sur RDS en plus de mettre en ligne le site Web officiel de L\u2019Annuel de l\u2019automobile sur annuelauto.ca.","sameAs":["https:\/\/annuelauto.ca\/"],"url":"https:\/\/news.canadamotorjobs.com\/fr\/author\/benoit-charette\/"}]}},"_links":{"self":[{"href":"https:\/\/news.canadamotorjobs.com\/fr\/wp-json\/wp\/v2\/posts\/151708"}],"collection":[{"href":"https:\/\/news.canadamotorjobs.com\/fr\/wp-json\/wp\/v2\/posts"}],"about":[{"href":"https:\/\/news.canadamotorjobs.com\/fr\/wp-json\/wp\/v2\/types\/post"}],"author":[{"embeddable":true,"href":"https:\/\/news.canadamotorjobs.com\/fr\/wp-json\/wp\/v2\/users\/8"}],"replies":[{"embeddable":true,"href":"https:\/\/news.canadamotorjobs.com\/fr\/wp-json\/wp\/v2\/comments?post=151708"}],"version-history":[{"count":2,"href":"https:\/\/news.canadamotorjobs.com\/fr\/wp-json\/wp\/v2\/posts\/151708\/revisions"}],"predecessor-version":[{"id":151712,"href":"https:\/\/news.canadamotorjobs.com\/fr\/wp-json\/wp\/v2\/posts\/151708\/revisions\/151712"}],"wp:featuredmedia":[{"embeddable":true,"href":"https:\/\/news.canadamotorjobs.com\/fr\/wp-json\/wp\/v2\/media\/151710"}],"wp:attachment":[{"href":"https:\/\/news.canadamotorjobs.com\/fr\/wp-json\/wp\/v2\/media?parent=151708"}],"wp:term":[{"taxonomy":"category","embeddable":true,"href":"https:\/\/news.canadamotorjobs.com\/fr\/wp-json\/wp\/v2\/categories?post=151708"},{"taxonomy":"post_tag","embeddable":true,"href":"https:\/\/news.canadamotorjobs.com\/fr\/wp-json\/wp\/v2\/tags?post=151708"}],"curies":[{"name":"wp","href":"https:\/\/api.w.org\/{rel}","templated":true}]}}