{"id":151659,"date":"2023-09-19T07:14:56","date_gmt":"2023-09-19T11:14:56","guid":{"rendered":"https:\/\/news.canadamotorjobs.com\/?p=151659"},"modified":"2023-09-19T07:16:18","modified_gmt":"2023-09-19T11:16:18","slug":"ford-prepare-un-ranger-hybride-branchable","status":"publish","type":"post","link":"https:\/\/news.canadamotorjobs.com\/fr\/ford-prepare-un-ranger-hybride-branchable\/","title":{"rendered":"Ford pr\u00e9pare un Ranger hybride branchable"},"content":{"rendered":"<\/p>\n<p>Ce mod\u00e8le qui sera sur la route pour 2025 va offrir les caract\u00e9ristiques suivantes\u00a0:<\/p>\n<h3>&#8211; Quatre cylindres EcoBoost de 2,3 litres + syst\u00e8me hybride rechargeable<\/h3>\n<p><\/p>\n<h3>&#8211; Plus de couple que tout autre d\u00e9riv\u00e9 du Ranger<\/h3>\n<p><\/p>\n<h3>&#8211; Autonomie \u00e9lectrique de 50 km (WLTP)<\/h3>\n<p><\/p>\n<h3>&#8211; Pro Power Onboard de s\u00e9rie pour alimenter les outils et bien plus encore<\/h3>\n<p><\/p>\n<h3>&#8211; Lancement europ\u00e9en en 2025, arriv\u00e9e am\u00e9ricaine incertaine<\/h3>\n<p>\nFord a d\u00e9voil\u00e9 son tout premier d\u00e9riv\u00e9 hybride rechargeable du Ranger en Europe et en Australie, offrant aux clients le meilleur des deux mondes : un moteur \u00e0 essence \u00e9prouv\u00e9 et un mode \u00e9lectrique sans \u00e9missions.<\/p>\n<h3>Pas de confirmation pour l\u2019Am\u00e9rique du Nord<\/h3>\n<p>\nAliment\u00e9 par un moteur EcoBoost de 2,3 litres et un moteur \u00e9lectrique, Ford affirme que le Ranger PHEV peut parcourir pr\u00e8s de 50 km en mode \u00e9lectrique pur. Ce chiffre a \u00e9t\u00e9 calcul\u00e9 sur la base du cycle WLTP, donc si ce mod\u00e8le vient chez nous, cela veut dire 40 km au mieux. Malheureusement, le constructeur n&#8217;a pas communiqu\u00e9 de chiffres sur la puissance et les performances, mais il note que le Ranger hybride rechargeable a plus de couple que n&#8217;importe quel autre Ranger. Sans assistance, le moteur de 2,3 litres produit 270 chevaux et 310 lb-pi, alors nous nous attendons \u00e0 ce que le moteur \u00e9lectrique fournisse un bon coup de pouce.<\/p>\n<p>Naturellement, les quatre roues motrices sont de s\u00e9rie. Ford pr\u00e9cise que le Ranger PHEV disposera de cinq modes de conduite distincts et d&#8217;une s\u00e9rie de fonctions sophistiqu\u00e9es d&#8217;aide \u00e0 la conduite et \u00e0 la s\u00e9curit\u00e9. Ford vise une capacit\u00e9 de remorquage maximale frein\u00e9e d&#8217;environ 7 700 livres, ce qui correspond au reste de la gamme Ranger. Gr\u00e2ce au syst\u00e8me embarqu\u00e9 Pro Power, il s&#8217;agira d&#8217;un pick-up extr\u00eamement pratique. Les clients pourront alimenter leurs outils et appareils \u00e9lectrom\u00e9nagers lorsqu&#8217;ils travailleront ou camperont dans des zones recul\u00e9es.<\/p>\n<p>La production du Ranger hybride rechargeable d\u00e9butera fin 2024, et les premiers exemplaires seront livr\u00e9s aux clients en 2025. Reste maintenant \u00e0 savoir s\u2019il viendra chez nous.<\/p>\n<p>Le texte <a rel=\"nofollow\" href=\"https:\/\/annuelauto.ca\/ford-prepare-un-ranger-hybride-branchable\/\">Ford pr\u00e9pare un Ranger hybride branchable<\/a> provient de <a rel=\"nofollow\" href=\"https:\/\/annuelauto.ca\">L&#8217;annuel de l&#8217;automobile &#8211; Actualit\u00e9 automobile<\/a><\/p>\n<p><\/p>\n","protected":false},"excerpt":{"rendered":"<p>Ce mod\u00e8le qui sera sur la route pour 2025 va offrir les caract\u00e9ristiques suivantes\u00a0: &#8211; Quatre cylindres EcoBoost de 2,3 litres + syst\u00e8me hybride rechargeable &#8211; Plus de couple que tout autre d\u00e9riv\u00e9 du Ranger &#8211; Autonomie \u00e9lectrique de 50 km (WLTP) &#8211; Pro Power Onboard de s\u00e9rie pour alimenter les outils et bien plus [&hellip;]<\/p>\n","protected":false},"author":8,"featured_media":151661,"comment_status":"close","ping_status":"closed","sticky":false,"template":"","format":"standard","meta":{"_monsterinsights_skip_tracking":false,"_monsterinsights_sitenote_active":false,"_monsterinsights_sitenote_note":"","_monsterinsights_sitenote_category":0,"footnotes":""},"categories":[101],"tags":[],"yoast_head":"<!-- This site is optimized with the Yoast SEO plugin v23.2 - https:\/\/yoast.com\/wordpress\/plugins\/seo\/ -->\n<title>Ford pr\u00e9pare un Ranger hybride branchable - CanadaMotorJobs.com<\/title>\n<meta name=\"description\" content=\"Ford pr\u00e9pare un Ranger hybride branchable - Benoit Charette - Annuel automobile - CanadaMotorJobs.com.\" \/>\n<meta name=\"robots\" content=\"index, follow, max-snippet:-1, max-image-preview:large, max-video-preview:-1\" \/>\n<meta property=\"og:locale\" content=\"fr_CA\" \/>\n<meta property=\"og:type\" content=\"article\" \/>\n<meta property=\"og:title\" content=\"Ford pr\u00e9pare un Ranger hybride branchable - CanadaMotorJobs.com\" \/>\n<meta property=\"og:description\" content=\"Ford pr\u00e9pare un Ranger hybride branchable - Benoit Charette - Annuel automobile - CanadaMotorJobs.com.\" \/>\n<meta property=\"og:url\" content=\"https:\/\/news.canadamotorjobs.com\/fr\/ford-prepare-un-ranger-hybride-branchable\/\" \/>\n<meta property=\"og:site_name\" content=\"CanadaMotorJobs.com\" \/>\n<meta property=\"article:publisher\" content=\"https:\/\/www.facebook.com\/canadamotorjobs\/\" \/>\n<meta property=\"article:published_time\" content=\"2023-09-19T11:14:56+00:00\" \/>\n<meta property=\"article:modified_time\" content=\"2023-09-19T11:16:18+00:00\" \/>\n<meta property=\"og:image\" content=\"https:\/\/news.canadamotorjobs.com\/wp-content\/uploads\/2023\/09\/2022-Ford-Ranger-XLT-ute-blue-1001x565-1.jpg\" \/>\n\t<meta property=\"og:image:width\" content=\"1001\" \/>\n\t<meta property=\"og:image:height\" content=\"565\" \/>\n\t<meta property=\"og:image:type\" content=\"image\/jpeg\" \/>\n<meta name=\"author\" content=\"Benoit Charette\" \/>\n<meta name=\"twitter:card\" content=\"summary_large_image\" \/>\n<meta name=\"twitter:creator\" content=\"@canadamotorjobs\" \/>\n<meta name=\"twitter:site\" content=\"@canadamotorjobs\" \/>\n<meta name=\"twitter:label1\" content=\"\u00c9crit par\" \/>\n\t<meta name=\"twitter:data1\" content=\"Benoit Charette\" \/>\n\t<meta name=\"twitter:label2\" content=\"Estimation du temps de lecture\" \/>\n\t<meta name=\"twitter:data2\" content=\"2 minutes\" \/>\n<!-- \/ Yoast SEO plugin. -->","yoast_head_json":{"title":"Ford pr\u00e9pare un Ranger hybride branchable - CanadaMotorJobs.com","description":"Ford pr\u00e9pare un Ranger hybride branchable - Benoit Charette - Annuel automobile - CanadaMotorJobs.com.","robots":{"index":"index","follow":"follow","max-snippet":"max-snippet:-1","max-image-preview":"max-image-preview:large","max-video-preview":"max-video-preview:-1"},"og_locale":"fr_CA","og_type":"article","og_title":"Ford pr\u00e9pare un Ranger hybride branchable - CanadaMotorJobs.com","og_description":"Ford pr\u00e9pare un Ranger hybride branchable - Benoit Charette - Annuel automobile - CanadaMotorJobs.com.","og_url":"https:\/\/news.canadamotorjobs.com\/fr\/ford-prepare-un-ranger-hybride-branchable\/","og_site_name":"CanadaMotorJobs.com","article_publisher":"https:\/\/www.facebook.com\/canadamotorjobs\/","article_published_time":"2023-09-19T11:14:56+00:00","article_modified_time":"2023-09-19T11:16:18+00:00","og_image":[{"width":1001,"height":565,"url":"https:\/\/news.canadamotorjobs.com\/wp-content\/uploads\/2023\/09\/2022-Ford-Ranger-XLT-ute-blue-1001x565-1.jpg","type":"image\/jpeg"}],"author":"Benoit Charette","twitter_card":"summary_large_image","twitter_creator":"@canadamotorjobs","twitter_site":"@canadamotorjobs","twitter_misc":{"\u00c9crit par":"Benoit Charette","Estimation du temps de lecture":"2 minutes"},"schema":{"@context":"https:\/\/schema.org","@graph":[{"@type":"Article","@id":"https:\/\/news.canadamotorjobs.com\/fr\/ford-prepare-un-ranger-hybride-branchable\/#article","isPartOf":{"@id":"https:\/\/news.canadamotorjobs.com\/fr\/ford-prepare-un-ranger-hybride-branchable\/"},"author":{"name":"Benoit Charette","@id":"https:\/\/news.canadamotorjobs.com\/#\/schema\/person\/51793d1f87d44011d7bcc2ed99269a90"},"headline":"Ford pr\u00e9pare un Ranger hybride branchable","datePublished":"2023-09-19T11:14:56+00:00","dateModified":"2023-09-19T11:16:18+00:00","mainEntityOfPage":{"@id":"https:\/\/news.canadamotorjobs.com\/fr\/ford-prepare-un-ranger-hybride-branchable\/"},"wordCount":373,"publisher":{"@id":"https:\/\/news.canadamotorjobs.com\/#organization"},"image":{"@id":"https:\/\/news.canadamotorjobs.com\/fr\/ford-prepare-un-ranger-hybride-branchable\/#primaryimage"},"thumbnailUrl":"https:\/\/news.canadamotorjobs.com\/wp-content\/uploads\/2023\/09\/2022-Ford-Ranger-XLT-ute-blue-1001x565-1.jpg","articleSection":["Annuel automobile"],"inLanguage":"fr-CA"},{"@type":"WebPage","@id":"https:\/\/news.canadamotorjobs.com\/fr\/ford-prepare-un-ranger-hybride-branchable\/","url":"https:\/\/news.canadamotorjobs.com\/fr\/ford-prepare-un-ranger-hybride-branchable\/","name":"Ford pr\u00e9pare un Ranger hybride branchable - CanadaMotorJobs.com","isPartOf":{"@id":"https:\/\/news.canadamotorjobs.com\/#website"},"primaryImageOfPage":{"@id":"https:\/\/news.canadamotorjobs.com\/fr\/ford-prepare-un-ranger-hybride-branchable\/#primaryimage"},"image":{"@id":"https:\/\/news.canadamotorjobs.com\/fr\/ford-prepare-un-ranger-hybride-branchable\/#primaryimage"},"thumbnailUrl":"https:\/\/news.canadamotorjobs.com\/wp-content\/uploads\/2023\/09\/2022-Ford-Ranger-XLT-ute-blue-1001x565-1.jpg","datePublished":"2023-09-19T11:14:56+00:00","dateModified":"2023-09-19T11:16:18+00:00","description":"Ford pr\u00e9pare un Ranger hybride branchable - Benoit Charette - Annuel automobile - CanadaMotorJobs.com.","breadcrumb":{"@id":"https:\/\/news.canadamotorjobs.com\/fr\/ford-prepare-un-ranger-hybride-branchable\/#breadcrumb"},"inLanguage":"fr-CA","potentialAction":[{"@type":"ReadAction","target":["https:\/\/news.canadamotorjobs.com\/fr\/ford-prepare-un-ranger-hybride-branchable\/"]}]},{"@type":"ImageObject","inLanguage":"fr-CA","@id":"https:\/\/news.canadamotorjobs.com\/fr\/ford-prepare-un-ranger-hybride-branchable\/#primaryimage","url":"https:\/\/news.canadamotorjobs.com\/wp-content\/uploads\/2023\/09\/2022-Ford-Ranger-XLT-ute-blue-1001x565-1.jpg","contentUrl":"https:\/\/news.canadamotorjobs.com\/wp-content\/uploads\/2023\/09\/2022-Ford-Ranger-XLT-ute-blue-1001x565-1.jpg","width":1001,"height":565},{"@type":"BreadcrumbList","@id":"https:\/\/news.canadamotorjobs.com\/fr\/ford-prepare-un-ranger-hybride-branchable\/#breadcrumb","itemListElement":[{"@type":"ListItem","position":1,"name":"Home","item":"https:\/\/news.canadamotorjobs.com\/fr\/blog\/"},{"@type":"ListItem","position":2,"name":"Ford pr\u00e9pare un Ranger hybride branchable"}]},{"@type":"WebSite","@id":"https:\/\/news.canadamotorjobs.com\/#website","url":"https:\/\/news.canadamotorjobs.com\/","name":"CanadaMotorJobs.com","description":"Automotive Jobs","publisher":{"@id":"https:\/\/news.canadamotorjobs.com\/#organization"},"potentialAction":[{"@type":"SearchAction","target":{"@type":"EntryPoint","urlTemplate":"https:\/\/news.canadamotorjobs.com\/?s={search_term_string}"},"query-input":"required name=search_term_string"}],"inLanguage":"fr-CA"},{"@type":"Organization","@id":"https:\/\/news.canadamotorjobs.com\/#organization","name":"Canada Motor Jobs","url":"https:\/\/news.canadamotorjobs.com\/","logo":{"@type":"ImageObject","inLanguage":"fr-CA","@id":"https:\/\/news.canadamotorjobs.com\/#\/schema\/logo\/image\/","url":"https:\/\/news.canadamotorjobs.com\/wp-content\/uploads\/2022\/10\/logo-canada-motor-jobs-1.png","contentUrl":"https:\/\/news.canadamotorjobs.com\/wp-content\/uploads\/2022\/10\/logo-canada-motor-jobs-1.png","width":800,"height":400,"caption":"Canada Motor Jobs"},"image":{"@id":"https:\/\/news.canadamotorjobs.com\/#\/schema\/logo\/image\/"},"sameAs":["https:\/\/www.facebook.com\/canadamotorjobs\/","https:\/\/x.com\/canadamotorjobs","https:\/\/www.instagram.com\/canadamotorjobs\/","https:\/\/www.linkedin.com\/company\/canadamotorjobs"]},{"@type":"Person","@id":"https:\/\/news.canadamotorjobs.com\/#\/schema\/person\/51793d1f87d44011d7bcc2ed99269a90","name":"Benoit Charette","image":{"@type":"ImageObject","inLanguage":"fr-CA","@id":"https:\/\/news.canadamotorjobs.com\/#\/schema\/person\/image\/","url":"https:\/\/secure.gravatar.com\/avatar\/45f3d2eebcccd909668d7ce7ea7267b6?s=96&d=mm&r=g","contentUrl":"https:\/\/secure.gravatar.com\/avatar\/45f3d2eebcccd909668d7ce7ea7267b6?s=96&d=mm&r=g","caption":"Benoit Charette"},"description":"Benoit Charette \/ Propri\u00e9taire et r\u00e9dacteur en chef Benoit Charette pratique le journalisme automobile depuis bient\u00f4t 30 ans. Il a fait ses classes au c\u00f4t\u00e9 de Daniel H\u00e9raud et au Carnet de route de 1992 \u00e0 2001. Il est fondateur, copropri\u00e9taire et r\u00e9dacteur en chef de L\u2019Annuel de l\u2019automobile, qu\u2019il publie depuis 2001. Il a anim\u00e9 les \u00e9missions RPM et RPM+ sur V et les L\u00e9gendes de la route sur Historia. \u00c0 la radio depuis 1986, il reprend l\u2019antenne cette ann\u00e9e sur les ondes de Cogeco et participe pour la deuxi\u00e8me ann\u00e9e \u00e0 l\u2019\u00e9mission Passion Auto sur RDS en plus de mettre en ligne le site Web officiel de L\u2019Annuel de l\u2019automobile sur annuelauto.ca.","sameAs":["https:\/\/annuelauto.ca\/"],"url":"https:\/\/news.canadamotorjobs.com\/fr\/author\/benoit-charette\/"}]}},"_links":{"self":[{"href":"https:\/\/news.canadamotorjobs.com\/fr\/wp-json\/wp\/v2\/posts\/151659"}],"collection":[{"href":"https:\/\/news.canadamotorjobs.com\/fr\/wp-json\/wp\/v2\/posts"}],"about":[{"href":"https:\/\/news.canadamotorjobs.com\/fr\/wp-json\/wp\/v2\/types\/post"}],"author":[{"embeddable":true,"href":"https:\/\/news.canadamotorjobs.com\/fr\/wp-json\/wp\/v2\/users\/8"}],"replies":[{"embeddable":true,"href":"https:\/\/news.canadamotorjobs.com\/fr\/wp-json\/wp\/v2\/comments?post=151659"}],"version-history":[{"count":2,"href":"https:\/\/news.canadamotorjobs.com\/fr\/wp-json\/wp\/v2\/posts\/151659\/revisions"}],"predecessor-version":[{"id":151663,"href":"https:\/\/news.canadamotorjobs.com\/fr\/wp-json\/wp\/v2\/posts\/151659\/revisions\/151663"}],"wp:featuredmedia":[{"embeddable":true,"href":"https:\/\/news.canadamotorjobs.com\/fr\/wp-json\/wp\/v2\/media\/151661"}],"wp:attachment":[{"href":"https:\/\/news.canadamotorjobs.com\/fr\/wp-json\/wp\/v2\/media?parent=151659"}],"wp:term":[{"taxonomy":"category","embeddable":true,"href":"https:\/\/news.canadamotorjobs.com\/fr\/wp-json\/wp\/v2\/categories?post=151659"},{"taxonomy":"post_tag","embeddable":true,"href":"https:\/\/news.canadamotorjobs.com\/fr\/wp-json\/wp\/v2\/tags?post=151659"}],"curies":[{"name":"wp","href":"https:\/\/api.w.org\/{rel}","templated":true}]}}