{"id":151640,"date":"2023-09-19T06:49:39","date_gmt":"2023-09-19T10:49:39","guid":{"rendered":"https:\/\/news.canadamotorjobs.com\/?p=151640"},"modified":"2023-09-19T06:50:00","modified_gmt":"2023-09-19T10:50:00","slug":"porsche-se-prepare-a-lancer-sa-derniere-panamera-a-essence","status":"publish","type":"post","link":"https:\/\/news.canadamotorjobs.com\/fr\/porsche-se-prepare-a-lancer-sa-derniere-panamera-a-essence\/","title":{"rendered":"Porsche se pr\u00e9pare \u00e0 lancer sa derni\u00e8re Panamera \u00e0 essence"},"content":{"rendered":"<\/p>\n<p>Porsche a publi\u00e9 \u00e0 la mi-septembre les premi\u00e8res images officielles o\u00f9 on peut voir la troisi\u00e8me \u2013 et peut-\u00eatre la derni\u00e8re \u2013 g\u00e9n\u00e9ration de la Panamera, qui se trouve \u00e0 \u00eatre la grosse et la seule berline \u00e0 quatre portes de la marque allemande. Je dis \u00abpeut-\u00eatre la derni\u00e8re\u00bb car s\u2019il y a une nouvelle Panamera apr\u00e8s celle-l\u00e0, elle sera assur\u00e9ment enti\u00e8rement \u00e9lectrique. Ce sera donc au moins la derni\u00e8re Panamera \u00e0 moteur \u00e0 essence.<\/p>\n<p>Cela dit, ce ne sera pas la moindre pour autant. M\u00eame s\u2019il s\u2019agit peut-\u00eatre plus d\u2019une mise \u00e0 niveau que d\u2019un redesign entier.\u00a0 La voiture qui sera probablement mise en vente \u00e0 partir du printemps 2024 sera assembl\u00e9e \u00e0 partir d\u2019une plateforme globale du groupe Volkswagen appel\u00e9e MSB, qu\u2019on trouvait d\u00e9j\u00e0 sous la carrosserie de la Panamera actuelle.<\/p>\n<p>On a h\u00e2te de voir comment Porsche Canada va g\u00e9rer la nouvelle venue, puisqu\u2019il est question de la d\u00e9cliner en quatre versions hybrides branchables, en plus de tout le reste. La version la plus muscl\u00e9e reprendrait la m\u00e9canique du Cayenne Turbo E-Hybrid, qui jumelle un V8 turbo de 4 litres \u00e0 un moteur \u00e9lectrique pour produire rien de moins que 729 chevaux.<\/p>\n<p>Porsche promet une plus grosse batterie dans tous les cas. \u00c7a pourrait signifier qu\u2019on aura droit \u00e0 la pile de 25,9 kilowatts-heure du Cayenne, qui remplacera une pile de 17,9 kw\/h qu\u2019on trouve \u00e0 bord de la Panamera hybride actuelle. Son autonomie pourrait passer des quelque 25 \u00e0 30 km actuels \u00e0 quelque chose comme 40 \u00e0 45 km par charge pour la nouvelle venue.<\/p>\n<p>Ce sera \u00e0 voir. Chose s\u00fbre, Porsche n\u2019utilise pas vraiment la motorisation \u00e9lectrique pour r\u00e9duire la consommation de ses v\u00e9hicules. Le groupe allemand pr\u00e9f\u00e8re au contraire en rehausser la puissance brute.<\/p>\n<p>Mais comme toute cette m\u00e9canique signifie un poids accru, il faut s\u2019attendre \u00e0 ce que la nouvelle Panamera soit quand m\u00eame assez pesante. Porsche a d\u2019ailleurs indiqu\u00e9 que sa grosse berline aura une suspension enti\u00e8rement r\u00e9vis\u00e9e pour mieux tenir compte de ce surpoids. Les amortisseurs et une configuration toute nouvelle de la suspension devraient assurer un comportement routier digne d\u2019une Porsche, assure-t-on \u00e0 Stuttgart.<\/p>\n<p>On a h\u00e2te de voir \u00e7a.<\/p>\n<p>Le texte <a rel=\"nofollow\" href=\"https:\/\/annuelauto.ca\/porsche-se-prepare-a-lancer-sa-derniere-panamera-a-essence\/\">Porsche se pr\u00e9pare \u00e0 lancer sa derni\u00e8re Panamera \u00e0 essence<\/a> provient de <a rel=\"nofollow\" href=\"https:\/\/annuelauto.ca\">L&#8217;annuel de l&#8217;automobile &#8211; Actualit\u00e9 automobile<\/a><\/p>\n<p><\/p>\n","protected":false},"excerpt":{"rendered":"<p>Porsche a publi\u00e9 \u00e0 la mi-septembre les premi\u00e8res images officielles o\u00f9 on peut voir la troisi\u00e8me \u2013 et peut-\u00eatre la derni\u00e8re \u2013 g\u00e9n\u00e9ration de la Panamera, qui se trouve \u00e0 \u00eatre la grosse et la seule berline \u00e0 quatre portes de la marque allemande. Je dis \u00abpeut-\u00eatre la derni\u00e8re\u00bb car s\u2019il y a une nouvelle [&hellip;]<\/p>\n","protected":false},"author":8,"featured_media":151642,"comment_status":"close","ping_status":"closed","sticky":false,"template":"","format":"standard","meta":{"_monsterinsights_skip_tracking":false,"_monsterinsights_sitenote_active":false,"_monsterinsights_sitenote_note":"","_monsterinsights_sitenote_category":0,"footnotes":""},"categories":[101],"tags":[],"yoast_head":"<!-- This site is optimized with the Yoast SEO plugin v23.2 - https:\/\/yoast.com\/wordpress\/plugins\/seo\/ -->\n<title>Porsche se pr\u00e9pare \u00e0 lancer sa derni\u00e8re Panamera \u00e0 essence - CanadaMotorJobs.com<\/title>\n<meta name=\"description\" content=\"Porsche se pr\u00e9pare \u00e0 lancer sa derni\u00e8re Panamera \u00e0 essence - Benoit Charette - Annuel automobile - CanadaMotorJobs.com.\" \/>\n<meta name=\"robots\" content=\"index, follow, max-snippet:-1, max-image-preview:large, max-video-preview:-1\" \/>\n<meta property=\"og:locale\" content=\"fr_CA\" \/>\n<meta property=\"og:type\" content=\"article\" \/>\n<meta property=\"og:title\" content=\"Porsche se pr\u00e9pare \u00e0 lancer sa derni\u00e8re Panamera \u00e0 essence - CanadaMotorJobs.com\" \/>\n<meta property=\"og:description\" content=\"Porsche se pr\u00e9pare \u00e0 lancer sa derni\u00e8re Panamera \u00e0 essence - Benoit Charette - Annuel automobile - CanadaMotorJobs.com.\" \/>\n<meta property=\"og:url\" content=\"https:\/\/news.canadamotorjobs.com\/fr\/porsche-se-prepare-a-lancer-sa-derniere-panamera-a-essence\/\" \/>\n<meta property=\"og:site_name\" content=\"CanadaMotorJobs.com\" \/>\n<meta property=\"article:publisher\" content=\"https:\/\/www.facebook.com\/canadamotorjobs\/\" \/>\n<meta property=\"article:published_time\" content=\"2023-09-19T10:49:39+00:00\" \/>\n<meta property=\"article:modified_time\" content=\"2023-09-19T10:50:00+00:00\" \/>\n<meta property=\"og:image\" content=\"https:\/\/news.canadamotorjobs.com\/wp-content\/uploads\/2023\/09\/dreamy-2024-porsche-panamera-doesn-t-stand-apart-embraces-2024-cayenne-s-styling-214464-7.jpg\" \/>\n\t<meta property=\"og:image:width\" content=\"860\" \/>\n\t<meta property=\"og:image:height\" content=\"485\" \/>\n\t<meta property=\"og:image:type\" content=\"image\/jpeg\" \/>\n<meta name=\"author\" content=\"Benoit Charette\" \/>\n<meta name=\"twitter:card\" content=\"summary_large_image\" \/>\n<meta name=\"twitter:creator\" content=\"@canadamotorjobs\" \/>\n<meta name=\"twitter:site\" content=\"@canadamotorjobs\" \/>\n<meta name=\"twitter:label1\" content=\"\u00c9crit par\" \/>\n\t<meta name=\"twitter:data1\" content=\"Benoit Charette\" \/>\n\t<meta name=\"twitter:label2\" content=\"Estimation du temps de lecture\" \/>\n\t<meta name=\"twitter:data2\" content=\"2 minutes\" \/>\n<!-- \/ Yoast SEO plugin. -->","yoast_head_json":{"title":"Porsche se pr\u00e9pare \u00e0 lancer sa derni\u00e8re Panamera \u00e0 essence - CanadaMotorJobs.com","description":"Porsche se pr\u00e9pare \u00e0 lancer sa derni\u00e8re Panamera \u00e0 essence - Benoit Charette - Annuel automobile - CanadaMotorJobs.com.","robots":{"index":"index","follow":"follow","max-snippet":"max-snippet:-1","max-image-preview":"max-image-preview:large","max-video-preview":"max-video-preview:-1"},"og_locale":"fr_CA","og_type":"article","og_title":"Porsche se pr\u00e9pare \u00e0 lancer sa derni\u00e8re Panamera \u00e0 essence - CanadaMotorJobs.com","og_description":"Porsche se pr\u00e9pare \u00e0 lancer sa derni\u00e8re Panamera \u00e0 essence - Benoit Charette - Annuel automobile - CanadaMotorJobs.com.","og_url":"https:\/\/news.canadamotorjobs.com\/fr\/porsche-se-prepare-a-lancer-sa-derniere-panamera-a-essence\/","og_site_name":"CanadaMotorJobs.com","article_publisher":"https:\/\/www.facebook.com\/canadamotorjobs\/","article_published_time":"2023-09-19T10:49:39+00:00","article_modified_time":"2023-09-19T10:50:00+00:00","og_image":[{"width":860,"height":485,"url":"https:\/\/news.canadamotorjobs.com\/wp-content\/uploads\/2023\/09\/dreamy-2024-porsche-panamera-doesn-t-stand-apart-embraces-2024-cayenne-s-styling-214464-7.jpg","type":"image\/jpeg"}],"author":"Benoit Charette","twitter_card":"summary_large_image","twitter_creator":"@canadamotorjobs","twitter_site":"@canadamotorjobs","twitter_misc":{"\u00c9crit par":"Benoit Charette","Estimation du temps de lecture":"2 minutes"},"schema":{"@context":"https:\/\/schema.org","@graph":[{"@type":"Article","@id":"https:\/\/news.canadamotorjobs.com\/fr\/porsche-se-prepare-a-lancer-sa-derniere-panamera-a-essence\/#article","isPartOf":{"@id":"https:\/\/news.canadamotorjobs.com\/fr\/porsche-se-prepare-a-lancer-sa-derniere-panamera-a-essence\/"},"author":{"name":"Benoit Charette","@id":"https:\/\/news.canadamotorjobs.com\/#\/schema\/person\/51793d1f87d44011d7bcc2ed99269a90"},"headline":"Porsche se pr\u00e9pare \u00e0 lancer sa derni\u00e8re Panamera \u00e0 essence","datePublished":"2023-09-19T10:49:39+00:00","dateModified":"2023-09-19T10:50:00+00:00","mainEntityOfPage":{"@id":"https:\/\/news.canadamotorjobs.com\/fr\/porsche-se-prepare-a-lancer-sa-derniere-panamera-a-essence\/"},"wordCount":413,"publisher":{"@id":"https:\/\/news.canadamotorjobs.com\/#organization"},"image":{"@id":"https:\/\/news.canadamotorjobs.com\/fr\/porsche-se-prepare-a-lancer-sa-derniere-panamera-a-essence\/#primaryimage"},"thumbnailUrl":"https:\/\/news.canadamotorjobs.com\/wp-content\/uploads\/2023\/09\/dreamy-2024-porsche-panamera-doesn-t-stand-apart-embraces-2024-cayenne-s-styling-214464-7.jpg","articleSection":["Annuel automobile"],"inLanguage":"fr-CA"},{"@type":"WebPage","@id":"https:\/\/news.canadamotorjobs.com\/fr\/porsche-se-prepare-a-lancer-sa-derniere-panamera-a-essence\/","url":"https:\/\/news.canadamotorjobs.com\/fr\/porsche-se-prepare-a-lancer-sa-derniere-panamera-a-essence\/","name":"Porsche se pr\u00e9pare \u00e0 lancer sa derni\u00e8re Panamera \u00e0 essence - CanadaMotorJobs.com","isPartOf":{"@id":"https:\/\/news.canadamotorjobs.com\/#website"},"primaryImageOfPage":{"@id":"https:\/\/news.canadamotorjobs.com\/fr\/porsche-se-prepare-a-lancer-sa-derniere-panamera-a-essence\/#primaryimage"},"image":{"@id":"https:\/\/news.canadamotorjobs.com\/fr\/porsche-se-prepare-a-lancer-sa-derniere-panamera-a-essence\/#primaryimage"},"thumbnailUrl":"https:\/\/news.canadamotorjobs.com\/wp-content\/uploads\/2023\/09\/dreamy-2024-porsche-panamera-doesn-t-stand-apart-embraces-2024-cayenne-s-styling-214464-7.jpg","datePublished":"2023-09-19T10:49:39+00:00","dateModified":"2023-09-19T10:50:00+00:00","description":"Porsche se pr\u00e9pare \u00e0 lancer sa derni\u00e8re Panamera \u00e0 essence - Benoit Charette - Annuel automobile - CanadaMotorJobs.com.","breadcrumb":{"@id":"https:\/\/news.canadamotorjobs.com\/fr\/porsche-se-prepare-a-lancer-sa-derniere-panamera-a-essence\/#breadcrumb"},"inLanguage":"fr-CA","potentialAction":[{"@type":"ReadAction","target":["https:\/\/news.canadamotorjobs.com\/fr\/porsche-se-prepare-a-lancer-sa-derniere-panamera-a-essence\/"]}]},{"@type":"ImageObject","inLanguage":"fr-CA","@id":"https:\/\/news.canadamotorjobs.com\/fr\/porsche-se-prepare-a-lancer-sa-derniere-panamera-a-essence\/#primaryimage","url":"https:\/\/news.canadamotorjobs.com\/wp-content\/uploads\/2023\/09\/dreamy-2024-porsche-panamera-doesn-t-stand-apart-embraces-2024-cayenne-s-styling-214464-7.jpg","contentUrl":"https:\/\/news.canadamotorjobs.com\/wp-content\/uploads\/2023\/09\/dreamy-2024-porsche-panamera-doesn-t-stand-apart-embraces-2024-cayenne-s-styling-214464-7.jpg","width":860,"height":485},{"@type":"BreadcrumbList","@id":"https:\/\/news.canadamotorjobs.com\/fr\/porsche-se-prepare-a-lancer-sa-derniere-panamera-a-essence\/#breadcrumb","itemListElement":[{"@type":"ListItem","position":1,"name":"Home","item":"https:\/\/news.canadamotorjobs.com\/fr\/blog\/"},{"@type":"ListItem","position":2,"name":"Porsche se pr\u00e9pare \u00e0 lancer sa derni\u00e8re Panamera \u00e0 essence"}]},{"@type":"WebSite","@id":"https:\/\/news.canadamotorjobs.com\/#website","url":"https:\/\/news.canadamotorjobs.com\/","name":"CanadaMotorJobs.com","description":"Automotive Jobs","publisher":{"@id":"https:\/\/news.canadamotorjobs.com\/#organization"},"potentialAction":[{"@type":"SearchAction","target":{"@type":"EntryPoint","urlTemplate":"https:\/\/news.canadamotorjobs.com\/?s={search_term_string}"},"query-input":"required name=search_term_string"}],"inLanguage":"fr-CA"},{"@type":"Organization","@id":"https:\/\/news.canadamotorjobs.com\/#organization","name":"Canada Motor Jobs","url":"https:\/\/news.canadamotorjobs.com\/","logo":{"@type":"ImageObject","inLanguage":"fr-CA","@id":"https:\/\/news.canadamotorjobs.com\/#\/schema\/logo\/image\/","url":"https:\/\/news.canadamotorjobs.com\/wp-content\/uploads\/2022\/10\/logo-canada-motor-jobs-1.png","contentUrl":"https:\/\/news.canadamotorjobs.com\/wp-content\/uploads\/2022\/10\/logo-canada-motor-jobs-1.png","width":800,"height":400,"caption":"Canada Motor Jobs"},"image":{"@id":"https:\/\/news.canadamotorjobs.com\/#\/schema\/logo\/image\/"},"sameAs":["https:\/\/www.facebook.com\/canadamotorjobs\/","https:\/\/x.com\/canadamotorjobs","https:\/\/www.instagram.com\/canadamotorjobs\/","https:\/\/www.linkedin.com\/company\/canadamotorjobs"]},{"@type":"Person","@id":"https:\/\/news.canadamotorjobs.com\/#\/schema\/person\/51793d1f87d44011d7bcc2ed99269a90","name":"Benoit Charette","image":{"@type":"ImageObject","inLanguage":"fr-CA","@id":"https:\/\/news.canadamotorjobs.com\/#\/schema\/person\/image\/","url":"https:\/\/secure.gravatar.com\/avatar\/45f3d2eebcccd909668d7ce7ea7267b6?s=96&d=mm&r=g","contentUrl":"https:\/\/secure.gravatar.com\/avatar\/45f3d2eebcccd909668d7ce7ea7267b6?s=96&d=mm&r=g","caption":"Benoit Charette"},"description":"Benoit Charette \/ Propri\u00e9taire et r\u00e9dacteur en chef Benoit Charette pratique le journalisme automobile depuis bient\u00f4t 30 ans. Il a fait ses classes au c\u00f4t\u00e9 de Daniel H\u00e9raud et au Carnet de route de 1992 \u00e0 2001. Il est fondateur, copropri\u00e9taire et r\u00e9dacteur en chef de L\u2019Annuel de l\u2019automobile, qu\u2019il publie depuis 2001. Il a anim\u00e9 les \u00e9missions RPM et RPM+ sur V et les L\u00e9gendes de la route sur Historia. \u00c0 la radio depuis 1986, il reprend l\u2019antenne cette ann\u00e9e sur les ondes de Cogeco et participe pour la deuxi\u00e8me ann\u00e9e \u00e0 l\u2019\u00e9mission Passion Auto sur RDS en plus de mettre en ligne le site Web officiel de L\u2019Annuel de l\u2019automobile sur annuelauto.ca.","sameAs":["https:\/\/annuelauto.ca\/"],"url":"https:\/\/news.canadamotorjobs.com\/fr\/author\/benoit-charette\/"}]}},"_links":{"self":[{"href":"https:\/\/news.canadamotorjobs.com\/fr\/wp-json\/wp\/v2\/posts\/151640"}],"collection":[{"href":"https:\/\/news.canadamotorjobs.com\/fr\/wp-json\/wp\/v2\/posts"}],"about":[{"href":"https:\/\/news.canadamotorjobs.com\/fr\/wp-json\/wp\/v2\/types\/post"}],"author":[{"embeddable":true,"href":"https:\/\/news.canadamotorjobs.com\/fr\/wp-json\/wp\/v2\/users\/8"}],"replies":[{"embeddable":true,"href":"https:\/\/news.canadamotorjobs.com\/fr\/wp-json\/wp\/v2\/comments?post=151640"}],"version-history":[{"count":2,"href":"https:\/\/news.canadamotorjobs.com\/fr\/wp-json\/wp\/v2\/posts\/151640\/revisions"}],"predecessor-version":[{"id":151644,"href":"https:\/\/news.canadamotorjobs.com\/fr\/wp-json\/wp\/v2\/posts\/151640\/revisions\/151644"}],"wp:featuredmedia":[{"embeddable":true,"href":"https:\/\/news.canadamotorjobs.com\/fr\/wp-json\/wp\/v2\/media\/151642"}],"wp:attachment":[{"href":"https:\/\/news.canadamotorjobs.com\/fr\/wp-json\/wp\/v2\/media?parent=151640"}],"wp:term":[{"taxonomy":"category","embeddable":true,"href":"https:\/\/news.canadamotorjobs.com\/fr\/wp-json\/wp\/v2\/categories?post=151640"},{"taxonomy":"post_tag","embeddable":true,"href":"https:\/\/news.canadamotorjobs.com\/fr\/wp-json\/wp\/v2\/tags?post=151640"}],"curies":[{"name":"wp","href":"https:\/\/api.w.org\/{rel}","templated":true}]}}