{"id":151604,"date":"2023-09-18T08:04:47","date_gmt":"2023-09-18T12:04:47","guid":{"rendered":"https:\/\/news.canadamotorjobs.com\/?p=151604"},"modified":"2023-09-18T08:15:59","modified_gmt":"2023-09-18T12:15:59","slug":"toyota-prius-prime-se","status":"publish","type":"post","link":"https:\/\/news.canadamotorjobs.com\/fr\/toyota-prius-prime-se\/","title":{"rendered":"Toyota Prius Prime SE"},"content":{"rendered":"<\/p>\n<p>Toyota est dans une dr\u00f4le de position ces jours-ci. Le constructeur japonais a pris du retard dans le virage \u00e9lectrique de ses produits et a tent\u00e9 de ralentir tout le secteur en vantant les m\u00e9rites de l\u2019hydrog\u00e8ne. Et l\u00e0, son nouveau patron vient de faire volte-face et promet que Toyota deviendra rapidement un leader de l\u2019\u00e9lectrification.<\/p>\n<p>Et pendant ce temps-l\u00e0, ses ing\u00e9nieurs ont con\u00e7u une nouvelle g\u00e9n\u00e9ration de la Prius Prime, la version branchable de la populaire hybride japonaise, qui donne l\u2019impression que si Toyota y mettait un peu plus d\u2019efforts, le groupe pourrait s\u00e9rieusement rivaliser avec les leaders du march\u00e9 que sont Tesla et Chevrolet.<\/p>\n<p>Avant de parler de la Prius Prime 2024, mentionnons juste que Toyota a d\u00e9j\u00e0 dans ses cartons les plans de la prochaine g\u00e9n\u00e9ration de sa berline compacte \u00e0 deux t\u00eates, et qu\u2019elle devrait \u00eatre au moins deux fois plus efficace que le mod\u00e8le qui vient d\u2019\u00eatre mis sur la route, \u00e0 un prix \u00e0 peu pr\u00e8s identique. Il faudra seulement attendre jusqu\u2019en 2028 pour voir ce mod\u00e8le appara\u00eetre au catalogue, malheureusement.<\/p>\n<p>Le mod\u00e8le qu\u2019on peut acheter entre temps n\u2019est quand m\u00eame pas d\u00e9nu\u00e9 d\u2019int\u00e9r\u00eat, qu\u2019on se comprenne bien. Au contraire, en fait. On pourrait dire que Toyota a produit ce qui aurait pu, dans une r\u00e9alit\u00e9 alternative \u00e0 la n\u00f4tre, \u00eatre la troisi\u00e8me g\u00e9n\u00e9ration de la Chevrolet Volt.<\/p>\n<p>D\u2019abord, disons que la Prius Prime 2024 est la plus jolie incarnation de la Prius jamais produite par Toyota. C\u2019est d\u00e9j\u00e0 un gros plus. Sa silhouette ressemble un peu \u00e0 celle de la Volt, en fait. La voiture continue d\u2019\u00eatre tr\u00e8s a\u00e9rodynamique, et ses lignes ont encore une petite touche futuriste, mais le r\u00e9sultat final est \u00e0 notre avis pas mal plus r\u00e9ussi que dans le pass\u00e9.<\/p>\n<p>Ensuite, son autonomie \u00e9lectrique de plus de 70 kilom\u00e8tres par charge est tout \u00e0 fait acceptable. \u00c9videmment, on en voudrait toujours plus, et il y en aura pour demander 100 kilom\u00e8tres par charge. \u00c7a viendra peut-\u00eatre sur la Prius Prime 2028, mais en attendant, les 70 \u00e0 75 km offerts \u00e0 chaque recharge suffiront \u00e0 r\u00e9duire \u00e0 presque rien la consommation d\u2019essence au quotidien d\u2019une majorit\u00e9 de Canadiens.<\/p>\n<p>Statistique Canada calcule que 75% des Canadiens parcourent moins de 64 km par jour, dans l\u2019aller-retour entre la maison et le bureau.<\/p>\n<p>Notez que les 72km d\u2019autonomie \u00e9lectrique sont obtenus au volant du mod\u00e8le de base, la Prius Prime SE. L\u2019autonomie de la XSE est r\u00e9duite \u00e0 65 km. La principale diff\u00e9rence est que ce mod\u00e8le a droit \u00e0 des roues de 19 pouces. La XSE co\u00fbte aussi 4500$ de plus que la SE, dont le prix de d\u00e9tail d\u00e9marre \u00e0 42\u00a0000$.<\/p>\n<p>C\u2019est un peu dommage, car le grand \u00e9cran de 12,3 pouces des versions plus \u00e9quip\u00e9es de la Prius pourrait attirer beaucoup d\u2019acheteurs. Tout le reste est essentiellement du tape-\u00e0-l\u2019\u0153il que vous ne regretterez pas de ne pas avoir, si ce que vous cherchez est une voiture peu \u00e9nergivore. De base, la Prius Prime a les si\u00e8ges chauffants et le voilant chauffant, donc on a l\u00e0 un v\u00e9hicule quatre saisons.<\/p>\n<p>Un v\u00e9hicule \u00e0 roues motrices \u00e0 l\u2019avant, qui, on le rappelle, n\u2019a besoin que de bons pneus d\u2019hiver pour se sortir de la plupart des situations o\u00f9 la neige et la glace rendent la conduite plus difficile. Pas besoin de quatre roues motrices \u00e0 tout prix, ni m\u00eame d\u2019un VUS, quand on ne sort jamais des routes asphalt\u00e9es du Qu\u00e9bec\u2026<\/p>\n<p>En revanche, un VUS, ou en fait bien d\u2019autres voitures de format compact, ont un avantage sur la Prius\u00a0: l\u2019espace utile \u00e0 l\u2019arri\u00e8re est plus g\u00e9n\u00e9reux. La silhouette de la Prius avec un toit en pente douce r\u00e9duit le d\u00e9gagement pour la t\u00eate \u00e0 l\u2019arri\u00e8re, et rend le coffre un peu trop \u00e9troit \u00e0 notre go\u00fbt. Toyota aurait pu \u00eatre plus g\u00e9n\u00e9reux \u00e0 ce niveau.<\/p>\n<p>Peut-\u00eatre que la Prius Prime 2028 fera mieux l\u00e0 aussi. Entre temps, c\u2019est ce que nous offre le mod\u00e8le actuel. Et honn\u00eatement, pour tous ceux qui h\u00e9sitent \u00e0 passer au 100% \u00e9lectrique, c\u2019est un excellent pas dans la bonne direction. \u00c0 condition, \u00e9videmment, de la brancher le plus souvent possible\u2026<\/p>\n<p>\u00a0<\/p>\n<p>Le texte <a rel=\"nofollow\" href=\"https:\/\/annuelauto.ca\/toyota-prius-prime-se\/\">Toyota Prius Prime SE<\/a> provient de <a rel=\"nofollow\" href=\"https:\/\/annuelauto.ca\">L&#8217;annuel de l&#8217;automobile &#8211; Actualit\u00e9 automobile<\/a><\/p>\n<p><\/p>\n","protected":false},"excerpt":{"rendered":"<p>Toyota est dans une dr\u00f4le de position ces jours-ci. Le constructeur japonais a pris du retard dans le virage \u00e9lectrique de ses produits et a tent\u00e9 de ralentir tout le secteur en vantant les m\u00e9rites de l\u2019hydrog\u00e8ne. Et l\u00e0, son nouveau patron vient de faire volte-face et promet que Toyota deviendra rapidement un leader de [&hellip;]<\/p>\n","protected":false},"author":8,"featured_media":151606,"comment_status":"close","ping_status":"closed","sticky":false,"template":"","format":"standard","meta":{"_monsterinsights_skip_tracking":false,"_monsterinsights_sitenote_active":false,"_monsterinsights_sitenote_note":"","_monsterinsights_sitenote_category":0,"footnotes":""},"categories":[101],"tags":[],"yoast_head":"<!-- This site is optimized with the Yoast SEO plugin v23.2 - https:\/\/yoast.com\/wordpress\/plugins\/seo\/ -->\n<title>Toyota Prius Prime SE - CanadaMotorJobs.com<\/title>\n<meta name=\"description\" content=\"Toyota Prius Prime SE - Benoit Charette - Annuel automobile - CanadaMotorJobs.com.\" \/>\n<meta name=\"robots\" content=\"index, follow, max-snippet:-1, max-image-preview:large, max-video-preview:-1\" \/>\n<meta property=\"og:locale\" content=\"fr_CA\" \/>\n<meta property=\"og:type\" content=\"article\" \/>\n<meta property=\"og:title\" content=\"Toyota Prius Prime SE - CanadaMotorJobs.com\" \/>\n<meta property=\"og:description\" content=\"Toyota Prius Prime SE - Benoit Charette - Annuel automobile - CanadaMotorJobs.com.\" \/>\n<meta property=\"og:url\" content=\"https:\/\/news.canadamotorjobs.com\/fr\/toyota-prius-prime-se\/\" \/>\n<meta property=\"og:site_name\" content=\"CanadaMotorJobs.com\" \/>\n<meta property=\"article:publisher\" content=\"https:\/\/www.facebook.com\/canadamotorjobs\/\" \/>\n<meta property=\"article:published_time\" content=\"2023-09-18T12:04:47+00:00\" \/>\n<meta property=\"article:modified_time\" content=\"2023-09-18T12:15:59+00:00\" \/>\n<meta property=\"og:image\" content=\"https:\/\/news.canadamotorjobs.com\/wp-content\/uploads\/2023\/09\/b24_acaau_fl1_01l0_a.png\" \/>\n\t<meta property=\"og:image:width\" content=\"1809\" \/>\n\t<meta property=\"og:image:height\" content=\"800\" \/>\n\t<meta property=\"og:image:type\" content=\"image\/png\" \/>\n<meta name=\"author\" content=\"Benoit Charette\" \/>\n<meta name=\"twitter:card\" content=\"summary_large_image\" \/>\n<meta name=\"twitter:creator\" content=\"@canadamotorjobs\" \/>\n<meta name=\"twitter:site\" content=\"@canadamotorjobs\" \/>\n<meta name=\"twitter:label1\" content=\"\u00c9crit par\" \/>\n\t<meta name=\"twitter:data1\" content=\"Benoit Charette\" \/>\n\t<meta name=\"twitter:label2\" content=\"Estimation du temps de lecture\" \/>\n\t<meta name=\"twitter:data2\" content=\"4 minutes\" \/>\n<!-- \/ Yoast SEO plugin. -->","yoast_head_json":{"title":"Toyota Prius Prime SE - CanadaMotorJobs.com","description":"Toyota Prius Prime SE - Benoit Charette - Annuel automobile - CanadaMotorJobs.com.","robots":{"index":"index","follow":"follow","max-snippet":"max-snippet:-1","max-image-preview":"max-image-preview:large","max-video-preview":"max-video-preview:-1"},"og_locale":"fr_CA","og_type":"article","og_title":"Toyota Prius Prime SE - CanadaMotorJobs.com","og_description":"Toyota Prius Prime SE - Benoit Charette - Annuel automobile - CanadaMotorJobs.com.","og_url":"https:\/\/news.canadamotorjobs.com\/fr\/toyota-prius-prime-se\/","og_site_name":"CanadaMotorJobs.com","article_publisher":"https:\/\/www.facebook.com\/canadamotorjobs\/","article_published_time":"2023-09-18T12:04:47+00:00","article_modified_time":"2023-09-18T12:15:59+00:00","og_image":[{"width":1809,"height":800,"url":"https:\/\/news.canadamotorjobs.com\/wp-content\/uploads\/2023\/09\/b24_acaau_fl1_01l0_a.png","type":"image\/png"}],"author":"Benoit Charette","twitter_card":"summary_large_image","twitter_creator":"@canadamotorjobs","twitter_site":"@canadamotorjobs","twitter_misc":{"\u00c9crit par":"Benoit Charette","Estimation du temps de lecture":"4 minutes"},"schema":{"@context":"https:\/\/schema.org","@graph":[{"@type":"Article","@id":"https:\/\/news.canadamotorjobs.com\/fr\/toyota-prius-prime-se\/#article","isPartOf":{"@id":"https:\/\/news.canadamotorjobs.com\/fr\/toyota-prius-prime-se\/"},"author":{"name":"Benoit Charette","@id":"https:\/\/news.canadamotorjobs.com\/#\/schema\/person\/51793d1f87d44011d7bcc2ed99269a90"},"headline":"Toyota Prius Prime SE","datePublished":"2023-09-18T12:04:47+00:00","dateModified":"2023-09-18T12:15:59+00:00","mainEntityOfPage":{"@id":"https:\/\/news.canadamotorjobs.com\/fr\/toyota-prius-prime-se\/"},"wordCount":761,"publisher":{"@id":"https:\/\/news.canadamotorjobs.com\/#organization"},"image":{"@id":"https:\/\/news.canadamotorjobs.com\/fr\/toyota-prius-prime-se\/#primaryimage"},"thumbnailUrl":"https:\/\/news.canadamotorjobs.com\/wp-content\/uploads\/2023\/09\/b24_acaau_fl1_01l0_a.png","articleSection":["Annuel automobile"],"inLanguage":"fr-CA"},{"@type":"WebPage","@id":"https:\/\/news.canadamotorjobs.com\/fr\/toyota-prius-prime-se\/","url":"https:\/\/news.canadamotorjobs.com\/fr\/toyota-prius-prime-se\/","name":"Toyota Prius Prime SE - CanadaMotorJobs.com","isPartOf":{"@id":"https:\/\/news.canadamotorjobs.com\/#website"},"primaryImageOfPage":{"@id":"https:\/\/news.canadamotorjobs.com\/fr\/toyota-prius-prime-se\/#primaryimage"},"image":{"@id":"https:\/\/news.canadamotorjobs.com\/fr\/toyota-prius-prime-se\/#primaryimage"},"thumbnailUrl":"https:\/\/news.canadamotorjobs.com\/wp-content\/uploads\/2023\/09\/b24_acaau_fl1_01l0_a.png","datePublished":"2023-09-18T12:04:47+00:00","dateModified":"2023-09-18T12:15:59+00:00","description":"Toyota Prius Prime SE - Benoit Charette - Annuel automobile - CanadaMotorJobs.com.","breadcrumb":{"@id":"https:\/\/news.canadamotorjobs.com\/fr\/toyota-prius-prime-se\/#breadcrumb"},"inLanguage":"fr-CA","potentialAction":[{"@type":"ReadAction","target":["https:\/\/news.canadamotorjobs.com\/fr\/toyota-prius-prime-se\/"]}]},{"@type":"ImageObject","inLanguage":"fr-CA","@id":"https:\/\/news.canadamotorjobs.com\/fr\/toyota-prius-prime-se\/#primaryimage","url":"https:\/\/news.canadamotorjobs.com\/wp-content\/uploads\/2023\/09\/b24_acaau_fl1_01l0_a.png","contentUrl":"https:\/\/news.canadamotorjobs.com\/wp-content\/uploads\/2023\/09\/b24_acaau_fl1_01l0_a.png","width":1809,"height":800},{"@type":"BreadcrumbList","@id":"https:\/\/news.canadamotorjobs.com\/fr\/toyota-prius-prime-se\/#breadcrumb","itemListElement":[{"@type":"ListItem","position":1,"name":"Home","item":"https:\/\/news.canadamotorjobs.com\/fr\/blog\/"},{"@type":"ListItem","position":2,"name":"Toyota Prius Prime SE"}]},{"@type":"WebSite","@id":"https:\/\/news.canadamotorjobs.com\/#website","url":"https:\/\/news.canadamotorjobs.com\/","name":"CanadaMotorJobs.com","description":"Automotive Jobs","publisher":{"@id":"https:\/\/news.canadamotorjobs.com\/#organization"},"potentialAction":[{"@type":"SearchAction","target":{"@type":"EntryPoint","urlTemplate":"https:\/\/news.canadamotorjobs.com\/?s={search_term_string}"},"query-input":"required name=search_term_string"}],"inLanguage":"fr-CA"},{"@type":"Organization","@id":"https:\/\/news.canadamotorjobs.com\/#organization","name":"Canada Motor Jobs","url":"https:\/\/news.canadamotorjobs.com\/","logo":{"@type":"ImageObject","inLanguage":"fr-CA","@id":"https:\/\/news.canadamotorjobs.com\/#\/schema\/logo\/image\/","url":"https:\/\/news.canadamotorjobs.com\/wp-content\/uploads\/2022\/10\/logo-canada-motor-jobs-1.png","contentUrl":"https:\/\/news.canadamotorjobs.com\/wp-content\/uploads\/2022\/10\/logo-canada-motor-jobs-1.png","width":800,"height":400,"caption":"Canada Motor Jobs"},"image":{"@id":"https:\/\/news.canadamotorjobs.com\/#\/schema\/logo\/image\/"},"sameAs":["https:\/\/www.facebook.com\/canadamotorjobs\/","https:\/\/x.com\/canadamotorjobs","https:\/\/www.instagram.com\/canadamotorjobs\/","https:\/\/www.linkedin.com\/company\/canadamotorjobs"]},{"@type":"Person","@id":"https:\/\/news.canadamotorjobs.com\/#\/schema\/person\/51793d1f87d44011d7bcc2ed99269a90","name":"Benoit Charette","image":{"@type":"ImageObject","inLanguage":"fr-CA","@id":"https:\/\/news.canadamotorjobs.com\/#\/schema\/person\/image\/","url":"https:\/\/secure.gravatar.com\/avatar\/45f3d2eebcccd909668d7ce7ea7267b6?s=96&d=mm&r=g","contentUrl":"https:\/\/secure.gravatar.com\/avatar\/45f3d2eebcccd909668d7ce7ea7267b6?s=96&d=mm&r=g","caption":"Benoit Charette"},"description":"Benoit Charette \/ Propri\u00e9taire et r\u00e9dacteur en chef Benoit Charette pratique le journalisme automobile depuis bient\u00f4t 30 ans. Il a fait ses classes au c\u00f4t\u00e9 de Daniel H\u00e9raud et au Carnet de route de 1992 \u00e0 2001. Il est fondateur, copropri\u00e9taire et r\u00e9dacteur en chef de L\u2019Annuel de l\u2019automobile, qu\u2019il publie depuis 2001. Il a anim\u00e9 les \u00e9missions RPM et RPM+ sur V et les L\u00e9gendes de la route sur Historia. \u00c0 la radio depuis 1986, il reprend l\u2019antenne cette ann\u00e9e sur les ondes de Cogeco et participe pour la deuxi\u00e8me ann\u00e9e \u00e0 l\u2019\u00e9mission Passion Auto sur RDS en plus de mettre en ligne le site Web officiel de L\u2019Annuel de l\u2019automobile sur annuelauto.ca.","sameAs":["https:\/\/annuelauto.ca\/"],"url":"https:\/\/news.canadamotorjobs.com\/fr\/author\/benoit-charette\/"}]}},"_links":{"self":[{"href":"https:\/\/news.canadamotorjobs.com\/fr\/wp-json\/wp\/v2\/posts\/151604"}],"collection":[{"href":"https:\/\/news.canadamotorjobs.com\/fr\/wp-json\/wp\/v2\/posts"}],"about":[{"href":"https:\/\/news.canadamotorjobs.com\/fr\/wp-json\/wp\/v2\/types\/post"}],"author":[{"embeddable":true,"href":"https:\/\/news.canadamotorjobs.com\/fr\/wp-json\/wp\/v2\/users\/8"}],"replies":[{"embeddable":true,"href":"https:\/\/news.canadamotorjobs.com\/fr\/wp-json\/wp\/v2\/comments?post=151604"}],"version-history":[{"count":2,"href":"https:\/\/news.canadamotorjobs.com\/fr\/wp-json\/wp\/v2\/posts\/151604\/revisions"}],"predecessor-version":[{"id":151608,"href":"https:\/\/news.canadamotorjobs.com\/fr\/wp-json\/wp\/v2\/posts\/151604\/revisions\/151608"}],"wp:featuredmedia":[{"embeddable":true,"href":"https:\/\/news.canadamotorjobs.com\/fr\/wp-json\/wp\/v2\/media\/151606"}],"wp:attachment":[{"href":"https:\/\/news.canadamotorjobs.com\/fr\/wp-json\/wp\/v2\/media?parent=151604"}],"wp:term":[{"taxonomy":"category","embeddable":true,"href":"https:\/\/news.canadamotorjobs.com\/fr\/wp-json\/wp\/v2\/categories?post=151604"},{"taxonomy":"post_tag","embeddable":true,"href":"https:\/\/news.canadamotorjobs.com\/fr\/wp-json\/wp\/v2\/tags?post=151604"}],"curies":[{"name":"wp","href":"https:\/\/api.w.org\/{rel}","templated":true}]}}