{"id":151577,"date":"2023-09-18T07:18:36","date_gmt":"2023-09-18T11:18:36","guid":{"rendered":"https:\/\/news.canadamotorjobs.com\/?p=151577"},"modified":"2023-09-18T07:29:34","modified_gmt":"2023-09-18T11:29:34","slug":"lamborghini-et-ducati-veulent-eliminer-les-accidents-de-moto","status":"publish","type":"post","link":"https:\/\/news.canadamotorjobs.com\/fr\/lamborghini-et-ducati-veulent-eliminer-les-accidents-de-moto\/","title":{"rendered":"Lamborghini et Ducati veulent \u00e9liminer les accidents de moto"},"content":{"rendered":"<\/p>\n<p>Le pire danger pour les motocyclistes est de ne pas \u00eatre rep\u00e9r\u00e9s par les automobilistes. Et les accidents de moto provoqu\u00e9s par des voitures sont une des causes les plus importantes d\u2019accidents de la route ces jours-ci. C\u2019est pourquoi Lamborghini et Ducati ont d\u00e9cid\u00e9 de mettre au point une technologie qui permettrait aux voitures de rep\u00e9rer automatiquement les motos \u00e0 proximit\u00e9 pour \u00e9viter les \u00e9ventuelles collisions.<\/p>\n<p>Lamborghini, on le sait, fait partie du groupe Volkswagen. La marque italienne a \u00e9t\u00e9 d\u00e9sign\u00e9e par le groupe allemand comme sa repr\u00e9sentante au sein d\u2019un organisme appel\u00e9 le Consortium des motocyclettes connect\u00e9es, ou CMC. On trouve dans ce groupe la plupart des grandes marques de moto, y compris Ducati.<\/p>\n<p>Et le mois dernier, Ducati et Lamborghini ont pris d\u2019assaut une piste de course en Allemagne pour tester un premier syst\u00e8me de communication v\u00e9hicules-\u00e0-moto. On conna\u00eet d\u00e9j\u00e0 les technologies de communication v\u00e9hicule-\u00e0-v\u00e9hicule, ou V2V, et celles de communication v\u00e9hicules-\u00e0-infrastructure, ou V2I. On peut donc ajouter \u00e0 ces deux-l\u00e0 la communication v\u00e9hicules-\u00e0-moto, ou V2M.<\/p>\n<p>Pour mettre au point ce syst\u00e8me, les deux constructeurs ont plong\u00e9 dans les statistiques afin de d\u00e9terminer quels types d\u2019accidents entre une voiture et une moto \u00e9taient les plus fr\u00e9quents et les plus dangereux. Ils ont ensuite cibl\u00e9 les cas o\u00f9 une communication entre les deux types de v\u00e9hicules aurait permis d\u2019\u00e9viter une collision.<\/p>\n<p>D\u00e9tail int\u00e9ressant\u00a0: les trois situations identifi\u00e9es se trouvent aux intersections. Et dans les trois cas, la cause des accrochages est un manque de visibilit\u00e9 et de pr\u00e9voyance de la part des automobilistes.<\/p>\n<h3>&#8211; Le premier cas se produit quand il n\u2019y a pas de feux de circulation et que le v\u00e9hicule d\u00e9sire tourner \u00e0 gauche, mais son conducteur ne voit pas tr\u00e8s bien la circulation dans les autres directions que la sienne<\/h3>\n<p><\/p>\n<h3>&#8211; Le second cas est quand ce m\u00eame v\u00e9hicule veut ex\u00e9cuter un virage \u00e0 gauche \u00e0 une intersection et qu\u2019il ne voit pas une moto qui arrive en sens inverse<\/h3>\n<p><\/p>\n<h3>&#8211; Le troisi\u00e8me cas est quand les motocyclistes tentent de d\u00e9passer un camion qui s\u2019est immobilis\u00e9 dans sa voie pour laisser tourner un v\u00e9hicule qui s\u2019en vient en sens inverse.<\/h3>\n<p>\nCe que Ducati et Lamborghini veulent mettre au point, c\u2019est un syst\u00e8me embarqu\u00e9 sur la moto qui \u00e9mettrait un signal indiquant aux autres v\u00e9hicules qu\u2019elle s\u2019en vient. Inversement, ce syst\u00e8me pourrait aussi envoyer une alerte aux motocyclistes qui leur permettrait de percevoir un v\u00e9hicule qu\u2019ils ne voient pas n\u00e9cessairement devant eux.<\/p>\n<p>Esp\u00e9rons qu\u2019un tel syst\u00e8me verra effectivement le jour bient\u00f4t. Le Consortium ne dit pas quand \u00e7a pourrait se faire, mais on parle de communication V2V depuis au moins cinq ans, avec un horizon de mise en march\u00e9 entre 2025 et 2028. Il faudrait juste que le V2M soit inclus dans le V2V\u2026<\/p>\n<p>Le texte <a rel=\"nofollow\" href=\"https:\/\/annuelauto.ca\/lamborghini-et-ducati-veulent-eliminer-les-accidents-de-moto\/\">Lamborghini et Ducati veulent \u00e9liminer les accidents de moto<\/a> provient de <a rel=\"nofollow\" href=\"https:\/\/annuelauto.ca\">L&#8217;annuel de l&#8217;automobile &#8211; Actualit\u00e9 automobile<\/a><\/p>\n<p><\/p>\n","protected":false},"excerpt":{"rendered":"<p>Le pire danger pour les motocyclistes est de ne pas \u00eatre rep\u00e9r\u00e9s par les automobilistes. Et les accidents de moto provoqu\u00e9s par des voitures sont une des causes les plus importantes d\u2019accidents de la route ces jours-ci. C\u2019est pourquoi Lamborghini et Ducati ont d\u00e9cid\u00e9 de mettre au point une technologie qui permettrait aux voitures de [&hellip;]<\/p>\n","protected":false},"author":8,"featured_media":151579,"comment_status":"close","ping_status":"closed","sticky":false,"template":"","format":"standard","meta":{"_monsterinsights_skip_tracking":false,"_monsterinsights_sitenote_active":false,"_monsterinsights_sitenote_note":"","_monsterinsights_sitenote_category":0,"footnotes":""},"categories":[101],"tags":[],"yoast_head":"<!-- This site is optimized with the Yoast SEO plugin v23.2 - https:\/\/yoast.com\/wordpress\/plugins\/seo\/ -->\n<title>Lamborghini et Ducati veulent \u00e9liminer les accidents de moto - CanadaMotorJobs.com<\/title>\n<meta name=\"description\" content=\"Lamborghini et Ducati veulent \u00e9liminer les accidents de moto - Benoit Charette - Annuel automobile - CanadaMotorJobs.com.\" \/>\n<meta name=\"robots\" content=\"index, follow, max-snippet:-1, max-image-preview:large, max-video-preview:-1\" \/>\n<meta property=\"og:locale\" content=\"fr_CA\" \/>\n<meta property=\"og:type\" content=\"article\" \/>\n<meta property=\"og:title\" content=\"Lamborghini et Ducati veulent \u00e9liminer les accidents de moto - CanadaMotorJobs.com\" \/>\n<meta property=\"og:description\" content=\"Lamborghini et Ducati veulent \u00e9liminer les accidents de moto - Benoit Charette - Annuel automobile - CanadaMotorJobs.com.\" \/>\n<meta property=\"og:url\" content=\"https:\/\/news.canadamotorjobs.com\/fr\/lamborghini-et-ducati-veulent-eliminer-les-accidents-de-moto\/\" \/>\n<meta property=\"og:site_name\" content=\"CanadaMotorJobs.com\" \/>\n<meta property=\"article:publisher\" content=\"https:\/\/www.facebook.com\/canadamotorjobs\/\" \/>\n<meta property=\"article:published_time\" content=\"2023-09-18T11:18:36+00:00\" \/>\n<meta property=\"article:modified_time\" content=\"2023-09-18T11:29:34+00:00\" \/>\n<meta property=\"og:image\" content=\"https:\/\/news.canadamotorjobs.com\/wp-content\/uploads\/2023\/09\/650046.jpg\" \/>\n\t<meta property=\"og:image:width\" content=\"1920\" \/>\n\t<meta property=\"og:image:height\" content=\"1080\" \/>\n\t<meta property=\"og:image:type\" content=\"image\/jpeg\" \/>\n<meta name=\"author\" content=\"Benoit Charette\" \/>\n<meta name=\"twitter:card\" content=\"summary_large_image\" \/>\n<meta name=\"twitter:creator\" content=\"@canadamotorjobs\" \/>\n<meta name=\"twitter:site\" content=\"@canadamotorjobs\" \/>\n<meta name=\"twitter:label1\" content=\"\u00c9crit par\" \/>\n\t<meta name=\"twitter:data1\" content=\"Benoit Charette\" \/>\n\t<meta name=\"twitter:label2\" content=\"Estimation du temps de lecture\" \/>\n\t<meta name=\"twitter:data2\" content=\"3 minutes\" \/>\n<!-- \/ Yoast SEO plugin. -->","yoast_head_json":{"title":"Lamborghini et Ducati veulent \u00e9liminer les accidents de moto - CanadaMotorJobs.com","description":"Lamborghini et Ducati veulent \u00e9liminer les accidents de moto - Benoit Charette - Annuel automobile - CanadaMotorJobs.com.","robots":{"index":"index","follow":"follow","max-snippet":"max-snippet:-1","max-image-preview":"max-image-preview:large","max-video-preview":"max-video-preview:-1"},"og_locale":"fr_CA","og_type":"article","og_title":"Lamborghini et Ducati veulent \u00e9liminer les accidents de moto - CanadaMotorJobs.com","og_description":"Lamborghini et Ducati veulent \u00e9liminer les accidents de moto - Benoit Charette - Annuel automobile - CanadaMotorJobs.com.","og_url":"https:\/\/news.canadamotorjobs.com\/fr\/lamborghini-et-ducati-veulent-eliminer-les-accidents-de-moto\/","og_site_name":"CanadaMotorJobs.com","article_publisher":"https:\/\/www.facebook.com\/canadamotorjobs\/","article_published_time":"2023-09-18T11:18:36+00:00","article_modified_time":"2023-09-18T11:29:34+00:00","og_image":[{"width":1920,"height":1080,"url":"https:\/\/news.canadamotorjobs.com\/wp-content\/uploads\/2023\/09\/650046.jpg","type":"image\/jpeg"}],"author":"Benoit Charette","twitter_card":"summary_large_image","twitter_creator":"@canadamotorjobs","twitter_site":"@canadamotorjobs","twitter_misc":{"\u00c9crit par":"Benoit Charette","Estimation du temps de lecture":"3 minutes"},"schema":{"@context":"https:\/\/schema.org","@graph":[{"@type":"Article","@id":"https:\/\/news.canadamotorjobs.com\/fr\/lamborghini-et-ducati-veulent-eliminer-les-accidents-de-moto\/#article","isPartOf":{"@id":"https:\/\/news.canadamotorjobs.com\/fr\/lamborghini-et-ducati-veulent-eliminer-les-accidents-de-moto\/"},"author":{"name":"Benoit Charette","@id":"https:\/\/news.canadamotorjobs.com\/#\/schema\/person\/51793d1f87d44011d7bcc2ed99269a90"},"headline":"Lamborghini et Ducati veulent \u00e9liminer les accidents de moto","datePublished":"2023-09-18T11:18:36+00:00","dateModified":"2023-09-18T11:29:34+00:00","mainEntityOfPage":{"@id":"https:\/\/news.canadamotorjobs.com\/fr\/lamborghini-et-ducati-veulent-eliminer-les-accidents-de-moto\/"},"wordCount":547,"publisher":{"@id":"https:\/\/news.canadamotorjobs.com\/#organization"},"image":{"@id":"https:\/\/news.canadamotorjobs.com\/fr\/lamborghini-et-ducati-veulent-eliminer-les-accidents-de-moto\/#primaryimage"},"thumbnailUrl":"https:\/\/news.canadamotorjobs.com\/wp-content\/uploads\/2023\/09\/650046.jpg","articleSection":["Annuel automobile"],"inLanguage":"fr-CA"},{"@type":"WebPage","@id":"https:\/\/news.canadamotorjobs.com\/fr\/lamborghini-et-ducati-veulent-eliminer-les-accidents-de-moto\/","url":"https:\/\/news.canadamotorjobs.com\/fr\/lamborghini-et-ducati-veulent-eliminer-les-accidents-de-moto\/","name":"Lamborghini et Ducati veulent \u00e9liminer les accidents de moto - CanadaMotorJobs.com","isPartOf":{"@id":"https:\/\/news.canadamotorjobs.com\/#website"},"primaryImageOfPage":{"@id":"https:\/\/news.canadamotorjobs.com\/fr\/lamborghini-et-ducati-veulent-eliminer-les-accidents-de-moto\/#primaryimage"},"image":{"@id":"https:\/\/news.canadamotorjobs.com\/fr\/lamborghini-et-ducati-veulent-eliminer-les-accidents-de-moto\/#primaryimage"},"thumbnailUrl":"https:\/\/news.canadamotorjobs.com\/wp-content\/uploads\/2023\/09\/650046.jpg","datePublished":"2023-09-18T11:18:36+00:00","dateModified":"2023-09-18T11:29:34+00:00","description":"Lamborghini et Ducati veulent \u00e9liminer les accidents de moto - Benoit Charette - Annuel automobile - CanadaMotorJobs.com.","breadcrumb":{"@id":"https:\/\/news.canadamotorjobs.com\/fr\/lamborghini-et-ducati-veulent-eliminer-les-accidents-de-moto\/#breadcrumb"},"inLanguage":"fr-CA","potentialAction":[{"@type":"ReadAction","target":["https:\/\/news.canadamotorjobs.com\/fr\/lamborghini-et-ducati-veulent-eliminer-les-accidents-de-moto\/"]}]},{"@type":"ImageObject","inLanguage":"fr-CA","@id":"https:\/\/news.canadamotorjobs.com\/fr\/lamborghini-et-ducati-veulent-eliminer-les-accidents-de-moto\/#primaryimage","url":"https:\/\/news.canadamotorjobs.com\/wp-content\/uploads\/2023\/09\/650046.jpg","contentUrl":"https:\/\/news.canadamotorjobs.com\/wp-content\/uploads\/2023\/09\/650046.jpg","width":1920,"height":1080},{"@type":"BreadcrumbList","@id":"https:\/\/news.canadamotorjobs.com\/fr\/lamborghini-et-ducati-veulent-eliminer-les-accidents-de-moto\/#breadcrumb","itemListElement":[{"@type":"ListItem","position":1,"name":"Home","item":"https:\/\/news.canadamotorjobs.com\/fr\/blog\/"},{"@type":"ListItem","position":2,"name":"Lamborghini et Ducati veulent \u00e9liminer les accidents de moto"}]},{"@type":"WebSite","@id":"https:\/\/news.canadamotorjobs.com\/#website","url":"https:\/\/news.canadamotorjobs.com\/","name":"CanadaMotorJobs.com","description":"Automotive Jobs","publisher":{"@id":"https:\/\/news.canadamotorjobs.com\/#organization"},"potentialAction":[{"@type":"SearchAction","target":{"@type":"EntryPoint","urlTemplate":"https:\/\/news.canadamotorjobs.com\/?s={search_term_string}"},"query-input":"required name=search_term_string"}],"inLanguage":"fr-CA"},{"@type":"Organization","@id":"https:\/\/news.canadamotorjobs.com\/#organization","name":"Canada Motor Jobs","url":"https:\/\/news.canadamotorjobs.com\/","logo":{"@type":"ImageObject","inLanguage":"fr-CA","@id":"https:\/\/news.canadamotorjobs.com\/#\/schema\/logo\/image\/","url":"https:\/\/news.canadamotorjobs.com\/wp-content\/uploads\/2022\/10\/logo-canada-motor-jobs-1.png","contentUrl":"https:\/\/news.canadamotorjobs.com\/wp-content\/uploads\/2022\/10\/logo-canada-motor-jobs-1.png","width":800,"height":400,"caption":"Canada Motor Jobs"},"image":{"@id":"https:\/\/news.canadamotorjobs.com\/#\/schema\/logo\/image\/"},"sameAs":["https:\/\/www.facebook.com\/canadamotorjobs\/","https:\/\/x.com\/canadamotorjobs","https:\/\/www.instagram.com\/canadamotorjobs\/","https:\/\/www.linkedin.com\/company\/canadamotorjobs"]},{"@type":"Person","@id":"https:\/\/news.canadamotorjobs.com\/#\/schema\/person\/51793d1f87d44011d7bcc2ed99269a90","name":"Benoit Charette","image":{"@type":"ImageObject","inLanguage":"fr-CA","@id":"https:\/\/news.canadamotorjobs.com\/#\/schema\/person\/image\/","url":"https:\/\/secure.gravatar.com\/avatar\/45f3d2eebcccd909668d7ce7ea7267b6?s=96&d=mm&r=g","contentUrl":"https:\/\/secure.gravatar.com\/avatar\/45f3d2eebcccd909668d7ce7ea7267b6?s=96&d=mm&r=g","caption":"Benoit Charette"},"description":"Benoit Charette \/ Propri\u00e9taire et r\u00e9dacteur en chef Benoit Charette pratique le journalisme automobile depuis bient\u00f4t 30 ans. Il a fait ses classes au c\u00f4t\u00e9 de Daniel H\u00e9raud et au Carnet de route de 1992 \u00e0 2001. Il est fondateur, copropri\u00e9taire et r\u00e9dacteur en chef de L\u2019Annuel de l\u2019automobile, qu\u2019il publie depuis 2001. Il a anim\u00e9 les \u00e9missions RPM et RPM+ sur V et les L\u00e9gendes de la route sur Historia. \u00c0 la radio depuis 1986, il reprend l\u2019antenne cette ann\u00e9e sur les ondes de Cogeco et participe pour la deuxi\u00e8me ann\u00e9e \u00e0 l\u2019\u00e9mission Passion Auto sur RDS en plus de mettre en ligne le site Web officiel de L\u2019Annuel de l\u2019automobile sur annuelauto.ca.","sameAs":["https:\/\/annuelauto.ca\/"],"url":"https:\/\/news.canadamotorjobs.com\/fr\/author\/benoit-charette\/"}]}},"_links":{"self":[{"href":"https:\/\/news.canadamotorjobs.com\/fr\/wp-json\/wp\/v2\/posts\/151577"}],"collection":[{"href":"https:\/\/news.canadamotorjobs.com\/fr\/wp-json\/wp\/v2\/posts"}],"about":[{"href":"https:\/\/news.canadamotorjobs.com\/fr\/wp-json\/wp\/v2\/types\/post"}],"author":[{"embeddable":true,"href":"https:\/\/news.canadamotorjobs.com\/fr\/wp-json\/wp\/v2\/users\/8"}],"replies":[{"embeddable":true,"href":"https:\/\/news.canadamotorjobs.com\/fr\/wp-json\/wp\/v2\/comments?post=151577"}],"version-history":[{"count":2,"href":"https:\/\/news.canadamotorjobs.com\/fr\/wp-json\/wp\/v2\/posts\/151577\/revisions"}],"predecessor-version":[{"id":151581,"href":"https:\/\/news.canadamotorjobs.com\/fr\/wp-json\/wp\/v2\/posts\/151577\/revisions\/151581"}],"wp:featuredmedia":[{"embeddable":true,"href":"https:\/\/news.canadamotorjobs.com\/fr\/wp-json\/wp\/v2\/media\/151579"}],"wp:attachment":[{"href":"https:\/\/news.canadamotorjobs.com\/fr\/wp-json\/wp\/v2\/media?parent=151577"}],"wp:term":[{"taxonomy":"category","embeddable":true,"href":"https:\/\/news.canadamotorjobs.com\/fr\/wp-json\/wp\/v2\/categories?post=151577"},{"taxonomy":"post_tag","embeddable":true,"href":"https:\/\/news.canadamotorjobs.com\/fr\/wp-json\/wp\/v2\/tags?post=151577"}],"curies":[{"name":"wp","href":"https:\/\/api.w.org\/{rel}","templated":true}]}}