{"id":151519,"date":"2023-09-18T06:56:28","date_gmt":"2023-09-18T10:56:28","guid":{"rendered":"https:\/\/news.canadamotorjobs.com\/?p=151519"},"modified":"2023-09-18T07:00:27","modified_gmt":"2023-09-18T11:00:27","slug":"tesla-pourrait-imprimer-sa-model-2-a-25-000-us","status":"publish","type":"post","link":"https:\/\/news.canadamotorjobs.com\/fr\/tesla-pourrait-imprimer-sa-model-2-a-25-000-us\/","title":{"rendered":"Tesla pourrait imprimer sa \u00abModel 2\u00bb \u00e0 25\u00a0000 $US"},"content":{"rendered":"<\/p>\n<p>Tesla continue de laisser miroiter la possibilit\u00e9 de mettre en march\u00e9 avant la fin de d\u00e9cennie en cours un nouveau mod\u00e8le de voiture \u00e9lectrique d\u2019entr\u00e9e de gamme, que les gens qui suivent la marque ont d\u00e9j\u00e0 surnomm\u00e9e la Model 2. Ce mod\u00e8le serait une version r\u00e9duite de la Model 3 et, surtout, pourrait avoir un prix de d\u00e9tail de 25\u00a0000 $US, soit environ 34\u00a0000 $.<\/p>\n<p>Pour y arriver, Tesla songe \u00e0 adopter un nouveau proc\u00e9d\u00e9 d\u2019assemblage qui serait assez r\u00e9volutionnaire, merci\u00a0: le constructeur californien pourrait \u00abimprimer\u00bb d\u2019un seul coup toute la plateforme situ\u00e9e sous le v\u00e9hicule, ce qu\u2019on appelle, dans le langage officiel, le soubassement sur lequel repose la carrosserie, et dans le cas d\u2019un v\u00e9hicule \u00e9lectrique, les batteries et quelques autres composants m\u00e9caniques \u00e9galement.<\/p>\n<p>En fait, Tesla teste pr\u00e9sentement une forme de moulage par pression qui lui permettrait de cr\u00e9er d\u2019un seul coup toute la structure inf\u00e9rieure de ses v\u00e9hicules, ce qui remplacerait la production et l\u2019assemblage de quelque 400 pi\u00e8ces, \u00e0 l\u2019heure actuelle.<\/p>\n<p>On imagine \u00e9videmment les \u00e9conomies d\u2019\u00e9chelle que ce nouveau proc\u00e9d\u00e9 permettrait\u2026<\/p>\n<p>En plus de produire des pi\u00e8ces moins co\u00fbteuses, ce proc\u00e9d\u00e9 est facile \u00e0 modifier par la suite pour s\u2019adapter \u00e0 la production de plus d\u2019un mod\u00e8le. Alors que \u00e7a prend dans l\u2019industrie pr\u00e9sentement de trois \u00e0 quatre ans pour lancer la production d\u2019un tout nouveau mod\u00e8le d\u2019automobile, ce proc\u00e9d\u00e9 permettrait de changer le moulage d\u2019un v\u00e9hicule en quelques semaines \u00e0 peine.<\/p>\n<p>\u00c7a permettrait donc \u00e0 Tesla de faire des \u00e9conomies importantes et donc, de baisser le prix de ses v\u00e9hicules suffisamment pour que l\u2019\u00e9ventuel Model 2 puisse voir le jour.<\/p>\n<p>\u00c9videmment, ce n\u2019est pas gagn\u00e9 d\u2019avance, sinon tous les autres constructeurs utiliseraient d\u00e9j\u00e0 ce proc\u00e9d\u00e9. Car plus la pi\u00e8ce \u00e0 produire est grosse, plus les risques de rater le moulage final sont grands. \u00c7a implique aussi qu\u2019on ne pourra peut-\u00eatre pas cr\u00e9er d\u2019espaces vides partout, et que le r\u00e9sultat serait un v\u00e9hicule trop lourd pour rien.<\/p>\n<p>L\u00e0-dessus, Tesla aurait trouv\u00e9 un moyen d\u2019all\u00e9ger les pi\u00e8ces en question en utilisant des mat\u00e9riaux comme du sable, qu\u2019il suffit d\u2019expulser ensuite pour cr\u00e9er ces fameux espaces vides dans la structure finale.<\/p>\n<p>Tesla en serait donc \u00e0 l\u2019\u00e9tape de d\u00e9cider si elle prend le risque d\u2019adopter cette technique ou pas. On devrait le savoir assez rapidement \u2013 Musk en parlait d\u00e9j\u00e0 au mois de mars dernier. Et comme on le conna\u00eet, il a probablement tr\u00e8s h\u00e2te d\u2019annoncer une Tesla \u00e0 25\u00a0000 $US, pour emb\u00eater encore un peu plus le reste de l\u2019industrie automobile\u2026<\/p>\n<p>Le texte <a rel=\"nofollow\" href=\"https:\/\/annuelauto.ca\/tesla-pourrait-imprimer-sa-model-2-a-25-000-us\/\">Tesla pourrait imprimer sa \u00abModel 2\u00bb \u00e0 25\u00a0000 $US<\/a> provient de <a rel=\"nofollow\" href=\"https:\/\/annuelauto.ca\">L&#8217;annuel de l&#8217;automobile &#8211; Actualit\u00e9 automobile<\/a><\/p>\n<p><\/p>\n","protected":false},"excerpt":{"rendered":"<p>Tesla continue de laisser miroiter la possibilit\u00e9 de mettre en march\u00e9 avant la fin de d\u00e9cennie en cours un nouveau mod\u00e8le de voiture \u00e9lectrique d\u2019entr\u00e9e de gamme, que les gens qui suivent la marque ont d\u00e9j\u00e0 surnomm\u00e9e la Model 2. Ce mod\u00e8le serait une version r\u00e9duite de la Model 3 et, surtout, pourrait avoir un [&hellip;]<\/p>\n","protected":false},"author":8,"featured_media":151521,"comment_status":"close","ping_status":"closed","sticky":false,"template":"","format":"standard","meta":{"_monsterinsights_skip_tracking":false,"_monsterinsights_sitenote_active":false,"_monsterinsights_sitenote_note":"","_monsterinsights_sitenote_category":0,"footnotes":""},"categories":[101],"tags":[],"yoast_head":"<!-- This site is optimized with the Yoast SEO plugin v23.2 - https:\/\/yoast.com\/wordpress\/plugins\/seo\/ -->\n<title>Tesla pourrait imprimer sa \u00abModel 2\u00bb \u00e0 25\u00a0000 $US - CanadaMotorJobs.com<\/title>\n<meta name=\"description\" content=\"Tesla pourrait imprimer sa \u00abModel 2\u00bb \u00e0 25\u00a0000 $US - Benoit Charette - Annuel automobile - CanadaMotorJobs.com.\" \/>\n<meta name=\"robots\" content=\"index, follow, max-snippet:-1, max-image-preview:large, max-video-preview:-1\" \/>\n<meta property=\"og:locale\" content=\"fr_CA\" \/>\n<meta property=\"og:type\" content=\"article\" \/>\n<meta property=\"og:title\" content=\"Tesla pourrait imprimer sa \u00abModel 2\u00bb \u00e0 25\u00a0000 $US - CanadaMotorJobs.com\" \/>\n<meta property=\"og:description\" content=\"Tesla pourrait imprimer sa \u00abModel 2\u00bb \u00e0 25\u00a0000 $US - Benoit Charette - Annuel automobile - CanadaMotorJobs.com.\" \/>\n<meta property=\"og:url\" content=\"https:\/\/news.canadamotorjobs.com\/fr\/tesla-pourrait-imprimer-sa-model-2-a-25-000-us\/\" \/>\n<meta property=\"og:site_name\" content=\"CanadaMotorJobs.com\" \/>\n<meta property=\"article:publisher\" content=\"https:\/\/www.facebook.com\/canadamotorjobs\/\" \/>\n<meta property=\"article:published_time\" content=\"2023-09-18T10:56:28+00:00\" \/>\n<meta property=\"article:modified_time\" content=\"2023-09-18T11:00:27+00:00\" \/>\n<meta property=\"og:image\" content=\"https:\/\/news.canadamotorjobs.com\/wp-content\/uploads\/2023\/09\/2023-Tesla-Model-Y.jpg\" \/>\n\t<meta property=\"og:image:width\" content=\"2200\" \/>\n\t<meta property=\"og:image:height\" content=\"1238\" \/>\n\t<meta property=\"og:image:type\" content=\"image\/jpeg\" \/>\n<meta name=\"author\" content=\"Benoit Charette\" \/>\n<meta name=\"twitter:card\" content=\"summary_large_image\" \/>\n<meta name=\"twitter:creator\" content=\"@canadamotorjobs\" \/>\n<meta name=\"twitter:site\" content=\"@canadamotorjobs\" \/>\n<meta name=\"twitter:label1\" content=\"\u00c9crit par\" \/>\n\t<meta name=\"twitter:data1\" content=\"Benoit Charette\" \/>\n\t<meta name=\"twitter:label2\" content=\"Estimation du temps de lecture\" \/>\n\t<meta name=\"twitter:data2\" content=\"2 minutes\" \/>\n<!-- \/ Yoast SEO plugin. -->","yoast_head_json":{"title":"Tesla pourrait imprimer sa \u00abModel 2\u00bb \u00e0 25\u00a0000 $US - CanadaMotorJobs.com","description":"Tesla pourrait imprimer sa \u00abModel 2\u00bb \u00e0 25\u00a0000 $US - Benoit Charette - Annuel automobile - CanadaMotorJobs.com.","robots":{"index":"index","follow":"follow","max-snippet":"max-snippet:-1","max-image-preview":"max-image-preview:large","max-video-preview":"max-video-preview:-1"},"og_locale":"fr_CA","og_type":"article","og_title":"Tesla pourrait imprimer sa \u00abModel 2\u00bb \u00e0 25\u00a0000 $US - CanadaMotorJobs.com","og_description":"Tesla pourrait imprimer sa \u00abModel 2\u00bb \u00e0 25\u00a0000 $US - Benoit Charette - Annuel automobile - CanadaMotorJobs.com.","og_url":"https:\/\/news.canadamotorjobs.com\/fr\/tesla-pourrait-imprimer-sa-model-2-a-25-000-us\/","og_site_name":"CanadaMotorJobs.com","article_publisher":"https:\/\/www.facebook.com\/canadamotorjobs\/","article_published_time":"2023-09-18T10:56:28+00:00","article_modified_time":"2023-09-18T11:00:27+00:00","og_image":[{"width":2200,"height":1238,"url":"https:\/\/news.canadamotorjobs.com\/wp-content\/uploads\/2023\/09\/2023-Tesla-Model-Y.jpg","type":"image\/jpeg"}],"author":"Benoit Charette","twitter_card":"summary_large_image","twitter_creator":"@canadamotorjobs","twitter_site":"@canadamotorjobs","twitter_misc":{"\u00c9crit par":"Benoit Charette","Estimation du temps de lecture":"2 minutes"},"schema":{"@context":"https:\/\/schema.org","@graph":[{"@type":"Article","@id":"https:\/\/news.canadamotorjobs.com\/fr\/tesla-pourrait-imprimer-sa-model-2-a-25-000-us\/#article","isPartOf":{"@id":"https:\/\/news.canadamotorjobs.com\/fr\/tesla-pourrait-imprimer-sa-model-2-a-25-000-us\/"},"author":{"name":"Benoit Charette","@id":"https:\/\/news.canadamotorjobs.com\/#\/schema\/person\/51793d1f87d44011d7bcc2ed99269a90"},"headline":"Tesla pourrait imprimer sa \u00abModel 2\u00bb \u00e0 25\u00a0000 $US","datePublished":"2023-09-18T10:56:28+00:00","dateModified":"2023-09-18T11:00:27+00:00","mainEntityOfPage":{"@id":"https:\/\/news.canadamotorjobs.com\/fr\/tesla-pourrait-imprimer-sa-model-2-a-25-000-us\/"},"wordCount":494,"publisher":{"@id":"https:\/\/news.canadamotorjobs.com\/#organization"},"image":{"@id":"https:\/\/news.canadamotorjobs.com\/fr\/tesla-pourrait-imprimer-sa-model-2-a-25-000-us\/#primaryimage"},"thumbnailUrl":"https:\/\/news.canadamotorjobs.com\/wp-content\/uploads\/2023\/09\/2023-Tesla-Model-Y.jpg","articleSection":["Annuel automobile"],"inLanguage":"fr-CA"},{"@type":"WebPage","@id":"https:\/\/news.canadamotorjobs.com\/fr\/tesla-pourrait-imprimer-sa-model-2-a-25-000-us\/","url":"https:\/\/news.canadamotorjobs.com\/fr\/tesla-pourrait-imprimer-sa-model-2-a-25-000-us\/","name":"Tesla pourrait imprimer sa \u00abModel 2\u00bb \u00e0 25\u00a0000 $US - CanadaMotorJobs.com","isPartOf":{"@id":"https:\/\/news.canadamotorjobs.com\/#website"},"primaryImageOfPage":{"@id":"https:\/\/news.canadamotorjobs.com\/fr\/tesla-pourrait-imprimer-sa-model-2-a-25-000-us\/#primaryimage"},"image":{"@id":"https:\/\/news.canadamotorjobs.com\/fr\/tesla-pourrait-imprimer-sa-model-2-a-25-000-us\/#primaryimage"},"thumbnailUrl":"https:\/\/news.canadamotorjobs.com\/wp-content\/uploads\/2023\/09\/2023-Tesla-Model-Y.jpg","datePublished":"2023-09-18T10:56:28+00:00","dateModified":"2023-09-18T11:00:27+00:00","description":"Tesla pourrait imprimer sa \u00abModel 2\u00bb \u00e0 25\u00a0000 $US - Benoit Charette - Annuel automobile - CanadaMotorJobs.com.","breadcrumb":{"@id":"https:\/\/news.canadamotorjobs.com\/fr\/tesla-pourrait-imprimer-sa-model-2-a-25-000-us\/#breadcrumb"},"inLanguage":"fr-CA","potentialAction":[{"@type":"ReadAction","target":["https:\/\/news.canadamotorjobs.com\/fr\/tesla-pourrait-imprimer-sa-model-2-a-25-000-us\/"]}]},{"@type":"ImageObject","inLanguage":"fr-CA","@id":"https:\/\/news.canadamotorjobs.com\/fr\/tesla-pourrait-imprimer-sa-model-2-a-25-000-us\/#primaryimage","url":"https:\/\/news.canadamotorjobs.com\/wp-content\/uploads\/2023\/09\/2023-Tesla-Model-Y.jpg","contentUrl":"https:\/\/news.canadamotorjobs.com\/wp-content\/uploads\/2023\/09\/2023-Tesla-Model-Y.jpg","width":2200,"height":1238},{"@type":"BreadcrumbList","@id":"https:\/\/news.canadamotorjobs.com\/fr\/tesla-pourrait-imprimer-sa-model-2-a-25-000-us\/#breadcrumb","itemListElement":[{"@type":"ListItem","position":1,"name":"Home","item":"https:\/\/news.canadamotorjobs.com\/fr\/blog\/"},{"@type":"ListItem","position":2,"name":"Tesla pourrait imprimer sa \u00abModel 2\u00bb \u00e0 25\u00a0000 $US"}]},{"@type":"WebSite","@id":"https:\/\/news.canadamotorjobs.com\/#website","url":"https:\/\/news.canadamotorjobs.com\/","name":"CanadaMotorJobs.com","description":"Automotive Jobs","publisher":{"@id":"https:\/\/news.canadamotorjobs.com\/#organization"},"potentialAction":[{"@type":"SearchAction","target":{"@type":"EntryPoint","urlTemplate":"https:\/\/news.canadamotorjobs.com\/?s={search_term_string}"},"query-input":"required name=search_term_string"}],"inLanguage":"fr-CA"},{"@type":"Organization","@id":"https:\/\/news.canadamotorjobs.com\/#organization","name":"Canada Motor Jobs","url":"https:\/\/news.canadamotorjobs.com\/","logo":{"@type":"ImageObject","inLanguage":"fr-CA","@id":"https:\/\/news.canadamotorjobs.com\/#\/schema\/logo\/image\/","url":"https:\/\/news.canadamotorjobs.com\/wp-content\/uploads\/2022\/10\/logo-canada-motor-jobs-1.png","contentUrl":"https:\/\/news.canadamotorjobs.com\/wp-content\/uploads\/2022\/10\/logo-canada-motor-jobs-1.png","width":800,"height":400,"caption":"Canada Motor Jobs"},"image":{"@id":"https:\/\/news.canadamotorjobs.com\/#\/schema\/logo\/image\/"},"sameAs":["https:\/\/www.facebook.com\/canadamotorjobs\/","https:\/\/x.com\/canadamotorjobs","https:\/\/www.instagram.com\/canadamotorjobs\/","https:\/\/www.linkedin.com\/company\/canadamotorjobs"]},{"@type":"Person","@id":"https:\/\/news.canadamotorjobs.com\/#\/schema\/person\/51793d1f87d44011d7bcc2ed99269a90","name":"Benoit Charette","image":{"@type":"ImageObject","inLanguage":"fr-CA","@id":"https:\/\/news.canadamotorjobs.com\/#\/schema\/person\/image\/","url":"https:\/\/secure.gravatar.com\/avatar\/45f3d2eebcccd909668d7ce7ea7267b6?s=96&d=mm&r=g","contentUrl":"https:\/\/secure.gravatar.com\/avatar\/45f3d2eebcccd909668d7ce7ea7267b6?s=96&d=mm&r=g","caption":"Benoit Charette"},"description":"Benoit Charette \/ Propri\u00e9taire et r\u00e9dacteur en chef Benoit Charette pratique le journalisme automobile depuis bient\u00f4t 30 ans. Il a fait ses classes au c\u00f4t\u00e9 de Daniel H\u00e9raud et au Carnet de route de 1992 \u00e0 2001. Il est fondateur, copropri\u00e9taire et r\u00e9dacteur en chef de L\u2019Annuel de l\u2019automobile, qu\u2019il publie depuis 2001. Il a anim\u00e9 les \u00e9missions RPM et RPM+ sur V et les L\u00e9gendes de la route sur Historia. \u00c0 la radio depuis 1986, il reprend l\u2019antenne cette ann\u00e9e sur les ondes de Cogeco et participe pour la deuxi\u00e8me ann\u00e9e \u00e0 l\u2019\u00e9mission Passion Auto sur RDS en plus de mettre en ligne le site Web officiel de L\u2019Annuel de l\u2019automobile sur annuelauto.ca.","sameAs":["https:\/\/annuelauto.ca\/"],"url":"https:\/\/news.canadamotorjobs.com\/fr\/author\/benoit-charette\/"}]}},"_links":{"self":[{"href":"https:\/\/news.canadamotorjobs.com\/fr\/wp-json\/wp\/v2\/posts\/151519"}],"collection":[{"href":"https:\/\/news.canadamotorjobs.com\/fr\/wp-json\/wp\/v2\/posts"}],"about":[{"href":"https:\/\/news.canadamotorjobs.com\/fr\/wp-json\/wp\/v2\/types\/post"}],"author":[{"embeddable":true,"href":"https:\/\/news.canadamotorjobs.com\/fr\/wp-json\/wp\/v2\/users\/8"}],"replies":[{"embeddable":true,"href":"https:\/\/news.canadamotorjobs.com\/fr\/wp-json\/wp\/v2\/comments?post=151519"}],"version-history":[{"count":2,"href":"https:\/\/news.canadamotorjobs.com\/fr\/wp-json\/wp\/v2\/posts\/151519\/revisions"}],"predecessor-version":[{"id":151523,"href":"https:\/\/news.canadamotorjobs.com\/fr\/wp-json\/wp\/v2\/posts\/151519\/revisions\/151523"}],"wp:featuredmedia":[{"embeddable":true,"href":"https:\/\/news.canadamotorjobs.com\/fr\/wp-json\/wp\/v2\/media\/151521"}],"wp:attachment":[{"href":"https:\/\/news.canadamotorjobs.com\/fr\/wp-json\/wp\/v2\/media?parent=151519"}],"wp:term":[{"taxonomy":"category","embeddable":true,"href":"https:\/\/news.canadamotorjobs.com\/fr\/wp-json\/wp\/v2\/categories?post=151519"},{"taxonomy":"post_tag","embeddable":true,"href":"https:\/\/news.canadamotorjobs.com\/fr\/wp-json\/wp\/v2\/tags?post=151519"}],"curies":[{"name":"wp","href":"https:\/\/api.w.org\/{rel}","templated":true}]}}