{"id":151500,"date":"2023-09-17T20:54:29","date_gmt":"2023-09-18T00:54:29","guid":{"rendered":"https:\/\/news.canadamotorjobs.com\/?p=151500"},"modified":"2023-09-17T21:17:32","modified_gmt":"2023-09-18T01:17:32","slug":"un-quart-de-million-pour-la-ferrari-testarossa-1988-de-nigel-mansell-cest-dans-vos-prix","status":"publish","type":"post","link":"https:\/\/news.canadamotorjobs.com\/fr\/un-quart-de-million-pour-la-ferrari-testarossa-1988-de-nigel-mansell-cest-dans-vos-prix\/","title":{"rendered":"Un quart de million pour la Ferrari Testarossa 1988 de Nigel Mansell, c\u2019est dans vos prix\u00a0?"},"content":{"rendered":"<\/p>\n<p>Les encanteurs font leurs choux gras des v\u00e9hicules ayant appartenu \u00e0 des personnalit\u00e9s. Mais ils n\u2019en connaissent pas toujours l\u2019histoire. Dans le cas de cette Ferrari Testarossa, qui a appartenu au pilote britannique de Formule 1 <a href=\"https:\/\/annuelauto.ca\/des-voitures-iconiques-de-nigel-mansell-seront-en-vedette-a-lencan-rm-sothebys-de-monaco\/\" target=\"_blank\" rel=\"noopener noreferrer\">Nigel Mansell<\/a>, RM Sotheby&#8217;s nous apprend qu\u2019elle a \u00e9t\u00e9 une sorte de\u2026 cadeau de No\u00ebl !<\/p>\n<p>En 1988, l\u2019\u00e9curie de F1 de Ferrari vit une saison d\u00e9sastreuse. Une troisi\u00e8me cons\u00e9cutive. Dans l\u2019espoir de renverser la vapeur, \u00e0 la fin de l&#8217;ann\u00e9e, Ferrari licencie Michele Alboreto et le remplace par Nigel Mansell, un pilote qui semble prometteur. Apr\u00e8s tout, en 1986 et 1987, il a d\u00e9croch\u00e9 la deuxi\u00e8me place au Championnat des Pilotes aux commandes de monoplaces Williams. Il sera d\u2019ailleurs le dernier pilote choisi personnellement par Enzo Ferrari avant son d\u00e9c\u00e8s, qui survient quelques semaines apr\u00e8s qu&#8217;il ait approuv\u00e9 son int\u00e9gration dans sa scuderia.<\/p>\n<p>Avant m\u00eame qu&#8217;il n&#8217;ait particip\u00e9 \u00e0 une course pour son nouvel employeur, \u00e0 la veille de No\u00ebl, il re\u00e7oit un joli cadeau\u00a0: cette Ferrari Testarossa. L\u2019encanteur raconte qu&#8217;elle a d\u2019abord \u00e9t\u00e9 livr\u00e9e par Ferrari \u00e0 Maranello Sales, son concessionnaire d\u2019Egham, une ville situ\u00e9e \u00e0 une trentaine de kilom\u00e8tres de Londres, dans le Surrey. Puis, le 23 d\u00e9cembre 1988, elle est exp\u00e9di\u00e9e \u00e0 une entreprise de gestion suisse qui la livre au pilote britannique juste \u00e0 temps pour le Temps des F\u00eates\u00a0!<\/p>\n<h3><strong>Une premi\u00e8re saison prometteuse<\/strong><\/h3>\n<p>\nEn 1989, l\u2019\u00e9curie italienne est ravie par le colosse britannique. D\u00e8s le premier Grand Prix de la saison, au Br\u00e9sil, il remporte la victoire au terme d\u2019une course o\u00f9 sa d\u00e9termination lui vaudra un surnom de la part des <em>Tifosi<\/em> : <em>Il Leone<\/em> \u2014 le lion, en italien.<\/p>\n<p>Cette ann\u00e9e-l\u00e0, Mansell remporte deux Grands Prix, monte six fois sur le podium et termine au quatri\u00e8me rang du championnat des pilotes; des exploits qui justifient pleinement la livraison d&#8217;une Testarossa en d\u00e9but de contrat\u00a0!<\/p>\n<p>D&#8217;apr\u00e8s <a href=\"https:\/\/annuelauto.ca\/la-ferrari-f40-dalain-prost-aux-encheres\/\" target=\"_blank\" rel=\"noopener noreferrer\">RM Sotheby\u2019s<\/a>, Mansell a conserv\u00e9 sa Testarossa jusqu&#8217;en d\u00e9cembre 1993. L\u2019odom\u00e8tre d\u2019origine aurait \u00e9t\u00e9 remplac\u00e9 alors que la voiture avait parcouru environ 4 700 mi (7 564 km). Aujourd\u2019hui, au moment d\u2019\u00eatre catalogu\u00e9e, son nouvel odom\u00e8tre indique 10 227 mi (16 458 km).<\/p>\n<p>RM pr\u00e9cise que cette Ferrari a un ch\u00e2ssis et un moteur dont les num\u00e9ros de s\u00e9rie correspondent. De plus, une plaque comm\u00e9morative confirme le lien qui la lie \u00e0 Nigel Mansell. Enfin, on retrouve dans le coffre un ensemble de bagages portant les initiales du pilote .<\/p>\n<h3><strong>Une valeur estim\u00e9e \u00e0 un quart de million ou plus<\/strong><\/h3>\n<p>\nCette Ferrari n\u2019est toutefois pas la plus rare de toutes. Entre 1984 et 1996, le constructeur de Maranello en a produit 9\u00a0939. En revanche, la voiture de Mansell fait partie des quelque 500 Testarossa qui ont \u00e9t\u00e9 fabriqu\u00e9es avec la conduite \u00e0 droite.<\/p>\n<p>La Testarossa 1988 de Mansell sera offerte lors d\u2019une <a href=\"https:\/\/annuelauto.ca\/4-chevrolet-corvette-c3-comme-vous-nen-avez-jamais-vu\/\" target=\"_blank\" rel=\"noopener noreferrer\">vente aux ench\u00e8res<\/a> pr\u00e9sent\u00e9e par RM\u00a0Sotheby\u2019s \u00e0 Londres, le 4\u00a0novembre prochain. L\u2019encanteur estime sa valeur entre 150\u00a0000\u00a0\u00a3 et 200\u00a0000\u00a0\u00a3 (entre 250\u00a0000\u00a0$ et 340\u00a0000\u00a0$ environ).<\/p>\n<p>Cette ann\u00e9e, RM\u00a0Sotheby\u2019s a rapport\u00e9 la vente de sept autres Ferrari Testarossa. Ces bolides ont trouv\u00e9 preneurs lors des ventes aux ench\u00e8res pr\u00e9sent\u00e9es \u00e0 Monterey et Amelia Island, aux \u00c9tats-Unis, et \u00e0 Villa\u00a0Erba et Paris, en Europe. Elles ont \u00e9t\u00e9 vendues \u00e0 des prix allant d\u2019environ 165\u00a0000\u00a0$ \u00e0 plus de 415\u00a0000\u00a0$. Le prix de vente moyen pour ces sept voitures est 256\u00a0000\u00a0$. Fait \u00e0 noter, aucune de ces voitures n\u2019\u00e9tait associ\u00e9e \u00e0 une personnalit\u00e9 de la trempe de Mansell.<\/p>\n<p><em>Photos : Simon Clay et Motorsport Image pour RM Sotheby\u2019s<\/em><\/p>\n<p>Le texte <a rel=\"nofollow\" href=\"https:\/\/annuelauto.ca\/un-quart-de-million-pour-la-ferrari-testarossa-1988-de-nigel-mansell-cest-dans-vos-prix\/\">Un quart de million pour la Ferrari Testarossa 1988 de Nigel Mansell, c\u2019est dans vos prix\u00a0?<\/a> provient de <a rel=\"nofollow\" href=\"https:\/\/annuelauto.ca\">L&#8217;annuel de l&#8217;automobile &#8211; Actualit\u00e9 automobile<\/a><\/p>\n<p><\/p>\n","protected":false},"excerpt":{"rendered":"<p>Les encanteurs font leurs choux gras des v\u00e9hicules ayant appartenu \u00e0 des personnalit\u00e9s. Mais ils n\u2019en connaissent pas toujours l\u2019histoire. Dans le cas de cette Ferrari Testarossa, qui a appartenu au pilote britannique de Formule 1 Nigel Mansell, RM Sotheby&#8217;s nous apprend qu\u2019elle a \u00e9t\u00e9 une sorte de\u2026 cadeau de No\u00ebl ! En 1988, l\u2019\u00e9curie [&hellip;]<\/p>\n","protected":false},"author":8,"featured_media":151502,"comment_status":"close","ping_status":"closed","sticky":false,"template":"","format":"standard","meta":{"_monsterinsights_skip_tracking":false,"_monsterinsights_sitenote_active":false,"_monsterinsights_sitenote_note":"","_monsterinsights_sitenote_category":0,"footnotes":""},"categories":[101],"tags":[],"yoast_head":"<!-- This site is optimized with the Yoast SEO plugin v23.2 - https:\/\/yoast.com\/wordpress\/plugins\/seo\/ -->\n<title>Un quart de million pour la Ferrari Testarossa 1988 de Nigel Mansell, c\u2019est dans vos prix\u00a0? - CanadaMotorJobs.com<\/title>\n<meta name=\"description\" content=\"Un quart de million pour la Ferrari Testarossa 1988 de Nigel Mansell, c\u2019est dans vos prix\u00a0? - Benoit Charette - Annuel automobile - CanadaMotorJobs.com.\" \/>\n<meta name=\"robots\" content=\"index, follow, max-snippet:-1, max-image-preview:large, max-video-preview:-1\" \/>\n<meta property=\"og:locale\" content=\"fr_CA\" \/>\n<meta property=\"og:type\" content=\"article\" \/>\n<meta property=\"og:title\" content=\"Un quart de million pour la Ferrari Testarossa 1988 de Nigel Mansell, c\u2019est dans vos prix\u00a0? - CanadaMotorJobs.com\" \/>\n<meta property=\"og:description\" content=\"Un quart de million pour la Ferrari Testarossa 1988 de Nigel Mansell, c\u2019est dans vos prix\u00a0? - Benoit Charette - Annuel automobile - CanadaMotorJobs.com.\" \/>\n<meta property=\"og:url\" content=\"https:\/\/news.canadamotorjobs.com\/fr\/un-quart-de-million-pour-la-ferrari-testarossa-1988-de-nigel-mansell-cest-dans-vos-prix\/\" \/>\n<meta property=\"og:site_name\" content=\"CanadaMotorJobs.com\" \/>\n<meta property=\"article:publisher\" content=\"https:\/\/www.facebook.com\/canadamotorjobs\/\" \/>\n<meta property=\"article:published_time\" content=\"2023-09-18T00:54:29+00:00\" \/>\n<meta property=\"article:modified_time\" content=\"2023-09-18T01:17:32+00:00\" \/>\n<meta property=\"og:image\" content=\"https:\/\/news.canadamotorjobs.com\/wp-content\/uploads\/2023\/09\/Ferrari-Testarossa-1988-Nigel-Mansell_14.jpg\" \/>\n\t<meta property=\"og:image:width\" content=\"1024\" \/>\n\t<meta property=\"og:image:height\" content=\"683\" \/>\n\t<meta property=\"og:image:type\" content=\"image\/jpeg\" \/>\n<meta name=\"author\" content=\"Benoit Charette\" \/>\n<meta name=\"twitter:card\" content=\"summary_large_image\" \/>\n<meta name=\"twitter:creator\" content=\"@canadamotorjobs\" \/>\n<meta name=\"twitter:site\" content=\"@canadamotorjobs\" \/>\n<meta name=\"twitter:label1\" content=\"\u00c9crit par\" \/>\n\t<meta name=\"twitter:data1\" content=\"Benoit Charette\" \/>\n\t<meta name=\"twitter:label2\" content=\"Estimation du temps de lecture\" \/>\n\t<meta name=\"twitter:data2\" content=\"3 minutes\" \/>\n<!-- \/ Yoast SEO plugin. -->","yoast_head_json":{"title":"Un quart de million pour la Ferrari Testarossa 1988 de Nigel Mansell, c\u2019est dans vos prix\u00a0? - CanadaMotorJobs.com","description":"Un quart de million pour la Ferrari Testarossa 1988 de Nigel Mansell, c\u2019est dans vos prix\u00a0? - Benoit Charette - Annuel automobile - CanadaMotorJobs.com.","robots":{"index":"index","follow":"follow","max-snippet":"max-snippet:-1","max-image-preview":"max-image-preview:large","max-video-preview":"max-video-preview:-1"},"og_locale":"fr_CA","og_type":"article","og_title":"Un quart de million pour la Ferrari Testarossa 1988 de Nigel Mansell, c\u2019est dans vos prix\u00a0? - CanadaMotorJobs.com","og_description":"Un quart de million pour la Ferrari Testarossa 1988 de Nigel Mansell, c\u2019est dans vos prix\u00a0? - Benoit Charette - Annuel automobile - CanadaMotorJobs.com.","og_url":"https:\/\/news.canadamotorjobs.com\/fr\/un-quart-de-million-pour-la-ferrari-testarossa-1988-de-nigel-mansell-cest-dans-vos-prix\/","og_site_name":"CanadaMotorJobs.com","article_publisher":"https:\/\/www.facebook.com\/canadamotorjobs\/","article_published_time":"2023-09-18T00:54:29+00:00","article_modified_time":"2023-09-18T01:17:32+00:00","og_image":[{"width":1024,"height":683,"url":"https:\/\/news.canadamotorjobs.com\/wp-content\/uploads\/2023\/09\/Ferrari-Testarossa-1988-Nigel-Mansell_14.jpg","type":"image\/jpeg"}],"author":"Benoit Charette","twitter_card":"summary_large_image","twitter_creator":"@canadamotorjobs","twitter_site":"@canadamotorjobs","twitter_misc":{"\u00c9crit par":"Benoit Charette","Estimation du temps de lecture":"3 minutes"},"schema":{"@context":"https:\/\/schema.org","@graph":[{"@type":"Article","@id":"https:\/\/news.canadamotorjobs.com\/fr\/un-quart-de-million-pour-la-ferrari-testarossa-1988-de-nigel-mansell-cest-dans-vos-prix\/#article","isPartOf":{"@id":"https:\/\/news.canadamotorjobs.com\/fr\/un-quart-de-million-pour-la-ferrari-testarossa-1988-de-nigel-mansell-cest-dans-vos-prix\/"},"author":{"name":"Benoit Charette","@id":"https:\/\/news.canadamotorjobs.com\/#\/schema\/person\/51793d1f87d44011d7bcc2ed99269a90"},"headline":"Un quart de million pour la Ferrari Testarossa 1988 de Nigel Mansell, c\u2019est dans vos prix\u00a0?","datePublished":"2023-09-18T00:54:29+00:00","dateModified":"2023-09-18T01:17:32+00:00","mainEntityOfPage":{"@id":"https:\/\/news.canadamotorjobs.com\/fr\/un-quart-de-million-pour-la-ferrari-testarossa-1988-de-nigel-mansell-cest-dans-vos-prix\/"},"wordCount":654,"publisher":{"@id":"https:\/\/news.canadamotorjobs.com\/#organization"},"image":{"@id":"https:\/\/news.canadamotorjobs.com\/fr\/un-quart-de-million-pour-la-ferrari-testarossa-1988-de-nigel-mansell-cest-dans-vos-prix\/#primaryimage"},"thumbnailUrl":"https:\/\/news.canadamotorjobs.com\/wp-content\/uploads\/2023\/09\/Ferrari-Testarossa-1988-Nigel-Mansell_14.jpg","articleSection":["Annuel automobile"],"inLanguage":"fr-CA"},{"@type":"WebPage","@id":"https:\/\/news.canadamotorjobs.com\/fr\/un-quart-de-million-pour-la-ferrari-testarossa-1988-de-nigel-mansell-cest-dans-vos-prix\/","url":"https:\/\/news.canadamotorjobs.com\/fr\/un-quart-de-million-pour-la-ferrari-testarossa-1988-de-nigel-mansell-cest-dans-vos-prix\/","name":"Un quart de million pour la Ferrari Testarossa 1988 de Nigel Mansell, c\u2019est dans vos prix\u00a0? - CanadaMotorJobs.com","isPartOf":{"@id":"https:\/\/news.canadamotorjobs.com\/#website"},"primaryImageOfPage":{"@id":"https:\/\/news.canadamotorjobs.com\/fr\/un-quart-de-million-pour-la-ferrari-testarossa-1988-de-nigel-mansell-cest-dans-vos-prix\/#primaryimage"},"image":{"@id":"https:\/\/news.canadamotorjobs.com\/fr\/un-quart-de-million-pour-la-ferrari-testarossa-1988-de-nigel-mansell-cest-dans-vos-prix\/#primaryimage"},"thumbnailUrl":"https:\/\/news.canadamotorjobs.com\/wp-content\/uploads\/2023\/09\/Ferrari-Testarossa-1988-Nigel-Mansell_14.jpg","datePublished":"2023-09-18T00:54:29+00:00","dateModified":"2023-09-18T01:17:32+00:00","description":"Un quart de million pour la Ferrari Testarossa 1988 de Nigel Mansell, c\u2019est dans vos prix\u00a0? - Benoit Charette - Annuel automobile - CanadaMotorJobs.com.","breadcrumb":{"@id":"https:\/\/news.canadamotorjobs.com\/fr\/un-quart-de-million-pour-la-ferrari-testarossa-1988-de-nigel-mansell-cest-dans-vos-prix\/#breadcrumb"},"inLanguage":"fr-CA","potentialAction":[{"@type":"ReadAction","target":["https:\/\/news.canadamotorjobs.com\/fr\/un-quart-de-million-pour-la-ferrari-testarossa-1988-de-nigel-mansell-cest-dans-vos-prix\/"]}]},{"@type":"ImageObject","inLanguage":"fr-CA","@id":"https:\/\/news.canadamotorjobs.com\/fr\/un-quart-de-million-pour-la-ferrari-testarossa-1988-de-nigel-mansell-cest-dans-vos-prix\/#primaryimage","url":"https:\/\/news.canadamotorjobs.com\/wp-content\/uploads\/2023\/09\/Ferrari-Testarossa-1988-Nigel-Mansell_14.jpg","contentUrl":"https:\/\/news.canadamotorjobs.com\/wp-content\/uploads\/2023\/09\/Ferrari-Testarossa-1988-Nigel-Mansell_14.jpg","width":1024,"height":683},{"@type":"BreadcrumbList","@id":"https:\/\/news.canadamotorjobs.com\/fr\/un-quart-de-million-pour-la-ferrari-testarossa-1988-de-nigel-mansell-cest-dans-vos-prix\/#breadcrumb","itemListElement":[{"@type":"ListItem","position":1,"name":"Home","item":"https:\/\/news.canadamotorjobs.com\/fr\/blog\/"},{"@type":"ListItem","position":2,"name":"Un quart de million pour la Ferrari Testarossa 1988 de Nigel Mansell, c\u2019est dans vos prix\u00a0?"}]},{"@type":"WebSite","@id":"https:\/\/news.canadamotorjobs.com\/#website","url":"https:\/\/news.canadamotorjobs.com\/","name":"CanadaMotorJobs.com","description":"Automotive Jobs","publisher":{"@id":"https:\/\/news.canadamotorjobs.com\/#organization"},"potentialAction":[{"@type":"SearchAction","target":{"@type":"EntryPoint","urlTemplate":"https:\/\/news.canadamotorjobs.com\/?s={search_term_string}"},"query-input":"required name=search_term_string"}],"inLanguage":"fr-CA"},{"@type":"Organization","@id":"https:\/\/news.canadamotorjobs.com\/#organization","name":"Canada Motor Jobs","url":"https:\/\/news.canadamotorjobs.com\/","logo":{"@type":"ImageObject","inLanguage":"fr-CA","@id":"https:\/\/news.canadamotorjobs.com\/#\/schema\/logo\/image\/","url":"https:\/\/news.canadamotorjobs.com\/wp-content\/uploads\/2022\/10\/logo-canada-motor-jobs-1.png","contentUrl":"https:\/\/news.canadamotorjobs.com\/wp-content\/uploads\/2022\/10\/logo-canada-motor-jobs-1.png","width":800,"height":400,"caption":"Canada Motor Jobs"},"image":{"@id":"https:\/\/news.canadamotorjobs.com\/#\/schema\/logo\/image\/"},"sameAs":["https:\/\/www.facebook.com\/canadamotorjobs\/","https:\/\/x.com\/canadamotorjobs","https:\/\/www.instagram.com\/canadamotorjobs\/","https:\/\/www.linkedin.com\/company\/canadamotorjobs"]},{"@type":"Person","@id":"https:\/\/news.canadamotorjobs.com\/#\/schema\/person\/51793d1f87d44011d7bcc2ed99269a90","name":"Benoit Charette","image":{"@type":"ImageObject","inLanguage":"fr-CA","@id":"https:\/\/news.canadamotorjobs.com\/#\/schema\/person\/image\/","url":"https:\/\/secure.gravatar.com\/avatar\/45f3d2eebcccd909668d7ce7ea7267b6?s=96&d=mm&r=g","contentUrl":"https:\/\/secure.gravatar.com\/avatar\/45f3d2eebcccd909668d7ce7ea7267b6?s=96&d=mm&r=g","caption":"Benoit Charette"},"description":"Benoit Charette \/ Propri\u00e9taire et r\u00e9dacteur en chef Benoit Charette pratique le journalisme automobile depuis bient\u00f4t 30 ans. Il a fait ses classes au c\u00f4t\u00e9 de Daniel H\u00e9raud et au Carnet de route de 1992 \u00e0 2001. Il est fondateur, copropri\u00e9taire et r\u00e9dacteur en chef de L\u2019Annuel de l\u2019automobile, qu\u2019il publie depuis 2001. Il a anim\u00e9 les \u00e9missions RPM et RPM+ sur V et les L\u00e9gendes de la route sur Historia. \u00c0 la radio depuis 1986, il reprend l\u2019antenne cette ann\u00e9e sur les ondes de Cogeco et participe pour la deuxi\u00e8me ann\u00e9e \u00e0 l\u2019\u00e9mission Passion Auto sur RDS en plus de mettre en ligne le site Web officiel de L\u2019Annuel de l\u2019automobile sur annuelauto.ca.","sameAs":["https:\/\/annuelauto.ca\/"],"url":"https:\/\/news.canadamotorjobs.com\/fr\/author\/benoit-charette\/"}]}},"_links":{"self":[{"href":"https:\/\/news.canadamotorjobs.com\/fr\/wp-json\/wp\/v2\/posts\/151500"}],"collection":[{"href":"https:\/\/news.canadamotorjobs.com\/fr\/wp-json\/wp\/v2\/posts"}],"about":[{"href":"https:\/\/news.canadamotorjobs.com\/fr\/wp-json\/wp\/v2\/types\/post"}],"author":[{"embeddable":true,"href":"https:\/\/news.canadamotorjobs.com\/fr\/wp-json\/wp\/v2\/users\/8"}],"replies":[{"embeddable":true,"href":"https:\/\/news.canadamotorjobs.com\/fr\/wp-json\/wp\/v2\/comments?post=151500"}],"version-history":[{"count":2,"href":"https:\/\/news.canadamotorjobs.com\/fr\/wp-json\/wp\/v2\/posts\/151500\/revisions"}],"predecessor-version":[{"id":151504,"href":"https:\/\/news.canadamotorjobs.com\/fr\/wp-json\/wp\/v2\/posts\/151500\/revisions\/151504"}],"wp:featuredmedia":[{"embeddable":true,"href":"https:\/\/news.canadamotorjobs.com\/fr\/wp-json\/wp\/v2\/media\/151502"}],"wp:attachment":[{"href":"https:\/\/news.canadamotorjobs.com\/fr\/wp-json\/wp\/v2\/media?parent=151500"}],"wp:term":[{"taxonomy":"category","embeddable":true,"href":"https:\/\/news.canadamotorjobs.com\/fr\/wp-json\/wp\/v2\/categories?post=151500"},{"taxonomy":"post_tag","embeddable":true,"href":"https:\/\/news.canadamotorjobs.com\/fr\/wp-json\/wp\/v2\/tags?post=151500"}],"curies":[{"name":"wp","href":"https:\/\/api.w.org\/{rel}","templated":true}]}}