{"id":151477,"date":"2023-09-17T09:07:15","date_gmt":"2023-09-17T13:07:15","guid":{"rendered":"https:\/\/news.canadamotorjobs.com\/?p=151477"},"modified":"2023-09-17T09:14:39","modified_gmt":"2023-09-17T13:14:39","slug":"les-effets-de-la-greve-automobile-aux-etats-unis-ont-des-repercussions-au-canada","status":"publish","type":"post","link":"https:\/\/news.canadamotorjobs.com\/fr\/les-effets-de-la-greve-automobile-aux-etats-unis-ont-des-repercussions-au-canada\/","title":{"rendered":"Les effets de la gr\u00e8ve automobile aux \u00c9tats-Unis ont des r\u00e9percussions au Canada"},"content":{"rendered":"<\/p>\n<p>Selon les experts de l&#8217;industrie, la gr\u00e8ve des membres du syndicat United Auto Workers dans un trio d&#8217;usines Detroit Three aux \u00c9tats-Unis pourrait entraver la reprise post-pand\u00e9mique des fournisseurs canadiens de pi\u00e8ces d\u00e9tach\u00e9es, \u00e0 mesure qu&#8217;elle se prolonge.<\/p>\n<h3>Une relance difficile depuis la pand\u00e9mie<\/h3>\n<p>\nEnviron 13 000 membres horaires de l&#8217;UAW se sont mis en gr\u00e8ve t\u00f4t vendredi dans les usines de Stellantis, Ford et General Motors dans le Michigan, l&#8217;Ohio et le Missouri. Ce mouvement de gr\u00e8ve, qui visait \u00e0 faire valoir des revendications salariales et sociales, a entra\u00een\u00e9 l&#8217;arr\u00eat de la production du Ford Bronco, du Jeep Wrangler et du Chevrolet Colorado. Ces premi\u00e8res cibles sont largement symboliques, La production de Jeep Wrangler et Ford Bronco a \u00e9t\u00e9 interrompue par les gr\u00e9vistes, mais l&#8217;impact sur les constructeurs automobiles sera minime \u00e0 long terme. Dans l&#8217;imm\u00e9diat, certains fournisseurs canadiens seront touch\u00e9s par l&#8217;arr\u00eat de travail, mais aucune usine au Canada ne fournit de moteurs ou de transmissions pour ces v\u00e9hicules.<\/p>\n<h3>Demain sera le v\u00e9ritable test<\/h3>\n<p>\nDemain le 18 septembre est la date butoir des n\u00e9gociations avec le syndicat canadien Unifor et selon les analystes, le conflit risque d&#8217;avoir de graves r\u00e9percussions s&#8217;il s&#8217;\u00e9tend au-del\u00e0 des trois usines qui ont d\u00e9bray\u00e9 vendredi et s&#8217;il se prolonge au-del\u00e0 du week-end, surtout si le Canada embarque dans la parade. L&#8217;industrie est fortement int\u00e9gr\u00e9e, alors que 48 % des pi\u00e8ces &#8220;fabriqu\u00e9es en grande quantit\u00e9 dans les usines canadiennes sont export\u00e9es vers les \u00c9tats-Unis, et qu&#8217;une part tr\u00e8s importante de ces pi\u00e8ces est destin\u00e9e aux usines am\u00e9ricaines de Gord, GM ou Stellantis.<\/p>\n<h3>On se pr\u00e9pare chez les constructeurs am\u00e9ricains<\/h3>\n<p>\nFord est en train d&#8217;acc\u00e9l\u00e9rer la production du nouveau Ranger, et les stocks sont donc naturellement bas sur ce mod\u00e8le. Les stocks de Jeep sont \u00e9lev\u00e9s, ce qui va satisfaire les vendeurs pendant les prochaines semaines. Le Bronco est en rupture de stock depuis des ann\u00e9es, mais les acheteurs sont pr\u00eats \u00e0 attendre.<\/p>\n<h3>Unifor continue de n\u00e9gocier<\/h3>\n<p>\nLa pr\u00e9sidente d&#8217;Unifor, Lana Payne, estime que les effets de la gr\u00e8ve de l&#8217;UAW ont \u00e9t\u00e9 limit\u00e9s jusqu&#8217;\u00e0 pr\u00e9sent. &#8220;Nous n&#8217;avons pas encore eu d&#8217;impact parce qu&#8217;il n&#8217;y a pas ce que j&#8217;appellerais une int\u00e9gration entre ces usines et les installations canadiennes&#8221;, a-t-elle d\u00e9clar\u00e9. &#8220;Cela pourrait changer \u00e0 tout moment, en fonction de l&#8217;extension ou non du conflit social aux \u00c9tats-Unis. Nous observons la situation, nous l&#8217;\u00e9valuons et nous ferons face \u00e0 ce qui se pr\u00e9sentera. Selon Mme Payne, si les deux parties ne parviennent pas \u00e0 un accord avant l&#8217;expiration du contrat, le 18 septembre \u00e0 23h59 (heure de l&#8217;Est), et que le syndicat d\u00e9cide de faire gr\u00e8ve, ce sera uniquement dans les usines de Ford.<\/p>\n<p>\u00a0<\/p>\n<p>Avec des renseignements d\u2019Automotive News Canada<\/p>\n<p>Le texte <a rel=\"nofollow\" href=\"https:\/\/annuelauto.ca\/les-effets-de-la-greve-automobile-aux-etats-unis-ont-des-repercussions-au-canada\/\">Les effets de la gr\u00e8ve automobile aux \u00c9tats-Unis ont des r\u00e9percussions au Canada<\/a> provient de <a rel=\"nofollow\" href=\"https:\/\/annuelauto.ca\">L&#8217;annuel de l&#8217;automobile &#8211; Actualit\u00e9 automobile<\/a><\/p>\n<p><\/p>\n","protected":false},"excerpt":{"rendered":"<p>Selon les experts de l&#8217;industrie, la gr\u00e8ve des membres du syndicat United Auto Workers dans un trio d&#8217;usines Detroit Three aux \u00c9tats-Unis pourrait entraver la reprise post-pand\u00e9mique des fournisseurs canadiens de pi\u00e8ces d\u00e9tach\u00e9es, \u00e0 mesure qu&#8217;elle se prolonge. Une relance difficile depuis la pand\u00e9mie Environ 13 000 membres horaires de l&#8217;UAW se sont mis en [&hellip;]<\/p>\n","protected":false},"author":8,"featured_media":151479,"comment_status":"close","ping_status":"closed","sticky":false,"template":"","format":"standard","meta":{"_monsterinsights_skip_tracking":false,"_monsterinsights_sitenote_active":false,"_monsterinsights_sitenote_note":"","_monsterinsights_sitenote_category":0,"footnotes":""},"categories":[101],"tags":[],"yoast_head":"<!-- This site is optimized with the Yoast SEO plugin v23.2 - https:\/\/yoast.com\/wordpress\/plugins\/seo\/ -->\n<title>Les effets de la gr\u00e8ve automobile aux \u00c9tats-Unis ont des r\u00e9percussions au Canada - CanadaMotorJobs.com<\/title>\n<meta name=\"description\" content=\"Les effets de la gr\u00e8ve automobile aux \u00c9tats-Unis ont des r\u00e9percussions au Canada - Benoit Charette - Annuel automobile - CanadaMotorJobs.com.\" \/>\n<meta name=\"robots\" content=\"index, follow, max-snippet:-1, max-image-preview:large, max-video-preview:-1\" \/>\n<meta property=\"og:locale\" content=\"fr_CA\" \/>\n<meta property=\"og:type\" content=\"article\" \/>\n<meta property=\"og:title\" content=\"Les effets de la gr\u00e8ve automobile aux \u00c9tats-Unis ont des r\u00e9percussions au Canada - CanadaMotorJobs.com\" \/>\n<meta property=\"og:description\" content=\"Les effets de la gr\u00e8ve automobile aux \u00c9tats-Unis ont des r\u00e9percussions au Canada - Benoit Charette - Annuel automobile - CanadaMotorJobs.com.\" \/>\n<meta property=\"og:url\" content=\"https:\/\/news.canadamotorjobs.com\/fr\/les-effets-de-la-greve-automobile-aux-etats-unis-ont-des-repercussions-au-canada\/\" \/>\n<meta property=\"og:site_name\" content=\"CanadaMotorJobs.com\" \/>\n<meta property=\"article:publisher\" content=\"https:\/\/www.facebook.com\/canadamotorjobs\/\" \/>\n<meta property=\"article:published_time\" content=\"2023-09-17T13:07:15+00:00\" \/>\n<meta property=\"article:modified_time\" content=\"2023-09-17T13:14:39+00:00\" \/>\n<meta property=\"og:image\" content=\"https:\/\/news.canadamotorjobs.com\/wp-content\/uploads\/2023\/09\/Ford_Oakville_Assembly.jpg\" \/>\n\t<meta property=\"og:image:width\" content=\"1200\" \/>\n\t<meta property=\"og:image:height\" content=\"800\" \/>\n\t<meta property=\"og:image:type\" content=\"image\/jpeg\" \/>\n<meta name=\"author\" content=\"Benoit Charette\" \/>\n<meta name=\"twitter:card\" content=\"summary_large_image\" \/>\n<meta name=\"twitter:creator\" content=\"@canadamotorjobs\" \/>\n<meta name=\"twitter:site\" content=\"@canadamotorjobs\" \/>\n<meta name=\"twitter:label1\" content=\"\u00c9crit par\" \/>\n\t<meta name=\"twitter:data1\" content=\"Benoit Charette\" \/>\n\t<meta name=\"twitter:label2\" content=\"Estimation du temps de lecture\" \/>\n\t<meta name=\"twitter:data2\" content=\"3 minutes\" \/>\n<!-- \/ Yoast SEO plugin. -->","yoast_head_json":{"title":"Les effets de la gr\u00e8ve automobile aux \u00c9tats-Unis ont des r\u00e9percussions au Canada - CanadaMotorJobs.com","description":"Les effets de la gr\u00e8ve automobile aux \u00c9tats-Unis ont des r\u00e9percussions au Canada - Benoit Charette - Annuel automobile - CanadaMotorJobs.com.","robots":{"index":"index","follow":"follow","max-snippet":"max-snippet:-1","max-image-preview":"max-image-preview:large","max-video-preview":"max-video-preview:-1"},"og_locale":"fr_CA","og_type":"article","og_title":"Les effets de la gr\u00e8ve automobile aux \u00c9tats-Unis ont des r\u00e9percussions au Canada - CanadaMotorJobs.com","og_description":"Les effets de la gr\u00e8ve automobile aux \u00c9tats-Unis ont des r\u00e9percussions au Canada - Benoit Charette - Annuel automobile - CanadaMotorJobs.com.","og_url":"https:\/\/news.canadamotorjobs.com\/fr\/les-effets-de-la-greve-automobile-aux-etats-unis-ont-des-repercussions-au-canada\/","og_site_name":"CanadaMotorJobs.com","article_publisher":"https:\/\/www.facebook.com\/canadamotorjobs\/","article_published_time":"2023-09-17T13:07:15+00:00","article_modified_time":"2023-09-17T13:14:39+00:00","og_image":[{"width":1200,"height":800,"url":"https:\/\/news.canadamotorjobs.com\/wp-content\/uploads\/2023\/09\/Ford_Oakville_Assembly.jpg","type":"image\/jpeg"}],"author":"Benoit Charette","twitter_card":"summary_large_image","twitter_creator":"@canadamotorjobs","twitter_site":"@canadamotorjobs","twitter_misc":{"\u00c9crit par":"Benoit Charette","Estimation du temps de lecture":"3 minutes"},"schema":{"@context":"https:\/\/schema.org","@graph":[{"@type":"Article","@id":"https:\/\/news.canadamotorjobs.com\/fr\/les-effets-de-la-greve-automobile-aux-etats-unis-ont-des-repercussions-au-canada\/#article","isPartOf":{"@id":"https:\/\/news.canadamotorjobs.com\/fr\/les-effets-de-la-greve-automobile-aux-etats-unis-ont-des-repercussions-au-canada\/"},"author":{"name":"Benoit Charette","@id":"https:\/\/news.canadamotorjobs.com\/#\/schema\/person\/51793d1f87d44011d7bcc2ed99269a90"},"headline":"Les effets de la gr\u00e8ve automobile aux \u00c9tats-Unis ont des r\u00e9percussions au Canada","datePublished":"2023-09-17T13:07:15+00:00","dateModified":"2023-09-17T13:14:39+00:00","mainEntityOfPage":{"@id":"https:\/\/news.canadamotorjobs.com\/fr\/les-effets-de-la-greve-automobile-aux-etats-unis-ont-des-repercussions-au-canada\/"},"wordCount":548,"publisher":{"@id":"https:\/\/news.canadamotorjobs.com\/#organization"},"image":{"@id":"https:\/\/news.canadamotorjobs.com\/fr\/les-effets-de-la-greve-automobile-aux-etats-unis-ont-des-repercussions-au-canada\/#primaryimage"},"thumbnailUrl":"https:\/\/news.canadamotorjobs.com\/wp-content\/uploads\/2023\/09\/Ford_Oakville_Assembly.jpg","articleSection":["Annuel automobile"],"inLanguage":"fr-CA"},{"@type":"WebPage","@id":"https:\/\/news.canadamotorjobs.com\/fr\/les-effets-de-la-greve-automobile-aux-etats-unis-ont-des-repercussions-au-canada\/","url":"https:\/\/news.canadamotorjobs.com\/fr\/les-effets-de-la-greve-automobile-aux-etats-unis-ont-des-repercussions-au-canada\/","name":"Les effets de la gr\u00e8ve automobile aux \u00c9tats-Unis ont des r\u00e9percussions au Canada - CanadaMotorJobs.com","isPartOf":{"@id":"https:\/\/news.canadamotorjobs.com\/#website"},"primaryImageOfPage":{"@id":"https:\/\/news.canadamotorjobs.com\/fr\/les-effets-de-la-greve-automobile-aux-etats-unis-ont-des-repercussions-au-canada\/#primaryimage"},"image":{"@id":"https:\/\/news.canadamotorjobs.com\/fr\/les-effets-de-la-greve-automobile-aux-etats-unis-ont-des-repercussions-au-canada\/#primaryimage"},"thumbnailUrl":"https:\/\/news.canadamotorjobs.com\/wp-content\/uploads\/2023\/09\/Ford_Oakville_Assembly.jpg","datePublished":"2023-09-17T13:07:15+00:00","dateModified":"2023-09-17T13:14:39+00:00","description":"Les effets de la gr\u00e8ve automobile aux \u00c9tats-Unis ont des r\u00e9percussions au Canada - Benoit Charette - Annuel automobile - CanadaMotorJobs.com.","breadcrumb":{"@id":"https:\/\/news.canadamotorjobs.com\/fr\/les-effets-de-la-greve-automobile-aux-etats-unis-ont-des-repercussions-au-canada\/#breadcrumb"},"inLanguage":"fr-CA","potentialAction":[{"@type":"ReadAction","target":["https:\/\/news.canadamotorjobs.com\/fr\/les-effets-de-la-greve-automobile-aux-etats-unis-ont-des-repercussions-au-canada\/"]}]},{"@type":"ImageObject","inLanguage":"fr-CA","@id":"https:\/\/news.canadamotorjobs.com\/fr\/les-effets-de-la-greve-automobile-aux-etats-unis-ont-des-repercussions-au-canada\/#primaryimage","url":"https:\/\/news.canadamotorjobs.com\/wp-content\/uploads\/2023\/09\/Ford_Oakville_Assembly.jpg","contentUrl":"https:\/\/news.canadamotorjobs.com\/wp-content\/uploads\/2023\/09\/Ford_Oakville_Assembly.jpg","width":1200,"height":800},{"@type":"BreadcrumbList","@id":"https:\/\/news.canadamotorjobs.com\/fr\/les-effets-de-la-greve-automobile-aux-etats-unis-ont-des-repercussions-au-canada\/#breadcrumb","itemListElement":[{"@type":"ListItem","position":1,"name":"Home","item":"https:\/\/news.canadamotorjobs.com\/fr\/blog\/"},{"@type":"ListItem","position":2,"name":"Les effets de la gr\u00e8ve automobile aux \u00c9tats-Unis ont des r\u00e9percussions au Canada"}]},{"@type":"WebSite","@id":"https:\/\/news.canadamotorjobs.com\/#website","url":"https:\/\/news.canadamotorjobs.com\/","name":"CanadaMotorJobs.com","description":"Automotive Jobs","publisher":{"@id":"https:\/\/news.canadamotorjobs.com\/#organization"},"potentialAction":[{"@type":"SearchAction","target":{"@type":"EntryPoint","urlTemplate":"https:\/\/news.canadamotorjobs.com\/?s={search_term_string}"},"query-input":"required name=search_term_string"}],"inLanguage":"fr-CA"},{"@type":"Organization","@id":"https:\/\/news.canadamotorjobs.com\/#organization","name":"Canada Motor Jobs","url":"https:\/\/news.canadamotorjobs.com\/","logo":{"@type":"ImageObject","inLanguage":"fr-CA","@id":"https:\/\/news.canadamotorjobs.com\/#\/schema\/logo\/image\/","url":"https:\/\/news.canadamotorjobs.com\/wp-content\/uploads\/2022\/10\/logo-canada-motor-jobs-1.png","contentUrl":"https:\/\/news.canadamotorjobs.com\/wp-content\/uploads\/2022\/10\/logo-canada-motor-jobs-1.png","width":800,"height":400,"caption":"Canada Motor Jobs"},"image":{"@id":"https:\/\/news.canadamotorjobs.com\/#\/schema\/logo\/image\/"},"sameAs":["https:\/\/www.facebook.com\/canadamotorjobs\/","https:\/\/x.com\/canadamotorjobs","https:\/\/www.instagram.com\/canadamotorjobs\/","https:\/\/www.linkedin.com\/company\/canadamotorjobs"]},{"@type":"Person","@id":"https:\/\/news.canadamotorjobs.com\/#\/schema\/person\/51793d1f87d44011d7bcc2ed99269a90","name":"Benoit Charette","image":{"@type":"ImageObject","inLanguage":"fr-CA","@id":"https:\/\/news.canadamotorjobs.com\/#\/schema\/person\/image\/","url":"https:\/\/secure.gravatar.com\/avatar\/45f3d2eebcccd909668d7ce7ea7267b6?s=96&d=mm&r=g","contentUrl":"https:\/\/secure.gravatar.com\/avatar\/45f3d2eebcccd909668d7ce7ea7267b6?s=96&d=mm&r=g","caption":"Benoit Charette"},"description":"Benoit Charette \/ Propri\u00e9taire et r\u00e9dacteur en chef Benoit Charette pratique le journalisme automobile depuis bient\u00f4t 30 ans. Il a fait ses classes au c\u00f4t\u00e9 de Daniel H\u00e9raud et au Carnet de route de 1992 \u00e0 2001. Il est fondateur, copropri\u00e9taire et r\u00e9dacteur en chef de L\u2019Annuel de l\u2019automobile, qu\u2019il publie depuis 2001. Il a anim\u00e9 les \u00e9missions RPM et RPM+ sur V et les L\u00e9gendes de la route sur Historia. \u00c0 la radio depuis 1986, il reprend l\u2019antenne cette ann\u00e9e sur les ondes de Cogeco et participe pour la deuxi\u00e8me ann\u00e9e \u00e0 l\u2019\u00e9mission Passion Auto sur RDS en plus de mettre en ligne le site Web officiel de L\u2019Annuel de l\u2019automobile sur annuelauto.ca.","sameAs":["https:\/\/annuelauto.ca\/"],"url":"https:\/\/news.canadamotorjobs.com\/fr\/author\/benoit-charette\/"}]}},"_links":{"self":[{"href":"https:\/\/news.canadamotorjobs.com\/fr\/wp-json\/wp\/v2\/posts\/151477"}],"collection":[{"href":"https:\/\/news.canadamotorjobs.com\/fr\/wp-json\/wp\/v2\/posts"}],"about":[{"href":"https:\/\/news.canadamotorjobs.com\/fr\/wp-json\/wp\/v2\/types\/post"}],"author":[{"embeddable":true,"href":"https:\/\/news.canadamotorjobs.com\/fr\/wp-json\/wp\/v2\/users\/8"}],"replies":[{"embeddable":true,"href":"https:\/\/news.canadamotorjobs.com\/fr\/wp-json\/wp\/v2\/comments?post=151477"}],"version-history":[{"count":2,"href":"https:\/\/news.canadamotorjobs.com\/fr\/wp-json\/wp\/v2\/posts\/151477\/revisions"}],"predecessor-version":[{"id":151481,"href":"https:\/\/news.canadamotorjobs.com\/fr\/wp-json\/wp\/v2\/posts\/151477\/revisions\/151481"}],"wp:featuredmedia":[{"embeddable":true,"href":"https:\/\/news.canadamotorjobs.com\/fr\/wp-json\/wp\/v2\/media\/151479"}],"wp:attachment":[{"href":"https:\/\/news.canadamotorjobs.com\/fr\/wp-json\/wp\/v2\/media?parent=151477"}],"wp:term":[{"taxonomy":"category","embeddable":true,"href":"https:\/\/news.canadamotorjobs.com\/fr\/wp-json\/wp\/v2\/categories?post=151477"},{"taxonomy":"post_tag","embeddable":true,"href":"https:\/\/news.canadamotorjobs.com\/fr\/wp-json\/wp\/v2\/tags?post=151477"}],"curies":[{"name":"wp","href":"https:\/\/api.w.org\/{rel}","templated":true}]}}