{"id":151431,"date":"2023-09-15T15:36:02","date_gmt":"2023-09-15T19:36:02","guid":{"rendered":"https:\/\/news.canadamotorjobs.com\/?p=151431"},"modified":"2023-09-15T15:44:39","modified_gmt":"2023-09-15T19:44:39","slug":"interdiction-de-conduire-pour-les-proprietaires-de-dodge-hornet-et-alfa-romeo-tonale-phev","status":"publish","type":"post","link":"https:\/\/news.canadamotorjobs.com\/fr\/interdiction-de-conduire-pour-les-proprietaires-de-dodge-hornet-et-alfa-romeo-tonale-phev\/","title":{"rendered":"Interdiction de conduire pour les propri\u00e9taires de Dodge Hornet et Alfa Romeo Tonale PHEV"},"content":{"rendered":"<\/p>\n<h3><strong>Un risque d\u2019incendie \u00e9lev\u00e9<\/strong><\/h3>\n<p>\nLa National Highway Traffic Safety Administration (NHTSA) a \u00e9mis une alerte concernant un rappel urgent des versions PHEV de la Dodge Hornet et de l&#8217;Alfa Romeo Tonale aux \u00c9tats-Unis, mettant en \u00e9vidence des risques d&#8217;incendie pouvant survenir m\u00eame lorsque les v\u00e9hicules sont stationn\u00e9s. La source du probl\u00e8me r\u00e9side dans le desserrement des \u00e9crous du c\u00e2ble positif de la batterie 12 volts et\/ou des connecteurs haute tension. Il faut pr\u00e9cis\u00e9 que les v\u00e9hicules en vente chez nous sont exactement les m\u00eames.<\/p>\n<h3><strong>Laisser le v\u00e9hicule \u00e0 l\u2019ext\u00e9rieur<\/strong><\/h3>\n<p>\nLes fabricants automobiles recommandent aux propri\u00e9taires de ces v\u00e9hicules de se garer \u00e0 l&#8217;ext\u00e9rieur afin de minimiser le risque de propagation du feu. Les mod\u00e8les potentiellement concern\u00e9s comprennent 2 254 unit\u00e9s de la Dodge Hornet PHEV produites entre le 13 d\u00e9cembre 2022 et le 23 ao\u00fbt 2023. De plus, le rappel inclut 1 875 unit\u00e9s de l&#8217;Alfa Romeo Tonale PHEV produites entre le 9 f\u00e9vrier et le 23 ao\u00fbt de la m\u00eame ann\u00e9e. En somme, cela porte le nombre total de v\u00e9hicules potentiellement affect\u00e9s \u00e0 4 129 unit\u00e9s.<\/p>\n<h3><strong>Stellantis r\u00e9agi<\/strong><\/h3>\n<p>\nLe 23 ao\u00fbt 2023, Stellantis a ouvert une enqu\u00eate sur le probl\u00e8me. D\u00e8s le lendemain, l&#8217;usine de Pomigliano en Italie a mis \u00e0 jour son outil de serrage pour garantir le couple appropri\u00e9 lors du serrage des \u00e9crous de c\u00e2ble. De plus, l&#8217;usine a impl\u00e9ment\u00e9 un suivi des r\u00e9sultats dans son syst\u00e8me de fabrication pour pr\u00e9venir de futurs incidents de ce type.<\/p>\n<h3><strong>Mod\u00e8le PHEV uniquement<br \/>\n<\/strong><\/h3>\n<p>\nLes deux mod\u00e8les, la Dodge Hornet PHEV et l&#8217;Alfa Romeo Tonale PHEV, sont \u00e9quip\u00e9s d&#8217;un moteur quatre cylindres en ligne turbo de 1,3 litre, accompagn\u00e9 de deux moteurs \u00e9lectriques produisant une puissance impressionnante de 288 chevaux et 383 lb-pi de couple. Le groupe motopropulseur PHEV a r\u00e9cemment \u00e9t\u00e9 r\u00e9compens\u00e9 dans la cat\u00e9gorie 2023 Wards 10 Best Engines and Propulsion Systems. Stellantis tient \u00e0 souligner que ce rappel est li\u00e9 \u00e0 un probl\u00e8me d&#8217;assemblage et non \u00e0 un d\u00e9faut de pi\u00e8ce, pr\u00e9servant ainsi la r\u00e9putation de ces moteurs prim\u00e9s.<\/p>\n<h3><strong>Aucun accident ou blessure signal\u00e9s<\/strong><\/h3>\n<p>\nBien que Stellantis n&#8217;ait \u00e9t\u00e9 inform\u00e9 d&#8217;aucun accident ou blessure r\u00e9sultant de ce probl\u00e8me d&#8217;assemblage d\u00e9fectueux, deux rapports de terrain potentiellement li\u00e9s ont \u00e9t\u00e9 relev\u00e9s au cours de l&#8217;enqu\u00eate. Dans le cadre du programme de r\u00e9paration, le constructeur automobile pr\u00e9voit de resserrer les \u00e9crous de c\u00e2ble et de r\u00e9parer gratuitement les connecteurs haute tension.<\/p>\n<h3><strong>Un autre rappel<\/strong><\/h3>\n<p>\nCes rappels s&#8217;ajoutent \u00e0 d&#8217;autres effectu\u00e9s par Stellantis, qui se classe au deuxi\u00e8me rang des constructeurs automobiles, apr\u00e8s Ford, pour cette ann\u00e9e. Parmi les rappels r\u00e9cents, on compte celui des 132 099 unit\u00e9s de la Jeep Cherokee, qui a \u00e9galement n\u00e9cessit\u00e9 un avis de &#8220;stationnement \u00e0 l&#8217;ext\u00e9rieur&#8221; en raison d&#8217;un probl\u00e8me avec le hayon motoris\u00e9, pr\u00e9sentant un risque d&#8217;incendie.<\/p>\n<h3>Les m\u00eames v\u00e9hicules au Canada<\/h3>\n<p>\nBien que le Canada soit \u00e0 la tra\u00eene face aux \u00c9tats-Unis, il faut savoir que nous avons droit aux m\u00eames mod\u00e8les issus de la m\u00eame usine. Forc\u00e9ment, le m\u00eame probl\u00e8me existe chez nous. Transport canada va comme \u00e0 l\u2019habitude attendre une d\u00e9cision am\u00e9ricaine avant de r\u00e9agie, ce qui devrait \u00eatre bient\u00f4t.<\/p>\n<p>\u00a0<\/p>\n<p>Le texte <a rel=\"nofollow\" href=\"https:\/\/annuelauto.ca\/interdiction-de-conduire-pour-les-proprietaires-de-dodge-hornet-et-alfa-romeo-tonale-phev\/\">Interdiction de conduire pour les propri\u00e9taires de Dodge Hornet et Alfa Romeo Tonale PHEV<\/a> provient de <a rel=\"nofollow\" href=\"https:\/\/annuelauto.ca\">L&#8217;annuel de l&#8217;automobile &#8211; Actualit\u00e9 automobile<\/a><\/p>\n<p><\/p>\n","protected":false},"excerpt":{"rendered":"<p>Un risque d\u2019incendie \u00e9lev\u00e9 La National Highway Traffic Safety Administration (NHTSA) a \u00e9mis une alerte concernant un rappel urgent des versions PHEV de la Dodge Hornet et de l&#8217;Alfa Romeo Tonale aux \u00c9tats-Unis, mettant en \u00e9vidence des risques d&#8217;incendie pouvant survenir m\u00eame lorsque les v\u00e9hicules sont stationn\u00e9s. La source du probl\u00e8me r\u00e9side dans le desserrement [&hellip;]<\/p>\n","protected":false},"author":8,"featured_media":151433,"comment_status":"close","ping_status":"closed","sticky":false,"template":"","format":"standard","meta":{"_monsterinsights_skip_tracking":false,"_monsterinsights_sitenote_active":false,"_monsterinsights_sitenote_note":"","_monsterinsights_sitenote_category":0,"footnotes":""},"categories":[101],"tags":[],"yoast_head":"<!-- This site is optimized with the Yoast SEO plugin v23.2 - https:\/\/yoast.com\/wordpress\/plugins\/seo\/ -->\n<title>Interdiction de conduire pour les propri\u00e9taires de Dodge Hornet et Alfa Romeo Tonale PHEV - CanadaMotorJobs.com<\/title>\n<meta name=\"description\" content=\"Interdiction de conduire pour les propri\u00e9taires de Dodge Hornet et Alfa Romeo Tonale PHEV - Benoit Charette - Annuel automobile - CanadaMotorJobs.com.\" \/>\n<meta name=\"robots\" content=\"index, follow, max-snippet:-1, max-image-preview:large, max-video-preview:-1\" \/>\n<meta property=\"og:locale\" content=\"fr_CA\" \/>\n<meta property=\"og:type\" content=\"article\" \/>\n<meta property=\"og:title\" content=\"Interdiction de conduire pour les propri\u00e9taires de Dodge Hornet et Alfa Romeo Tonale PHEV - CanadaMotorJobs.com\" \/>\n<meta property=\"og:description\" content=\"Interdiction de conduire pour les propri\u00e9taires de Dodge Hornet et Alfa Romeo Tonale PHEV - Benoit Charette - Annuel automobile - CanadaMotorJobs.com.\" \/>\n<meta property=\"og:url\" content=\"https:\/\/news.canadamotorjobs.com\/fr\/interdiction-de-conduire-pour-les-proprietaires-de-dodge-hornet-et-alfa-romeo-tonale-phev\/\" \/>\n<meta property=\"og:site_name\" content=\"CanadaMotorJobs.com\" \/>\n<meta property=\"article:publisher\" content=\"https:\/\/www.facebook.com\/canadamotorjobs\/\" \/>\n<meta property=\"article:published_time\" content=\"2023-09-15T19:36:02+00:00\" \/>\n<meta property=\"article:modified_time\" content=\"2023-09-15T19:44:39+00:00\" \/>\n<meta property=\"og:image\" content=\"https:\/\/news.canadamotorjobs.com\/wp-content\/uploads\/2023\/09\/DG024_009HN.jpg\" \/>\n\t<meta property=\"og:image:width\" content=\"1200\" \/>\n\t<meta property=\"og:image:height\" content=\"800\" \/>\n\t<meta property=\"og:image:type\" content=\"image\/jpeg\" \/>\n<meta name=\"author\" content=\"Benoit Charette\" \/>\n<meta name=\"twitter:card\" content=\"summary_large_image\" \/>\n<meta name=\"twitter:creator\" content=\"@canadamotorjobs\" \/>\n<meta name=\"twitter:site\" content=\"@canadamotorjobs\" \/>\n<meta name=\"twitter:label1\" content=\"\u00c9crit par\" \/>\n\t<meta name=\"twitter:data1\" content=\"Benoit Charette\" \/>\n\t<meta name=\"twitter:label2\" content=\"Estimation du temps de lecture\" \/>\n\t<meta name=\"twitter:data2\" content=\"3 minutes\" \/>\n<!-- \/ Yoast SEO plugin. -->","yoast_head_json":{"title":"Interdiction de conduire pour les propri\u00e9taires de Dodge Hornet et Alfa Romeo Tonale PHEV - CanadaMotorJobs.com","description":"Interdiction de conduire pour les propri\u00e9taires de Dodge Hornet et Alfa Romeo Tonale PHEV - Benoit Charette - Annuel automobile - CanadaMotorJobs.com.","robots":{"index":"index","follow":"follow","max-snippet":"max-snippet:-1","max-image-preview":"max-image-preview:large","max-video-preview":"max-video-preview:-1"},"og_locale":"fr_CA","og_type":"article","og_title":"Interdiction de conduire pour les propri\u00e9taires de Dodge Hornet et Alfa Romeo Tonale PHEV - CanadaMotorJobs.com","og_description":"Interdiction de conduire pour les propri\u00e9taires de Dodge Hornet et Alfa Romeo Tonale PHEV - Benoit Charette - Annuel automobile - CanadaMotorJobs.com.","og_url":"https:\/\/news.canadamotorjobs.com\/fr\/interdiction-de-conduire-pour-les-proprietaires-de-dodge-hornet-et-alfa-romeo-tonale-phev\/","og_site_name":"CanadaMotorJobs.com","article_publisher":"https:\/\/www.facebook.com\/canadamotorjobs\/","article_published_time":"2023-09-15T19:36:02+00:00","article_modified_time":"2023-09-15T19:44:39+00:00","og_image":[{"width":1200,"height":800,"url":"https:\/\/news.canadamotorjobs.com\/wp-content\/uploads\/2023\/09\/DG024_009HN.jpg","type":"image\/jpeg"}],"author":"Benoit Charette","twitter_card":"summary_large_image","twitter_creator":"@canadamotorjobs","twitter_site":"@canadamotorjobs","twitter_misc":{"\u00c9crit par":"Benoit Charette","Estimation du temps de lecture":"3 minutes"},"schema":{"@context":"https:\/\/schema.org","@graph":[{"@type":"Article","@id":"https:\/\/news.canadamotorjobs.com\/fr\/interdiction-de-conduire-pour-les-proprietaires-de-dodge-hornet-et-alfa-romeo-tonale-phev\/#article","isPartOf":{"@id":"https:\/\/news.canadamotorjobs.com\/fr\/interdiction-de-conduire-pour-les-proprietaires-de-dodge-hornet-et-alfa-romeo-tonale-phev\/"},"author":{"name":"Benoit Charette","@id":"https:\/\/news.canadamotorjobs.com\/#\/schema\/person\/51793d1f87d44011d7bcc2ed99269a90"},"headline":"Interdiction de conduire pour les propri\u00e9taires de Dodge Hornet et Alfa Romeo Tonale PHEV","datePublished":"2023-09-15T19:36:02+00:00","dateModified":"2023-09-15T19:44:39+00:00","mainEntityOfPage":{"@id":"https:\/\/news.canadamotorjobs.com\/fr\/interdiction-de-conduire-pour-les-proprietaires-de-dodge-hornet-et-alfa-romeo-tonale-phev\/"},"wordCount":623,"publisher":{"@id":"https:\/\/news.canadamotorjobs.com\/#organization"},"image":{"@id":"https:\/\/news.canadamotorjobs.com\/fr\/interdiction-de-conduire-pour-les-proprietaires-de-dodge-hornet-et-alfa-romeo-tonale-phev\/#primaryimage"},"thumbnailUrl":"https:\/\/news.canadamotorjobs.com\/wp-content\/uploads\/2023\/09\/DG024_009HN.jpg","articleSection":["Annuel automobile"],"inLanguage":"fr-CA"},{"@type":"WebPage","@id":"https:\/\/news.canadamotorjobs.com\/fr\/interdiction-de-conduire-pour-les-proprietaires-de-dodge-hornet-et-alfa-romeo-tonale-phev\/","url":"https:\/\/news.canadamotorjobs.com\/fr\/interdiction-de-conduire-pour-les-proprietaires-de-dodge-hornet-et-alfa-romeo-tonale-phev\/","name":"Interdiction de conduire pour les propri\u00e9taires de Dodge Hornet et Alfa Romeo Tonale PHEV - CanadaMotorJobs.com","isPartOf":{"@id":"https:\/\/news.canadamotorjobs.com\/#website"},"primaryImageOfPage":{"@id":"https:\/\/news.canadamotorjobs.com\/fr\/interdiction-de-conduire-pour-les-proprietaires-de-dodge-hornet-et-alfa-romeo-tonale-phev\/#primaryimage"},"image":{"@id":"https:\/\/news.canadamotorjobs.com\/fr\/interdiction-de-conduire-pour-les-proprietaires-de-dodge-hornet-et-alfa-romeo-tonale-phev\/#primaryimage"},"thumbnailUrl":"https:\/\/news.canadamotorjobs.com\/wp-content\/uploads\/2023\/09\/DG024_009HN.jpg","datePublished":"2023-09-15T19:36:02+00:00","dateModified":"2023-09-15T19:44:39+00:00","description":"Interdiction de conduire pour les propri\u00e9taires de Dodge Hornet et Alfa Romeo Tonale PHEV - Benoit Charette - Annuel automobile - CanadaMotorJobs.com.","breadcrumb":{"@id":"https:\/\/news.canadamotorjobs.com\/fr\/interdiction-de-conduire-pour-les-proprietaires-de-dodge-hornet-et-alfa-romeo-tonale-phev\/#breadcrumb"},"inLanguage":"fr-CA","potentialAction":[{"@type":"ReadAction","target":["https:\/\/news.canadamotorjobs.com\/fr\/interdiction-de-conduire-pour-les-proprietaires-de-dodge-hornet-et-alfa-romeo-tonale-phev\/"]}]},{"@type":"ImageObject","inLanguage":"fr-CA","@id":"https:\/\/news.canadamotorjobs.com\/fr\/interdiction-de-conduire-pour-les-proprietaires-de-dodge-hornet-et-alfa-romeo-tonale-phev\/#primaryimage","url":"https:\/\/news.canadamotorjobs.com\/wp-content\/uploads\/2023\/09\/DG024_009HN.jpg","contentUrl":"https:\/\/news.canadamotorjobs.com\/wp-content\/uploads\/2023\/09\/DG024_009HN.jpg","width":1200,"height":800},{"@type":"BreadcrumbList","@id":"https:\/\/news.canadamotorjobs.com\/fr\/interdiction-de-conduire-pour-les-proprietaires-de-dodge-hornet-et-alfa-romeo-tonale-phev\/#breadcrumb","itemListElement":[{"@type":"ListItem","position":1,"name":"Home","item":"https:\/\/news.canadamotorjobs.com\/fr\/blog\/"},{"@type":"ListItem","position":2,"name":"Interdiction de conduire pour les propri\u00e9taires de Dodge Hornet et Alfa Romeo Tonale PHEV"}]},{"@type":"WebSite","@id":"https:\/\/news.canadamotorjobs.com\/#website","url":"https:\/\/news.canadamotorjobs.com\/","name":"CanadaMotorJobs.com","description":"Automotive Jobs","publisher":{"@id":"https:\/\/news.canadamotorjobs.com\/#organization"},"potentialAction":[{"@type":"SearchAction","target":{"@type":"EntryPoint","urlTemplate":"https:\/\/news.canadamotorjobs.com\/?s={search_term_string}"},"query-input":"required name=search_term_string"}],"inLanguage":"fr-CA"},{"@type":"Organization","@id":"https:\/\/news.canadamotorjobs.com\/#organization","name":"Canada Motor Jobs","url":"https:\/\/news.canadamotorjobs.com\/","logo":{"@type":"ImageObject","inLanguage":"fr-CA","@id":"https:\/\/news.canadamotorjobs.com\/#\/schema\/logo\/image\/","url":"https:\/\/news.canadamotorjobs.com\/wp-content\/uploads\/2022\/10\/logo-canada-motor-jobs-1.png","contentUrl":"https:\/\/news.canadamotorjobs.com\/wp-content\/uploads\/2022\/10\/logo-canada-motor-jobs-1.png","width":800,"height":400,"caption":"Canada Motor Jobs"},"image":{"@id":"https:\/\/news.canadamotorjobs.com\/#\/schema\/logo\/image\/"},"sameAs":["https:\/\/www.facebook.com\/canadamotorjobs\/","https:\/\/x.com\/canadamotorjobs","https:\/\/www.instagram.com\/canadamotorjobs\/","https:\/\/www.linkedin.com\/company\/canadamotorjobs"]},{"@type":"Person","@id":"https:\/\/news.canadamotorjobs.com\/#\/schema\/person\/51793d1f87d44011d7bcc2ed99269a90","name":"Benoit Charette","image":{"@type":"ImageObject","inLanguage":"fr-CA","@id":"https:\/\/news.canadamotorjobs.com\/#\/schema\/person\/image\/","url":"https:\/\/secure.gravatar.com\/avatar\/45f3d2eebcccd909668d7ce7ea7267b6?s=96&d=mm&r=g","contentUrl":"https:\/\/secure.gravatar.com\/avatar\/45f3d2eebcccd909668d7ce7ea7267b6?s=96&d=mm&r=g","caption":"Benoit Charette"},"description":"Benoit Charette \/ Propri\u00e9taire et r\u00e9dacteur en chef Benoit Charette pratique le journalisme automobile depuis bient\u00f4t 30 ans. Il a fait ses classes au c\u00f4t\u00e9 de Daniel H\u00e9raud et au Carnet de route de 1992 \u00e0 2001. Il est fondateur, copropri\u00e9taire et r\u00e9dacteur en chef de L\u2019Annuel de l\u2019automobile, qu\u2019il publie depuis 2001. Il a anim\u00e9 les \u00e9missions RPM et RPM+ sur V et les L\u00e9gendes de la route sur Historia. \u00c0 la radio depuis 1986, il reprend l\u2019antenne cette ann\u00e9e sur les ondes de Cogeco et participe pour la deuxi\u00e8me ann\u00e9e \u00e0 l\u2019\u00e9mission Passion Auto sur RDS en plus de mettre en ligne le site Web officiel de L\u2019Annuel de l\u2019automobile sur annuelauto.ca.","sameAs":["https:\/\/annuelauto.ca\/"],"url":"https:\/\/news.canadamotorjobs.com\/fr\/author\/benoit-charette\/"}]}},"_links":{"self":[{"href":"https:\/\/news.canadamotorjobs.com\/fr\/wp-json\/wp\/v2\/posts\/151431"}],"collection":[{"href":"https:\/\/news.canadamotorjobs.com\/fr\/wp-json\/wp\/v2\/posts"}],"about":[{"href":"https:\/\/news.canadamotorjobs.com\/fr\/wp-json\/wp\/v2\/types\/post"}],"author":[{"embeddable":true,"href":"https:\/\/news.canadamotorjobs.com\/fr\/wp-json\/wp\/v2\/users\/8"}],"replies":[{"embeddable":true,"href":"https:\/\/news.canadamotorjobs.com\/fr\/wp-json\/wp\/v2\/comments?post=151431"}],"version-history":[{"count":2,"href":"https:\/\/news.canadamotorjobs.com\/fr\/wp-json\/wp\/v2\/posts\/151431\/revisions"}],"predecessor-version":[{"id":151435,"href":"https:\/\/news.canadamotorjobs.com\/fr\/wp-json\/wp\/v2\/posts\/151431\/revisions\/151435"}],"wp:featuredmedia":[{"embeddable":true,"href":"https:\/\/news.canadamotorjobs.com\/fr\/wp-json\/wp\/v2\/media\/151433"}],"wp:attachment":[{"href":"https:\/\/news.canadamotorjobs.com\/fr\/wp-json\/wp\/v2\/media?parent=151431"}],"wp:term":[{"taxonomy":"category","embeddable":true,"href":"https:\/\/news.canadamotorjobs.com\/fr\/wp-json\/wp\/v2\/categories?post=151431"},{"taxonomy":"post_tag","embeddable":true,"href":"https:\/\/news.canadamotorjobs.com\/fr\/wp-json\/wp\/v2\/tags?post=151431"}],"curies":[{"name":"wp","href":"https:\/\/api.w.org\/{rel}","templated":true}]}}