{"id":151343,"date":"2023-09-14T07:43:03","date_gmt":"2023-09-14T11:43:03","guid":{"rendered":"https:\/\/news.canadamotorjobs.com\/?p=151343"},"modified":"2023-09-14T07:49:38","modified_gmt":"2023-09-14T11:49:38","slug":"toyota-annonce-800-km-dautonomie-et-40-de-reduction-de-cout-pour-ses-vehicules-electriques-dici-2026","status":"publish","type":"post","link":"https:\/\/news.canadamotorjobs.com\/fr\/toyota-annonce-800-km-dautonomie-et-40-de-reduction-de-cout-pour-ses-vehicules-electriques-dici-2026\/","title":{"rendered":"Toyota annonce 800 km d\u2019autonomie et 40 % de r\u00e9duction de co\u00fbt pour ses v\u00e9hicules \u00e9lectriques d\u2019ici 2026"},"content":{"rendered":"<\/p>\n<ul><\/p>\n<li>\n<h3>Toyota investit dans la prochaine g\u00e9n\u00e9ration de batteries pour ses voitures \u00e9lectriques<\/h3>\n<p>\n<\/li>\n<p><\/p>\n<li>\n<h3>Des batteries adapt\u00e9es \u00e0 divers mod\u00e8les et besoins des clients<\/h3>\n<p>\n<\/li>\n<p><\/p>\n<li>\n<h3>Les batteries \u00e0 semi-conducteurs r\u00e9volutionnent l&#8217;avenir des v\u00e9hicules \u00e9lectriques<\/h3>\n<p>\n<\/li>\n<p><\/p>\n<li>\n<h3>D&#8217;autres constructeurs automobiles suivent la tendance des batteries \u00e0 semi-conducteurs<\/h3>\n<p>\n<\/li>\n<p>\n<\/ul>\n<p>\nToyota pr\u00e9voit une mise \u00e0 jour majeure de ses voitures \u00e9lectriques, avec des batteries innovantes qui augmenteront l&#8217;autonomie tout en r\u00e9duisant les co\u00fbts. D\u00e9couvrez les d\u00e9tails de cette avanc\u00e9e technologique.<\/p>\n<h3><strong>Toyota annonce des batteries r\u00e9volutionnaires<\/strong><\/h3>\n<p>\nLa prochaine g\u00e9n\u00e9ration de voitures \u00e9lectriques de Toyota sera \u00e9quip\u00e9e de batteries r\u00e9volutionnaires qui promettent une autonomie impressionnante de 800 km. De plus, ces batteries seront jusqu&#8217;\u00e0 40 % moins ch\u00e8res que celles de la Toyota bZ4X actuelle, et elles devraient \u00eatre disponibles d\u00e8s 2026.<\/p>\n<h3><strong>Deux types de batteries pour r\u00e9pondre \u00e0 tous les besoins<\/strong><\/h3>\n<p>\nToyota propose deux types de batteries pour ses voitures \u00e9lectriques. La batterie lithium-ion Performance est con\u00e7ue pour maximiser l&#8217;autonomie, tandis que la batterie lithium-fer-phosphate Popularisation vise \u00e0 rendre les v\u00e9hicules \u00e9lectriques plus accessibles. Cette strat\u00e9gie vise \u00e0 \u00e9largir la client\u00e8le de Toyota pour les v\u00e9hicules \u00e9lectriques.<\/p>\n<h3><strong>Des batteries plus plates pour une meilleure a\u00e9rodynamique<\/strong><\/h3>\n<p>\nToyota pr\u00e9voit de rendre ses v\u00e9hicules \u00e9lectriques plus l\u00e9gers et plus a\u00e9rodynamiques en r\u00e9duisant la hauteur de leurs batteries. La batterie actuelle mesure environ 150 mm de haut, mais cette dimension sera r\u00e9duite \u00e0 120 mm pour les mod\u00e8les de la prochaine g\u00e9n\u00e9ration. Cette r\u00e9duction de hauteur permettra de concevoir des v\u00e9hicules plus a\u00e9rodynamiques, r\u00e9duisant ainsi la tra\u00een\u00e9e et am\u00e9liorant l&#8217;efficacit\u00e9 \u00e9nerg\u00e9tique.<\/p>\n<h3><strong>Vers des voitures de sport \u00e9lectriques l\u00e9g\u00e8res<\/strong><\/h3>\n<p>\nLes batteries \u00e0 semi-conducteurs sont en train de r\u00e9volutionner l&#8217;industrie automobile. Toyota pr\u00e9voit de produire des batteries \u00e0 \u00e9lectrolyte solide d&#8217;ici 2028, offrant une autonomie de 1 000 km. De plus, elles pourront \u00eatre recharg\u00e9es de 10 \u00e0 80 % en seulement 10 minutes, offrant une exp\u00e9rience de charge rapide. Une batterie \u00e0 l&#8217;\u00e9tat solide encore plus performante est en cours de d\u00e9veloppement, visant une autonomie de pr\u00e8s de 1 600 km.<\/p>\n<h3><strong>D&#8217;autres constructeurs automobiles embo\u00eetent le pas<\/strong><\/h3>\n<p>\nToyota n&#8217;est pas le seul constructeur \u00e0 investir dans les batteries \u00e0 semi-conducteurs. Nissan pr\u00e9voit de commercialiser cette technologie en 2028, tandis que BMW travaille sur des cellules \u00e0 l&#8217;\u00e9tat solide avec l&#8217;objectif de les int\u00e9grer dans un v\u00e9hicule d&#8217;ici un an et demi. Cette technologie promet de r\u00e9duire les co\u00fbts, d&#8217;augmenter la densit\u00e9 \u00e9nerg\u00e9tique et d&#8217;offrir une recharge plus rapide.<\/p>\n<h3><strong>Le futur des v\u00e9hicules \u00e9lectriques est prometteur<\/strong><\/h3>\n<p>\nL&#8217;industrie automobile se dirige vers une nouvelle \u00e8re gr\u00e2ce aux batteries \u00e0 semi-conducteurs. Toyota, aux c\u00f4t\u00e9s d&#8217;autres constructeurs, s&#8217;engage \u00e0 r\u00e9volutionner la mobilit\u00e9 \u00e9lectrique en offrant des performances accrues, une autonomie exceptionnelle et des co\u00fbts plus abordables pour les v\u00e9hicules \u00e9lectriques de demain.<\/p>\n<p>Avec des renseignements d\u2019Autocar<\/p>\n<p>Le texte <a rel=\"nofollow\" href=\"https:\/\/annuelauto.ca\/toyota-annonce-800-km-dautonomie-et-40-de-reduction-de-cout-pour-ses-vehicules-electriques-dici-2026\/\">Toyota annonce 800 km d\u2019autonomie et 40 % de r\u00e9duction de co\u00fbt pour ses v\u00e9hicules \u00e9lectriques d\u2019ici 2026<\/a> provient de <a rel=\"nofollow\" href=\"https:\/\/annuelauto.ca\">L&#8217;annuel de l&#8217;automobile &#8211; Actualit\u00e9 automobile<\/a><\/p>\n<p><\/p>\n","protected":false},"excerpt":{"rendered":"<p>Toyota investit dans la prochaine g\u00e9n\u00e9ration de batteries pour ses voitures \u00e9lectriques Des batteries adapt\u00e9es \u00e0 divers mod\u00e8les et besoins des clients Les batteries \u00e0 semi-conducteurs r\u00e9volutionnent l&#8217;avenir des v\u00e9hicules \u00e9lectriques D&#8217;autres constructeurs automobiles suivent la tendance des batteries \u00e0 semi-conducteurs Toyota pr\u00e9voit une mise \u00e0 jour majeure de ses voitures \u00e9lectriques, avec des batteries [&hellip;]<\/p>\n","protected":false},"author":8,"featured_media":151345,"comment_status":"close","ping_status":"closed","sticky":false,"template":"","format":"standard","meta":{"_monsterinsights_skip_tracking":false,"_monsterinsights_sitenote_active":false,"_monsterinsights_sitenote_note":"","_monsterinsights_sitenote_category":0,"footnotes":""},"categories":[101],"tags":[],"yoast_head":"<!-- This site is optimized with the Yoast SEO plugin v23.2 - https:\/\/yoast.com\/wordpress\/plugins\/seo\/ -->\n<title>Toyota annonce 800 km d\u2019autonomie et 40 % de r\u00e9duction de co\u00fbt pour ses v\u00e9hicules \u00e9lectriques d\u2019ici 2026 - CanadaMotorJobs.com<\/title>\n<meta name=\"description\" content=\"Toyota annonce 800 km d\u2019autonomie et 40 % de r\u00e9duction de co\u00fbt pour ses v\u00e9hicules \u00e9lectriques d\u2019ici 2026 - Benoit Charette - Annuel automobile - CanadaMotorJobs.com.\" \/>\n<meta name=\"robots\" content=\"index, follow, max-snippet:-1, max-image-preview:large, max-video-preview:-1\" \/>\n<meta property=\"og:locale\" content=\"fr_CA\" \/>\n<meta property=\"og:type\" content=\"article\" \/>\n<meta property=\"og:title\" content=\"Toyota annonce 800 km d\u2019autonomie et 40 % de r\u00e9duction de co\u00fbt pour ses v\u00e9hicules \u00e9lectriques d\u2019ici 2026 - CanadaMotorJobs.com\" \/>\n<meta property=\"og:description\" content=\"Toyota annonce 800 km d\u2019autonomie et 40 % de r\u00e9duction de co\u00fbt pour ses v\u00e9hicules \u00e9lectriques d\u2019ici 2026 - Benoit Charette - Annuel automobile - CanadaMotorJobs.com.\" \/>\n<meta property=\"og:url\" content=\"https:\/\/news.canadamotorjobs.com\/fr\/toyota-annonce-800-km-dautonomie-et-40-de-reduction-de-cout-pour-ses-vehicules-electriques-dici-2026\/\" \/>\n<meta property=\"og:site_name\" content=\"CanadaMotorJobs.com\" \/>\n<meta property=\"article:publisher\" content=\"https:\/\/www.facebook.com\/canadamotorjobs\/\" \/>\n<meta property=\"article:published_time\" content=\"2023-09-14T11:43:03+00:00\" \/>\n<meta property=\"article:modified_time\" content=\"2023-09-14T11:49:38+00:00\" \/>\n<meta property=\"og:image\" content=\"https:\/\/news.canadamotorjobs.com\/wp-content\/uploads\/2023\/09\/toyota-sports-ev_100819617.jpg\" \/>\n\t<meta property=\"og:image:width\" content=\"1920\" \/>\n\t<meta property=\"og:image:height\" content=\"1080\" \/>\n\t<meta property=\"og:image:type\" content=\"image\/jpeg\" \/>\n<meta name=\"author\" content=\"Benoit Charette\" \/>\n<meta name=\"twitter:card\" content=\"summary_large_image\" \/>\n<meta name=\"twitter:creator\" content=\"@canadamotorjobs\" \/>\n<meta name=\"twitter:site\" content=\"@canadamotorjobs\" \/>\n<meta name=\"twitter:label1\" content=\"\u00c9crit par\" \/>\n\t<meta name=\"twitter:data1\" content=\"Benoit Charette\" \/>\n\t<meta name=\"twitter:label2\" content=\"Estimation du temps de lecture\" \/>\n\t<meta name=\"twitter:data2\" content=\"3 minutes\" \/>\n<!-- \/ Yoast SEO plugin. -->","yoast_head_json":{"title":"Toyota annonce 800 km d\u2019autonomie et 40 % de r\u00e9duction de co\u00fbt pour ses v\u00e9hicules \u00e9lectriques d\u2019ici 2026 - CanadaMotorJobs.com","description":"Toyota annonce 800 km d\u2019autonomie et 40 % de r\u00e9duction de co\u00fbt pour ses v\u00e9hicules \u00e9lectriques d\u2019ici 2026 - Benoit Charette - Annuel automobile - CanadaMotorJobs.com.","robots":{"index":"index","follow":"follow","max-snippet":"max-snippet:-1","max-image-preview":"max-image-preview:large","max-video-preview":"max-video-preview:-1"},"og_locale":"fr_CA","og_type":"article","og_title":"Toyota annonce 800 km d\u2019autonomie et 40 % de r\u00e9duction de co\u00fbt pour ses v\u00e9hicules \u00e9lectriques d\u2019ici 2026 - CanadaMotorJobs.com","og_description":"Toyota annonce 800 km d\u2019autonomie et 40 % de r\u00e9duction de co\u00fbt pour ses v\u00e9hicules \u00e9lectriques d\u2019ici 2026 - Benoit Charette - Annuel automobile - CanadaMotorJobs.com.","og_url":"https:\/\/news.canadamotorjobs.com\/fr\/toyota-annonce-800-km-dautonomie-et-40-de-reduction-de-cout-pour-ses-vehicules-electriques-dici-2026\/","og_site_name":"CanadaMotorJobs.com","article_publisher":"https:\/\/www.facebook.com\/canadamotorjobs\/","article_published_time":"2023-09-14T11:43:03+00:00","article_modified_time":"2023-09-14T11:49:38+00:00","og_image":[{"width":1920,"height":1080,"url":"https:\/\/news.canadamotorjobs.com\/wp-content\/uploads\/2023\/09\/toyota-sports-ev_100819617.jpg","type":"image\/jpeg"}],"author":"Benoit Charette","twitter_card":"summary_large_image","twitter_creator":"@canadamotorjobs","twitter_site":"@canadamotorjobs","twitter_misc":{"\u00c9crit par":"Benoit Charette","Estimation du temps de lecture":"3 minutes"},"schema":{"@context":"https:\/\/schema.org","@graph":[{"@type":"Article","@id":"https:\/\/news.canadamotorjobs.com\/fr\/toyota-annonce-800-km-dautonomie-et-40-de-reduction-de-cout-pour-ses-vehicules-electriques-dici-2026\/#article","isPartOf":{"@id":"https:\/\/news.canadamotorjobs.com\/fr\/toyota-annonce-800-km-dautonomie-et-40-de-reduction-de-cout-pour-ses-vehicules-electriques-dici-2026\/"},"author":{"name":"Benoit Charette","@id":"https:\/\/news.canadamotorjobs.com\/#\/schema\/person\/51793d1f87d44011d7bcc2ed99269a90"},"headline":"Toyota annonce 800 km d\u2019autonomie et 40 % de r\u00e9duction de co\u00fbt pour ses v\u00e9hicules \u00e9lectriques d\u2019ici 2026","datePublished":"2023-09-14T11:43:03+00:00","dateModified":"2023-09-14T11:49:38+00:00","mainEntityOfPage":{"@id":"https:\/\/news.canadamotorjobs.com\/fr\/toyota-annonce-800-km-dautonomie-et-40-de-reduction-de-cout-pour-ses-vehicules-electriques-dici-2026\/"},"wordCount":548,"publisher":{"@id":"https:\/\/news.canadamotorjobs.com\/#organization"},"image":{"@id":"https:\/\/news.canadamotorjobs.com\/fr\/toyota-annonce-800-km-dautonomie-et-40-de-reduction-de-cout-pour-ses-vehicules-electriques-dici-2026\/#primaryimage"},"thumbnailUrl":"https:\/\/news.canadamotorjobs.com\/wp-content\/uploads\/2023\/09\/toyota-sports-ev_100819617.jpg","articleSection":["Annuel automobile"],"inLanguage":"fr-CA"},{"@type":"WebPage","@id":"https:\/\/news.canadamotorjobs.com\/fr\/toyota-annonce-800-km-dautonomie-et-40-de-reduction-de-cout-pour-ses-vehicules-electriques-dici-2026\/","url":"https:\/\/news.canadamotorjobs.com\/fr\/toyota-annonce-800-km-dautonomie-et-40-de-reduction-de-cout-pour-ses-vehicules-electriques-dici-2026\/","name":"Toyota annonce 800 km d\u2019autonomie et 40 % de r\u00e9duction de co\u00fbt pour ses v\u00e9hicules \u00e9lectriques d\u2019ici 2026 - CanadaMotorJobs.com","isPartOf":{"@id":"https:\/\/news.canadamotorjobs.com\/#website"},"primaryImageOfPage":{"@id":"https:\/\/news.canadamotorjobs.com\/fr\/toyota-annonce-800-km-dautonomie-et-40-de-reduction-de-cout-pour-ses-vehicules-electriques-dici-2026\/#primaryimage"},"image":{"@id":"https:\/\/news.canadamotorjobs.com\/fr\/toyota-annonce-800-km-dautonomie-et-40-de-reduction-de-cout-pour-ses-vehicules-electriques-dici-2026\/#primaryimage"},"thumbnailUrl":"https:\/\/news.canadamotorjobs.com\/wp-content\/uploads\/2023\/09\/toyota-sports-ev_100819617.jpg","datePublished":"2023-09-14T11:43:03+00:00","dateModified":"2023-09-14T11:49:38+00:00","description":"Toyota annonce 800 km d\u2019autonomie et 40 % de r\u00e9duction de co\u00fbt pour ses v\u00e9hicules \u00e9lectriques d\u2019ici 2026 - Benoit Charette - Annuel automobile - CanadaMotorJobs.com.","breadcrumb":{"@id":"https:\/\/news.canadamotorjobs.com\/fr\/toyota-annonce-800-km-dautonomie-et-40-de-reduction-de-cout-pour-ses-vehicules-electriques-dici-2026\/#breadcrumb"},"inLanguage":"fr-CA","potentialAction":[{"@type":"ReadAction","target":["https:\/\/news.canadamotorjobs.com\/fr\/toyota-annonce-800-km-dautonomie-et-40-de-reduction-de-cout-pour-ses-vehicules-electriques-dici-2026\/"]}]},{"@type":"ImageObject","inLanguage":"fr-CA","@id":"https:\/\/news.canadamotorjobs.com\/fr\/toyota-annonce-800-km-dautonomie-et-40-de-reduction-de-cout-pour-ses-vehicules-electriques-dici-2026\/#primaryimage","url":"https:\/\/news.canadamotorjobs.com\/wp-content\/uploads\/2023\/09\/toyota-sports-ev_100819617.jpg","contentUrl":"https:\/\/news.canadamotorjobs.com\/wp-content\/uploads\/2023\/09\/toyota-sports-ev_100819617.jpg","width":1920,"height":1080},{"@type":"BreadcrumbList","@id":"https:\/\/news.canadamotorjobs.com\/fr\/toyota-annonce-800-km-dautonomie-et-40-de-reduction-de-cout-pour-ses-vehicules-electriques-dici-2026\/#breadcrumb","itemListElement":[{"@type":"ListItem","position":1,"name":"Home","item":"https:\/\/news.canadamotorjobs.com\/fr\/blog\/"},{"@type":"ListItem","position":2,"name":"Toyota annonce 800 km d\u2019autonomie et 40 % de r\u00e9duction de co\u00fbt pour ses v\u00e9hicules \u00e9lectriques d\u2019ici 2026"}]},{"@type":"WebSite","@id":"https:\/\/news.canadamotorjobs.com\/#website","url":"https:\/\/news.canadamotorjobs.com\/","name":"CanadaMotorJobs.com","description":"Automotive Jobs","publisher":{"@id":"https:\/\/news.canadamotorjobs.com\/#organization"},"potentialAction":[{"@type":"SearchAction","target":{"@type":"EntryPoint","urlTemplate":"https:\/\/news.canadamotorjobs.com\/?s={search_term_string}"},"query-input":"required name=search_term_string"}],"inLanguage":"fr-CA"},{"@type":"Organization","@id":"https:\/\/news.canadamotorjobs.com\/#organization","name":"Canada Motor Jobs","url":"https:\/\/news.canadamotorjobs.com\/","logo":{"@type":"ImageObject","inLanguage":"fr-CA","@id":"https:\/\/news.canadamotorjobs.com\/#\/schema\/logo\/image\/","url":"https:\/\/news.canadamotorjobs.com\/wp-content\/uploads\/2022\/10\/logo-canada-motor-jobs-1.png","contentUrl":"https:\/\/news.canadamotorjobs.com\/wp-content\/uploads\/2022\/10\/logo-canada-motor-jobs-1.png","width":800,"height":400,"caption":"Canada Motor Jobs"},"image":{"@id":"https:\/\/news.canadamotorjobs.com\/#\/schema\/logo\/image\/"},"sameAs":["https:\/\/www.facebook.com\/canadamotorjobs\/","https:\/\/x.com\/canadamotorjobs","https:\/\/www.instagram.com\/canadamotorjobs\/","https:\/\/www.linkedin.com\/company\/canadamotorjobs"]},{"@type":"Person","@id":"https:\/\/news.canadamotorjobs.com\/#\/schema\/person\/51793d1f87d44011d7bcc2ed99269a90","name":"Benoit Charette","image":{"@type":"ImageObject","inLanguage":"fr-CA","@id":"https:\/\/news.canadamotorjobs.com\/#\/schema\/person\/image\/","url":"https:\/\/secure.gravatar.com\/avatar\/45f3d2eebcccd909668d7ce7ea7267b6?s=96&d=mm&r=g","contentUrl":"https:\/\/secure.gravatar.com\/avatar\/45f3d2eebcccd909668d7ce7ea7267b6?s=96&d=mm&r=g","caption":"Benoit Charette"},"description":"Benoit Charette \/ Propri\u00e9taire et r\u00e9dacteur en chef Benoit Charette pratique le journalisme automobile depuis bient\u00f4t 30 ans. Il a fait ses classes au c\u00f4t\u00e9 de Daniel H\u00e9raud et au Carnet de route de 1992 \u00e0 2001. Il est fondateur, copropri\u00e9taire et r\u00e9dacteur en chef de L\u2019Annuel de l\u2019automobile, qu\u2019il publie depuis 2001. Il a anim\u00e9 les \u00e9missions RPM et RPM+ sur V et les L\u00e9gendes de la route sur Historia. \u00c0 la radio depuis 1986, il reprend l\u2019antenne cette ann\u00e9e sur les ondes de Cogeco et participe pour la deuxi\u00e8me ann\u00e9e \u00e0 l\u2019\u00e9mission Passion Auto sur RDS en plus de mettre en ligne le site Web officiel de L\u2019Annuel de l\u2019automobile sur annuelauto.ca.","sameAs":["https:\/\/annuelauto.ca\/"],"url":"https:\/\/news.canadamotorjobs.com\/fr\/author\/benoit-charette\/"}]}},"_links":{"self":[{"href":"https:\/\/news.canadamotorjobs.com\/fr\/wp-json\/wp\/v2\/posts\/151343"}],"collection":[{"href":"https:\/\/news.canadamotorjobs.com\/fr\/wp-json\/wp\/v2\/posts"}],"about":[{"href":"https:\/\/news.canadamotorjobs.com\/fr\/wp-json\/wp\/v2\/types\/post"}],"author":[{"embeddable":true,"href":"https:\/\/news.canadamotorjobs.com\/fr\/wp-json\/wp\/v2\/users\/8"}],"replies":[{"embeddable":true,"href":"https:\/\/news.canadamotorjobs.com\/fr\/wp-json\/wp\/v2\/comments?post=151343"}],"version-history":[{"count":2,"href":"https:\/\/news.canadamotorjobs.com\/fr\/wp-json\/wp\/v2\/posts\/151343\/revisions"}],"predecessor-version":[{"id":151347,"href":"https:\/\/news.canadamotorjobs.com\/fr\/wp-json\/wp\/v2\/posts\/151343\/revisions\/151347"}],"wp:featuredmedia":[{"embeddable":true,"href":"https:\/\/news.canadamotorjobs.com\/fr\/wp-json\/wp\/v2\/media\/151345"}],"wp:attachment":[{"href":"https:\/\/news.canadamotorjobs.com\/fr\/wp-json\/wp\/v2\/media?parent=151343"}],"wp:term":[{"taxonomy":"category","embeddable":true,"href":"https:\/\/news.canadamotorjobs.com\/fr\/wp-json\/wp\/v2\/categories?post=151343"},{"taxonomy":"post_tag","embeddable":true,"href":"https:\/\/news.canadamotorjobs.com\/fr\/wp-json\/wp\/v2\/tags?post=151343"}],"curies":[{"name":"wp","href":"https:\/\/api.w.org\/{rel}","templated":true}]}}