{"id":151320,"date":"2023-09-14T07:24:23","date_gmt":"2023-09-14T11:24:23","guid":{"rendered":"https:\/\/news.canadamotorjobs.com\/?p=151320"},"modified":"2023-09-14T07:26:29","modified_gmt":"2023-09-14T11:26:29","slug":"la-lamborghini-revuelto-fait-ses-debuts-a-montreal","status":"publish","type":"post","link":"https:\/\/news.canadamotorjobs.com\/fr\/la-lamborghini-revuelto-fait-ses-debuts-a-montreal\/","title":{"rendered":"La Lamborghini R\u00e9vuelto fait ses d\u00e9buts \u00e0 Montr\u00e9al"},"content":{"rendered":"<\/p>\n<p>Lamborghini Montr\u00e9al a accueilli hier soir la toute premi\u00e8re Lamborghini R\u00e9vuelto, marquant ainsi l&#8217;inauguration officielle de sa nouvelle salle d&#8217;exposition tout en d\u00e9voilant le premier mod\u00e8le hybride rechargeable de la marque depuis sa cr\u00e9ation en 1963.<\/p>\n<h3><strong>Pr\u00e9sentation devant un public conquis<\/strong><\/h3>\n<p>\nL&#8217;\u00e9v\u00e9nement a rassembl\u00e9 un public prestigieux, notamment le pr\u00e9sident de Lamborghini Am\u00e9rique du Nord, Andrea Baldi, ainsi que les membres de la famille Scotti (John, Orlando et Pasquale). Devant une foule compos\u00e9e de propri\u00e9taires de Lamborghini et de journalistes, la R\u00e9vuelto a \u00e9t\u00e9 pr\u00e9sent\u00e9e comme le successeur de l&#8217;Aventador, mettant ainsi fin \u00e0 une tradition de cinquante ans de voitures V12 exclusivement \u00e0 essence chez Lamborghini. Cette supercar r\u00e9volutionnaire est \u00e9quip\u00e9e d&#8217;un port de recharge et est dot\u00e9e d&#8217;un moteur V12 essence combin\u00e9 \u00e0 trois moteurs \u00e9lectriques, offrant une puissance totale de 1 001 chevaux selon le constructeur.<\/p>\n<h3><strong>Prix \u00e0 confirmer et succ\u00e8s au Qu\u00e9bec<\/strong><\/h3>\n<p>\nBien que le prix de la R\u00e9vuelto n&#8217;ait pas encore \u00e9t\u00e9 d\u00e9voil\u00e9, elle promet une exp\u00e9rience de conduite allant du silencieux et doux au bruyant et puissant. Avec un choix de 13 modes de conduite diff\u00e9rents, elle peut fonctionner en mode tout \u00e9lectrique \u00e0 basse vitesse, offrant une conduite enti\u00e8rement silencieuse, ou en mode sportif sur circuit, exploitant la puissance maximale des moteurs V12 et \u00e9lectriques. Le Qu\u00e9bec va recevoir cinq exemplaires de cette supercar, et le responsable des ventes, Bernand Durand, a confirm\u00e9 que tous les mod\u00e8les \u00e9taient d\u00e9j\u00e0 vendus, avec le premier exemplaire attendu d&#8217;ici la fin de l&#8217;automne.<\/p>\n<h3><strong>R\u00e9organisation m\u00e9canique pour une performance optimale<\/strong><\/h3>\n<p>\nLa R\u00e9vuelto se distingue \u00e9galement par son agencement m\u00e9canique novateur, avec le moteur orient\u00e9 vers l&#8217;arri\u00e8re pour faire place aux batteries, assurant ainsi une r\u00e9partition id\u00e9ale du poids avec 44 % sur les roues avant et 56 % sur les roues arri\u00e8re. En mode \u00e9lectrique, elle offre une autonomie maximale de 30 km, passant ensuite en mode hybride standard lorsque les batteries sont d\u00e9charg\u00e9es, basculant entre l&#8217;\u00e9nergie \u00e9lectrique et l&#8217;essence en fonction des besoins. Les batteries peuvent \u00e9galement se recharger lors du freinage ou en pr\u00e9levant de l&#8217;\u00e9nergie du moteur essence.<\/p>\n<h3><strong>Un souci de l\u00e9g\u00e8ret\u00e9 et une avanc\u00e9e technologique<\/strong><\/h3>\n<p>\nPour r\u00e9duire le poids, la carrosserie de la R\u00e9vuelto est principalement constitu\u00e9e de fibre de carbone, tandis que les structures arri\u00e8re sont en alliages d&#8217;aluminium. Le nouveau moteur V12 est \u00e9galement l\u00e9g\u00e8rement plus l\u00e9ger que celui de l&#8217;Aventador qu&#8217;il remplace. Cette avanc\u00e9e technologique repr\u00e9sente une \u00e9tape importante dans l&#8217;\u00e9volution de la marque Lamborghini, combinant une puissance impressionnante tout en pr\u00e9servant l&#8217;h\u00e9ritage du V12. Elle promet une exp\u00e9rience de conduite exceptionnelle, bien que le prix demeure \u00e0 confirmer. Cependant, Lamborghini n&#8217;a pas encore annonc\u00e9 son intention de passer \u00e0 une gamme enti\u00e8rement \u00e9lectrique.<\/p>\n<p>\u00a0<\/p>\n<p>Le texte <a rel=\"nofollow\" href=\"https:\/\/annuelauto.ca\/la-lamborghini-revuelto-fait-ses-debuts-a-montreal\/\">La Lamborghini R\u00e9vuelto fait ses d\u00e9buts \u00e0 Montr\u00e9al<\/a> provient de <a rel=\"nofollow\" href=\"https:\/\/annuelauto.ca\">L&#8217;annuel de l&#8217;automobile &#8211; Actualit\u00e9 automobile<\/a><\/p>\n<p><\/p>\n","protected":false},"excerpt":{"rendered":"<p>Lamborghini Montr\u00e9al a accueilli hier soir la toute premi\u00e8re Lamborghini R\u00e9vuelto, marquant ainsi l&#8217;inauguration officielle de sa nouvelle salle d&#8217;exposition tout en d\u00e9voilant le premier mod\u00e8le hybride rechargeable de la marque depuis sa cr\u00e9ation en 1963. Pr\u00e9sentation devant un public conquis L&#8217;\u00e9v\u00e9nement a rassembl\u00e9 un public prestigieux, notamment le pr\u00e9sident de Lamborghini Am\u00e9rique du Nord, [&hellip;]<\/p>\n","protected":false},"author":8,"featured_media":151322,"comment_status":"close","ping_status":"closed","sticky":false,"template":"","format":"standard","meta":{"_monsterinsights_skip_tracking":false,"_monsterinsights_sitenote_active":false,"_monsterinsights_sitenote_note":"","_monsterinsights_sitenote_category":0,"footnotes":""},"categories":[101],"tags":[],"yoast_head":"<!-- This site is optimized with the Yoast SEO plugin v23.2 - https:\/\/yoast.com\/wordpress\/plugins\/seo\/ -->\n<title>La Lamborghini R\u00e9vuelto fait ses d\u00e9buts \u00e0 Montr\u00e9al - CanadaMotorJobs.com<\/title>\n<meta name=\"description\" content=\"La Lamborghini R\u00e9vuelto fait ses d\u00e9buts \u00e0 Montr\u00e9al - Benoit Charette - Annuel automobile - CanadaMotorJobs.com.\" \/>\n<meta name=\"robots\" content=\"index, follow, max-snippet:-1, max-image-preview:large, max-video-preview:-1\" \/>\n<meta property=\"og:locale\" content=\"fr_CA\" \/>\n<meta property=\"og:type\" content=\"article\" \/>\n<meta property=\"og:title\" content=\"La Lamborghini R\u00e9vuelto fait ses d\u00e9buts \u00e0 Montr\u00e9al - CanadaMotorJobs.com\" \/>\n<meta property=\"og:description\" content=\"La Lamborghini R\u00e9vuelto fait ses d\u00e9buts \u00e0 Montr\u00e9al - Benoit Charette - Annuel automobile - CanadaMotorJobs.com.\" \/>\n<meta property=\"og:url\" content=\"https:\/\/news.canadamotorjobs.com\/fr\/la-lamborghini-revuelto-fait-ses-debuts-a-montreal\/\" \/>\n<meta property=\"og:site_name\" content=\"CanadaMotorJobs.com\" \/>\n<meta property=\"article:publisher\" content=\"https:\/\/www.facebook.com\/canadamotorjobs\/\" \/>\n<meta property=\"article:published_time\" content=\"2023-09-14T11:24:23+00:00\" \/>\n<meta property=\"article:modified_time\" content=\"2023-09-14T11:26:29+00:00\" \/>\n<meta property=\"og:image\" content=\"https:\/\/news.canadamotorjobs.com\/wp-content\/uploads\/2023\/09\/IMG_6976.jpg\" \/>\n\t<meta property=\"og:image:width\" content=\"1200\" \/>\n\t<meta property=\"og:image:height\" content=\"900\" \/>\n\t<meta property=\"og:image:type\" content=\"image\/jpeg\" \/>\n<meta name=\"author\" content=\"Benoit Charette\" \/>\n<meta name=\"twitter:card\" content=\"summary_large_image\" \/>\n<meta name=\"twitter:creator\" content=\"@canadamotorjobs\" \/>\n<meta name=\"twitter:site\" content=\"@canadamotorjobs\" \/>\n<meta name=\"twitter:label1\" content=\"\u00c9crit par\" \/>\n\t<meta name=\"twitter:data1\" content=\"Benoit Charette\" \/>\n\t<meta name=\"twitter:label2\" content=\"Estimation du temps de lecture\" \/>\n\t<meta name=\"twitter:data2\" content=\"3 minutes\" \/>\n<!-- \/ Yoast SEO plugin. -->","yoast_head_json":{"title":"La Lamborghini R\u00e9vuelto fait ses d\u00e9buts \u00e0 Montr\u00e9al - CanadaMotorJobs.com","description":"La Lamborghini R\u00e9vuelto fait ses d\u00e9buts \u00e0 Montr\u00e9al - Benoit Charette - Annuel automobile - CanadaMotorJobs.com.","robots":{"index":"index","follow":"follow","max-snippet":"max-snippet:-1","max-image-preview":"max-image-preview:large","max-video-preview":"max-video-preview:-1"},"og_locale":"fr_CA","og_type":"article","og_title":"La Lamborghini R\u00e9vuelto fait ses d\u00e9buts \u00e0 Montr\u00e9al - CanadaMotorJobs.com","og_description":"La Lamborghini R\u00e9vuelto fait ses d\u00e9buts \u00e0 Montr\u00e9al - Benoit Charette - Annuel automobile - CanadaMotorJobs.com.","og_url":"https:\/\/news.canadamotorjobs.com\/fr\/la-lamborghini-revuelto-fait-ses-debuts-a-montreal\/","og_site_name":"CanadaMotorJobs.com","article_publisher":"https:\/\/www.facebook.com\/canadamotorjobs\/","article_published_time":"2023-09-14T11:24:23+00:00","article_modified_time":"2023-09-14T11:26:29+00:00","og_image":[{"width":1200,"height":900,"url":"https:\/\/news.canadamotorjobs.com\/wp-content\/uploads\/2023\/09\/IMG_6976.jpg","type":"image\/jpeg"}],"author":"Benoit Charette","twitter_card":"summary_large_image","twitter_creator":"@canadamotorjobs","twitter_site":"@canadamotorjobs","twitter_misc":{"\u00c9crit par":"Benoit Charette","Estimation du temps de lecture":"3 minutes"},"schema":{"@context":"https:\/\/schema.org","@graph":[{"@type":"Article","@id":"https:\/\/news.canadamotorjobs.com\/fr\/la-lamborghini-revuelto-fait-ses-debuts-a-montreal\/#article","isPartOf":{"@id":"https:\/\/news.canadamotorjobs.com\/fr\/la-lamborghini-revuelto-fait-ses-debuts-a-montreal\/"},"author":{"name":"Benoit Charette","@id":"https:\/\/news.canadamotorjobs.com\/#\/schema\/person\/51793d1f87d44011d7bcc2ed99269a90"},"headline":"La Lamborghini R\u00e9vuelto fait ses d\u00e9buts \u00e0 Montr\u00e9al","datePublished":"2023-09-14T11:24:23+00:00","dateModified":"2023-09-14T11:26:29+00:00","mainEntityOfPage":{"@id":"https:\/\/news.canadamotorjobs.com\/fr\/la-lamborghini-revuelto-fait-ses-debuts-a-montreal\/"},"wordCount":534,"publisher":{"@id":"https:\/\/news.canadamotorjobs.com\/#organization"},"image":{"@id":"https:\/\/news.canadamotorjobs.com\/fr\/la-lamborghini-revuelto-fait-ses-debuts-a-montreal\/#primaryimage"},"thumbnailUrl":"https:\/\/news.canadamotorjobs.com\/wp-content\/uploads\/2023\/09\/IMG_6976.jpg","articleSection":["Annuel automobile"],"inLanguage":"fr-CA"},{"@type":"WebPage","@id":"https:\/\/news.canadamotorjobs.com\/fr\/la-lamborghini-revuelto-fait-ses-debuts-a-montreal\/","url":"https:\/\/news.canadamotorjobs.com\/fr\/la-lamborghini-revuelto-fait-ses-debuts-a-montreal\/","name":"La Lamborghini R\u00e9vuelto fait ses d\u00e9buts \u00e0 Montr\u00e9al - CanadaMotorJobs.com","isPartOf":{"@id":"https:\/\/news.canadamotorjobs.com\/#website"},"primaryImageOfPage":{"@id":"https:\/\/news.canadamotorjobs.com\/fr\/la-lamborghini-revuelto-fait-ses-debuts-a-montreal\/#primaryimage"},"image":{"@id":"https:\/\/news.canadamotorjobs.com\/fr\/la-lamborghini-revuelto-fait-ses-debuts-a-montreal\/#primaryimage"},"thumbnailUrl":"https:\/\/news.canadamotorjobs.com\/wp-content\/uploads\/2023\/09\/IMG_6976.jpg","datePublished":"2023-09-14T11:24:23+00:00","dateModified":"2023-09-14T11:26:29+00:00","description":"La Lamborghini R\u00e9vuelto fait ses d\u00e9buts \u00e0 Montr\u00e9al - Benoit Charette - Annuel automobile - CanadaMotorJobs.com.","breadcrumb":{"@id":"https:\/\/news.canadamotorjobs.com\/fr\/la-lamborghini-revuelto-fait-ses-debuts-a-montreal\/#breadcrumb"},"inLanguage":"fr-CA","potentialAction":[{"@type":"ReadAction","target":["https:\/\/news.canadamotorjobs.com\/fr\/la-lamborghini-revuelto-fait-ses-debuts-a-montreal\/"]}]},{"@type":"ImageObject","inLanguage":"fr-CA","@id":"https:\/\/news.canadamotorjobs.com\/fr\/la-lamborghini-revuelto-fait-ses-debuts-a-montreal\/#primaryimage","url":"https:\/\/news.canadamotorjobs.com\/wp-content\/uploads\/2023\/09\/IMG_6976.jpg","contentUrl":"https:\/\/news.canadamotorjobs.com\/wp-content\/uploads\/2023\/09\/IMG_6976.jpg","width":1200,"height":900},{"@type":"BreadcrumbList","@id":"https:\/\/news.canadamotorjobs.com\/fr\/la-lamborghini-revuelto-fait-ses-debuts-a-montreal\/#breadcrumb","itemListElement":[{"@type":"ListItem","position":1,"name":"Home","item":"https:\/\/news.canadamotorjobs.com\/fr\/blog\/"},{"@type":"ListItem","position":2,"name":"La Lamborghini R\u00e9vuelto fait ses d\u00e9buts \u00e0 Montr\u00e9al"}]},{"@type":"WebSite","@id":"https:\/\/news.canadamotorjobs.com\/#website","url":"https:\/\/news.canadamotorjobs.com\/","name":"CanadaMotorJobs.com","description":"Automotive Jobs","publisher":{"@id":"https:\/\/news.canadamotorjobs.com\/#organization"},"potentialAction":[{"@type":"SearchAction","target":{"@type":"EntryPoint","urlTemplate":"https:\/\/news.canadamotorjobs.com\/?s={search_term_string}"},"query-input":"required name=search_term_string"}],"inLanguage":"fr-CA"},{"@type":"Organization","@id":"https:\/\/news.canadamotorjobs.com\/#organization","name":"Canada Motor Jobs","url":"https:\/\/news.canadamotorjobs.com\/","logo":{"@type":"ImageObject","inLanguage":"fr-CA","@id":"https:\/\/news.canadamotorjobs.com\/#\/schema\/logo\/image\/","url":"https:\/\/news.canadamotorjobs.com\/wp-content\/uploads\/2022\/10\/logo-canada-motor-jobs-1.png","contentUrl":"https:\/\/news.canadamotorjobs.com\/wp-content\/uploads\/2022\/10\/logo-canada-motor-jobs-1.png","width":800,"height":400,"caption":"Canada Motor Jobs"},"image":{"@id":"https:\/\/news.canadamotorjobs.com\/#\/schema\/logo\/image\/"},"sameAs":["https:\/\/www.facebook.com\/canadamotorjobs\/","https:\/\/x.com\/canadamotorjobs","https:\/\/www.instagram.com\/canadamotorjobs\/","https:\/\/www.linkedin.com\/company\/canadamotorjobs"]},{"@type":"Person","@id":"https:\/\/news.canadamotorjobs.com\/#\/schema\/person\/51793d1f87d44011d7bcc2ed99269a90","name":"Benoit Charette","image":{"@type":"ImageObject","inLanguage":"fr-CA","@id":"https:\/\/news.canadamotorjobs.com\/#\/schema\/person\/image\/","url":"https:\/\/secure.gravatar.com\/avatar\/45f3d2eebcccd909668d7ce7ea7267b6?s=96&d=mm&r=g","contentUrl":"https:\/\/secure.gravatar.com\/avatar\/45f3d2eebcccd909668d7ce7ea7267b6?s=96&d=mm&r=g","caption":"Benoit Charette"},"description":"Benoit Charette \/ Propri\u00e9taire et r\u00e9dacteur en chef Benoit Charette pratique le journalisme automobile depuis bient\u00f4t 30 ans. Il a fait ses classes au c\u00f4t\u00e9 de Daniel H\u00e9raud et au Carnet de route de 1992 \u00e0 2001. Il est fondateur, copropri\u00e9taire et r\u00e9dacteur en chef de L\u2019Annuel de l\u2019automobile, qu\u2019il publie depuis 2001. Il a anim\u00e9 les \u00e9missions RPM et RPM+ sur V et les L\u00e9gendes de la route sur Historia. \u00c0 la radio depuis 1986, il reprend l\u2019antenne cette ann\u00e9e sur les ondes de Cogeco et participe pour la deuxi\u00e8me ann\u00e9e \u00e0 l\u2019\u00e9mission Passion Auto sur RDS en plus de mettre en ligne le site Web officiel de L\u2019Annuel de l\u2019automobile sur annuelauto.ca.","sameAs":["https:\/\/annuelauto.ca\/"],"url":"https:\/\/news.canadamotorjobs.com\/fr\/author\/benoit-charette\/"}]}},"_links":{"self":[{"href":"https:\/\/news.canadamotorjobs.com\/fr\/wp-json\/wp\/v2\/posts\/151320"}],"collection":[{"href":"https:\/\/news.canadamotorjobs.com\/fr\/wp-json\/wp\/v2\/posts"}],"about":[{"href":"https:\/\/news.canadamotorjobs.com\/fr\/wp-json\/wp\/v2\/types\/post"}],"author":[{"embeddable":true,"href":"https:\/\/news.canadamotorjobs.com\/fr\/wp-json\/wp\/v2\/users\/8"}],"replies":[{"embeddable":true,"href":"https:\/\/news.canadamotorjobs.com\/fr\/wp-json\/wp\/v2\/comments?post=151320"}],"version-history":[{"count":2,"href":"https:\/\/news.canadamotorjobs.com\/fr\/wp-json\/wp\/v2\/posts\/151320\/revisions"}],"predecessor-version":[{"id":151324,"href":"https:\/\/news.canadamotorjobs.com\/fr\/wp-json\/wp\/v2\/posts\/151320\/revisions\/151324"}],"wp:featuredmedia":[{"embeddable":true,"href":"https:\/\/news.canadamotorjobs.com\/fr\/wp-json\/wp\/v2\/media\/151322"}],"wp:attachment":[{"href":"https:\/\/news.canadamotorjobs.com\/fr\/wp-json\/wp\/v2\/media?parent=151320"}],"wp:term":[{"taxonomy":"category","embeddable":true,"href":"https:\/\/news.canadamotorjobs.com\/fr\/wp-json\/wp\/v2\/categories?post=151320"},{"taxonomy":"post_tag","embeddable":true,"href":"https:\/\/news.canadamotorjobs.com\/fr\/wp-json\/wp\/v2\/tags?post=151320"}],"curies":[{"name":"wp","href":"https:\/\/api.w.org\/{rel}","templated":true}]}}