{"id":151246,"date":"2023-09-12T13:06:50","date_gmt":"2023-09-12T17:06:50","guid":{"rendered":"https:\/\/news.canadamotorjobs.com\/?p=151246"},"modified":"2023-09-12T13:14:46","modified_gmt":"2023-09-12T17:14:46","slug":"2-573-km-sans-recharge-la-muc022-electrique-etablit-un-nouveau-record-du-monde-guinness","status":"publish","type":"post","link":"https:\/\/news.canadamotorjobs.com\/fr\/2-573-km-sans-recharge-la-muc022-electrique-etablit-un-nouveau-record-du-monde-guinness\/","title":{"rendered":"2\u00a0573\u00a0km sans recharge\u00a0: la Muc022 \u00e9lectrique \u00e9tablit un nouveau record du monde Guinness"},"content":{"rendered":"<\/p>\n<p>Parcourir les quelque 2\u00a0400\u00a0kilom\u00e8tres qui s\u00e9parent Montr\u00e9al et Key West, au sud de la Floride, avec un <a href=\"https:\/\/annuelauto.ca\/mustang-mach-e-rally-pour-la-route-et-la-boue\/\" target=\"_blank\" rel=\"noopener noreferrer\">v\u00e9hicule \u00e9lectrique<\/a> sans faire d\u2019arr\u00eat pour recharger sa batterie, \u00e7a vous dirait\u00a0? Des \u00e9tudiants de l&#8217;Universit\u00e9 technique de Munich (<em>Technische Universit\u00e4t M\u00fcnchen<\/em> ou TUM) y sont en quelque sorte arriv\u00e9s.<\/p>\n<p>Le 9 septembre dernier, la petite voiture \u00e9lectrique baptis\u00e9e Muc022 (Muc pour <em>M\u00fcnchen Urban Concept<\/em>) de l\u2019\u00e9quipe TUfast Eco de la TUM a parcouru 2\u00a0573,79\u00a0km avant qu\u2019il ne soit n\u00e9cessaire de recharger sa batterie. Du coup, elle a \u00e9tabli un nouveau <a href=\"https:\/\/annuelauto.ca\/100-ans-apres-la-canadienne-aloha-wanderwell-letatsunienne-lexie-alford-va-faire-le-tour-du-monde-en-ford\/\" target=\"_blank\" rel=\"noopener noreferrer\">record du monde Guinness<\/a> pour le v\u00e9hicule \u00e9lectrique (non <a href=\"https:\/\/annuelauto.ca\/la-sunswift-7-electrique-parcourt-1-000-km-et-etablit-un-nouveau-record-du-monde-guinness-en-australie\/\" target=\"_blank\" rel=\"noopener noreferrer\">solaire<\/a>) ayant parcouru la plus longue distance avec une seule charge.<\/p>\n<p>Le record pr\u00e9c\u00e9dent de 1\u00a0608,54\u00a0km remontait au 16\u00a0octobre\u00a02017. Il avait \u00e9t\u00e9 \u00e9tabli par la soci\u00e9t\u00e9 IT\u00a0Asset Partners \u00e0 l\u2019Auto Club Motor Speedway de Fontana, en Californie. Cet autre record Guinness avait \u00e9t\u00e9 r\u00e9alis\u00e9 avec une BMW S\u00e9rie\u00a05 de quatri\u00e8me g\u00e9n\u00e9ration modifi\u00e9e (1995-2002) baptis\u00e9e Phoenix.<\/p>\n<p>Le record de l\u2019\u00e9quipe TUfast Eco a \u00e9t\u00e9 \u00e9tabli dans le cadre du <a href=\"https:\/\/annuelauto.ca\/bmw-devoile-sa-vision-de-la-mobilite-electrique-pour-contrer-tesla-et-les-constructeurs-asiatiques\/\" target=\"_blank\" rel=\"noopener noreferrer\">Salon de l\u2019auto IAA\u00a0Mobility<\/a>, qui \u00e9tait pr\u00e9sent\u00e9 \u00e0 Munich du 5 au 10 septembre derniers.<\/p>\n<h3><strong>99\u00a0heures pour parcourir plus de 2\u00a0500\u00a0km<\/strong><\/h3>\n<p>\nLa Muc022 a parcouru ses 2 573,79 km en 99 heures sur un circuit am\u00e9nag\u00e9 \u00e0 l\u2019int\u00e9rieur d\u2019un hangar mis \u00e0 la disposition de l\u2019\u00e9quipe par l&#8217;a\u00e9roport de Munich, ce qui lui a \u00e9vit\u00e9 les ennuis associ\u00e9s aux variations m\u00e9t\u00e9orologiques.<\/p>\n<p>Pour r\u00e9aliser ce record, l\u2019\u00e9quipe avait muni la Muc022 d\u2019une batterie de 15,5\u00a0kWh. Anim\u00e9e par un moteur de 400\u00a0w, elle a consomm\u00e9 0,6\u00a0kWh\/100\u00a0km. \u00c0 titre de comparaison, la Hyundai Ioniq\u00a06 la moins \u00e9nergivore a une consommation moyenne de 15,13\u00a0kWh\/100\u00a0km.<\/p>\n<p>Cette monoplace tr\u00e8s profil\u00e9e (elle a un coefficient de tra\u00een\u00e9e de 0,159) mesure 3,4\u00a0m de long, 1\u00a02\u00a0m de large, 1\u00a0m de haut. Elle ne p\u00e8se que 170\u00a0kg\u2026 sans conducteur.<\/p>\n<p>Avec une conception pareille, la Muc022 n\u2019a naturellement pas de coffre \u00e0 bagages. Alors, une fois rendu \u00e0 Key\u00a0West, pour profiter de la mer il faudra acheter un maillot sur place\u2026 ou s\u2019en passer\u00a0!<\/p>\n<p><em>Photos : TUM et \u00e9quipe TUfast\u00a0Eco<\/em><\/p>\n<p>Le texte <a rel=\"nofollow\" href=\"https:\/\/annuelauto.ca\/2-573-km-sans-recharge-la-muc022-electrique-etablit-un-nouveau-record-du-monde-guinness\/\">2\u00a0573\u00a0km sans recharge\u00a0: la Muc022 \u00e9lectrique \u00e9tablit un nouveau record du monde Guinness<\/a> provient de <a rel=\"nofollow\" href=\"https:\/\/annuelauto.ca\">L&#8217;annuel de l&#8217;automobile &#8211; Actualit\u00e9 automobile<\/a><\/p>\n<p><\/p>\n","protected":false},"excerpt":{"rendered":"<p>Parcourir les quelque 2\u00a0400\u00a0kilom\u00e8tres qui s\u00e9parent Montr\u00e9al et Key West, au sud de la Floride, avec un v\u00e9hicule \u00e9lectrique sans faire d\u2019arr\u00eat pour recharger sa batterie, \u00e7a vous dirait\u00a0? Des \u00e9tudiants de l&#8217;Universit\u00e9 technique de Munich (Technische Universit\u00e4t M\u00fcnchen ou TUM) y sont en quelque sorte arriv\u00e9s. Le 9 septembre dernier, la petite voiture \u00e9lectrique [&hellip;]<\/p>\n","protected":false},"author":8,"featured_media":151248,"comment_status":"close","ping_status":"closed","sticky":false,"template":"","format":"standard","meta":{"_monsterinsights_skip_tracking":false,"_monsterinsights_sitenote_active":false,"_monsterinsights_sitenote_note":"","_monsterinsights_sitenote_category":0,"footnotes":""},"categories":[101],"tags":[],"yoast_head":"<!-- This site is optimized with the Yoast SEO plugin v23.2 - https:\/\/yoast.com\/wordpress\/plugins\/seo\/ -->\n<title>2\u00a0573\u00a0km sans recharge\u00a0: la Muc022 \u00e9lectrique \u00e9tablit un nouveau record du monde Guinness - CanadaMotorJobs.com<\/title>\n<meta name=\"description\" content=\"2\u00a0573\u00a0km sans recharge\u00a0: la Muc022 \u00e9lectrique \u00e9tablit un nouveau record du monde Guinness - Benoit Charette - Annuel automobile - CanadaMotorJobs.com.\" \/>\n<meta name=\"robots\" content=\"index, follow, max-snippet:-1, max-image-preview:large, max-video-preview:-1\" \/>\n<meta property=\"og:locale\" content=\"fr_CA\" \/>\n<meta property=\"og:type\" content=\"article\" \/>\n<meta property=\"og:title\" content=\"2\u00a0573\u00a0km sans recharge\u00a0: la Muc022 \u00e9lectrique \u00e9tablit un nouveau record du monde Guinness - CanadaMotorJobs.com\" \/>\n<meta property=\"og:description\" content=\"2\u00a0573\u00a0km sans recharge\u00a0: la Muc022 \u00e9lectrique \u00e9tablit un nouveau record du monde Guinness - Benoit Charette - Annuel automobile - CanadaMotorJobs.com.\" \/>\n<meta property=\"og:url\" content=\"https:\/\/news.canadamotorjobs.com\/fr\/2-573-km-sans-recharge-la-muc022-electrique-etablit-un-nouveau-record-du-monde-guinness\/\" \/>\n<meta property=\"og:site_name\" content=\"CanadaMotorJobs.com\" \/>\n<meta property=\"article:publisher\" content=\"https:\/\/www.facebook.com\/canadamotorjobs\/\" \/>\n<meta property=\"article:published_time\" content=\"2023-09-12T17:06:50+00:00\" \/>\n<meta property=\"article:modified_time\" content=\"2023-09-12T17:14:46+00:00\" \/>\n<meta property=\"og:image\" content=\"https:\/\/news.canadamotorjobs.com\/wp-content\/uploads\/2023\/09\/TUM-TUfast-Eco-Muc002_3.jpg\" \/>\n\t<meta property=\"og:image:width\" content=\"1024\" \/>\n\t<meta property=\"og:image:height\" content=\"683\" \/>\n\t<meta property=\"og:image:type\" content=\"image\/jpeg\" \/>\n<meta name=\"author\" content=\"Benoit Charette\" \/>\n<meta name=\"twitter:card\" content=\"summary_large_image\" \/>\n<meta name=\"twitter:creator\" content=\"@canadamotorjobs\" \/>\n<meta name=\"twitter:site\" content=\"@canadamotorjobs\" \/>\n<meta name=\"twitter:label1\" content=\"\u00c9crit par\" \/>\n\t<meta name=\"twitter:data1\" content=\"Benoit Charette\" \/>\n\t<meta name=\"twitter:label2\" content=\"Estimation du temps de lecture\" \/>\n\t<meta name=\"twitter:data2\" content=\"2 minutes\" \/>\n<!-- \/ Yoast SEO plugin. -->","yoast_head_json":{"title":"2\u00a0573\u00a0km sans recharge\u00a0: la Muc022 \u00e9lectrique \u00e9tablit un nouveau record du monde Guinness - CanadaMotorJobs.com","description":"2\u00a0573\u00a0km sans recharge\u00a0: la Muc022 \u00e9lectrique \u00e9tablit un nouveau record du monde Guinness - Benoit Charette - Annuel automobile - CanadaMotorJobs.com.","robots":{"index":"index","follow":"follow","max-snippet":"max-snippet:-1","max-image-preview":"max-image-preview:large","max-video-preview":"max-video-preview:-1"},"og_locale":"fr_CA","og_type":"article","og_title":"2\u00a0573\u00a0km sans recharge\u00a0: la Muc022 \u00e9lectrique \u00e9tablit un nouveau record du monde Guinness - CanadaMotorJobs.com","og_description":"2\u00a0573\u00a0km sans recharge\u00a0: la Muc022 \u00e9lectrique \u00e9tablit un nouveau record du monde Guinness - Benoit Charette - Annuel automobile - CanadaMotorJobs.com.","og_url":"https:\/\/news.canadamotorjobs.com\/fr\/2-573-km-sans-recharge-la-muc022-electrique-etablit-un-nouveau-record-du-monde-guinness\/","og_site_name":"CanadaMotorJobs.com","article_publisher":"https:\/\/www.facebook.com\/canadamotorjobs\/","article_published_time":"2023-09-12T17:06:50+00:00","article_modified_time":"2023-09-12T17:14:46+00:00","og_image":[{"width":1024,"height":683,"url":"https:\/\/news.canadamotorjobs.com\/wp-content\/uploads\/2023\/09\/TUM-TUfast-Eco-Muc002_3.jpg","type":"image\/jpeg"}],"author":"Benoit Charette","twitter_card":"summary_large_image","twitter_creator":"@canadamotorjobs","twitter_site":"@canadamotorjobs","twitter_misc":{"\u00c9crit par":"Benoit Charette","Estimation du temps de lecture":"2 minutes"},"schema":{"@context":"https:\/\/schema.org","@graph":[{"@type":"Article","@id":"https:\/\/news.canadamotorjobs.com\/fr\/2-573-km-sans-recharge-la-muc022-electrique-etablit-un-nouveau-record-du-monde-guinness\/#article","isPartOf":{"@id":"https:\/\/news.canadamotorjobs.com\/fr\/2-573-km-sans-recharge-la-muc022-electrique-etablit-un-nouveau-record-du-monde-guinness\/"},"author":{"name":"Benoit Charette","@id":"https:\/\/news.canadamotorjobs.com\/#\/schema\/person\/51793d1f87d44011d7bcc2ed99269a90"},"headline":"2\u00a0573\u00a0km sans recharge\u00a0: la Muc022 \u00e9lectrique \u00e9tablit un nouveau record du monde Guinness","datePublished":"2023-09-12T17:06:50+00:00","dateModified":"2023-09-12T17:14:46+00:00","mainEntityOfPage":{"@id":"https:\/\/news.canadamotorjobs.com\/fr\/2-573-km-sans-recharge-la-muc022-electrique-etablit-un-nouveau-record-du-monde-guinness\/"},"wordCount":414,"publisher":{"@id":"https:\/\/news.canadamotorjobs.com\/#organization"},"image":{"@id":"https:\/\/news.canadamotorjobs.com\/fr\/2-573-km-sans-recharge-la-muc022-electrique-etablit-un-nouveau-record-du-monde-guinness\/#primaryimage"},"thumbnailUrl":"https:\/\/news.canadamotorjobs.com\/wp-content\/uploads\/2023\/09\/TUM-TUfast-Eco-Muc002_3.jpg","articleSection":["Annuel automobile"],"inLanguage":"fr-CA"},{"@type":"WebPage","@id":"https:\/\/news.canadamotorjobs.com\/fr\/2-573-km-sans-recharge-la-muc022-electrique-etablit-un-nouveau-record-du-monde-guinness\/","url":"https:\/\/news.canadamotorjobs.com\/fr\/2-573-km-sans-recharge-la-muc022-electrique-etablit-un-nouveau-record-du-monde-guinness\/","name":"2\u00a0573\u00a0km sans recharge\u00a0: la Muc022 \u00e9lectrique \u00e9tablit un nouveau record du monde Guinness - CanadaMotorJobs.com","isPartOf":{"@id":"https:\/\/news.canadamotorjobs.com\/#website"},"primaryImageOfPage":{"@id":"https:\/\/news.canadamotorjobs.com\/fr\/2-573-km-sans-recharge-la-muc022-electrique-etablit-un-nouveau-record-du-monde-guinness\/#primaryimage"},"image":{"@id":"https:\/\/news.canadamotorjobs.com\/fr\/2-573-km-sans-recharge-la-muc022-electrique-etablit-un-nouveau-record-du-monde-guinness\/#primaryimage"},"thumbnailUrl":"https:\/\/news.canadamotorjobs.com\/wp-content\/uploads\/2023\/09\/TUM-TUfast-Eco-Muc002_3.jpg","datePublished":"2023-09-12T17:06:50+00:00","dateModified":"2023-09-12T17:14:46+00:00","description":"2\u00a0573\u00a0km sans recharge\u00a0: la Muc022 \u00e9lectrique \u00e9tablit un nouveau record du monde Guinness - Benoit Charette - Annuel automobile - CanadaMotorJobs.com.","breadcrumb":{"@id":"https:\/\/news.canadamotorjobs.com\/fr\/2-573-km-sans-recharge-la-muc022-electrique-etablit-un-nouveau-record-du-monde-guinness\/#breadcrumb"},"inLanguage":"fr-CA","potentialAction":[{"@type":"ReadAction","target":["https:\/\/news.canadamotorjobs.com\/fr\/2-573-km-sans-recharge-la-muc022-electrique-etablit-un-nouveau-record-du-monde-guinness\/"]}]},{"@type":"ImageObject","inLanguage":"fr-CA","@id":"https:\/\/news.canadamotorjobs.com\/fr\/2-573-km-sans-recharge-la-muc022-electrique-etablit-un-nouveau-record-du-monde-guinness\/#primaryimage","url":"https:\/\/news.canadamotorjobs.com\/wp-content\/uploads\/2023\/09\/TUM-TUfast-Eco-Muc002_3.jpg","contentUrl":"https:\/\/news.canadamotorjobs.com\/wp-content\/uploads\/2023\/09\/TUM-TUfast-Eco-Muc002_3.jpg","width":1024,"height":683},{"@type":"BreadcrumbList","@id":"https:\/\/news.canadamotorjobs.com\/fr\/2-573-km-sans-recharge-la-muc022-electrique-etablit-un-nouveau-record-du-monde-guinness\/#breadcrumb","itemListElement":[{"@type":"ListItem","position":1,"name":"Home","item":"https:\/\/news.canadamotorjobs.com\/fr\/blog\/"},{"@type":"ListItem","position":2,"name":"2\u00a0573\u00a0km sans recharge\u00a0: la Muc022 \u00e9lectrique \u00e9tablit un nouveau record du monde Guinness"}]},{"@type":"WebSite","@id":"https:\/\/news.canadamotorjobs.com\/#website","url":"https:\/\/news.canadamotorjobs.com\/","name":"CanadaMotorJobs.com","description":"Automotive Jobs","publisher":{"@id":"https:\/\/news.canadamotorjobs.com\/#organization"},"potentialAction":[{"@type":"SearchAction","target":{"@type":"EntryPoint","urlTemplate":"https:\/\/news.canadamotorjobs.com\/?s={search_term_string}"},"query-input":"required name=search_term_string"}],"inLanguage":"fr-CA"},{"@type":"Organization","@id":"https:\/\/news.canadamotorjobs.com\/#organization","name":"Canada Motor Jobs","url":"https:\/\/news.canadamotorjobs.com\/","logo":{"@type":"ImageObject","inLanguage":"fr-CA","@id":"https:\/\/news.canadamotorjobs.com\/#\/schema\/logo\/image\/","url":"https:\/\/news.canadamotorjobs.com\/wp-content\/uploads\/2022\/10\/logo-canada-motor-jobs-1.png","contentUrl":"https:\/\/news.canadamotorjobs.com\/wp-content\/uploads\/2022\/10\/logo-canada-motor-jobs-1.png","width":800,"height":400,"caption":"Canada Motor Jobs"},"image":{"@id":"https:\/\/news.canadamotorjobs.com\/#\/schema\/logo\/image\/"},"sameAs":["https:\/\/www.facebook.com\/canadamotorjobs\/","https:\/\/x.com\/canadamotorjobs","https:\/\/www.instagram.com\/canadamotorjobs\/","https:\/\/www.linkedin.com\/company\/canadamotorjobs"]},{"@type":"Person","@id":"https:\/\/news.canadamotorjobs.com\/#\/schema\/person\/51793d1f87d44011d7bcc2ed99269a90","name":"Benoit Charette","image":{"@type":"ImageObject","inLanguage":"fr-CA","@id":"https:\/\/news.canadamotorjobs.com\/#\/schema\/person\/image\/","url":"https:\/\/secure.gravatar.com\/avatar\/45f3d2eebcccd909668d7ce7ea7267b6?s=96&d=mm&r=g","contentUrl":"https:\/\/secure.gravatar.com\/avatar\/45f3d2eebcccd909668d7ce7ea7267b6?s=96&d=mm&r=g","caption":"Benoit Charette"},"description":"Benoit Charette \/ Propri\u00e9taire et r\u00e9dacteur en chef Benoit Charette pratique le journalisme automobile depuis bient\u00f4t 30 ans. Il a fait ses classes au c\u00f4t\u00e9 de Daniel H\u00e9raud et au Carnet de route de 1992 \u00e0 2001. Il est fondateur, copropri\u00e9taire et r\u00e9dacteur en chef de L\u2019Annuel de l\u2019automobile, qu\u2019il publie depuis 2001. Il a anim\u00e9 les \u00e9missions RPM et RPM+ sur V et les L\u00e9gendes de la route sur Historia. \u00c0 la radio depuis 1986, il reprend l\u2019antenne cette ann\u00e9e sur les ondes de Cogeco et participe pour la deuxi\u00e8me ann\u00e9e \u00e0 l\u2019\u00e9mission Passion Auto sur RDS en plus de mettre en ligne le site Web officiel de L\u2019Annuel de l\u2019automobile sur annuelauto.ca.","sameAs":["https:\/\/annuelauto.ca\/"],"url":"https:\/\/news.canadamotorjobs.com\/fr\/author\/benoit-charette\/"}]}},"_links":{"self":[{"href":"https:\/\/news.canadamotorjobs.com\/fr\/wp-json\/wp\/v2\/posts\/151246"}],"collection":[{"href":"https:\/\/news.canadamotorjobs.com\/fr\/wp-json\/wp\/v2\/posts"}],"about":[{"href":"https:\/\/news.canadamotorjobs.com\/fr\/wp-json\/wp\/v2\/types\/post"}],"author":[{"embeddable":true,"href":"https:\/\/news.canadamotorjobs.com\/fr\/wp-json\/wp\/v2\/users\/8"}],"replies":[{"embeddable":true,"href":"https:\/\/news.canadamotorjobs.com\/fr\/wp-json\/wp\/v2\/comments?post=151246"}],"version-history":[{"count":2,"href":"https:\/\/news.canadamotorjobs.com\/fr\/wp-json\/wp\/v2\/posts\/151246\/revisions"}],"predecessor-version":[{"id":151250,"href":"https:\/\/news.canadamotorjobs.com\/fr\/wp-json\/wp\/v2\/posts\/151246\/revisions\/151250"}],"wp:featuredmedia":[{"embeddable":true,"href":"https:\/\/news.canadamotorjobs.com\/fr\/wp-json\/wp\/v2\/media\/151248"}],"wp:attachment":[{"href":"https:\/\/news.canadamotorjobs.com\/fr\/wp-json\/wp\/v2\/media?parent=151246"}],"wp:term":[{"taxonomy":"category","embeddable":true,"href":"https:\/\/news.canadamotorjobs.com\/fr\/wp-json\/wp\/v2\/categories?post=151246"},{"taxonomy":"post_tag","embeddable":true,"href":"https:\/\/news.canadamotorjobs.com\/fr\/wp-json\/wp\/v2\/tags?post=151246"}],"curies":[{"name":"wp","href":"https:\/\/api.w.org\/{rel}","templated":true}]}}