{"id":151187,"date":"2023-09-12T06:26:56","date_gmt":"2023-09-12T10:26:56","guid":{"rendered":"https:\/\/news.canadamotorjobs.com\/?p=151187"},"modified":"2023-09-12T06:36:45","modified_gmt":"2023-09-12T10:36:45","slug":"pres-de-7-000-porsche-taycan-et-audi-e-tron-gt-rappeles","status":"publish","type":"post","link":"https:\/\/news.canadamotorjobs.com\/fr\/pres-de-7-000-porsche-taycan-et-audi-e-tron-gt-rappeles\/","title":{"rendered":"Pr\u00e8s de 7\u00a0000 Porsche Taycan et Audi e-Tron GT rappel\u00e9s"},"content":{"rendered":"<\/p>\n<p>Porsche et Audi, filiales du groupe Volkswagen, ont pris l&#8217;initiative d&#8217;\u00e9mettre un rappel volontaire aux \u00c9tats-Unis concernant plusieurs mod\u00e8les de v\u00e9hicules \u00e9lectriques. La raison de ce rappel est li\u00e9e \u00e0 l&#8217;application potentiellement insuffisante d&#8217;un mastic d&#8217;\u00e9tanch\u00e9it\u00e9 sur la batterie haute tension de ces v\u00e9hicules, pouvant entra\u00eener une intrusion de liquide et augmenter le risque d&#8217;un \u00e9v\u00e9nement thermique.<\/p>\n<h3><strong>Mod\u00e8les Concer<\/strong>n\u00e9s<\/h3>\n<p>\nTous les v\u00e9hicules affect\u00e9s sont de l&#8217;ann\u00e9e mod\u00e8le 2023 et incluent une gamme de mod\u00e8les Porsche et Audi. Les mod\u00e8les concern\u00e9s sont les suivants :<\/p>\n<ul><\/p>\n<li>Porsche Taycan<\/li>\n<p><\/p>\n<li>Porsche Taycan 4 Cross Turismo<\/li>\n<p><\/p>\n<li>Porsche Taycan 4S<\/li>\n<p><\/p>\n<li>Porsche Taycan 4S Cross Turismo<\/li>\n<p><\/p>\n<li>Porsche Taycan Cross Turismo<\/li>\n<p><\/p>\n<li>Porsche Taycan GTS<\/li>\n<p><\/p>\n<li>Porsche Taycan GTS Sport Turismo<\/li>\n<p><\/p>\n<li>Porsche Taycan Turbo<\/li>\n<p><\/p>\n<li>Porsche Taycan Turbo S<\/li>\n<p><\/p>\n<li>Porsche Taycan Turbo S Cross Turismo<\/li>\n<p><\/p>\n<li>Audi e-tron GT<\/li>\n<p><\/p>\n<li>Audi RS e-tron GT<\/li>\n<p>\n<\/ul>\n<p>\nAu total, pr\u00e8s de 7 000 v\u00e9hicules \u00e9lectriques, comprenant 1 899 Audi et 4 777 Porsche, font partie de ce rappel. Les propri\u00e9taires de ces v\u00e9hicules sont invit\u00e9s \u00e0 prendre rendez-vous chez un concessionnaire agr\u00e9\u00e9 pour un contr\u00f4le de la batterie, afin de d\u00e9tecter toute fuite \u00e9ventuelle. Si le test r\u00e9v\u00e8le une fuite, la batterie enti\u00e8re sera remplac\u00e9e gratuitement.<\/p>\n<h3><strong>Les mesures prises par Porsche<\/strong><\/h3>\n<p>\nSelon le rapport de rappel de s\u00e9curit\u00e9 publi\u00e9 par la National Highway Traffic Safety Administration, Porsche a commenc\u00e9 \u00e0 utiliser un produit d&#8217;\u00e9tanch\u00e9it\u00e9 appel\u00e9 Teroson dans le processus de production des batteries Taycan en septembre 2022. Cette d\u00e9cision visait \u00e0 renforcer l&#8217;\u00e9tanch\u00e9it\u00e9 des batteries. Cependant, en mars 2023, le constructeur de voitures de sport allemand a commenc\u00e9 \u00e0 recevoir des rapports faisant \u00e9tat de r\u00e9ductions de la r\u00e9sistance d&#8217;isolation dans les v\u00e9hicules \u00e9quip\u00e9s du mastic Teroson, vendus en dehors des \u00c9tats-Unis. En avril 2023, un incident similaire a \u00e9t\u00e9 signal\u00e9 aux \u00c9tats-Unis.<\/p>\n<h3><strong>La r\u00e9ponse de Porsche<\/strong><\/h3>\n<p>\nPour r\u00e9soudre ce probl\u00e8me et pr\u00e9venir de futurs incidents, Porsche a commenc\u00e9 \u00e0 ajouter du mastic suppl\u00e9mentaire \u00e0 partir de mai 2023, \u00e9liminant ainsi les rapports d&#8217;intrusion de liquide. Il est important de noter que aucun des incidents signal\u00e9s n&#8217;a entra\u00een\u00e9 un incendie ou un \u00e9v\u00e9nement thermique. Porsche a d\u00e9clar\u00e9 qu&#8217;il proc\u00e9dait \u00e0 ce rappel volontaire par exc\u00e8s de prudence pour garantir la s\u00e9curit\u00e9 de ses clients.<\/p>\n<p>En r\u00e9sum\u00e9, Porsche et Audi ont \u00e9mis un rappel volontaire aux \u00c9tats-Unis pour plusieurs mod\u00e8les de v\u00e9hicules \u00e9lectriques en raison de pr\u00e9occupations concernant l&#8217;\u00e9tanch\u00e9it\u00e9 de la batterie haute tension. Les propri\u00e9taires de ces v\u00e9hicules sont encourag\u00e9s \u00e0 prendre contact avec leur concessionnaire pour un contr\u00f4le et un \u00e9ventuel remplacement de la batterie, dans un souci de s\u00e9curit\u00e9.<\/p>\n<p>avec des renseignements de Inside EV&#8217;s<\/p>\n<p>Le texte <a rel=\"nofollow\" href=\"https:\/\/annuelauto.ca\/pres-de-7-000-porsche-taycan-et-audi-e-tron-gt-rappeles\/\">Pr\u00e8s de 7\u00a0000 Porsche Taycan et Audi e-Tron GT rappel\u00e9s<\/a> provient de <a rel=\"nofollow\" href=\"https:\/\/annuelauto.ca\">L&#8217;annuel de l&#8217;automobile &#8211; Actualit\u00e9 automobile<\/a><\/p>\n<p><\/p>\n","protected":false},"excerpt":{"rendered":"<p>Porsche et Audi, filiales du groupe Volkswagen, ont pris l&#8217;initiative d&#8217;\u00e9mettre un rappel volontaire aux \u00c9tats-Unis concernant plusieurs mod\u00e8les de v\u00e9hicules \u00e9lectriques. La raison de ce rappel est li\u00e9e \u00e0 l&#8217;application potentiellement insuffisante d&#8217;un mastic d&#8217;\u00e9tanch\u00e9it\u00e9 sur la batterie haute tension de ces v\u00e9hicules, pouvant entra\u00eener une intrusion de liquide et augmenter le risque d&#8217;un [&hellip;]<\/p>\n","protected":false},"author":8,"featured_media":151189,"comment_status":"close","ping_status":"closed","sticky":false,"template":"","format":"standard","meta":{"_monsterinsights_skip_tracking":false,"_monsterinsights_sitenote_active":false,"_monsterinsights_sitenote_note":"","_monsterinsights_sitenote_category":0,"footnotes":""},"categories":[101],"tags":[],"yoast_head":"<!-- This site is optimized with the Yoast SEO plugin v23.2 - https:\/\/yoast.com\/wordpress\/plugins\/seo\/ -->\n<title>Pr\u00e8s de 7\u00a0000 Porsche Taycan et Audi e-Tron GT rappel\u00e9s - CanadaMotorJobs.com<\/title>\n<meta name=\"description\" content=\"Pr\u00e8s de 7\u00a0000 Porsche Taycan et Audi e-Tron GT rappel\u00e9s - Benoit Charette - Annuel automobile - CanadaMotorJobs.com.\" \/>\n<meta name=\"robots\" content=\"index, follow, max-snippet:-1, max-image-preview:large, max-video-preview:-1\" \/>\n<meta property=\"og:locale\" content=\"fr_CA\" \/>\n<meta property=\"og:type\" content=\"article\" \/>\n<meta property=\"og:title\" content=\"Pr\u00e8s de 7\u00a0000 Porsche Taycan et Audi e-Tron GT rappel\u00e9s - CanadaMotorJobs.com\" \/>\n<meta property=\"og:description\" content=\"Pr\u00e8s de 7\u00a0000 Porsche Taycan et Audi e-Tron GT rappel\u00e9s - Benoit Charette - Annuel automobile - CanadaMotorJobs.com.\" \/>\n<meta property=\"og:url\" content=\"https:\/\/news.canadamotorjobs.com\/fr\/pres-de-7-000-porsche-taycan-et-audi-e-tron-gt-rappeles\/\" \/>\n<meta property=\"og:site_name\" content=\"CanadaMotorJobs.com\" \/>\n<meta property=\"article:publisher\" content=\"https:\/\/www.facebook.com\/canadamotorjobs\/\" \/>\n<meta property=\"article:published_time\" content=\"2023-09-12T10:26:56+00:00\" \/>\n<meta property=\"article:modified_time\" content=\"2023-09-12T10:36:45+00:00\" \/>\n<meta property=\"og:image\" content=\"https:\/\/news.canadamotorjobs.com\/wp-content\/uploads\/2023\/09\/mediagallery_images__680996740.jpg\" \/>\n\t<meta property=\"og:image:width\" content=\"1280\" \/>\n\t<meta property=\"og:image:height\" content=\"720\" \/>\n\t<meta property=\"og:image:type\" content=\"image\/jpeg\" \/>\n<meta name=\"author\" content=\"Benoit Charette\" \/>\n<meta name=\"twitter:card\" content=\"summary_large_image\" \/>\n<meta name=\"twitter:creator\" content=\"@canadamotorjobs\" \/>\n<meta name=\"twitter:site\" content=\"@canadamotorjobs\" \/>\n<meta name=\"twitter:label1\" content=\"\u00c9crit par\" \/>\n\t<meta name=\"twitter:data1\" content=\"Benoit Charette\" \/>\n\t<meta name=\"twitter:label2\" content=\"Estimation du temps de lecture\" \/>\n\t<meta name=\"twitter:data2\" content=\"2 minutes\" \/>\n<!-- \/ Yoast SEO plugin. -->","yoast_head_json":{"title":"Pr\u00e8s de 7\u00a0000 Porsche Taycan et Audi e-Tron GT rappel\u00e9s - CanadaMotorJobs.com","description":"Pr\u00e8s de 7\u00a0000 Porsche Taycan et Audi e-Tron GT rappel\u00e9s - Benoit Charette - Annuel automobile - CanadaMotorJobs.com.","robots":{"index":"index","follow":"follow","max-snippet":"max-snippet:-1","max-image-preview":"max-image-preview:large","max-video-preview":"max-video-preview:-1"},"og_locale":"fr_CA","og_type":"article","og_title":"Pr\u00e8s de 7\u00a0000 Porsche Taycan et Audi e-Tron GT rappel\u00e9s - CanadaMotorJobs.com","og_description":"Pr\u00e8s de 7\u00a0000 Porsche Taycan et Audi e-Tron GT rappel\u00e9s - Benoit Charette - Annuel automobile - CanadaMotorJobs.com.","og_url":"https:\/\/news.canadamotorjobs.com\/fr\/pres-de-7-000-porsche-taycan-et-audi-e-tron-gt-rappeles\/","og_site_name":"CanadaMotorJobs.com","article_publisher":"https:\/\/www.facebook.com\/canadamotorjobs\/","article_published_time":"2023-09-12T10:26:56+00:00","article_modified_time":"2023-09-12T10:36:45+00:00","og_image":[{"width":1280,"height":720,"url":"https:\/\/news.canadamotorjobs.com\/wp-content\/uploads\/2023\/09\/mediagallery_images__680996740.jpg","type":"image\/jpeg"}],"author":"Benoit Charette","twitter_card":"summary_large_image","twitter_creator":"@canadamotorjobs","twitter_site":"@canadamotorjobs","twitter_misc":{"\u00c9crit par":"Benoit Charette","Estimation du temps de lecture":"2 minutes"},"schema":{"@context":"https:\/\/schema.org","@graph":[{"@type":"Article","@id":"https:\/\/news.canadamotorjobs.com\/fr\/pres-de-7-000-porsche-taycan-et-audi-e-tron-gt-rappeles\/#article","isPartOf":{"@id":"https:\/\/news.canadamotorjobs.com\/fr\/pres-de-7-000-porsche-taycan-et-audi-e-tron-gt-rappeles\/"},"author":{"name":"Benoit Charette","@id":"https:\/\/news.canadamotorjobs.com\/#\/schema\/person\/51793d1f87d44011d7bcc2ed99269a90"},"headline":"Pr\u00e8s de 7\u00a0000 Porsche Taycan et Audi e-Tron GT rappel\u00e9s","datePublished":"2023-09-12T10:26:56+00:00","dateModified":"2023-09-12T10:36:45+00:00","mainEntityOfPage":{"@id":"https:\/\/news.canadamotorjobs.com\/fr\/pres-de-7-000-porsche-taycan-et-audi-e-tron-gt-rappeles\/"},"wordCount":504,"publisher":{"@id":"https:\/\/news.canadamotorjobs.com\/#organization"},"image":{"@id":"https:\/\/news.canadamotorjobs.com\/fr\/pres-de-7-000-porsche-taycan-et-audi-e-tron-gt-rappeles\/#primaryimage"},"thumbnailUrl":"https:\/\/news.canadamotorjobs.com\/wp-content\/uploads\/2023\/09\/mediagallery_images__680996740.jpg","articleSection":["Annuel automobile"],"inLanguage":"fr-CA"},{"@type":"WebPage","@id":"https:\/\/news.canadamotorjobs.com\/fr\/pres-de-7-000-porsche-taycan-et-audi-e-tron-gt-rappeles\/","url":"https:\/\/news.canadamotorjobs.com\/fr\/pres-de-7-000-porsche-taycan-et-audi-e-tron-gt-rappeles\/","name":"Pr\u00e8s de 7\u00a0000 Porsche Taycan et Audi e-Tron GT rappel\u00e9s - CanadaMotorJobs.com","isPartOf":{"@id":"https:\/\/news.canadamotorjobs.com\/#website"},"primaryImageOfPage":{"@id":"https:\/\/news.canadamotorjobs.com\/fr\/pres-de-7-000-porsche-taycan-et-audi-e-tron-gt-rappeles\/#primaryimage"},"image":{"@id":"https:\/\/news.canadamotorjobs.com\/fr\/pres-de-7-000-porsche-taycan-et-audi-e-tron-gt-rappeles\/#primaryimage"},"thumbnailUrl":"https:\/\/news.canadamotorjobs.com\/wp-content\/uploads\/2023\/09\/mediagallery_images__680996740.jpg","datePublished":"2023-09-12T10:26:56+00:00","dateModified":"2023-09-12T10:36:45+00:00","description":"Pr\u00e8s de 7\u00a0000 Porsche Taycan et Audi e-Tron GT rappel\u00e9s - Benoit Charette - Annuel automobile - CanadaMotorJobs.com.","breadcrumb":{"@id":"https:\/\/news.canadamotorjobs.com\/fr\/pres-de-7-000-porsche-taycan-et-audi-e-tron-gt-rappeles\/#breadcrumb"},"inLanguage":"fr-CA","potentialAction":[{"@type":"ReadAction","target":["https:\/\/news.canadamotorjobs.com\/fr\/pres-de-7-000-porsche-taycan-et-audi-e-tron-gt-rappeles\/"]}]},{"@type":"ImageObject","inLanguage":"fr-CA","@id":"https:\/\/news.canadamotorjobs.com\/fr\/pres-de-7-000-porsche-taycan-et-audi-e-tron-gt-rappeles\/#primaryimage","url":"https:\/\/news.canadamotorjobs.com\/wp-content\/uploads\/2023\/09\/mediagallery_images__680996740.jpg","contentUrl":"https:\/\/news.canadamotorjobs.com\/wp-content\/uploads\/2023\/09\/mediagallery_images__680996740.jpg","width":1280,"height":720},{"@type":"BreadcrumbList","@id":"https:\/\/news.canadamotorjobs.com\/fr\/pres-de-7-000-porsche-taycan-et-audi-e-tron-gt-rappeles\/#breadcrumb","itemListElement":[{"@type":"ListItem","position":1,"name":"Home","item":"https:\/\/news.canadamotorjobs.com\/fr\/blog\/"},{"@type":"ListItem","position":2,"name":"Pr\u00e8s de 7\u00a0000 Porsche Taycan et Audi e-Tron GT rappel\u00e9s"}]},{"@type":"WebSite","@id":"https:\/\/news.canadamotorjobs.com\/#website","url":"https:\/\/news.canadamotorjobs.com\/","name":"CanadaMotorJobs.com","description":"Automotive Jobs","publisher":{"@id":"https:\/\/news.canadamotorjobs.com\/#organization"},"potentialAction":[{"@type":"SearchAction","target":{"@type":"EntryPoint","urlTemplate":"https:\/\/news.canadamotorjobs.com\/?s={search_term_string}"},"query-input":"required name=search_term_string"}],"inLanguage":"fr-CA"},{"@type":"Organization","@id":"https:\/\/news.canadamotorjobs.com\/#organization","name":"Canada Motor Jobs","url":"https:\/\/news.canadamotorjobs.com\/","logo":{"@type":"ImageObject","inLanguage":"fr-CA","@id":"https:\/\/news.canadamotorjobs.com\/#\/schema\/logo\/image\/","url":"https:\/\/news.canadamotorjobs.com\/wp-content\/uploads\/2022\/10\/logo-canada-motor-jobs-1.png","contentUrl":"https:\/\/news.canadamotorjobs.com\/wp-content\/uploads\/2022\/10\/logo-canada-motor-jobs-1.png","width":800,"height":400,"caption":"Canada Motor Jobs"},"image":{"@id":"https:\/\/news.canadamotorjobs.com\/#\/schema\/logo\/image\/"},"sameAs":["https:\/\/www.facebook.com\/canadamotorjobs\/","https:\/\/x.com\/canadamotorjobs","https:\/\/www.instagram.com\/canadamotorjobs\/","https:\/\/www.linkedin.com\/company\/canadamotorjobs"]},{"@type":"Person","@id":"https:\/\/news.canadamotorjobs.com\/#\/schema\/person\/51793d1f87d44011d7bcc2ed99269a90","name":"Benoit Charette","image":{"@type":"ImageObject","inLanguage":"fr-CA","@id":"https:\/\/news.canadamotorjobs.com\/#\/schema\/person\/image\/","url":"https:\/\/secure.gravatar.com\/avatar\/45f3d2eebcccd909668d7ce7ea7267b6?s=96&d=mm&r=g","contentUrl":"https:\/\/secure.gravatar.com\/avatar\/45f3d2eebcccd909668d7ce7ea7267b6?s=96&d=mm&r=g","caption":"Benoit Charette"},"description":"Benoit Charette \/ Propri\u00e9taire et r\u00e9dacteur en chef Benoit Charette pratique le journalisme automobile depuis bient\u00f4t 30 ans. Il a fait ses classes au c\u00f4t\u00e9 de Daniel H\u00e9raud et au Carnet de route de 1992 \u00e0 2001. Il est fondateur, copropri\u00e9taire et r\u00e9dacteur en chef de L\u2019Annuel de l\u2019automobile, qu\u2019il publie depuis 2001. Il a anim\u00e9 les \u00e9missions RPM et RPM+ sur V et les L\u00e9gendes de la route sur Historia. \u00c0 la radio depuis 1986, il reprend l\u2019antenne cette ann\u00e9e sur les ondes de Cogeco et participe pour la deuxi\u00e8me ann\u00e9e \u00e0 l\u2019\u00e9mission Passion Auto sur RDS en plus de mettre en ligne le site Web officiel de L\u2019Annuel de l\u2019automobile sur annuelauto.ca.","sameAs":["https:\/\/annuelauto.ca\/"],"url":"https:\/\/news.canadamotorjobs.com\/fr\/author\/benoit-charette\/"}]}},"_links":{"self":[{"href":"https:\/\/news.canadamotorjobs.com\/fr\/wp-json\/wp\/v2\/posts\/151187"}],"collection":[{"href":"https:\/\/news.canadamotorjobs.com\/fr\/wp-json\/wp\/v2\/posts"}],"about":[{"href":"https:\/\/news.canadamotorjobs.com\/fr\/wp-json\/wp\/v2\/types\/post"}],"author":[{"embeddable":true,"href":"https:\/\/news.canadamotorjobs.com\/fr\/wp-json\/wp\/v2\/users\/8"}],"replies":[{"embeddable":true,"href":"https:\/\/news.canadamotorjobs.com\/fr\/wp-json\/wp\/v2\/comments?post=151187"}],"version-history":[{"count":2,"href":"https:\/\/news.canadamotorjobs.com\/fr\/wp-json\/wp\/v2\/posts\/151187\/revisions"}],"predecessor-version":[{"id":151191,"href":"https:\/\/news.canadamotorjobs.com\/fr\/wp-json\/wp\/v2\/posts\/151187\/revisions\/151191"}],"wp:featuredmedia":[{"embeddable":true,"href":"https:\/\/news.canadamotorjobs.com\/fr\/wp-json\/wp\/v2\/media\/151189"}],"wp:attachment":[{"href":"https:\/\/news.canadamotorjobs.com\/fr\/wp-json\/wp\/v2\/media?parent=151187"}],"wp:term":[{"taxonomy":"category","embeddable":true,"href":"https:\/\/news.canadamotorjobs.com\/fr\/wp-json\/wp\/v2\/categories?post=151187"},{"taxonomy":"post_tag","embeddable":true,"href":"https:\/\/news.canadamotorjobs.com\/fr\/wp-json\/wp\/v2\/tags?post=151187"}],"curies":[{"name":"wp","href":"https:\/\/api.w.org\/{rel}","templated":true}]}}