{"id":151025,"date":"2023-09-08T07:42:17","date_gmt":"2023-09-08T11:42:17","guid":{"rendered":"https:\/\/news.canadamotorjobs.com\/?p=151025"},"modified":"2023-09-08T07:47:30","modified_gmt":"2023-09-08T11:47:30","slug":"la-gti-est-morte-vive-la-id-gti","status":"publish","type":"post","link":"https:\/\/news.canadamotorjobs.com\/fr\/la-gti-est-morte-vive-la-id-gti\/","title":{"rendered":"La GTI est morte, vive la\u2026 ID.GTI"},"content":{"rendered":"<\/p>\n<p>C\u2019est le Salon de l\u2019auto de Munich en ce moment et signe des temps, c\u2019est soudainement un \u00e9v\u00e9nement tr\u00e8s important de la sc\u00e8ne automobile internationale. On y trouve plusieurs d\u00e9voilements tr\u00e8s int\u00e9ressants m\u00eame pour nous, automobilistes qu\u00e9b\u00e9cois, \u00e0 commencer par un nouveau prototype de Volkswagen qui pr\u00e9figure le mod\u00e8le tout \u00e9lectrique qui donnera suite \u00e0 l\u2019iconique GTI\u2026<\/p>\n<p>Comme la GTI originale, l\u2019ID.GTI est une petite compacte \u00e0 hayon d\u2019allure sportive qui pourrait \u00eatre produite \u00e0 partir d\u2019un autre mod\u00e8le, dans ce cas-ci, l\u2019ID 2. Et juste pour r\u00e9it\u00e9rer l\u2019information qui nous provient de Bavi\u00e8re\u00a0: l\u2019ID GTI n\u2019est pas un concept dont on n\u2019entendra plus parler dans six mois, mais bien un projet qui devrait bel et bien voir le jour. On esp\u00e8re qu\u2019elle sera vendue au Canada \u00e9galement\u2026<\/p>\n<p>Si vous trouvez que l\u2019ID GTI a de dr\u00f4les de proportions sur les photos qui ont \u00e9t\u00e9 fournies par Volkswagen, vous n\u2019avez pas totalement tort. Le fait est que la diminutive citadine \u00e9lectrique est \u00e9quip\u00e9e \u2013\u00a0en version prototype \u2013 d\u2019\u00e9normes jantes de 20 pouces qui par contraste donnent l\u2019impression que le reste de la voiture est plut\u00f4t petit. Attendons-nous pour le mod\u00e8le commercial \u00e0 des roues plus modestes de 18 ou 19 pouces.<\/p>\n<p>Cela dit, ses dimensions ext\u00e9rieures sont plus courtes que celles d\u2019une GTI \u00e0 essence. Comme il y a moins de m\u00e9canique \u00e0 bord, on a quand m\u00eame r\u00e9ussi \u00e0 optimiser l\u2019espace dans l\u2019habitacle, m\u00eame si on perd un peu de volume de chargement \u00e0 l\u2019arri\u00e8re.<\/p>\n<p>Sinon, le reste de l\u2019apparence ext\u00e9rieure de l\u2019ID GTI est typique du design actuellement adopt\u00e9 par le groupe allemand dans l\u2019ensemble de ses mod\u00e8les \u00e9lectriques. \u00c7a comprend la large calandre illumin\u00e9e avec le logo de la marque figurant en plein centre de tout \u00e7a.<\/p>\n<p>C\u00f4t\u00e9 m\u00e9canique, la seule chose qu\u2019on sait pour le moment est que cette GTI \u00e0 \u00e9lectrons sera un mod\u00e8le \u00e0 traction. Peut-\u00eatre qu\u2019on verra plus tard une \u00e9dition \u00e0 quatre roues motrices, ce qui, dans l\u2019\u00e9lectrique, n\u2019exige que l\u2019ajout d\u2019un second moteur.<\/p>\n<p>D\u00e9tail pas banal\u00a0: Volkswagen promet que le groupe \u00e9lectrique de cette GTI simulera le passage des rapports d\u2019une bo\u00eete de transmission traditionnelle, et que son syst\u00e8me de son produira un son qui simule le bruit du bon vieux moteur turbo qui animait jusqu\u2019ici ce mod\u00e8le.<\/p>\n<p>Le texte <a rel=\"nofollow\" href=\"https:\/\/annuelauto.ca\/la-gti-est-morte-vive-la-id-gti\/\">La GTI est morte, vive la\u2026 ID.GTI<\/a> provient de <a rel=\"nofollow\" href=\"https:\/\/annuelauto.ca\">L&#8217;annuel de l&#8217;automobile &#8211; Actualit\u00e9 automobile<\/a><\/p>\n<p><\/p>\n","protected":false},"excerpt":{"rendered":"<p>C\u2019est le Salon de l\u2019auto de Munich en ce moment et signe des temps, c\u2019est soudainement un \u00e9v\u00e9nement tr\u00e8s important de la sc\u00e8ne automobile internationale. On y trouve plusieurs d\u00e9voilements tr\u00e8s int\u00e9ressants m\u00eame pour nous, automobilistes qu\u00e9b\u00e9cois, \u00e0 commencer par un nouveau prototype de Volkswagen qui pr\u00e9figure le mod\u00e8le tout \u00e9lectrique qui donnera suite \u00e0 [&hellip;]<\/p>\n","protected":false},"author":8,"featured_media":151027,"comment_status":"close","ping_status":"closed","sticky":false,"template":"","format":"standard","meta":{"_monsterinsights_skip_tracking":false,"_monsterinsights_sitenote_active":false,"_monsterinsights_sitenote_note":"","_monsterinsights_sitenote_category":0,"footnotes":""},"categories":[101],"tags":[],"yoast_head":"<!-- This site is optimized with the Yoast SEO plugin v23.2 - https:\/\/yoast.com\/wordpress\/plugins\/seo\/ -->\n<title>La GTI est morte, vive la\u2026 ID.GTI - CanadaMotorJobs.com<\/title>\n<meta name=\"description\" content=\"La GTI est morte, vive la\u2026 ID.GTI - Benoit Charette - Annuel automobile - CanadaMotorJobs.com.\" \/>\n<meta name=\"robots\" content=\"index, follow, max-snippet:-1, max-image-preview:large, max-video-preview:-1\" \/>\n<meta property=\"og:locale\" content=\"fr_CA\" \/>\n<meta property=\"og:type\" content=\"article\" \/>\n<meta property=\"og:title\" content=\"La GTI est morte, vive la\u2026 ID.GTI - CanadaMotorJobs.com\" \/>\n<meta property=\"og:description\" content=\"La GTI est morte, vive la\u2026 ID.GTI - Benoit Charette - Annuel automobile - CanadaMotorJobs.com.\" \/>\n<meta property=\"og:url\" content=\"https:\/\/news.canadamotorjobs.com\/fr\/la-gti-est-morte-vive-la-id-gti\/\" \/>\n<meta property=\"og:site_name\" content=\"CanadaMotorJobs.com\" \/>\n<meta property=\"article:publisher\" content=\"https:\/\/www.facebook.com\/canadamotorjobs\/\" \/>\n<meta property=\"article:published_time\" content=\"2023-09-08T11:42:17+00:00\" \/>\n<meta property=\"article:modified_time\" content=\"2023-09-08T11:47:30+00:00\" \/>\n<meta property=\"og:image\" content=\"https:\/\/news.canadamotorjobs.com\/wp-content\/uploads\/2023\/09\/2-VW-ID-GTI-Concept-scaled-1.jpg\" \/>\n\t<meta property=\"og:image:width\" content=\"2560\" \/>\n\t<meta property=\"og:image:height\" content=\"1440\" \/>\n\t<meta property=\"og:image:type\" content=\"image\/jpeg\" \/>\n<meta name=\"author\" content=\"Benoit Charette\" \/>\n<meta name=\"twitter:card\" content=\"summary_large_image\" \/>\n<meta name=\"twitter:creator\" content=\"@canadamotorjobs\" \/>\n<meta name=\"twitter:site\" content=\"@canadamotorjobs\" \/>\n<meta name=\"twitter:label1\" content=\"\u00c9crit par\" \/>\n\t<meta name=\"twitter:data1\" content=\"Benoit Charette\" \/>\n\t<meta name=\"twitter:label2\" content=\"Estimation du temps de lecture\" \/>\n\t<meta name=\"twitter:data2\" content=\"2 minutes\" \/>\n<!-- \/ Yoast SEO plugin. -->","yoast_head_json":{"title":"La GTI est morte, vive la\u2026 ID.GTI - CanadaMotorJobs.com","description":"La GTI est morte, vive la\u2026 ID.GTI - Benoit Charette - Annuel automobile - CanadaMotorJobs.com.","robots":{"index":"index","follow":"follow","max-snippet":"max-snippet:-1","max-image-preview":"max-image-preview:large","max-video-preview":"max-video-preview:-1"},"og_locale":"fr_CA","og_type":"article","og_title":"La GTI est morte, vive la\u2026 ID.GTI - CanadaMotorJobs.com","og_description":"La GTI est morte, vive la\u2026 ID.GTI - Benoit Charette - Annuel automobile - CanadaMotorJobs.com.","og_url":"https:\/\/news.canadamotorjobs.com\/fr\/la-gti-est-morte-vive-la-id-gti\/","og_site_name":"CanadaMotorJobs.com","article_publisher":"https:\/\/www.facebook.com\/canadamotorjobs\/","article_published_time":"2023-09-08T11:42:17+00:00","article_modified_time":"2023-09-08T11:47:30+00:00","og_image":[{"width":2560,"height":1440,"url":"https:\/\/news.canadamotorjobs.com\/wp-content\/uploads\/2023\/09\/2-VW-ID-GTI-Concept-scaled-1.jpg","type":"image\/jpeg"}],"author":"Benoit Charette","twitter_card":"summary_large_image","twitter_creator":"@canadamotorjobs","twitter_site":"@canadamotorjobs","twitter_misc":{"\u00c9crit par":"Benoit Charette","Estimation du temps de lecture":"2 minutes"},"schema":{"@context":"https:\/\/schema.org","@graph":[{"@type":"Article","@id":"https:\/\/news.canadamotorjobs.com\/fr\/la-gti-est-morte-vive-la-id-gti\/#article","isPartOf":{"@id":"https:\/\/news.canadamotorjobs.com\/fr\/la-gti-est-morte-vive-la-id-gti\/"},"author":{"name":"Benoit Charette","@id":"https:\/\/news.canadamotorjobs.com\/#\/schema\/person\/51793d1f87d44011d7bcc2ed99269a90"},"headline":"La GTI est morte, vive la\u2026 ID.GTI","datePublished":"2023-09-08T11:42:17+00:00","dateModified":"2023-09-08T11:47:30+00:00","mainEntityOfPage":{"@id":"https:\/\/news.canadamotorjobs.com\/fr\/la-gti-est-morte-vive-la-id-gti\/"},"wordCount":458,"publisher":{"@id":"https:\/\/news.canadamotorjobs.com\/#organization"},"image":{"@id":"https:\/\/news.canadamotorjobs.com\/fr\/la-gti-est-morte-vive-la-id-gti\/#primaryimage"},"thumbnailUrl":"https:\/\/news.canadamotorjobs.com\/wp-content\/uploads\/2023\/09\/2-VW-ID-GTI-Concept-scaled-1.jpg","articleSection":["Annuel automobile"],"inLanguage":"fr-CA"},{"@type":"WebPage","@id":"https:\/\/news.canadamotorjobs.com\/fr\/la-gti-est-morte-vive-la-id-gti\/","url":"https:\/\/news.canadamotorjobs.com\/fr\/la-gti-est-morte-vive-la-id-gti\/","name":"La GTI est morte, vive la\u2026 ID.GTI - CanadaMotorJobs.com","isPartOf":{"@id":"https:\/\/news.canadamotorjobs.com\/#website"},"primaryImageOfPage":{"@id":"https:\/\/news.canadamotorjobs.com\/fr\/la-gti-est-morte-vive-la-id-gti\/#primaryimage"},"image":{"@id":"https:\/\/news.canadamotorjobs.com\/fr\/la-gti-est-morte-vive-la-id-gti\/#primaryimage"},"thumbnailUrl":"https:\/\/news.canadamotorjobs.com\/wp-content\/uploads\/2023\/09\/2-VW-ID-GTI-Concept-scaled-1.jpg","datePublished":"2023-09-08T11:42:17+00:00","dateModified":"2023-09-08T11:47:30+00:00","description":"La GTI est morte, vive la\u2026 ID.GTI - Benoit Charette - Annuel automobile - CanadaMotorJobs.com.","breadcrumb":{"@id":"https:\/\/news.canadamotorjobs.com\/fr\/la-gti-est-morte-vive-la-id-gti\/#breadcrumb"},"inLanguage":"fr-CA","potentialAction":[{"@type":"ReadAction","target":["https:\/\/news.canadamotorjobs.com\/fr\/la-gti-est-morte-vive-la-id-gti\/"]}]},{"@type":"ImageObject","inLanguage":"fr-CA","@id":"https:\/\/news.canadamotorjobs.com\/fr\/la-gti-est-morte-vive-la-id-gti\/#primaryimage","url":"https:\/\/news.canadamotorjobs.com\/wp-content\/uploads\/2023\/09\/2-VW-ID-GTI-Concept-scaled-1.jpg","contentUrl":"https:\/\/news.canadamotorjobs.com\/wp-content\/uploads\/2023\/09\/2-VW-ID-GTI-Concept-scaled-1.jpg","width":2560,"height":1440},{"@type":"BreadcrumbList","@id":"https:\/\/news.canadamotorjobs.com\/fr\/la-gti-est-morte-vive-la-id-gti\/#breadcrumb","itemListElement":[{"@type":"ListItem","position":1,"name":"Home","item":"https:\/\/news.canadamotorjobs.com\/fr\/blog\/"},{"@type":"ListItem","position":2,"name":"La GTI est morte, vive la\u2026 ID.GTI"}]},{"@type":"WebSite","@id":"https:\/\/news.canadamotorjobs.com\/#website","url":"https:\/\/news.canadamotorjobs.com\/","name":"CanadaMotorJobs.com","description":"Automotive Jobs","publisher":{"@id":"https:\/\/news.canadamotorjobs.com\/#organization"},"potentialAction":[{"@type":"SearchAction","target":{"@type":"EntryPoint","urlTemplate":"https:\/\/news.canadamotorjobs.com\/?s={search_term_string}"},"query-input":"required name=search_term_string"}],"inLanguage":"fr-CA"},{"@type":"Organization","@id":"https:\/\/news.canadamotorjobs.com\/#organization","name":"Canada Motor Jobs","url":"https:\/\/news.canadamotorjobs.com\/","logo":{"@type":"ImageObject","inLanguage":"fr-CA","@id":"https:\/\/news.canadamotorjobs.com\/#\/schema\/logo\/image\/","url":"https:\/\/news.canadamotorjobs.com\/wp-content\/uploads\/2022\/10\/logo-canada-motor-jobs-1.png","contentUrl":"https:\/\/news.canadamotorjobs.com\/wp-content\/uploads\/2022\/10\/logo-canada-motor-jobs-1.png","width":800,"height":400,"caption":"Canada Motor Jobs"},"image":{"@id":"https:\/\/news.canadamotorjobs.com\/#\/schema\/logo\/image\/"},"sameAs":["https:\/\/www.facebook.com\/canadamotorjobs\/","https:\/\/x.com\/canadamotorjobs","https:\/\/www.instagram.com\/canadamotorjobs\/","https:\/\/www.linkedin.com\/company\/canadamotorjobs"]},{"@type":"Person","@id":"https:\/\/news.canadamotorjobs.com\/#\/schema\/person\/51793d1f87d44011d7bcc2ed99269a90","name":"Benoit Charette","image":{"@type":"ImageObject","inLanguage":"fr-CA","@id":"https:\/\/news.canadamotorjobs.com\/#\/schema\/person\/image\/","url":"https:\/\/secure.gravatar.com\/avatar\/45f3d2eebcccd909668d7ce7ea7267b6?s=96&d=mm&r=g","contentUrl":"https:\/\/secure.gravatar.com\/avatar\/45f3d2eebcccd909668d7ce7ea7267b6?s=96&d=mm&r=g","caption":"Benoit Charette"},"description":"Benoit Charette \/ Propri\u00e9taire et r\u00e9dacteur en chef Benoit Charette pratique le journalisme automobile depuis bient\u00f4t 30 ans. Il a fait ses classes au c\u00f4t\u00e9 de Daniel H\u00e9raud et au Carnet de route de 1992 \u00e0 2001. Il est fondateur, copropri\u00e9taire et r\u00e9dacteur en chef de L\u2019Annuel de l\u2019automobile, qu\u2019il publie depuis 2001. Il a anim\u00e9 les \u00e9missions RPM et RPM+ sur V et les L\u00e9gendes de la route sur Historia. \u00c0 la radio depuis 1986, il reprend l\u2019antenne cette ann\u00e9e sur les ondes de Cogeco et participe pour la deuxi\u00e8me ann\u00e9e \u00e0 l\u2019\u00e9mission Passion Auto sur RDS en plus de mettre en ligne le site Web officiel de L\u2019Annuel de l\u2019automobile sur annuelauto.ca.","sameAs":["https:\/\/annuelauto.ca\/"],"url":"https:\/\/news.canadamotorjobs.com\/fr\/author\/benoit-charette\/"}]}},"_links":{"self":[{"href":"https:\/\/news.canadamotorjobs.com\/fr\/wp-json\/wp\/v2\/posts\/151025"}],"collection":[{"href":"https:\/\/news.canadamotorjobs.com\/fr\/wp-json\/wp\/v2\/posts"}],"about":[{"href":"https:\/\/news.canadamotorjobs.com\/fr\/wp-json\/wp\/v2\/types\/post"}],"author":[{"embeddable":true,"href":"https:\/\/news.canadamotorjobs.com\/fr\/wp-json\/wp\/v2\/users\/8"}],"replies":[{"embeddable":true,"href":"https:\/\/news.canadamotorjobs.com\/fr\/wp-json\/wp\/v2\/comments?post=151025"}],"version-history":[{"count":2,"href":"https:\/\/news.canadamotorjobs.com\/fr\/wp-json\/wp\/v2\/posts\/151025\/revisions"}],"predecessor-version":[{"id":151029,"href":"https:\/\/news.canadamotorjobs.com\/fr\/wp-json\/wp\/v2\/posts\/151025\/revisions\/151029"}],"wp:featuredmedia":[{"embeddable":true,"href":"https:\/\/news.canadamotorjobs.com\/fr\/wp-json\/wp\/v2\/media\/151027"}],"wp:attachment":[{"href":"https:\/\/news.canadamotorjobs.com\/fr\/wp-json\/wp\/v2\/media?parent=151025"}],"wp:term":[{"taxonomy":"category","embeddable":true,"href":"https:\/\/news.canadamotorjobs.com\/fr\/wp-json\/wp\/v2\/categories?post=151025"},{"taxonomy":"post_tag","embeddable":true,"href":"https:\/\/news.canadamotorjobs.com\/fr\/wp-json\/wp\/v2\/tags?post=151025"}],"curies":[{"name":"wp","href":"https:\/\/api.w.org\/{rel}","templated":true}]}}