{"id":151002,"date":"2023-09-07T11:19:02","date_gmt":"2023-09-07T15:19:02","guid":{"rendered":"https:\/\/news.canadamotorjobs.com\/?p=151002"},"modified":"2023-09-07T11:29:43","modified_gmt":"2023-09-07T15:29:43","slug":"quebec-investit-514-millions-pour-ajouter-116-000-bornes-au-reseau-de-recharge","status":"publish","type":"post","link":"https:\/\/news.canadamotorjobs.com\/fr\/quebec-investit-514-millions-pour-ajouter-116-000-bornes-au-reseau-de-recharge\/","title":{"rendered":"Qu\u00e9bec investit 514 millions pour ajouter 116 000 bornes au r\u00e9seau de recharge"},"content":{"rendered":"<\/p>\n<p>Le gouvernement du Qu\u00e9bec annonce aujourd&#8217;hui un \u00e9l\u00e9ment essentiel de son Plan pour une \u00e9conomie verte 2030 (PEV 2030) : la Strat\u00e9gie qu\u00e9b\u00e9coise sur la recharge de v\u00e9hicules \u00e9lectriques, dot\u00e9e d&#8217;un investissement de plus de 514 M$ sur cinq ans. Cette strat\u00e9gie a pour objectif principal de favoriser l&#8217;\u00e9lectrification croissante du parc automobile qu\u00e9b\u00e9cois. Elle pr\u00e9voit le d\u00e9ploiement de 6 700 bornes de recharge rapide publiques et de 110 000 bornes de recharge de niveau 2 d&#8217;ici 2030, ainsi que la cr\u00e9ation de 600 000 places de stationnement adapt\u00e9es aux v\u00e9hicules \u00e9lectriques dans les multilogements.<\/p>\n<h3><strong>L&#8217;annonce \u00e0 Jonqui\u00e8re avec la pr\u00e9sence du Premier ministre Fran\u00e7ois Legault<\/strong><\/h3>\n<p>\nLe Premier ministre Fran\u00e7ois Legault a fait cette annonce \u00e0 Jonqui\u00e8re, en compagnie du ministre de l&#8217;Environnement, de la Lutte contre les changements climatiques, de la Faune et des Parcs, M. Benoit Charette, et de son adjoint parlementaire pour le volet \u00e9lectrification, le d\u00e9put\u00e9 de Masson, M. Mathieu Lemay.<\/p>\n<h3><strong>R\u00e9partition des investissements<\/strong><\/h3>\n<p>\nCette strat\u00e9gie comprend diverses mesures, dont 265 M$ seront consacr\u00e9s \u00e0 l&#8217;acc\u00e9l\u00e9ration du d\u00e9ploiement des bornes de recharge publiques, 108 M$ \u00e0 la modernisation des infrastructures de recharge dans les multilogements, 35 M$ \u00e0 l&#8217;expansion de la recharge pour le transport lourd, et 40 M$ \u00e0 l&#8217;installation de bornes de recharge dans le secteur du tourisme, entre autres.<\/p>\n<h3><strong>Trois axes strat\u00e9giques de la Strat\u00e9gie<\/strong><\/h3>\n<p>\nLa Strat\u00e9gie qu\u00e9b\u00e9coise sur la recharge de v\u00e9hicules \u00e9lectriques repose sur trois principaux axes d&#8217;intervention :<\/p>\n<ol><\/p>\n<li>Assurer un d\u00e9ploiement efficace de la recharge r\u00e9pondant aux besoins de tous les Qu\u00e9b\u00e9cois.<\/li>\n<p><\/p>\n<li>Cr\u00e9er un environnement favorable aux entreprises pour le d\u00e9ploiement de la recharge.<\/li>\n<p><\/p>\n<li>Garantir un d\u00e9veloppement coordonn\u00e9 et int\u00e9gr\u00e9 de la recharge.<\/li>\n<p>\n<\/ol>\n<p><\/p>\n<h3><strong>Une strat\u00e9gie ambitieuse pour l&#8217;avenir du Qu\u00e9bec<\/strong><\/h3>\n<p>\nCette strat\u00e9gie se veut ambitieuse, adaptable et vise \u00e0 doter le Qu\u00e9bec d&#8217;infrastructures de recharge accessibles, fiables et performantes, pour satisfaire les besoins des Qu\u00e9b\u00e9cois d&#8217;ici 2030 et au-del\u00e0. Elle tient compte des sp\u00e9cificit\u00e9s r\u00e9gionales, de l&#8217;\u00e9volution rapide des technologies et de la gestion efficace de l&#8217;\u00e9nergie. En plus de r\u00e9pondre \u00e0 la demande croissante de recharge des v\u00e9hicules \u00e9lectriques, elle encouragera l&#8217;innovation et stimulera la cr\u00e9ation d&#8217;emplois dans ce secteur en plein essor.<\/p>\n<h3><strong>Un investissement compl\u00e9mentaire \u00e0 l&#8217;\u00e9lectrification des transports<\/strong><\/h3>\n<p>\nLes 514,5 M$ investis dans cette strat\u00e9gie s&#8217;ajoutent aux 249,3 M$ d\u00e9j\u00e0 allou\u00e9s par le gouvernement pour d&#8217;autres mesures du PEV 2030 visant \u00e0 soutenir le d\u00e9ploiement de bornes de recharge. Cette initiative permet non seulement de respecter l&#8217;engagement d&#8217;\u00e9tendre le r\u00e9seau de bornes de recharge d&#8217;ici 2026, mais aussi d&#8217;acc\u00e9l\u00e9rer l&#8217;\u00e9lectrification des transports afin de r\u00e9duire consid\u00e9rablement les \u00e9missions de gaz \u00e0 effet de serre.<\/p>\n<h3><strong>Un engagement suppl\u00e9mentaire pour les v\u00e9hicules z\u00e9ro \u00e9mission<\/strong><\/h3>\n<p>\nIl est important de rappeler que le gouvernement du Qu\u00e9bec a r\u00e9cemment renforc\u00e9 les exigences de la norme v\u00e9hicules z\u00e9ro \u00e9mission (norme VZE) pour inciter l&#8217;industrie automobile \u00e0 am\u00e9liorer son offre de v\u00e9hicules \u00e9lectriques dans la province. Cette d\u00e9marche, inscrite dans le Plan pour une \u00e9conomie verte 2030, vise \u00e0 atteindre la cible de deux millions de voitures \u00e9lectriques sur les routes du Qu\u00e9bec d&#8217;ici 2030, une cible qui a \u00e9t\u00e9 relev\u00e9e lors de la r\u00e9cente mise \u00e0 jour du plan de mise en \u0153uvre 2023-2028 du PEV 2030. Renforcer cette norme est \u00e9galement un pas de plus vers l&#8217;objectif de 100 % de ventes de v\u00e9hicules neufs enti\u00e8rement \u00e9lectriques d&#8217;ici 2035, ce qui contribuera significativement \u00e0 la r\u00e9duction des \u00e9missions de gaz \u00e0 effet de serre au Qu\u00e9bec.<\/p>\n<p>Le texte <a rel=\"nofollow\" href=\"https:\/\/annuelauto.ca\/quebec-investit-514-millions-pour-ajouter-116-000-bornes-au-reseau-de-recharge\/\">Qu\u00e9bec investit 514 millions pour ajouter 116 000 bornes au r\u00e9seau de recharge<\/a> provient de <a rel=\"nofollow\" href=\"https:\/\/annuelauto.ca\">L&#8217;annuel de l&#8217;automobile &#8211; Actualit\u00e9 automobile<\/a><\/p>\n<p><\/p>\n","protected":false},"excerpt":{"rendered":"<p>Le gouvernement du Qu\u00e9bec annonce aujourd&#8217;hui un \u00e9l\u00e9ment essentiel de son Plan pour une \u00e9conomie verte 2030 (PEV 2030) : la Strat\u00e9gie qu\u00e9b\u00e9coise sur la recharge de v\u00e9hicules \u00e9lectriques, dot\u00e9e d&#8217;un investissement de plus de 514 M$ sur cinq ans. Cette strat\u00e9gie a pour objectif principal de favoriser l&#8217;\u00e9lectrification croissante du parc automobile qu\u00e9b\u00e9cois. Elle [&hellip;]<\/p>\n","protected":false},"author":8,"featured_media":151004,"comment_status":"close","ping_status":"closed","sticky":false,"template":"","format":"standard","meta":{"_monsterinsights_skip_tracking":false,"_monsterinsights_sitenote_active":false,"_monsterinsights_sitenote_note":"","_monsterinsights_sitenote_category":0,"footnotes":""},"categories":[101],"tags":[],"yoast_head":"<!-- This site is optimized with the Yoast SEO plugin v23.2 - https:\/\/yoast.com\/wordpress\/plugins\/seo\/ -->\n<title>Qu\u00e9bec investit 514 millions pour ajouter 116 000 bornes au r\u00e9seau de recharge - CanadaMotorJobs.com<\/title>\n<meta name=\"description\" content=\"Qu\u00e9bec investit 514 millions pour ajouter 116 000 bornes au r\u00e9seau de recharge - Benoit Charette - Annuel automobile - CanadaMotorJobs.com.\" \/>\n<meta name=\"robots\" content=\"index, follow, max-snippet:-1, max-image-preview:large, max-video-preview:-1\" \/>\n<meta property=\"og:locale\" content=\"fr_CA\" \/>\n<meta property=\"og:type\" content=\"article\" \/>\n<meta property=\"og:title\" content=\"Qu\u00e9bec investit 514 millions pour ajouter 116 000 bornes au r\u00e9seau de recharge - CanadaMotorJobs.com\" \/>\n<meta property=\"og:description\" content=\"Qu\u00e9bec investit 514 millions pour ajouter 116 000 bornes au r\u00e9seau de recharge - Benoit Charette - Annuel automobile - CanadaMotorJobs.com.\" \/>\n<meta property=\"og:url\" content=\"https:\/\/news.canadamotorjobs.com\/fr\/quebec-investit-514-millions-pour-ajouter-116-000-bornes-au-reseau-de-recharge\/\" \/>\n<meta property=\"og:site_name\" content=\"CanadaMotorJobs.com\" \/>\n<meta property=\"article:publisher\" content=\"https:\/\/www.facebook.com\/canadamotorjobs\/\" \/>\n<meta property=\"article:published_time\" content=\"2023-09-07T15:19:02+00:00\" \/>\n<meta property=\"article:modified_time\" content=\"2023-09-07T15:29:43+00:00\" \/>\n<meta property=\"og:image\" content=\"https:\/\/news.canadamotorjobs.com\/wp-content\/uploads\/2023\/09\/superstation_de_recharge_du_circuit_electrique.jpg\" \/>\n\t<meta property=\"og:image:width\" content=\"1200\" \/>\n\t<meta property=\"og:image:height\" content=\"900\" \/>\n\t<meta property=\"og:image:type\" content=\"image\/jpeg\" \/>\n<meta name=\"author\" content=\"Benoit Charette\" \/>\n<meta name=\"twitter:card\" content=\"summary_large_image\" \/>\n<meta name=\"twitter:creator\" content=\"@canadamotorjobs\" \/>\n<meta name=\"twitter:site\" content=\"@canadamotorjobs\" \/>\n<meta name=\"twitter:label1\" content=\"\u00c9crit par\" \/>\n\t<meta name=\"twitter:data1\" content=\"Benoit Charette\" \/>\n\t<meta name=\"twitter:label2\" content=\"Estimation du temps de lecture\" \/>\n\t<meta name=\"twitter:data2\" content=\"3 minutes\" \/>\n<!-- \/ Yoast SEO plugin. -->","yoast_head_json":{"title":"Qu\u00e9bec investit 514 millions pour ajouter 116 000 bornes au r\u00e9seau de recharge - CanadaMotorJobs.com","description":"Qu\u00e9bec investit 514 millions pour ajouter 116 000 bornes au r\u00e9seau de recharge - Benoit Charette - Annuel automobile - CanadaMotorJobs.com.","robots":{"index":"index","follow":"follow","max-snippet":"max-snippet:-1","max-image-preview":"max-image-preview:large","max-video-preview":"max-video-preview:-1"},"og_locale":"fr_CA","og_type":"article","og_title":"Qu\u00e9bec investit 514 millions pour ajouter 116 000 bornes au r\u00e9seau de recharge - CanadaMotorJobs.com","og_description":"Qu\u00e9bec investit 514 millions pour ajouter 116 000 bornes au r\u00e9seau de recharge - Benoit Charette - Annuel automobile - CanadaMotorJobs.com.","og_url":"https:\/\/news.canadamotorjobs.com\/fr\/quebec-investit-514-millions-pour-ajouter-116-000-bornes-au-reseau-de-recharge\/","og_site_name":"CanadaMotorJobs.com","article_publisher":"https:\/\/www.facebook.com\/canadamotorjobs\/","article_published_time":"2023-09-07T15:19:02+00:00","article_modified_time":"2023-09-07T15:29:43+00:00","og_image":[{"width":1200,"height":900,"url":"https:\/\/news.canadamotorjobs.com\/wp-content\/uploads\/2023\/09\/superstation_de_recharge_du_circuit_electrique.jpg","type":"image\/jpeg"}],"author":"Benoit Charette","twitter_card":"summary_large_image","twitter_creator":"@canadamotorjobs","twitter_site":"@canadamotorjobs","twitter_misc":{"\u00c9crit par":"Benoit Charette","Estimation du temps de lecture":"3 minutes"},"schema":{"@context":"https:\/\/schema.org","@graph":[{"@type":"Article","@id":"https:\/\/news.canadamotorjobs.com\/fr\/quebec-investit-514-millions-pour-ajouter-116-000-bornes-au-reseau-de-recharge\/#article","isPartOf":{"@id":"https:\/\/news.canadamotorjobs.com\/fr\/quebec-investit-514-millions-pour-ajouter-116-000-bornes-au-reseau-de-recharge\/"},"author":{"name":"Benoit Charette","@id":"https:\/\/news.canadamotorjobs.com\/#\/schema\/person\/51793d1f87d44011d7bcc2ed99269a90"},"headline":"Qu\u00e9bec investit 514 millions pour ajouter 116 000 bornes au r\u00e9seau de recharge","datePublished":"2023-09-07T15:19:02+00:00","dateModified":"2023-09-07T15:29:43+00:00","mainEntityOfPage":{"@id":"https:\/\/news.canadamotorjobs.com\/fr\/quebec-investit-514-millions-pour-ajouter-116-000-bornes-au-reseau-de-recharge\/"},"wordCount":665,"publisher":{"@id":"https:\/\/news.canadamotorjobs.com\/#organization"},"image":{"@id":"https:\/\/news.canadamotorjobs.com\/fr\/quebec-investit-514-millions-pour-ajouter-116-000-bornes-au-reseau-de-recharge\/#primaryimage"},"thumbnailUrl":"https:\/\/news.canadamotorjobs.com\/wp-content\/uploads\/2023\/09\/superstation_de_recharge_du_circuit_electrique.jpg","articleSection":["Annuel automobile"],"inLanguage":"fr-CA"},{"@type":"WebPage","@id":"https:\/\/news.canadamotorjobs.com\/fr\/quebec-investit-514-millions-pour-ajouter-116-000-bornes-au-reseau-de-recharge\/","url":"https:\/\/news.canadamotorjobs.com\/fr\/quebec-investit-514-millions-pour-ajouter-116-000-bornes-au-reseau-de-recharge\/","name":"Qu\u00e9bec investit 514 millions pour ajouter 116 000 bornes au r\u00e9seau de recharge - CanadaMotorJobs.com","isPartOf":{"@id":"https:\/\/news.canadamotorjobs.com\/#website"},"primaryImageOfPage":{"@id":"https:\/\/news.canadamotorjobs.com\/fr\/quebec-investit-514-millions-pour-ajouter-116-000-bornes-au-reseau-de-recharge\/#primaryimage"},"image":{"@id":"https:\/\/news.canadamotorjobs.com\/fr\/quebec-investit-514-millions-pour-ajouter-116-000-bornes-au-reseau-de-recharge\/#primaryimage"},"thumbnailUrl":"https:\/\/news.canadamotorjobs.com\/wp-content\/uploads\/2023\/09\/superstation_de_recharge_du_circuit_electrique.jpg","datePublished":"2023-09-07T15:19:02+00:00","dateModified":"2023-09-07T15:29:43+00:00","description":"Qu\u00e9bec investit 514 millions pour ajouter 116 000 bornes au r\u00e9seau de recharge - Benoit Charette - Annuel automobile - CanadaMotorJobs.com.","breadcrumb":{"@id":"https:\/\/news.canadamotorjobs.com\/fr\/quebec-investit-514-millions-pour-ajouter-116-000-bornes-au-reseau-de-recharge\/#breadcrumb"},"inLanguage":"fr-CA","potentialAction":[{"@type":"ReadAction","target":["https:\/\/news.canadamotorjobs.com\/fr\/quebec-investit-514-millions-pour-ajouter-116-000-bornes-au-reseau-de-recharge\/"]}]},{"@type":"ImageObject","inLanguage":"fr-CA","@id":"https:\/\/news.canadamotorjobs.com\/fr\/quebec-investit-514-millions-pour-ajouter-116-000-bornes-au-reseau-de-recharge\/#primaryimage","url":"https:\/\/news.canadamotorjobs.com\/wp-content\/uploads\/2023\/09\/superstation_de_recharge_du_circuit_electrique.jpg","contentUrl":"https:\/\/news.canadamotorjobs.com\/wp-content\/uploads\/2023\/09\/superstation_de_recharge_du_circuit_electrique.jpg","width":1200,"height":900},{"@type":"BreadcrumbList","@id":"https:\/\/news.canadamotorjobs.com\/fr\/quebec-investit-514-millions-pour-ajouter-116-000-bornes-au-reseau-de-recharge\/#breadcrumb","itemListElement":[{"@type":"ListItem","position":1,"name":"Home","item":"https:\/\/news.canadamotorjobs.com\/fr\/blog\/"},{"@type":"ListItem","position":2,"name":"Qu\u00e9bec investit 514 millions pour ajouter 116 000 bornes au r\u00e9seau de recharge"}]},{"@type":"WebSite","@id":"https:\/\/news.canadamotorjobs.com\/#website","url":"https:\/\/news.canadamotorjobs.com\/","name":"CanadaMotorJobs.com","description":"Automotive Jobs","publisher":{"@id":"https:\/\/news.canadamotorjobs.com\/#organization"},"potentialAction":[{"@type":"SearchAction","target":{"@type":"EntryPoint","urlTemplate":"https:\/\/news.canadamotorjobs.com\/?s={search_term_string}"},"query-input":"required name=search_term_string"}],"inLanguage":"fr-CA"},{"@type":"Organization","@id":"https:\/\/news.canadamotorjobs.com\/#organization","name":"Canada Motor Jobs","url":"https:\/\/news.canadamotorjobs.com\/","logo":{"@type":"ImageObject","inLanguage":"fr-CA","@id":"https:\/\/news.canadamotorjobs.com\/#\/schema\/logo\/image\/","url":"https:\/\/news.canadamotorjobs.com\/wp-content\/uploads\/2022\/10\/logo-canada-motor-jobs-1.png","contentUrl":"https:\/\/news.canadamotorjobs.com\/wp-content\/uploads\/2022\/10\/logo-canada-motor-jobs-1.png","width":800,"height":400,"caption":"Canada Motor Jobs"},"image":{"@id":"https:\/\/news.canadamotorjobs.com\/#\/schema\/logo\/image\/"},"sameAs":["https:\/\/www.facebook.com\/canadamotorjobs\/","https:\/\/x.com\/canadamotorjobs","https:\/\/www.instagram.com\/canadamotorjobs\/","https:\/\/www.linkedin.com\/company\/canadamotorjobs"]},{"@type":"Person","@id":"https:\/\/news.canadamotorjobs.com\/#\/schema\/person\/51793d1f87d44011d7bcc2ed99269a90","name":"Benoit Charette","image":{"@type":"ImageObject","inLanguage":"fr-CA","@id":"https:\/\/news.canadamotorjobs.com\/#\/schema\/person\/image\/","url":"https:\/\/secure.gravatar.com\/avatar\/45f3d2eebcccd909668d7ce7ea7267b6?s=96&d=mm&r=g","contentUrl":"https:\/\/secure.gravatar.com\/avatar\/45f3d2eebcccd909668d7ce7ea7267b6?s=96&d=mm&r=g","caption":"Benoit Charette"},"description":"Benoit Charette \/ Propri\u00e9taire et r\u00e9dacteur en chef Benoit Charette pratique le journalisme automobile depuis bient\u00f4t 30 ans. Il a fait ses classes au c\u00f4t\u00e9 de Daniel H\u00e9raud et au Carnet de route de 1992 \u00e0 2001. Il est fondateur, copropri\u00e9taire et r\u00e9dacteur en chef de L\u2019Annuel de l\u2019automobile, qu\u2019il publie depuis 2001. Il a anim\u00e9 les \u00e9missions RPM et RPM+ sur V et les L\u00e9gendes de la route sur Historia. \u00c0 la radio depuis 1986, il reprend l\u2019antenne cette ann\u00e9e sur les ondes de Cogeco et participe pour la deuxi\u00e8me ann\u00e9e \u00e0 l\u2019\u00e9mission Passion Auto sur RDS en plus de mettre en ligne le site Web officiel de L\u2019Annuel de l\u2019automobile sur annuelauto.ca.","sameAs":["https:\/\/annuelauto.ca\/"],"url":"https:\/\/news.canadamotorjobs.com\/fr\/author\/benoit-charette\/"}]}},"_links":{"self":[{"href":"https:\/\/news.canadamotorjobs.com\/fr\/wp-json\/wp\/v2\/posts\/151002"}],"collection":[{"href":"https:\/\/news.canadamotorjobs.com\/fr\/wp-json\/wp\/v2\/posts"}],"about":[{"href":"https:\/\/news.canadamotorjobs.com\/fr\/wp-json\/wp\/v2\/types\/post"}],"author":[{"embeddable":true,"href":"https:\/\/news.canadamotorjobs.com\/fr\/wp-json\/wp\/v2\/users\/8"}],"replies":[{"embeddable":true,"href":"https:\/\/news.canadamotorjobs.com\/fr\/wp-json\/wp\/v2\/comments?post=151002"}],"version-history":[{"count":2,"href":"https:\/\/news.canadamotorjobs.com\/fr\/wp-json\/wp\/v2\/posts\/151002\/revisions"}],"predecessor-version":[{"id":151006,"href":"https:\/\/news.canadamotorjobs.com\/fr\/wp-json\/wp\/v2\/posts\/151002\/revisions\/151006"}],"wp:featuredmedia":[{"embeddable":true,"href":"https:\/\/news.canadamotorjobs.com\/fr\/wp-json\/wp\/v2\/media\/151004"}],"wp:attachment":[{"href":"https:\/\/news.canadamotorjobs.com\/fr\/wp-json\/wp\/v2\/media?parent=151002"}],"wp:term":[{"taxonomy":"category","embeddable":true,"href":"https:\/\/news.canadamotorjobs.com\/fr\/wp-json\/wp\/v2\/categories?post=151002"},{"taxonomy":"post_tag","embeddable":true,"href":"https:\/\/news.canadamotorjobs.com\/fr\/wp-json\/wp\/v2\/tags?post=151002"}],"curies":[{"name":"wp","href":"https:\/\/api.w.org\/{rel}","templated":true}]}}