{"id":150979,"date":"2023-09-07T07:08:57","date_gmt":"2023-09-07T11:08:57","guid":{"rendered":"https:\/\/news.canadamotorjobs.com\/?p=150979"},"modified":"2023-09-07T07:15:30","modified_gmt":"2023-09-07T11:15:30","slug":"mustang-mach-e-rally-pour-la-route-et-la-boue","status":"publish","type":"post","link":"https:\/\/news.canadamotorjobs.com\/fr\/mustang-mach-e-rally-pour-la-route-et-la-boue\/","title":{"rendered":"Mustang Mach-e rally\u00a0: pour la route et la boue"},"content":{"rendered":"<\/p>\n<p>Voici le premier v\u00e9hicule \u00e9lectrique de Ford qui se donne le droit d\u2019aller jouer dans les sentiers hors route et la bouette. Cette machine est dot\u00e9e d\u2019une version modifi\u00e9e du groupe motopropulseur de la Mustang Mach-E\u00a0GT, avec une configuration \u00e0 deux moteurs \u00e9lectriques pour un couple vis\u00e9 de 650\u00a0lb-pi et une puissance vis\u00e9e de 480\u00a0chevaux.<\/p>\n<h3>Une suspension unique<\/h3>\n<p>\nLe v\u00e9hicule est support\u00e9 par une suspension sp\u00e9cifique qui a \u00e9t\u00e9 sur\u00e9lev\u00e9e de 20\u00a0mm, comparativement \u00e0 celle de la\u00a0Mustang Mach-E\u00a0GT. De plus, il est \u00e9quip\u00e9 de ressorts sp\u00e9cifiquement mis au point, d\u2019amortisseurs MagneRide et de disques de freins avant de 385\u00a0mm avec \u00e9triers de frein de marque Brembo peints en rouge. Le mod\u00e8le peut compter sur une batterie de 91 kWh avec une autonomie de 405 km.<\/p>\n<h3>Des pneus sp\u00e9cifiques<\/h3>\n<p>\nPour dominer les routes en terre battue, la Mustang Mach-E\u00a0Rally est dot\u00e9e de jantes de 19\u00a0po de type rallye en alliage et chauss\u00e9es de pneus Michelin Cross Climate2\u00a0235\/55\u00a0R19 qui offrent des flancs plus larges et une adh\u00e9rence sup\u00e9rieure sur les surfaces meubles. Comme les clients s\u2019en donneront \u00e0 c\u0153ur joie dans le gravier, le soubassement est dot\u00e9 de boucliers prot\u00e9geant les moteurs \u00e9lectriques avant et arri\u00e8re, d\u2019une pellicule protectrice sur les bandeaux de porte et les passages de roue afin d\u2019att\u00e9nuer les risques de d\u00e9tacher des \u00e9clats de peinture, et de pare-boue livrables en option pour installation par le concessionnaire afin de r\u00e9duire les projections de d\u00e9bris. Un anneau de sauvetage est int\u00e9gr\u00e9 au bouclier avant et le v\u00e9hicule compte \u00e9galement un crochet int\u00e9gr\u00e9, au cas o\u00f9 les aventures hors route deviendraient un peu trop cors\u00e9es.<\/p>\n<h3>Un style un peu diff\u00e9rent<\/h3>\n<p>\nLa Mustang Mach-E Rally arbore aussi un aspect digne de son nom avec un spectaculaire aileron arri\u00e8re inspir\u00e9 de celui de la Focus RS, des \u00e9l\u00e9ments contrastants sp\u00e9cifiques, y compris des moulures de haut et de bas de caisse, un r\u00e9partiteur avant sp\u00e9cifique, un toit en acier peint noir et un bouclier avant distinctif et fonctionnel dans lequel sont int\u00e9gr\u00e9s des antibrouillards de type rallye. L\u2019\u00e9quipement de s\u00e9rie de chaque Mustang Mach-E Rally comprend deux bandes de course d\u00e9coratives qui compl\u00e8tent la dynamique palette de couleurs de cette version. Elle peut \u00eatre command\u00e9e en bleu \u00e9clatant, en noir ombre, en vert \u00e9ruption de m\u00eame que dans un saisissant jaune \u00e9clatant, ou encore en blanc \u00e9toil\u00e9 ou en gris glacier, moyennant des frais suppl\u00e9mentaires.<\/p>\n<h3>Habitacle fonctionnel<\/h3>\n<p>\nL\u2019habitacle combine confort et fonctionnalit\u00e9, avec un style qui s\u2019harmonise aux jantes blanches embl\u00e9matiques. Le tableau de bord et les branches inf\u00e9rieures du volant comportent des touches contrastantes blanc lustr\u00e9, et les garnitures des portes sont d\u00e9cor\u00e9es de surpiq\u00fbres contrastantes. Les conducteurs se glissent dans des si\u00e8ges hautes performances con\u00e7us par Ford orn\u00e9s d\u2019un dossier blanc lustr\u00e9 et d\u2019un monogramme \u00ab Mach-E Rally \u00bb imprim\u00e9 en creux \u00e0 la surface du si\u00e8ge. Le mod\u00e8le arrivera en concession au d\u00e9but de l&#8217;ann\u00e9e 2024 et aucun prix n,a encore \u00e9t\u00e9 annonc\u00e9.<\/p>\n<p>\u00a0<\/p>\n<p>Le texte <a rel=\"nofollow\" href=\"https:\/\/annuelauto.ca\/mustang-mach-e-rally-pour-la-route-et-la-boue\/\">Mustang Mach-e rally\u00a0: pour la route et la boue<\/a> provient de <a rel=\"nofollow\" href=\"https:\/\/annuelauto.ca\">L&#8217;annuel de l&#8217;automobile &#8211; Actualit\u00e9 automobile<\/a><\/p>\n<p><\/p>\n","protected":false},"excerpt":{"rendered":"<p>Voici le premier v\u00e9hicule \u00e9lectrique de Ford qui se donne le droit d\u2019aller jouer dans les sentiers hors route et la bouette. Cette machine est dot\u00e9e d\u2019une version modifi\u00e9e du groupe motopropulseur de la Mustang Mach-E\u00a0GT, avec une configuration \u00e0 deux moteurs \u00e9lectriques pour un couple vis\u00e9 de 650\u00a0lb-pi et une puissance vis\u00e9e de 480\u00a0chevaux. [&hellip;]<\/p>\n","protected":false},"author":8,"featured_media":150981,"comment_status":"close","ping_status":"closed","sticky":false,"template":"","format":"standard","meta":{"_monsterinsights_skip_tracking":false,"_monsterinsights_sitenote_active":false,"_monsterinsights_sitenote_note":"","_monsterinsights_sitenote_category":0,"footnotes":""},"categories":[101],"tags":[],"yoast_head":"<!-- This site is optimized with the Yoast SEO plugin v23.2 - https:\/\/yoast.com\/wordpress\/plugins\/seo\/ -->\n<title>Mustang Mach-e rally\u00a0: pour la route et la boue - CanadaMotorJobs.com<\/title>\n<meta name=\"description\" content=\"Mustang Mach-e rally\u00a0: pour la route et la boue - Benoit Charette - Annuel automobile - CanadaMotorJobs.com.\" \/>\n<meta name=\"robots\" content=\"index, follow, max-snippet:-1, max-image-preview:large, max-video-preview:-1\" \/>\n<meta property=\"og:locale\" content=\"fr_CA\" \/>\n<meta property=\"og:type\" content=\"article\" \/>\n<meta property=\"og:title\" content=\"Mustang Mach-e rally\u00a0: pour la route et la boue - CanadaMotorJobs.com\" \/>\n<meta property=\"og:description\" content=\"Mustang Mach-e rally\u00a0: pour la route et la boue - Benoit Charette - Annuel automobile - CanadaMotorJobs.com.\" \/>\n<meta property=\"og:url\" content=\"https:\/\/news.canadamotorjobs.com\/fr\/mustang-mach-e-rally-pour-la-route-et-la-boue\/\" \/>\n<meta property=\"og:site_name\" content=\"CanadaMotorJobs.com\" \/>\n<meta property=\"article:publisher\" content=\"https:\/\/www.facebook.com\/canadamotorjobs\/\" \/>\n<meta property=\"article:published_time\" content=\"2023-09-07T11:08:57+00:00\" \/>\n<meta property=\"article:modified_time\" content=\"2023-09-07T11:15:30+00:00\" \/>\n<meta property=\"og:image\" content=\"https:\/\/news.canadamotorjobs.com\/wp-content\/uploads\/2023\/09\/All-Electric-Mustang-Mach-E-Rally_01.jpg\" \/>\n\t<meta property=\"og:image:width\" content=\"1199\" \/>\n\t<meta property=\"og:image:height\" content=\"800\" \/>\n\t<meta property=\"og:image:type\" content=\"image\/jpeg\" \/>\n<meta name=\"author\" content=\"Benoit Charette\" \/>\n<meta name=\"twitter:card\" content=\"summary_large_image\" \/>\n<meta name=\"twitter:creator\" content=\"@canadamotorjobs\" \/>\n<meta name=\"twitter:site\" content=\"@canadamotorjobs\" \/>\n<meta name=\"twitter:label1\" content=\"\u00c9crit par\" \/>\n\t<meta name=\"twitter:data1\" content=\"Benoit Charette\" \/>\n\t<meta name=\"twitter:label2\" content=\"Estimation du temps de lecture\" \/>\n\t<meta name=\"twitter:data2\" content=\"3 minutes\" \/>\n<!-- \/ Yoast SEO plugin. -->","yoast_head_json":{"title":"Mustang Mach-e rally\u00a0: pour la route et la boue - CanadaMotorJobs.com","description":"Mustang Mach-e rally\u00a0: pour la route et la boue - Benoit Charette - Annuel automobile - CanadaMotorJobs.com.","robots":{"index":"index","follow":"follow","max-snippet":"max-snippet:-1","max-image-preview":"max-image-preview:large","max-video-preview":"max-video-preview:-1"},"og_locale":"fr_CA","og_type":"article","og_title":"Mustang Mach-e rally\u00a0: pour la route et la boue - CanadaMotorJobs.com","og_description":"Mustang Mach-e rally\u00a0: pour la route et la boue - Benoit Charette - Annuel automobile - CanadaMotorJobs.com.","og_url":"https:\/\/news.canadamotorjobs.com\/fr\/mustang-mach-e-rally-pour-la-route-et-la-boue\/","og_site_name":"CanadaMotorJobs.com","article_publisher":"https:\/\/www.facebook.com\/canadamotorjobs\/","article_published_time":"2023-09-07T11:08:57+00:00","article_modified_time":"2023-09-07T11:15:30+00:00","og_image":[{"width":1199,"height":800,"url":"https:\/\/news.canadamotorjobs.com\/wp-content\/uploads\/2023\/09\/All-Electric-Mustang-Mach-E-Rally_01.jpg","type":"image\/jpeg"}],"author":"Benoit Charette","twitter_card":"summary_large_image","twitter_creator":"@canadamotorjobs","twitter_site":"@canadamotorjobs","twitter_misc":{"\u00c9crit par":"Benoit Charette","Estimation du temps de lecture":"3 minutes"},"schema":{"@context":"https:\/\/schema.org","@graph":[{"@type":"Article","@id":"https:\/\/news.canadamotorjobs.com\/fr\/mustang-mach-e-rally-pour-la-route-et-la-boue\/#article","isPartOf":{"@id":"https:\/\/news.canadamotorjobs.com\/fr\/mustang-mach-e-rally-pour-la-route-et-la-boue\/"},"author":{"name":"Benoit Charette","@id":"https:\/\/news.canadamotorjobs.com\/#\/schema\/person\/51793d1f87d44011d7bcc2ed99269a90"},"headline":"Mustang Mach-e rally\u00a0: pour la route et la boue","datePublished":"2023-09-07T11:08:57+00:00","dateModified":"2023-09-07T11:15:30+00:00","mainEntityOfPage":{"@id":"https:\/\/news.canadamotorjobs.com\/fr\/mustang-mach-e-rally-pour-la-route-et-la-boue\/"},"wordCount":574,"publisher":{"@id":"https:\/\/news.canadamotorjobs.com\/#organization"},"image":{"@id":"https:\/\/news.canadamotorjobs.com\/fr\/mustang-mach-e-rally-pour-la-route-et-la-boue\/#primaryimage"},"thumbnailUrl":"https:\/\/news.canadamotorjobs.com\/wp-content\/uploads\/2023\/09\/All-Electric-Mustang-Mach-E-Rally_01.jpg","articleSection":["Annuel automobile"],"inLanguage":"fr-CA"},{"@type":"WebPage","@id":"https:\/\/news.canadamotorjobs.com\/fr\/mustang-mach-e-rally-pour-la-route-et-la-boue\/","url":"https:\/\/news.canadamotorjobs.com\/fr\/mustang-mach-e-rally-pour-la-route-et-la-boue\/","name":"Mustang Mach-e rally\u00a0: pour la route et la boue - CanadaMotorJobs.com","isPartOf":{"@id":"https:\/\/news.canadamotorjobs.com\/#website"},"primaryImageOfPage":{"@id":"https:\/\/news.canadamotorjobs.com\/fr\/mustang-mach-e-rally-pour-la-route-et-la-boue\/#primaryimage"},"image":{"@id":"https:\/\/news.canadamotorjobs.com\/fr\/mustang-mach-e-rally-pour-la-route-et-la-boue\/#primaryimage"},"thumbnailUrl":"https:\/\/news.canadamotorjobs.com\/wp-content\/uploads\/2023\/09\/All-Electric-Mustang-Mach-E-Rally_01.jpg","datePublished":"2023-09-07T11:08:57+00:00","dateModified":"2023-09-07T11:15:30+00:00","description":"Mustang Mach-e rally\u00a0: pour la route et la boue - Benoit Charette - Annuel automobile - CanadaMotorJobs.com.","breadcrumb":{"@id":"https:\/\/news.canadamotorjobs.com\/fr\/mustang-mach-e-rally-pour-la-route-et-la-boue\/#breadcrumb"},"inLanguage":"fr-CA","potentialAction":[{"@type":"ReadAction","target":["https:\/\/news.canadamotorjobs.com\/fr\/mustang-mach-e-rally-pour-la-route-et-la-boue\/"]}]},{"@type":"ImageObject","inLanguage":"fr-CA","@id":"https:\/\/news.canadamotorjobs.com\/fr\/mustang-mach-e-rally-pour-la-route-et-la-boue\/#primaryimage","url":"https:\/\/news.canadamotorjobs.com\/wp-content\/uploads\/2023\/09\/All-Electric-Mustang-Mach-E-Rally_01.jpg","contentUrl":"https:\/\/news.canadamotorjobs.com\/wp-content\/uploads\/2023\/09\/All-Electric-Mustang-Mach-E-Rally_01.jpg","width":1199,"height":800},{"@type":"BreadcrumbList","@id":"https:\/\/news.canadamotorjobs.com\/fr\/mustang-mach-e-rally-pour-la-route-et-la-boue\/#breadcrumb","itemListElement":[{"@type":"ListItem","position":1,"name":"Home","item":"https:\/\/news.canadamotorjobs.com\/fr\/blog\/"},{"@type":"ListItem","position":2,"name":"Mustang Mach-e rally\u00a0: pour la route et la boue"}]},{"@type":"WebSite","@id":"https:\/\/news.canadamotorjobs.com\/#website","url":"https:\/\/news.canadamotorjobs.com\/","name":"CanadaMotorJobs.com","description":"Automotive Jobs","publisher":{"@id":"https:\/\/news.canadamotorjobs.com\/#organization"},"potentialAction":[{"@type":"SearchAction","target":{"@type":"EntryPoint","urlTemplate":"https:\/\/news.canadamotorjobs.com\/?s={search_term_string}"},"query-input":"required name=search_term_string"}],"inLanguage":"fr-CA"},{"@type":"Organization","@id":"https:\/\/news.canadamotorjobs.com\/#organization","name":"Canada Motor Jobs","url":"https:\/\/news.canadamotorjobs.com\/","logo":{"@type":"ImageObject","inLanguage":"fr-CA","@id":"https:\/\/news.canadamotorjobs.com\/#\/schema\/logo\/image\/","url":"https:\/\/news.canadamotorjobs.com\/wp-content\/uploads\/2022\/10\/logo-canada-motor-jobs-1.png","contentUrl":"https:\/\/news.canadamotorjobs.com\/wp-content\/uploads\/2022\/10\/logo-canada-motor-jobs-1.png","width":800,"height":400,"caption":"Canada Motor Jobs"},"image":{"@id":"https:\/\/news.canadamotorjobs.com\/#\/schema\/logo\/image\/"},"sameAs":["https:\/\/www.facebook.com\/canadamotorjobs\/","https:\/\/x.com\/canadamotorjobs","https:\/\/www.instagram.com\/canadamotorjobs\/","https:\/\/www.linkedin.com\/company\/canadamotorjobs"]},{"@type":"Person","@id":"https:\/\/news.canadamotorjobs.com\/#\/schema\/person\/51793d1f87d44011d7bcc2ed99269a90","name":"Benoit Charette","image":{"@type":"ImageObject","inLanguage":"fr-CA","@id":"https:\/\/news.canadamotorjobs.com\/#\/schema\/person\/image\/","url":"https:\/\/secure.gravatar.com\/avatar\/45f3d2eebcccd909668d7ce7ea7267b6?s=96&d=mm&r=g","contentUrl":"https:\/\/secure.gravatar.com\/avatar\/45f3d2eebcccd909668d7ce7ea7267b6?s=96&d=mm&r=g","caption":"Benoit Charette"},"description":"Benoit Charette \/ Propri\u00e9taire et r\u00e9dacteur en chef Benoit Charette pratique le journalisme automobile depuis bient\u00f4t 30 ans. Il a fait ses classes au c\u00f4t\u00e9 de Daniel H\u00e9raud et au Carnet de route de 1992 \u00e0 2001. Il est fondateur, copropri\u00e9taire et r\u00e9dacteur en chef de L\u2019Annuel de l\u2019automobile, qu\u2019il publie depuis 2001. Il a anim\u00e9 les \u00e9missions RPM et RPM+ sur V et les L\u00e9gendes de la route sur Historia. \u00c0 la radio depuis 1986, il reprend l\u2019antenne cette ann\u00e9e sur les ondes de Cogeco et participe pour la deuxi\u00e8me ann\u00e9e \u00e0 l\u2019\u00e9mission Passion Auto sur RDS en plus de mettre en ligne le site Web officiel de L\u2019Annuel de l\u2019automobile sur annuelauto.ca.","sameAs":["https:\/\/annuelauto.ca\/"],"url":"https:\/\/news.canadamotorjobs.com\/fr\/author\/benoit-charette\/"}]}},"_links":{"self":[{"href":"https:\/\/news.canadamotorjobs.com\/fr\/wp-json\/wp\/v2\/posts\/150979"}],"collection":[{"href":"https:\/\/news.canadamotorjobs.com\/fr\/wp-json\/wp\/v2\/posts"}],"about":[{"href":"https:\/\/news.canadamotorjobs.com\/fr\/wp-json\/wp\/v2\/types\/post"}],"author":[{"embeddable":true,"href":"https:\/\/news.canadamotorjobs.com\/fr\/wp-json\/wp\/v2\/users\/8"}],"replies":[{"embeddable":true,"href":"https:\/\/news.canadamotorjobs.com\/fr\/wp-json\/wp\/v2\/comments?post=150979"}],"version-history":[{"count":2,"href":"https:\/\/news.canadamotorjobs.com\/fr\/wp-json\/wp\/v2\/posts\/150979\/revisions"}],"predecessor-version":[{"id":150983,"href":"https:\/\/news.canadamotorjobs.com\/fr\/wp-json\/wp\/v2\/posts\/150979\/revisions\/150983"}],"wp:featuredmedia":[{"embeddable":true,"href":"https:\/\/news.canadamotorjobs.com\/fr\/wp-json\/wp\/v2\/media\/150981"}],"wp:attachment":[{"href":"https:\/\/news.canadamotorjobs.com\/fr\/wp-json\/wp\/v2\/media?parent=150979"}],"wp:term":[{"taxonomy":"category","embeddable":true,"href":"https:\/\/news.canadamotorjobs.com\/fr\/wp-json\/wp\/v2\/categories?post=150979"},{"taxonomy":"post_tag","embeddable":true,"href":"https:\/\/news.canadamotorjobs.com\/fr\/wp-json\/wp\/v2\/tags?post=150979"}],"curies":[{"name":"wp","href":"https:\/\/api.w.org\/{rel}","templated":true}]}}