{"id":150885,"date":"2023-09-06T07:41:03","date_gmt":"2023-09-06T11:41:03","guid":{"rendered":"https:\/\/news.canadamotorjobs.com\/?p=150885"},"modified":"2023-09-06T07:44:29","modified_gmt":"2023-09-06T11:44:29","slug":"ford-prepare-larrive-dun-pick-up-f-200","status":"publish","type":"post","link":"https:\/\/news.canadamotorjobs.com\/fr\/ford-prepare-larrive-dun-pick-up-f-200\/","title":{"rendered":"Ford pr\u00e9pare l\u2019arriv\u00e9 d\u2019un pick-up F-200"},"content":{"rendered":"<\/p>\n<p>Le 28 ao\u00fbt dernier, Ford a d\u00e9pos\u00e9 la marque F-200 alimentant les sp\u00e9culations sur l&#8217;arriv\u00e9e imminente d&#8217;un camion \u00e9lectrique encore plus puissant que le F-150 Lightning.<\/p>\n<h3><strong>Inclusion de plusieurs technologies<\/strong><\/h3>\n<p>\nLa marque F-200 d\u00e9pos\u00e9e par Ford a \u00e9t\u00e9 class\u00e9e dans la cat\u00e9gorie &#8220;V\u00e9hicules \u00e0 moteur&#8221;, englobant notamment les voitures \u00e0 essence et \u00e9lectriques, les camionnettes, les VUS et leurs composants structurels. Cette classification laisse entendre que Ford pr\u00e9pare quelque chose de significatif dans le domaine des v\u00e9hicules \u00e9lectriques.<\/p>\n<h3><strong>Une camionnette de plus grande taille<\/strong><\/h3>\n<p>\nBien que les informations soient limit\u00e9es, la marque F-200 pourrait bien faire r\u00e9f\u00e9rence au prochain pick-up \u00e9lectrique de grande taille de Ford. Celui-ci est famili\u00e8rement surnomm\u00e9 &#8220;T3&#8221; en raison de la confiance qu&#8217;il inspire, et il semble \u00eatre au c\u0153ur de la strat\u00e9gie \u00e9lectrique de Ford.<\/p>\n<h3><strong>La vision d&#8217;un PDG Confirm\u00e9e<\/strong><\/h3>\n<p>\nJim Farley, le PDG de Ford, a d\u00e9j\u00e0 confirm\u00e9 que l&#8217;entreprise d\u00e9veloppe en interne une nouvelle architecture pour alimenter la prochaine g\u00e9n\u00e9ration de v\u00e9hicules \u00e9lectriques. Cette nouvelle plateforme servira de base au camion \u00e9lectrique de grande taille T3, ainsi qu&#8217;\u00e0 un VUS \u00e9lectrique \u00e0 trois rang\u00e9es de si\u00e8ges, probablement le futur Explorer \u00e9lectrique.<\/p>\n<h3><strong>T3 : Le Pick-up du Futur<\/strong><\/h3>\n<p>\nLes perspectives pour le pick-up \u00e9lectrique T3 de Ford sont intrigantes. Il sera dot\u00e9 de capacit\u00e9s impressionnantes, allant du remorquage au transport, en passant par la fourniture d&#8217;\u00e9nergie et l&#8217;introduction de nouvelles innovations. Jim Farley a m\u00eame compar\u00e9 ce pick-up \u00e9lectrique au c\u00e9l\u00e8bre Millenium Falcon de Star Wars, avec un espace utilitaire \u00e0 l&#8217;arri\u00e8re.<\/p>\n<h3><strong>F-200 : Un successeur potentiel au F-150 Lightning ?<\/strong><\/h3>\n<p>\nLe d\u00e9p\u00f4t de la marque F-200 suscite des questions intrigantes. Pourrait-il indiquer que Ford pr\u00e9pare un camion \u00e9lectrique plus puissant que le F-150 Lightning ? Si tel est le cas, cela promet une comp\u00e9tition \u00e9lectrique passionnante sur le march\u00e9 des camionnettes.<\/p>\n<h3><strong>Prochaine r\u00e9v\u00e9lation et production au Tennessee<\/strong><\/h3>\n<p>\nLe nouveau camion \u00e9lectrique de grande taille devrait \u00eatre r\u00e9v\u00e9l\u00e9 l&#8217;ann\u00e9e prochaine et sera produit dans le tout nouveau complexe BlueOval City de Ford, situ\u00e9 dans le Tennessee. Ce complexe colossal s&#8217;\u00e9tend sur pr\u00e8s de six miles carr\u00e9s et sera au c\u0153ur de la fabrication des v\u00e9hicules \u00e9lectriques Ford.<\/p>\n<h3><strong>F-150 Lightning : hausse d&#8217;int\u00e9r\u00eat malgr\u00e9 une baisse temporaire<\/strong><\/h3>\n<p>\nMalgr\u00e9 une l\u00e9g\u00e8re baisse des ventes en ao\u00fbt par rapport \u00e0 l&#8217;ann\u00e9e pr\u00e9c\u00e9dente, Ford a constat\u00e9 une augmentation significative de l&#8217;int\u00e9r\u00eat envers son F-150 Lightning. Une baisse temporaire des ventes a \u00e9t\u00e9 attribu\u00e9e \u00e0 une p\u00e9riode de transition li\u00e9e \u00e0 l&#8217;agrandissement de l&#8217;usine de production.<\/p>\n<h3><strong>Ford pr\u00eat \u00e0 augmenter la production<\/strong><\/h3>\n<p>\nFord pr\u00e9voit de tripler sa production \u00e0 l&#8217;automne, visant une cadence de 150 000 unit\u00e9s. Cela permettra de r\u00e9pondre \u00e0 la forte demande, notamment pour les mod\u00e8les XLT et Pro. De plus, de nouveaux niveaux de finition viendront bient\u00f4t enrichir la gamme, renfor\u00e7ant ainsi la position de Ford sur le march\u00e9 des v\u00e9hicules \u00e9lectriques. L&#8217;avenir \u00e9lectrique de Ford semble prometteur, avec des projets ambitieux qui pourraient red\u00e9finir la norme en mati\u00e8re de camionnettes \u00e9lectriques. Restez \u00e0 l&#8217;aff\u00fbt pour plus d&#8217;informations sur le camion \u00e9lectrique F-200 et ses innovations \u00e0 venir.<\/p>\n<p>Avec des renseignements d\u2019Electrek<\/p>\n<p>Le texte <a rel=\"nofollow\" href=\"https:\/\/annuelauto.ca\/ford-prepare-larrive-dun-pick-up-f-200\/\">Ford pr\u00e9pare l\u2019arriv\u00e9 d\u2019un pick-up F-200<\/a> provient de <a rel=\"nofollow\" href=\"https:\/\/annuelauto.ca\">L&#8217;annuel de l&#8217;automobile &#8211; Actualit\u00e9 automobile<\/a><\/p>\n<p><\/p>\n","protected":false},"excerpt":{"rendered":"<p>Le 28 ao\u00fbt dernier, Ford a d\u00e9pos\u00e9 la marque F-200 alimentant les sp\u00e9culations sur l&#8217;arriv\u00e9e imminente d&#8217;un camion \u00e9lectrique encore plus puissant que le F-150 Lightning. Inclusion de plusieurs technologies La marque F-200 d\u00e9pos\u00e9e par Ford a \u00e9t\u00e9 class\u00e9e dans la cat\u00e9gorie &#8220;V\u00e9hicules \u00e0 moteur&#8221;, englobant notamment les voitures \u00e0 essence et \u00e9lectriques, les camionnettes, [&hellip;]<\/p>\n","protected":false},"author":8,"featured_media":150887,"comment_status":"close","ping_status":"closed","sticky":false,"template":"","format":"standard","meta":{"_monsterinsights_skip_tracking":false,"_monsterinsights_sitenote_active":false,"_monsterinsights_sitenote_note":"","_monsterinsights_sitenote_category":0,"footnotes":""},"categories":[101],"tags":[],"yoast_head":"<!-- This site is optimized with the Yoast SEO plugin v23.2 - https:\/\/yoast.com\/wordpress\/plugins\/seo\/ -->\n<title>Ford pr\u00e9pare l\u2019arriv\u00e9 d\u2019un pick-up F-200 - CanadaMotorJobs.com<\/title>\n<meta name=\"description\" content=\"Ford pr\u00e9pare l\u2019arriv\u00e9 d\u2019un pick-up F-200 - Benoit Charette - Annuel automobile - CanadaMotorJobs.com.\" \/>\n<meta name=\"robots\" content=\"index, follow, max-snippet:-1, max-image-preview:large, max-video-preview:-1\" \/>\n<meta property=\"og:locale\" content=\"fr_CA\" \/>\n<meta property=\"og:type\" content=\"article\" \/>\n<meta property=\"og:title\" content=\"Ford pr\u00e9pare l\u2019arriv\u00e9 d\u2019un pick-up F-200 - CanadaMotorJobs.com\" \/>\n<meta property=\"og:description\" content=\"Ford pr\u00e9pare l\u2019arriv\u00e9 d\u2019un pick-up F-200 - Benoit Charette - Annuel automobile - CanadaMotorJobs.com.\" \/>\n<meta property=\"og:url\" content=\"https:\/\/news.canadamotorjobs.com\/fr\/ford-prepare-larrive-dun-pick-up-f-200\/\" \/>\n<meta property=\"og:site_name\" content=\"CanadaMotorJobs.com\" \/>\n<meta property=\"article:publisher\" content=\"https:\/\/www.facebook.com\/canadamotorjobs\/\" \/>\n<meta property=\"article:published_time\" content=\"2023-09-06T11:41:03+00:00\" \/>\n<meta property=\"article:modified_time\" content=\"2023-09-06T11:44:29+00:00\" \/>\n<meta property=\"og:image\" content=\"https:\/\/news.canadamotorjobs.com\/wp-content\/uploads\/2023\/09\/f-150-lightning-exterior-sketch-3-641dae8e6535e-scaled-1.jpg\" \/>\n\t<meta property=\"og:image:width\" content=\"2560\" \/>\n\t<meta property=\"og:image:height\" content=\"1656\" \/>\n\t<meta property=\"og:image:type\" content=\"image\/jpeg\" \/>\n<meta name=\"author\" content=\"Benoit Charette\" \/>\n<meta name=\"twitter:card\" content=\"summary_large_image\" \/>\n<meta name=\"twitter:creator\" content=\"@canadamotorjobs\" \/>\n<meta name=\"twitter:site\" content=\"@canadamotorjobs\" \/>\n<meta name=\"twitter:label1\" content=\"\u00c9crit par\" \/>\n\t<meta name=\"twitter:data1\" content=\"Benoit Charette\" \/>\n\t<meta name=\"twitter:label2\" content=\"Estimation du temps de lecture\" \/>\n\t<meta name=\"twitter:data2\" content=\"3 minutes\" \/>\n<!-- \/ Yoast SEO plugin. -->","yoast_head_json":{"title":"Ford pr\u00e9pare l\u2019arriv\u00e9 d\u2019un pick-up F-200 - CanadaMotorJobs.com","description":"Ford pr\u00e9pare l\u2019arriv\u00e9 d\u2019un pick-up F-200 - Benoit Charette - Annuel automobile - CanadaMotorJobs.com.","robots":{"index":"index","follow":"follow","max-snippet":"max-snippet:-1","max-image-preview":"max-image-preview:large","max-video-preview":"max-video-preview:-1"},"og_locale":"fr_CA","og_type":"article","og_title":"Ford pr\u00e9pare l\u2019arriv\u00e9 d\u2019un pick-up F-200 - CanadaMotorJobs.com","og_description":"Ford pr\u00e9pare l\u2019arriv\u00e9 d\u2019un pick-up F-200 - Benoit Charette - Annuel automobile - CanadaMotorJobs.com.","og_url":"https:\/\/news.canadamotorjobs.com\/fr\/ford-prepare-larrive-dun-pick-up-f-200\/","og_site_name":"CanadaMotorJobs.com","article_publisher":"https:\/\/www.facebook.com\/canadamotorjobs\/","article_published_time":"2023-09-06T11:41:03+00:00","article_modified_time":"2023-09-06T11:44:29+00:00","og_image":[{"width":2560,"height":1656,"url":"https:\/\/news.canadamotorjobs.com\/wp-content\/uploads\/2023\/09\/f-150-lightning-exterior-sketch-3-641dae8e6535e-scaled-1.jpg","type":"image\/jpeg"}],"author":"Benoit Charette","twitter_card":"summary_large_image","twitter_creator":"@canadamotorjobs","twitter_site":"@canadamotorjobs","twitter_misc":{"\u00c9crit par":"Benoit Charette","Estimation du temps de lecture":"3 minutes"},"schema":{"@context":"https:\/\/schema.org","@graph":[{"@type":"Article","@id":"https:\/\/news.canadamotorjobs.com\/fr\/ford-prepare-larrive-dun-pick-up-f-200\/#article","isPartOf":{"@id":"https:\/\/news.canadamotorjobs.com\/fr\/ford-prepare-larrive-dun-pick-up-f-200\/"},"author":{"name":"Benoit Charette","@id":"https:\/\/news.canadamotorjobs.com\/#\/schema\/person\/51793d1f87d44011d7bcc2ed99269a90"},"headline":"Ford pr\u00e9pare l\u2019arriv\u00e9 d\u2019un pick-up F-200","datePublished":"2023-09-06T11:41:03+00:00","dateModified":"2023-09-06T11:44:29+00:00","mainEntityOfPage":{"@id":"https:\/\/news.canadamotorjobs.com\/fr\/ford-prepare-larrive-dun-pick-up-f-200\/"},"wordCount":603,"publisher":{"@id":"https:\/\/news.canadamotorjobs.com\/#organization"},"image":{"@id":"https:\/\/news.canadamotorjobs.com\/fr\/ford-prepare-larrive-dun-pick-up-f-200\/#primaryimage"},"thumbnailUrl":"https:\/\/news.canadamotorjobs.com\/wp-content\/uploads\/2023\/09\/f-150-lightning-exterior-sketch-3-641dae8e6535e-scaled-1.jpg","articleSection":["Annuel automobile"],"inLanguage":"fr-CA"},{"@type":"WebPage","@id":"https:\/\/news.canadamotorjobs.com\/fr\/ford-prepare-larrive-dun-pick-up-f-200\/","url":"https:\/\/news.canadamotorjobs.com\/fr\/ford-prepare-larrive-dun-pick-up-f-200\/","name":"Ford pr\u00e9pare l\u2019arriv\u00e9 d\u2019un pick-up F-200 - CanadaMotorJobs.com","isPartOf":{"@id":"https:\/\/news.canadamotorjobs.com\/#website"},"primaryImageOfPage":{"@id":"https:\/\/news.canadamotorjobs.com\/fr\/ford-prepare-larrive-dun-pick-up-f-200\/#primaryimage"},"image":{"@id":"https:\/\/news.canadamotorjobs.com\/fr\/ford-prepare-larrive-dun-pick-up-f-200\/#primaryimage"},"thumbnailUrl":"https:\/\/news.canadamotorjobs.com\/wp-content\/uploads\/2023\/09\/f-150-lightning-exterior-sketch-3-641dae8e6535e-scaled-1.jpg","datePublished":"2023-09-06T11:41:03+00:00","dateModified":"2023-09-06T11:44:29+00:00","description":"Ford pr\u00e9pare l\u2019arriv\u00e9 d\u2019un pick-up F-200 - Benoit Charette - Annuel automobile - CanadaMotorJobs.com.","breadcrumb":{"@id":"https:\/\/news.canadamotorjobs.com\/fr\/ford-prepare-larrive-dun-pick-up-f-200\/#breadcrumb"},"inLanguage":"fr-CA","potentialAction":[{"@type":"ReadAction","target":["https:\/\/news.canadamotorjobs.com\/fr\/ford-prepare-larrive-dun-pick-up-f-200\/"]}]},{"@type":"ImageObject","inLanguage":"fr-CA","@id":"https:\/\/news.canadamotorjobs.com\/fr\/ford-prepare-larrive-dun-pick-up-f-200\/#primaryimage","url":"https:\/\/news.canadamotorjobs.com\/wp-content\/uploads\/2023\/09\/f-150-lightning-exterior-sketch-3-641dae8e6535e-scaled-1.jpg","contentUrl":"https:\/\/news.canadamotorjobs.com\/wp-content\/uploads\/2023\/09\/f-150-lightning-exterior-sketch-3-641dae8e6535e-scaled-1.jpg","width":2560,"height":1656},{"@type":"BreadcrumbList","@id":"https:\/\/news.canadamotorjobs.com\/fr\/ford-prepare-larrive-dun-pick-up-f-200\/#breadcrumb","itemListElement":[{"@type":"ListItem","position":1,"name":"Home","item":"https:\/\/news.canadamotorjobs.com\/fr\/blog\/"},{"@type":"ListItem","position":2,"name":"Ford pr\u00e9pare l\u2019arriv\u00e9 d\u2019un pick-up F-200"}]},{"@type":"WebSite","@id":"https:\/\/news.canadamotorjobs.com\/#website","url":"https:\/\/news.canadamotorjobs.com\/","name":"CanadaMotorJobs.com","description":"Automotive Jobs","publisher":{"@id":"https:\/\/news.canadamotorjobs.com\/#organization"},"potentialAction":[{"@type":"SearchAction","target":{"@type":"EntryPoint","urlTemplate":"https:\/\/news.canadamotorjobs.com\/?s={search_term_string}"},"query-input":"required name=search_term_string"}],"inLanguage":"fr-CA"},{"@type":"Organization","@id":"https:\/\/news.canadamotorjobs.com\/#organization","name":"Canada Motor Jobs","url":"https:\/\/news.canadamotorjobs.com\/","logo":{"@type":"ImageObject","inLanguage":"fr-CA","@id":"https:\/\/news.canadamotorjobs.com\/#\/schema\/logo\/image\/","url":"https:\/\/news.canadamotorjobs.com\/wp-content\/uploads\/2022\/10\/logo-canada-motor-jobs-1.png","contentUrl":"https:\/\/news.canadamotorjobs.com\/wp-content\/uploads\/2022\/10\/logo-canada-motor-jobs-1.png","width":800,"height":400,"caption":"Canada Motor Jobs"},"image":{"@id":"https:\/\/news.canadamotorjobs.com\/#\/schema\/logo\/image\/"},"sameAs":["https:\/\/www.facebook.com\/canadamotorjobs\/","https:\/\/x.com\/canadamotorjobs","https:\/\/www.instagram.com\/canadamotorjobs\/","https:\/\/www.linkedin.com\/company\/canadamotorjobs"]},{"@type":"Person","@id":"https:\/\/news.canadamotorjobs.com\/#\/schema\/person\/51793d1f87d44011d7bcc2ed99269a90","name":"Benoit Charette","image":{"@type":"ImageObject","inLanguage":"fr-CA","@id":"https:\/\/news.canadamotorjobs.com\/#\/schema\/person\/image\/","url":"https:\/\/secure.gravatar.com\/avatar\/45f3d2eebcccd909668d7ce7ea7267b6?s=96&d=mm&r=g","contentUrl":"https:\/\/secure.gravatar.com\/avatar\/45f3d2eebcccd909668d7ce7ea7267b6?s=96&d=mm&r=g","caption":"Benoit Charette"},"description":"Benoit Charette \/ Propri\u00e9taire et r\u00e9dacteur en chef Benoit Charette pratique le journalisme automobile depuis bient\u00f4t 30 ans. Il a fait ses classes au c\u00f4t\u00e9 de Daniel H\u00e9raud et au Carnet de route de 1992 \u00e0 2001. Il est fondateur, copropri\u00e9taire et r\u00e9dacteur en chef de L\u2019Annuel de l\u2019automobile, qu\u2019il publie depuis 2001. Il a anim\u00e9 les \u00e9missions RPM et RPM+ sur V et les L\u00e9gendes de la route sur Historia. \u00c0 la radio depuis 1986, il reprend l\u2019antenne cette ann\u00e9e sur les ondes de Cogeco et participe pour la deuxi\u00e8me ann\u00e9e \u00e0 l\u2019\u00e9mission Passion Auto sur RDS en plus de mettre en ligne le site Web officiel de L\u2019Annuel de l\u2019automobile sur annuelauto.ca.","sameAs":["https:\/\/annuelauto.ca\/"],"url":"https:\/\/news.canadamotorjobs.com\/fr\/author\/benoit-charette\/"}]}},"_links":{"self":[{"href":"https:\/\/news.canadamotorjobs.com\/fr\/wp-json\/wp\/v2\/posts\/150885"}],"collection":[{"href":"https:\/\/news.canadamotorjobs.com\/fr\/wp-json\/wp\/v2\/posts"}],"about":[{"href":"https:\/\/news.canadamotorjobs.com\/fr\/wp-json\/wp\/v2\/types\/post"}],"author":[{"embeddable":true,"href":"https:\/\/news.canadamotorjobs.com\/fr\/wp-json\/wp\/v2\/users\/8"}],"replies":[{"embeddable":true,"href":"https:\/\/news.canadamotorjobs.com\/fr\/wp-json\/wp\/v2\/comments?post=150885"}],"version-history":[{"count":2,"href":"https:\/\/news.canadamotorjobs.com\/fr\/wp-json\/wp\/v2\/posts\/150885\/revisions"}],"predecessor-version":[{"id":150889,"href":"https:\/\/news.canadamotorjobs.com\/fr\/wp-json\/wp\/v2\/posts\/150885\/revisions\/150889"}],"wp:featuredmedia":[{"embeddable":true,"href":"https:\/\/news.canadamotorjobs.com\/fr\/wp-json\/wp\/v2\/media\/150887"}],"wp:attachment":[{"href":"https:\/\/news.canadamotorjobs.com\/fr\/wp-json\/wp\/v2\/media?parent=150885"}],"wp:term":[{"taxonomy":"category","embeddable":true,"href":"https:\/\/news.canadamotorjobs.com\/fr\/wp-json\/wp\/v2\/categories?post=150885"},{"taxonomy":"post_tag","embeddable":true,"href":"https:\/\/news.canadamotorjobs.com\/fr\/wp-json\/wp\/v2\/tags?post=150885"}],"curies":[{"name":"wp","href":"https:\/\/api.w.org\/{rel}","templated":true}]}}