{"id":150831,"date":"2023-09-05T09:09:56","date_gmt":"2023-09-05T13:09:56","guid":{"rendered":"https:\/\/news.canadamotorjobs.com\/?p=150831"},"modified":"2023-09-05T09:16:50","modified_gmt":"2023-09-05T13:16:50","slug":"une-usine-de-production-de-cuivre-pour-batteries-verra-le-jour-a-granby","status":"publish","type":"post","link":"https:\/\/news.canadamotorjobs.com\/fr\/une-usine-de-production-de-cuivre-pour-batteries-verra-le-jour-a-granby\/","title":{"rendered":"Une usine de production de cuivre pour batteries verra le jour \u00e0 Granby"},"content":{"rendered":"<\/p>\n<p>Apr\u00e8s B\u00e9cancour, voici que Granby entre aujourd\u2019hui dans le rang des villes qu\u00e9b\u00e9coises qui accueillera une usine de batteries. Cette annonce est le fruit du projet d&#8217;usine de Solutions \u00c9nerg\u00e9tiques Volta Canada, une information confirm\u00e9e par La Presse. Le gouvernement du Qu\u00e9bec et celui du Canada apporteront un soutien financier \u00e0 cette entreprise, dont le si\u00e8ge social est au Luxembourg.<\/p>\n<h3><strong>Les d\u00e9tails financiers \u00e0 venir<\/strong><\/h3>\n<p>\n\u00c0 ce stade, les d\u00e9tails financiers pr\u00e9cis de cette op\u00e9ration, qui s&#8217;\u00e9l\u00e8vent \u00e0 plusieurs centaines de millions de dollars, n&#8217;ont pas encore \u00e9t\u00e9 divulgu\u00e9s. Ces informations seront communiqu\u00e9es lors d&#8217;une conf\u00e9rence de presse conjointe qui r\u00e9unira le Premier ministre Fran\u00e7ois Legault, le ministre de l&#8217;\u00c9conomie, de l&#8217;Innovation et de l&#8217;\u00c9nergie, Pierre Fitzgibbon, ainsi que le ministre f\u00e9d\u00e9ral de l&#8217;Innovation, des Sciences et de l&#8217;Industrie, Fran\u00e7ois-Philippe Champagne.<\/p>\n<h3><strong>Granby deviendra un centre de production de cuivre<\/strong><\/h3>\n<p>\nL&#8217;usine de Solutions \u00c9nerg\u00e9tiques Volta Canada, situ\u00e9e \u00e0 Granby, sera d\u00e9di\u00e9e \u00e0 la production de feuilles de cuivre. Ces feuilles de cuivre sont essentielles \u00e0 la fabrication de l&#8217;anode, la partie n\u00e9gative des batteries lithium-ion utilis\u00e9es dans les v\u00e9hicules \u00e9lectriques. Il convient de noter que cette entreprise est affili\u00e9e \u00e0 Volta Energy Solutions, dont le si\u00e8ge est \u00e9galement au Luxembourg, selon les registres des entreprises du Qu\u00e9bec.<\/p>\n<h3><strong>Un projet pr\u00e9vu de longue date<\/strong><\/h3>\n<p>\nDepuis le 31 mars 2022, Solus Advanced Materials, un groupe sud-cor\u00e9en auquel Volta appartient, est devenu propri\u00e9taire de l&#8217;ancienne usine de Circuit Foil Luxembourg, situ\u00e9e \u00e0 Granby. Cette transaction avait \u00e9t\u00e9 conclue pour un montant de 81 millions de dollars et comprenait le terrain ainsi que l&#8217;\u00e9difice, situ\u00e9s dans le parc industriel de Granby, occupant une superficie au sol de 90 000 pieds carr\u00e9s. En mai de la m\u00eame ann\u00e9e, lors d&#8217;une mission \u00e9conomique en Asie, Fran\u00e7ois-Philippe Champagne avait rencontr\u00e9 la direction de Solus en Cor\u00e9e du Sud, laissant entendre que l&#8217;implantation de ce groupe au Canada \u00e9tait une formalit\u00e9.<\/p>\n<h3><strong>Un investissement significatif attendu<\/strong><\/h3>\n<p>\nLors d&#8217;une rencontre \u00e9ditoriale avec La Presse l&#8217;ann\u00e9e pr\u00e9c\u00e9dente, Pierre Fitzgibbon avait \u00e9voqu\u00e9 le projet de production de feuilles de cuivre \u00e0 Granby. \u00c0 l&#8217;\u00e9poque, il avait estim\u00e9 que cet investissement pourrait osciller entre 200 et 300 millions de dollars, selon des documents financiers \u00e9manant des promoteurs. Il semblerait que Volta envisage d&#8217;\u00e9tendre sa pr\u00e9sence industrielle \u00e0 Granby en exploitant au moins deux sites de production.<\/p>\n<h3><strong>Un retour bienvenu<\/strong><\/h3>\n<p>\nL&#8217;usine de Circuit Foil Luxembourg avait cess\u00e9 ses activit\u00e9s en 2005, bien que des activit\u00e9s limit\u00e9es aient perdur\u00e9 jusqu&#8217;en 2014. L&#8217;\u00c9tat qu\u00e9b\u00e9cois avait alors investi 104 millions de dollars dans cette aventure entre 1999 et 2003. \u00c0 l&#8217;\u00e9poque, l&#8217;usine produisait des feuilles de cuivre destin\u00e9es au march\u00e9 des circuits imprim\u00e9s.<\/p>\n<h3><strong>Un soutien financier pour l&#8217;industrie des batteries \u00e9lectriques<\/strong><\/h3>\n<p>\nVolta Canada se joint ainsi \u00e0 la liste des entreprises b\u00e9n\u00e9ficiant d&#8217;un soutien financier dans le cadre de projets li\u00e9s \u00e0 la production de batteries pour v\u00e9hicules \u00e9lectriques au Qu\u00e9bec. En effet, le 17 ao\u00fbt dernier, Ford avait re\u00e7u une aide totale de 640 millions de dollars de la part des gouvernements Legault et Trudeau pour la construction d&#8217;une usine de mat\u00e9riaux de cathodes, l&#8217;\u00e9l\u00e9ment cl\u00e9 des batteries lithium-ion, \u00e0 B\u00e9cancour.<\/p>\n<h3><strong>Un futur investissement majeur \u00e0 Montr\u00e9al<\/strong><\/h3>\n<p>\nD&#8217;ici le mois d&#8217;octobre, l&#8217;entreprise Northvolt pr\u00e9voit d\u00e9voiler un investissement de 7 milliards de dollars pour la cr\u00e9ation d&#8217;un complexe de cellules, la derni\u00e8re \u00e9tape avant l&#8217;assemblage des batteries, sur la Rive-Sud de Montr\u00e9al. Ce projet, d\u00e9j\u00e0 r\u00e9v\u00e9l\u00e9 par La Presse, constitue le plus important projet industriel priv\u00e9 au Qu\u00e9bec.<\/p>\n<p>Avec des renseignements de la Presse<\/p>\n<p>Le texte <a rel=\"nofollow\" href=\"https:\/\/annuelauto.ca\/une-usine-de-production-de-cuivre-pour-batteries-verra-le-jour-a-granby\/\">Une usine de production de cuivre pour batteries verra le jour \u00e0 Granby<\/a> provient de <a rel=\"nofollow\" href=\"https:\/\/annuelauto.ca\">L&#8217;annuel de l&#8217;automobile &#8211; Actualit\u00e9 automobile<\/a><\/p>\n<p><\/p>\n","protected":false},"excerpt":{"rendered":"<p>Apr\u00e8s B\u00e9cancour, voici que Granby entre aujourd\u2019hui dans le rang des villes qu\u00e9b\u00e9coises qui accueillera une usine de batteries. Cette annonce est le fruit du projet d&#8217;usine de Solutions \u00c9nerg\u00e9tiques Volta Canada, une information confirm\u00e9e par La Presse. Le gouvernement du Qu\u00e9bec et celui du Canada apporteront un soutien financier \u00e0 cette entreprise, dont le [&hellip;]<\/p>\n","protected":false},"author":8,"featured_media":150833,"comment_status":"close","ping_status":"closed","sticky":false,"template":"","format":"standard","meta":{"_monsterinsights_skip_tracking":false,"_monsterinsights_sitenote_active":false,"_monsterinsights_sitenote_note":"","_monsterinsights_sitenote_category":0,"footnotes":""},"categories":[101],"tags":[],"yoast_head":"<!-- This site is optimized with the Yoast SEO plugin v23.2 - https:\/\/yoast.com\/wordpress\/plugins\/seo\/ -->\n<title>Une usine de production de cuivre pour batteries verra le jour \u00e0 Granby - CanadaMotorJobs.com<\/title>\n<meta name=\"description\" content=\"Une usine de production de cuivre pour batteries verra le jour \u00e0 Granby - Benoit Charette - Annuel automobile - CanadaMotorJobs.com.\" \/>\n<meta name=\"robots\" content=\"index, follow, max-snippet:-1, max-image-preview:large, max-video-preview:-1\" \/>\n<meta property=\"og:locale\" content=\"fr_CA\" \/>\n<meta property=\"og:type\" content=\"article\" \/>\n<meta property=\"og:title\" content=\"Une usine de production de cuivre pour batteries verra le jour \u00e0 Granby - CanadaMotorJobs.com\" \/>\n<meta property=\"og:description\" content=\"Une usine de production de cuivre pour batteries verra le jour \u00e0 Granby - Benoit Charette - Annuel automobile - CanadaMotorJobs.com.\" \/>\n<meta property=\"og:url\" content=\"https:\/\/news.canadamotorjobs.com\/fr\/une-usine-de-production-de-cuivre-pour-batteries-verra-le-jour-a-granby\/\" \/>\n<meta property=\"og:site_name\" content=\"CanadaMotorJobs.com\" \/>\n<meta property=\"article:publisher\" content=\"https:\/\/www.facebook.com\/canadamotorjobs\/\" \/>\n<meta property=\"article:published_time\" content=\"2023-09-05T13:09:56+00:00\" \/>\n<meta property=\"article:modified_time\" content=\"2023-09-05T13:16:50+00:00\" \/>\n<meta property=\"og:image\" content=\"https:\/\/news.canadamotorjobs.com\/wp-content\/uploads\/2023\/09\/TBNPNSPMSZB3THEGASZ3HDFJ7E-scaled-1.jpg\" \/>\n\t<meta property=\"og:image:width\" content=\"2560\" \/>\n\t<meta property=\"og:image:height\" content=\"1707\" \/>\n\t<meta property=\"og:image:type\" content=\"image\/jpeg\" \/>\n<meta name=\"author\" content=\"Benoit Charette\" \/>\n<meta name=\"twitter:card\" content=\"summary_large_image\" \/>\n<meta name=\"twitter:creator\" content=\"@canadamotorjobs\" \/>\n<meta name=\"twitter:site\" content=\"@canadamotorjobs\" \/>\n<meta name=\"twitter:label1\" content=\"\u00c9crit par\" \/>\n\t<meta name=\"twitter:data1\" content=\"Benoit Charette\" \/>\n\t<meta name=\"twitter:label2\" content=\"Estimation du temps de lecture\" \/>\n\t<meta name=\"twitter:data2\" content=\"3 minutes\" \/>\n<!-- \/ Yoast SEO plugin. -->","yoast_head_json":{"title":"Une usine de production de cuivre pour batteries verra le jour \u00e0 Granby - CanadaMotorJobs.com","description":"Une usine de production de cuivre pour batteries verra le jour \u00e0 Granby - Benoit Charette - Annuel automobile - CanadaMotorJobs.com.","robots":{"index":"index","follow":"follow","max-snippet":"max-snippet:-1","max-image-preview":"max-image-preview:large","max-video-preview":"max-video-preview:-1"},"og_locale":"fr_CA","og_type":"article","og_title":"Une usine de production de cuivre pour batteries verra le jour \u00e0 Granby - CanadaMotorJobs.com","og_description":"Une usine de production de cuivre pour batteries verra le jour \u00e0 Granby - Benoit Charette - Annuel automobile - CanadaMotorJobs.com.","og_url":"https:\/\/news.canadamotorjobs.com\/fr\/une-usine-de-production-de-cuivre-pour-batteries-verra-le-jour-a-granby\/","og_site_name":"CanadaMotorJobs.com","article_publisher":"https:\/\/www.facebook.com\/canadamotorjobs\/","article_published_time":"2023-09-05T13:09:56+00:00","article_modified_time":"2023-09-05T13:16:50+00:00","og_image":[{"width":2560,"height":1707,"url":"https:\/\/news.canadamotorjobs.com\/wp-content\/uploads\/2023\/09\/TBNPNSPMSZB3THEGASZ3HDFJ7E-scaled-1.jpg","type":"image\/jpeg"}],"author":"Benoit Charette","twitter_card":"summary_large_image","twitter_creator":"@canadamotorjobs","twitter_site":"@canadamotorjobs","twitter_misc":{"\u00c9crit par":"Benoit Charette","Estimation du temps de lecture":"3 minutes"},"schema":{"@context":"https:\/\/schema.org","@graph":[{"@type":"Article","@id":"https:\/\/news.canadamotorjobs.com\/fr\/une-usine-de-production-de-cuivre-pour-batteries-verra-le-jour-a-granby\/#article","isPartOf":{"@id":"https:\/\/news.canadamotorjobs.com\/fr\/une-usine-de-production-de-cuivre-pour-batteries-verra-le-jour-a-granby\/"},"author":{"name":"Benoit Charette","@id":"https:\/\/news.canadamotorjobs.com\/#\/schema\/person\/51793d1f87d44011d7bcc2ed99269a90"},"headline":"Une usine de production de cuivre pour batteries verra le jour \u00e0 Granby","datePublished":"2023-09-05T13:09:56+00:00","dateModified":"2023-09-05T13:16:50+00:00","mainEntityOfPage":{"@id":"https:\/\/news.canadamotorjobs.com\/fr\/une-usine-de-production-de-cuivre-pour-batteries-verra-le-jour-a-granby\/"},"wordCount":685,"publisher":{"@id":"https:\/\/news.canadamotorjobs.com\/#organization"},"image":{"@id":"https:\/\/news.canadamotorjobs.com\/fr\/une-usine-de-production-de-cuivre-pour-batteries-verra-le-jour-a-granby\/#primaryimage"},"thumbnailUrl":"https:\/\/news.canadamotorjobs.com\/wp-content\/uploads\/2023\/09\/TBNPNSPMSZB3THEGASZ3HDFJ7E-scaled-1.jpg","articleSection":["Annuel automobile"],"inLanguage":"fr-CA"},{"@type":"WebPage","@id":"https:\/\/news.canadamotorjobs.com\/fr\/une-usine-de-production-de-cuivre-pour-batteries-verra-le-jour-a-granby\/","url":"https:\/\/news.canadamotorjobs.com\/fr\/une-usine-de-production-de-cuivre-pour-batteries-verra-le-jour-a-granby\/","name":"Une usine de production de cuivre pour batteries verra le jour \u00e0 Granby - CanadaMotorJobs.com","isPartOf":{"@id":"https:\/\/news.canadamotorjobs.com\/#website"},"primaryImageOfPage":{"@id":"https:\/\/news.canadamotorjobs.com\/fr\/une-usine-de-production-de-cuivre-pour-batteries-verra-le-jour-a-granby\/#primaryimage"},"image":{"@id":"https:\/\/news.canadamotorjobs.com\/fr\/une-usine-de-production-de-cuivre-pour-batteries-verra-le-jour-a-granby\/#primaryimage"},"thumbnailUrl":"https:\/\/news.canadamotorjobs.com\/wp-content\/uploads\/2023\/09\/TBNPNSPMSZB3THEGASZ3HDFJ7E-scaled-1.jpg","datePublished":"2023-09-05T13:09:56+00:00","dateModified":"2023-09-05T13:16:50+00:00","description":"Une usine de production de cuivre pour batteries verra le jour \u00e0 Granby - Benoit Charette - Annuel automobile - CanadaMotorJobs.com.","breadcrumb":{"@id":"https:\/\/news.canadamotorjobs.com\/fr\/une-usine-de-production-de-cuivre-pour-batteries-verra-le-jour-a-granby\/#breadcrumb"},"inLanguage":"fr-CA","potentialAction":[{"@type":"ReadAction","target":["https:\/\/news.canadamotorjobs.com\/fr\/une-usine-de-production-de-cuivre-pour-batteries-verra-le-jour-a-granby\/"]}]},{"@type":"ImageObject","inLanguage":"fr-CA","@id":"https:\/\/news.canadamotorjobs.com\/fr\/une-usine-de-production-de-cuivre-pour-batteries-verra-le-jour-a-granby\/#primaryimage","url":"https:\/\/news.canadamotorjobs.com\/wp-content\/uploads\/2023\/09\/TBNPNSPMSZB3THEGASZ3HDFJ7E-scaled-1.jpg","contentUrl":"https:\/\/news.canadamotorjobs.com\/wp-content\/uploads\/2023\/09\/TBNPNSPMSZB3THEGASZ3HDFJ7E-scaled-1.jpg","width":2560,"height":1707},{"@type":"BreadcrumbList","@id":"https:\/\/news.canadamotorjobs.com\/fr\/une-usine-de-production-de-cuivre-pour-batteries-verra-le-jour-a-granby\/#breadcrumb","itemListElement":[{"@type":"ListItem","position":1,"name":"Home","item":"https:\/\/news.canadamotorjobs.com\/fr\/blog\/"},{"@type":"ListItem","position":2,"name":"Une usine de production de cuivre pour batteries verra le jour \u00e0 Granby"}]},{"@type":"WebSite","@id":"https:\/\/news.canadamotorjobs.com\/#website","url":"https:\/\/news.canadamotorjobs.com\/","name":"CanadaMotorJobs.com","description":"Automotive Jobs","publisher":{"@id":"https:\/\/news.canadamotorjobs.com\/#organization"},"potentialAction":[{"@type":"SearchAction","target":{"@type":"EntryPoint","urlTemplate":"https:\/\/news.canadamotorjobs.com\/?s={search_term_string}"},"query-input":"required name=search_term_string"}],"inLanguage":"fr-CA"},{"@type":"Organization","@id":"https:\/\/news.canadamotorjobs.com\/#organization","name":"Canada Motor Jobs","url":"https:\/\/news.canadamotorjobs.com\/","logo":{"@type":"ImageObject","inLanguage":"fr-CA","@id":"https:\/\/news.canadamotorjobs.com\/#\/schema\/logo\/image\/","url":"https:\/\/news.canadamotorjobs.com\/wp-content\/uploads\/2022\/10\/logo-canada-motor-jobs-1.png","contentUrl":"https:\/\/news.canadamotorjobs.com\/wp-content\/uploads\/2022\/10\/logo-canada-motor-jobs-1.png","width":800,"height":400,"caption":"Canada Motor Jobs"},"image":{"@id":"https:\/\/news.canadamotorjobs.com\/#\/schema\/logo\/image\/"},"sameAs":["https:\/\/www.facebook.com\/canadamotorjobs\/","https:\/\/x.com\/canadamotorjobs","https:\/\/www.instagram.com\/canadamotorjobs\/","https:\/\/www.linkedin.com\/company\/canadamotorjobs"]},{"@type":"Person","@id":"https:\/\/news.canadamotorjobs.com\/#\/schema\/person\/51793d1f87d44011d7bcc2ed99269a90","name":"Benoit Charette","image":{"@type":"ImageObject","inLanguage":"fr-CA","@id":"https:\/\/news.canadamotorjobs.com\/#\/schema\/person\/image\/","url":"https:\/\/secure.gravatar.com\/avatar\/45f3d2eebcccd909668d7ce7ea7267b6?s=96&d=mm&r=g","contentUrl":"https:\/\/secure.gravatar.com\/avatar\/45f3d2eebcccd909668d7ce7ea7267b6?s=96&d=mm&r=g","caption":"Benoit Charette"},"description":"Benoit Charette \/ Propri\u00e9taire et r\u00e9dacteur en chef Benoit Charette pratique le journalisme automobile depuis bient\u00f4t 30 ans. Il a fait ses classes au c\u00f4t\u00e9 de Daniel H\u00e9raud et au Carnet de route de 1992 \u00e0 2001. Il est fondateur, copropri\u00e9taire et r\u00e9dacteur en chef de L\u2019Annuel de l\u2019automobile, qu\u2019il publie depuis 2001. Il a anim\u00e9 les \u00e9missions RPM et RPM+ sur V et les L\u00e9gendes de la route sur Historia. \u00c0 la radio depuis 1986, il reprend l\u2019antenne cette ann\u00e9e sur les ondes de Cogeco et participe pour la deuxi\u00e8me ann\u00e9e \u00e0 l\u2019\u00e9mission Passion Auto sur RDS en plus de mettre en ligne le site Web officiel de L\u2019Annuel de l\u2019automobile sur annuelauto.ca.","sameAs":["https:\/\/annuelauto.ca\/"],"url":"https:\/\/news.canadamotorjobs.com\/fr\/author\/benoit-charette\/"}]}},"_links":{"self":[{"href":"https:\/\/news.canadamotorjobs.com\/fr\/wp-json\/wp\/v2\/posts\/150831"}],"collection":[{"href":"https:\/\/news.canadamotorjobs.com\/fr\/wp-json\/wp\/v2\/posts"}],"about":[{"href":"https:\/\/news.canadamotorjobs.com\/fr\/wp-json\/wp\/v2\/types\/post"}],"author":[{"embeddable":true,"href":"https:\/\/news.canadamotorjobs.com\/fr\/wp-json\/wp\/v2\/users\/8"}],"replies":[{"embeddable":true,"href":"https:\/\/news.canadamotorjobs.com\/fr\/wp-json\/wp\/v2\/comments?post=150831"}],"version-history":[{"count":2,"href":"https:\/\/news.canadamotorjobs.com\/fr\/wp-json\/wp\/v2\/posts\/150831\/revisions"}],"predecessor-version":[{"id":150835,"href":"https:\/\/news.canadamotorjobs.com\/fr\/wp-json\/wp\/v2\/posts\/150831\/revisions\/150835"}],"wp:featuredmedia":[{"embeddable":true,"href":"https:\/\/news.canadamotorjobs.com\/fr\/wp-json\/wp\/v2\/media\/150833"}],"wp:attachment":[{"href":"https:\/\/news.canadamotorjobs.com\/fr\/wp-json\/wp\/v2\/media?parent=150831"}],"wp:term":[{"taxonomy":"category","embeddable":true,"href":"https:\/\/news.canadamotorjobs.com\/fr\/wp-json\/wp\/v2\/categories?post=150831"},{"taxonomy":"post_tag","embeddable":true,"href":"https:\/\/news.canadamotorjobs.com\/fr\/wp-json\/wp\/v2\/tags?post=150831"}],"curies":[{"name":"wp","href":"https:\/\/api.w.org\/{rel}","templated":true}]}}