{"id":150789,"date":"2023-09-04T11:00:15","date_gmt":"2023-09-04T15:00:15","guid":{"rendered":"https:\/\/news.canadamotorjobs.com\/?p=150789"},"modified":"2023-09-04T11:14:32","modified_gmt":"2023-09-04T15:14:32","slug":"nissan-transforme-ses-vieilles-batteries-en-generatrice-portable","status":"publish","type":"post","link":"https:\/\/news.canadamotorjobs.com\/fr\/nissan-transforme-ses-vieilles-batteries-en-generatrice-portable\/","title":{"rendered":"Nissan transforme ses vieilles batteries en g\u00e9n\u00e9ratrice portable"},"content":{"rendered":"<\/p>\n<p>Nissan transforme les anciennes batteries de ses v\u00e9hicules \u00e9lectriques Nissan Leaf en sources d&#8217;\u00e9nergie portables polyvalentes. Ces batteries usag\u00e9es peuvent d\u00e9sormais alimenter des gadgets en d\u00e9placement, soutenir des concerts en plein air et fournir une alimentation de secours essentielle en cas de catastrophe.<\/p>\n<p>Le constructeur automobile japonais Nissan Motor Co. a vendu plus de 650 000 Nissan Leaf EV, et de nombreuses batteries de ces v\u00e9hicules conservent une capacit\u00e9 de charge sup\u00e9rieure \u00e0 leur dur\u00e9e de vie pr\u00e9vue. Dans le cadre d&#8217;un partenariat avec le fabricant d&#8217;\u00e9lectronique JVCKenwood Corp. et 4R Energy Corp., une entreprise d\u00e9tenue conjointement par Nissan et Sumitomo Corp., Nissan r\u00e9invente ces batteries usag\u00e9es pour en faire des sources d&#8217;\u00e9nergie portables de 14,4 kilogrammes. Actuellement vendues \u00e0 170 500 yens (1 590 dollars) au Japon, leur disponibilit\u00e9 \u00e0 l&#8217;\u00e9tranger reste \u00e0 d\u00e9terminer.<\/p>\n<h3><strong>Un nouveau souffle pour les batteries de la Nissan Leaf<\/strong><\/h3>\n<p>\nChaque Nissan Leaf contient 48 modules de batterie, et les stations d&#8217;alimentation portables en utilisent deux. Les ing\u00e9nieurs de Nissan testent soigneusement les batteries des Nissan Leaf lorsque leurs propri\u00e9taires ne les utilisent plus pour s&#8217;assurer qu&#8217;elles peuvent encore retenir la charge.<\/p>\n<p>Cela s&#8217;inscrit dans une initiative plus large visant \u00e0 favoriser la durabilit\u00e9 environnementale. Les batteries des v\u00e9hicules \u00e9lectriques contiennent des m\u00e9taux rares et d&#8217;autres mat\u00e9riaux co\u00fbteux, et leur fabrication g\u00e9n\u00e8re des \u00e9missions de gaz \u00e0 effet de serre. Le recyclage et la r\u00e9utilisation de ces batteries pour d&#8217;autres applications contribuent ainsi \u00e0 r\u00e9duire l&#8217;empreinte environnementale.<\/p>\n<h3><strong>Un potentiel \u00e9norme pour le stockage d&#8217;\u00e9nergie<\/strong><\/h3>\n<p>\nBalakumar Balasingam, professeur agr\u00e9g\u00e9 en ing\u00e9nierie \u00e9lectrique et informatique \u00e0 l&#8217;universit\u00e9 de Windsor, qui n&#8217;est pas directement impliqu\u00e9 dans le projet de Nissan, souligne que les batteries de v\u00e9hicules \u00e9lectriques hors d&#8217;usage offrent un potentiel consid\u00e9rable pour les applications de stockage d&#8217;\u00e9nergie. Il explique que m\u00eame lorsque leur capacit\u00e9 de charge pour la conduite de v\u00e9hicules \u00e9lectriques atteint environ 80 %, elles peuvent encore \u00eatre extr\u00eamement utiles dans d&#8217;autres contextes.<\/p>\n<p>&#8220;Les batteries de v\u00e9hicules \u00e9lectriques hors d&#8217;usage ont un grand potentiel dans les applications de stockage d&#8217;\u00e9nergie&#8221;, a-t-il d\u00e9clar\u00e9. &#8220;En l&#8217;absence d&#8217;une telle solution, des milliards de batteries de VE seront fabriqu\u00e9es puis recycl\u00e9es pr\u00e9matur\u00e9ment au cours de la prochaine d\u00e9cennie. Ce sera un probl\u00e8me pour le d\u00e9veloppement durable.&#8221;<\/p>\n<p>Avec des renseignement d\u2019Autoblog<\/p>\n<p>Le texte <a rel=\"nofollow\" href=\"https:\/\/annuelauto.ca\/nissan-transforme-ses-vieilles-batteries-en-generatrice-portable\/\">Nissan transforme ses vieilles batteries en g\u00e9n\u00e9ratrice portable<\/a> provient de <a rel=\"nofollow\" href=\"https:\/\/annuelauto.ca\">L&#8217;annuel de l&#8217;automobile &#8211; Actualit\u00e9 automobile<\/a><\/p>\n<p><\/p>\n","protected":false},"excerpt":{"rendered":"<p>Nissan transforme les anciennes batteries de ses v\u00e9hicules \u00e9lectriques Nissan Leaf en sources d&#8217;\u00e9nergie portables polyvalentes. Ces batteries usag\u00e9es peuvent d\u00e9sormais alimenter des gadgets en d\u00e9placement, soutenir des concerts en plein air et fournir une alimentation de secours essentielle en cas de catastrophe. Le constructeur automobile japonais Nissan Motor Co. a vendu plus de 650 [&hellip;]<\/p>\n","protected":false},"author":8,"featured_media":150791,"comment_status":"close","ping_status":"closed","sticky":false,"template":"","format":"standard","meta":{"_monsterinsights_skip_tracking":false,"_monsterinsights_sitenote_active":false,"_monsterinsights_sitenote_note":"","_monsterinsights_sitenote_category":0,"footnotes":""},"categories":[101],"tags":[],"yoast_head":"<!-- This site is optimized with the Yoast SEO plugin v23.2 - https:\/\/yoast.com\/wordpress\/plugins\/seo\/ -->\n<title>Nissan transforme ses vieilles batteries en g\u00e9n\u00e9ratrice portable - CanadaMotorJobs.com<\/title>\n<meta name=\"description\" content=\"Nissan transforme ses vieilles batteries en g\u00e9n\u00e9ratrice portable - Benoit Charette - Annuel automobile - CanadaMotorJobs.com.\" \/>\n<meta name=\"robots\" content=\"index, follow, max-snippet:-1, max-image-preview:large, max-video-preview:-1\" \/>\n<meta property=\"og:locale\" content=\"fr_CA\" \/>\n<meta property=\"og:type\" content=\"article\" \/>\n<meta property=\"og:title\" content=\"Nissan transforme ses vieilles batteries en g\u00e9n\u00e9ratrice portable - CanadaMotorJobs.com\" \/>\n<meta property=\"og:description\" content=\"Nissan transforme ses vieilles batteries en g\u00e9n\u00e9ratrice portable - Benoit Charette - Annuel automobile - CanadaMotorJobs.com.\" \/>\n<meta property=\"og:url\" content=\"https:\/\/news.canadamotorjobs.com\/fr\/nissan-transforme-ses-vieilles-batteries-en-generatrice-portable\/\" \/>\n<meta property=\"og:site_name\" content=\"CanadaMotorJobs.com\" \/>\n<meta property=\"article:publisher\" content=\"https:\/\/www.facebook.com\/canadamotorjobs\/\" \/>\n<meta property=\"article:published_time\" content=\"2023-09-04T15:00:15+00:00\" \/>\n<meta property=\"article:modified_time\" content=\"2023-09-04T15:14:32+00:00\" \/>\n<meta property=\"og:image\" content=\"https:\/\/news.canadamotorjobs.com\/wp-content\/uploads\/2023\/09\/efafa8b0-48d3-11ee-bdfb-0f29373b558e.jpg\" \/>\n\t<meta property=\"og:image:width\" content=\"1200\" \/>\n\t<meta property=\"og:image:height\" content=\"675\" \/>\n\t<meta property=\"og:image:type\" content=\"image\/jpeg\" \/>\n<meta name=\"author\" content=\"Benoit Charette\" \/>\n<meta name=\"twitter:card\" content=\"summary_large_image\" \/>\n<meta name=\"twitter:creator\" content=\"@canadamotorjobs\" \/>\n<meta name=\"twitter:site\" content=\"@canadamotorjobs\" \/>\n<meta name=\"twitter:label1\" content=\"\u00c9crit par\" \/>\n\t<meta name=\"twitter:data1\" content=\"Benoit Charette\" \/>\n\t<meta name=\"twitter:label2\" content=\"Estimation du temps de lecture\" \/>\n\t<meta name=\"twitter:data2\" content=\"2 minutes\" \/>\n<!-- \/ Yoast SEO plugin. -->","yoast_head_json":{"title":"Nissan transforme ses vieilles batteries en g\u00e9n\u00e9ratrice portable - CanadaMotorJobs.com","description":"Nissan transforme ses vieilles batteries en g\u00e9n\u00e9ratrice portable - Benoit Charette - Annuel automobile - CanadaMotorJobs.com.","robots":{"index":"index","follow":"follow","max-snippet":"max-snippet:-1","max-image-preview":"max-image-preview:large","max-video-preview":"max-video-preview:-1"},"og_locale":"fr_CA","og_type":"article","og_title":"Nissan transforme ses vieilles batteries en g\u00e9n\u00e9ratrice portable - CanadaMotorJobs.com","og_description":"Nissan transforme ses vieilles batteries en g\u00e9n\u00e9ratrice portable - Benoit Charette - Annuel automobile - CanadaMotorJobs.com.","og_url":"https:\/\/news.canadamotorjobs.com\/fr\/nissan-transforme-ses-vieilles-batteries-en-generatrice-portable\/","og_site_name":"CanadaMotorJobs.com","article_publisher":"https:\/\/www.facebook.com\/canadamotorjobs\/","article_published_time":"2023-09-04T15:00:15+00:00","article_modified_time":"2023-09-04T15:14:32+00:00","og_image":[{"width":1200,"height":675,"url":"https:\/\/news.canadamotorjobs.com\/wp-content\/uploads\/2023\/09\/efafa8b0-48d3-11ee-bdfb-0f29373b558e.jpg","type":"image\/jpeg"}],"author":"Benoit Charette","twitter_card":"summary_large_image","twitter_creator":"@canadamotorjobs","twitter_site":"@canadamotorjobs","twitter_misc":{"\u00c9crit par":"Benoit Charette","Estimation du temps de lecture":"2 minutes"},"schema":{"@context":"https:\/\/schema.org","@graph":[{"@type":"Article","@id":"https:\/\/news.canadamotorjobs.com\/fr\/nissan-transforme-ses-vieilles-batteries-en-generatrice-portable\/#article","isPartOf":{"@id":"https:\/\/news.canadamotorjobs.com\/fr\/nissan-transforme-ses-vieilles-batteries-en-generatrice-portable\/"},"author":{"name":"Benoit Charette","@id":"https:\/\/news.canadamotorjobs.com\/#\/schema\/person\/51793d1f87d44011d7bcc2ed99269a90"},"headline":"Nissan transforme ses vieilles batteries en g\u00e9n\u00e9ratrice portable","datePublished":"2023-09-04T15:00:15+00:00","dateModified":"2023-09-04T15:14:32+00:00","mainEntityOfPage":{"@id":"https:\/\/news.canadamotorjobs.com\/fr\/nissan-transforme-ses-vieilles-batteries-en-generatrice-portable\/"},"wordCount":446,"publisher":{"@id":"https:\/\/news.canadamotorjobs.com\/#organization"},"image":{"@id":"https:\/\/news.canadamotorjobs.com\/fr\/nissan-transforme-ses-vieilles-batteries-en-generatrice-portable\/#primaryimage"},"thumbnailUrl":"https:\/\/news.canadamotorjobs.com\/wp-content\/uploads\/2023\/09\/efafa8b0-48d3-11ee-bdfb-0f29373b558e.jpg","articleSection":["Annuel automobile"],"inLanguage":"fr-CA"},{"@type":"WebPage","@id":"https:\/\/news.canadamotorjobs.com\/fr\/nissan-transforme-ses-vieilles-batteries-en-generatrice-portable\/","url":"https:\/\/news.canadamotorjobs.com\/fr\/nissan-transforme-ses-vieilles-batteries-en-generatrice-portable\/","name":"Nissan transforme ses vieilles batteries en g\u00e9n\u00e9ratrice portable - CanadaMotorJobs.com","isPartOf":{"@id":"https:\/\/news.canadamotorjobs.com\/#website"},"primaryImageOfPage":{"@id":"https:\/\/news.canadamotorjobs.com\/fr\/nissan-transforme-ses-vieilles-batteries-en-generatrice-portable\/#primaryimage"},"image":{"@id":"https:\/\/news.canadamotorjobs.com\/fr\/nissan-transforme-ses-vieilles-batteries-en-generatrice-portable\/#primaryimage"},"thumbnailUrl":"https:\/\/news.canadamotorjobs.com\/wp-content\/uploads\/2023\/09\/efafa8b0-48d3-11ee-bdfb-0f29373b558e.jpg","datePublished":"2023-09-04T15:00:15+00:00","dateModified":"2023-09-04T15:14:32+00:00","description":"Nissan transforme ses vieilles batteries en g\u00e9n\u00e9ratrice portable - Benoit Charette - Annuel automobile - CanadaMotorJobs.com.","breadcrumb":{"@id":"https:\/\/news.canadamotorjobs.com\/fr\/nissan-transforme-ses-vieilles-batteries-en-generatrice-portable\/#breadcrumb"},"inLanguage":"fr-CA","potentialAction":[{"@type":"ReadAction","target":["https:\/\/news.canadamotorjobs.com\/fr\/nissan-transforme-ses-vieilles-batteries-en-generatrice-portable\/"]}]},{"@type":"ImageObject","inLanguage":"fr-CA","@id":"https:\/\/news.canadamotorjobs.com\/fr\/nissan-transforme-ses-vieilles-batteries-en-generatrice-portable\/#primaryimage","url":"https:\/\/news.canadamotorjobs.com\/wp-content\/uploads\/2023\/09\/efafa8b0-48d3-11ee-bdfb-0f29373b558e.jpg","contentUrl":"https:\/\/news.canadamotorjobs.com\/wp-content\/uploads\/2023\/09\/efafa8b0-48d3-11ee-bdfb-0f29373b558e.jpg","width":1200,"height":675},{"@type":"BreadcrumbList","@id":"https:\/\/news.canadamotorjobs.com\/fr\/nissan-transforme-ses-vieilles-batteries-en-generatrice-portable\/#breadcrumb","itemListElement":[{"@type":"ListItem","position":1,"name":"Home","item":"https:\/\/news.canadamotorjobs.com\/fr\/blog\/"},{"@type":"ListItem","position":2,"name":"Nissan transforme ses vieilles batteries en g\u00e9n\u00e9ratrice portable"}]},{"@type":"WebSite","@id":"https:\/\/news.canadamotorjobs.com\/#website","url":"https:\/\/news.canadamotorjobs.com\/","name":"CanadaMotorJobs.com","description":"Automotive Jobs","publisher":{"@id":"https:\/\/news.canadamotorjobs.com\/#organization"},"potentialAction":[{"@type":"SearchAction","target":{"@type":"EntryPoint","urlTemplate":"https:\/\/news.canadamotorjobs.com\/?s={search_term_string}"},"query-input":"required name=search_term_string"}],"inLanguage":"fr-CA"},{"@type":"Organization","@id":"https:\/\/news.canadamotorjobs.com\/#organization","name":"Canada Motor Jobs","url":"https:\/\/news.canadamotorjobs.com\/","logo":{"@type":"ImageObject","inLanguage":"fr-CA","@id":"https:\/\/news.canadamotorjobs.com\/#\/schema\/logo\/image\/","url":"https:\/\/news.canadamotorjobs.com\/wp-content\/uploads\/2022\/10\/logo-canada-motor-jobs-1.png","contentUrl":"https:\/\/news.canadamotorjobs.com\/wp-content\/uploads\/2022\/10\/logo-canada-motor-jobs-1.png","width":800,"height":400,"caption":"Canada Motor Jobs"},"image":{"@id":"https:\/\/news.canadamotorjobs.com\/#\/schema\/logo\/image\/"},"sameAs":["https:\/\/www.facebook.com\/canadamotorjobs\/","https:\/\/x.com\/canadamotorjobs","https:\/\/www.instagram.com\/canadamotorjobs\/","https:\/\/www.linkedin.com\/company\/canadamotorjobs"]},{"@type":"Person","@id":"https:\/\/news.canadamotorjobs.com\/#\/schema\/person\/51793d1f87d44011d7bcc2ed99269a90","name":"Benoit Charette","image":{"@type":"ImageObject","inLanguage":"fr-CA","@id":"https:\/\/news.canadamotorjobs.com\/#\/schema\/person\/image\/","url":"https:\/\/secure.gravatar.com\/avatar\/45f3d2eebcccd909668d7ce7ea7267b6?s=96&d=mm&r=g","contentUrl":"https:\/\/secure.gravatar.com\/avatar\/45f3d2eebcccd909668d7ce7ea7267b6?s=96&d=mm&r=g","caption":"Benoit Charette"},"description":"Benoit Charette \/ Propri\u00e9taire et r\u00e9dacteur en chef Benoit Charette pratique le journalisme automobile depuis bient\u00f4t 30 ans. Il a fait ses classes au c\u00f4t\u00e9 de Daniel H\u00e9raud et au Carnet de route de 1992 \u00e0 2001. Il est fondateur, copropri\u00e9taire et r\u00e9dacteur en chef de L\u2019Annuel de l\u2019automobile, qu\u2019il publie depuis 2001. Il a anim\u00e9 les \u00e9missions RPM et RPM+ sur V et les L\u00e9gendes de la route sur Historia. \u00c0 la radio depuis 1986, il reprend l\u2019antenne cette ann\u00e9e sur les ondes de Cogeco et participe pour la deuxi\u00e8me ann\u00e9e \u00e0 l\u2019\u00e9mission Passion Auto sur RDS en plus de mettre en ligne le site Web officiel de L\u2019Annuel de l\u2019automobile sur annuelauto.ca.","sameAs":["https:\/\/annuelauto.ca\/"],"url":"https:\/\/news.canadamotorjobs.com\/fr\/author\/benoit-charette\/"}]}},"_links":{"self":[{"href":"https:\/\/news.canadamotorjobs.com\/fr\/wp-json\/wp\/v2\/posts\/150789"}],"collection":[{"href":"https:\/\/news.canadamotorjobs.com\/fr\/wp-json\/wp\/v2\/posts"}],"about":[{"href":"https:\/\/news.canadamotorjobs.com\/fr\/wp-json\/wp\/v2\/types\/post"}],"author":[{"embeddable":true,"href":"https:\/\/news.canadamotorjobs.com\/fr\/wp-json\/wp\/v2\/users\/8"}],"replies":[{"embeddable":true,"href":"https:\/\/news.canadamotorjobs.com\/fr\/wp-json\/wp\/v2\/comments?post=150789"}],"version-history":[{"count":2,"href":"https:\/\/news.canadamotorjobs.com\/fr\/wp-json\/wp\/v2\/posts\/150789\/revisions"}],"predecessor-version":[{"id":150793,"href":"https:\/\/news.canadamotorjobs.com\/fr\/wp-json\/wp\/v2\/posts\/150789\/revisions\/150793"}],"wp:featuredmedia":[{"embeddable":true,"href":"https:\/\/news.canadamotorjobs.com\/fr\/wp-json\/wp\/v2\/media\/150791"}],"wp:attachment":[{"href":"https:\/\/news.canadamotorjobs.com\/fr\/wp-json\/wp\/v2\/media?parent=150789"}],"wp:term":[{"taxonomy":"category","embeddable":true,"href":"https:\/\/news.canadamotorjobs.com\/fr\/wp-json\/wp\/v2\/categories?post=150789"},{"taxonomy":"post_tag","embeddable":true,"href":"https:\/\/news.canadamotorjobs.com\/fr\/wp-json\/wp\/v2\/tags?post=150789"}],"curies":[{"name":"wp","href":"https:\/\/api.w.org\/{rel}","templated":true}]}}