{"id":150735,"date":"2023-09-03T09:33:04","date_gmt":"2023-09-03T13:33:04","guid":{"rendered":"https:\/\/news.canadamotorjobs.com\/?p=150735"},"modified":"2023-09-03T09:44:59","modified_gmt":"2023-09-03T13:44:59","slug":"bmw-devoile-sa-vision-de-la-mobilite-electrique-pour-contrer-tesla-et-les-constructeurs-asiatiques","status":"publish","type":"post","link":"https:\/\/news.canadamotorjobs.com\/fr\/bmw-devoile-sa-vision-de-la-mobilite-electrique-pour-contrer-tesla-et-les-constructeurs-asiatiques\/","title":{"rendered":"BMW d\u00e9voile sa vision de la mobilit\u00e9 \u00e9lectrique pour contrer Tesla et les constructeurs asiatiques"},"content":{"rendered":"<\/p>\n<h3>BMW pr\u00e9sente la &#8220;Neue Klasse&#8221; \u00e9lectrique<\/h3>\n<p>\nLe constructeur automobile allemand BMW a d\u00e9voil\u00e9 son ambitieux projet de la &#8220;Neue Klasse&#8221; lors de la pr\u00e9-ouverture du salon de l&#8217;automobile de Munich, avec pour objectif de rivaliser avec Tesla et les constructeurs asiatiques leaders dans le domaine de la mobilit\u00e9 \u00e9lectrique.<\/p>\n<h3><strong>La nouvelle g\u00e9n\u00e9ration de v\u00e9hicules \u00e9lectriques<\/strong><\/h3>\n<p>\nSous ce nom, la &#8220;Neue Klasse,&#8221; BMW pr\u00e9voit le lancement de six nouveaux mod\u00e8les de voitures \u00e9lectriques \u00e0 100% sur une p\u00e9riode de deux ans, \u00e0 partir de 2025. Cette gamme comprendra des berlines et des VUS, confirm\u00e9e par Oliver Zipse, PDG de BMW, lors de la pr\u00e9sentation du concept de ces futurs v\u00e9hicules.<\/p>\n<h3><strong>Production internationale<\/strong><\/h3>\n<p>\nLa production de ces mod\u00e8les d\u00e9butera dans la nouvelle usine hongroise du groupe, puis se d\u00e9ploiera dans les usines de Munich, de Chine et du Mexique. Cette d\u00e9marche vise \u00e0 r\u00e9pondre \u00e0 la demande croissante de voitures \u00e9lectriques dans le monde entier.<\/p>\n<h3><strong>Des avanc\u00e9es significatives<\/strong><\/h3>\n<p>\nLa &#8220;Neue Klasse&#8221; promet une am\u00e9lioration consid\u00e9rable de la performance des v\u00e9hicules \u00e9lectriques BMW. Le groupe annonce une augmentation de 30% de l&#8217;autonomie, une recharge 30% plus rapide, et une efficacit\u00e9 accrue de 25%. Ces am\u00e9liorations sont destin\u00e9es \u00e0 renforcer la comp\u00e9titivit\u00e9 de BMW sur le march\u00e9 de la mobilit\u00e9 \u00e9lectrique.<\/p>\n<h3><strong>La vision de BMW pour une mobilit\u00e9 durable<\/strong><\/h3>\n<p>\nDepuis 2021, BMW a annonc\u00e9 sa strat\u00e9gie &#8220;Neue Klasse,&#8221; qu&#8217;il d\u00e9crit aujourd&#8217;hui comme une vision pour une mobilit\u00e9 plus humaine, intelligente et \u00e9coresponsable. Cependant, BMW n&#8217;a pas encore r\u00e9v\u00e9l\u00e9 de d\u00e9tails sp\u00e9cifiques sur les mod\u00e8les ni fix\u00e9 une date pr\u00e9cise pour la transition compl\u00e8te vers l&#8217;\u00e9lectrique.<\/p>\n<h3><strong>L&#8217;importance de l&#8217;\u00e9conomie d&#8217;\u00e9chelle<\/strong><\/h3>\n<p>\nLe d\u00e9veloppement d&#8217;un bo\u00eetier de contr\u00f4le \u00e9lectronique commun \u00e0 l&#8217;ensemble des futurs mod\u00e8les de BMW et \u00e0 d&#8217;autres marques du groupe vise \u00e0 augmenter les marges de l&#8217;entreprise tout en restant comp\u00e9titif dans un march\u00e9 de plus en plus concurrentiel. Walter Mertel, directeur financier du groupe BMW, souligne : &#8220;L&#8217;\u00e9pine dorsale, le syst\u00e8me op\u00e9rationnel, la fa\u00e7on dont nous exploitons nos voitures seront les m\u00eames, dans toutes nos marques. C&#8217;est ainsi que nous ferons des \u00e9conomies d&#8217;\u00e9chelle.&#8221;<\/p>\n<h3><strong>BMW face \u00e0 la concurrence<\/strong><\/h3>\n<p>\nBMW se trouve actuellement en dixi\u00e8me position en Allemagne en termes de pr\u00e9sence de ses v\u00e9hicules \u00e9lectriques sur les routes, loin derri\u00e8re Tesla et Volkswagen, selon le Center of Automotive Management (CAM). Malgr\u00e9 cela, BMW est l&#8217;un des rares constructeurs \u00e0 ne pas avoir fix\u00e9 de date limite pour la fin des moteurs \u00e0 combustion, pr\u00e9f\u00e9rant investir dans l&#8217;hydrog\u00e8ne tout en continuant de d\u00e9velopper des moteurs traditionnels.<\/p>\n<h3><strong>La &#8220;Neue Klasse&#8221; : une R\u00e9ponse \u00e0 la concurrence <\/strong><\/h3>\n<p>\nDans un contexte o\u00f9 Tesla et les constructeurs asiatiques, notamment chinois, renforcent leur pr\u00e9sence sur le march\u00e9 europ\u00e9en de la mobilit\u00e9 \u00e9lectrique, la &#8220;Neue Klasse&#8221; de BMW se veut une r\u00e9ponse audacieuse. Matthias Schmidt, expert du secteur, rappelle que BMW ne peut pas se permettre de prendre du retard, car le terrain de jeu deviendra de plus en plus concurrentiel \u00e0 partir de 2024.<\/p>\n<p>\u00a0<\/p>\n<p>Le texte <a rel=\"nofollow\" href=\"https:\/\/annuelauto.ca\/bmw-devoile-sa-vision-de-la-mobilite-electrique-pour-contrer-tesla-et-les-constructeurs-asiatiques\/\">BMW d\u00e9voile sa vision de la mobilit\u00e9 \u00e9lectrique pour contrer Tesla et les constructeurs asiatiques<\/a> provient de <a rel=\"nofollow\" href=\"https:\/\/annuelauto.ca\">L&#8217;annuel de l&#8217;automobile &#8211; Actualit\u00e9 automobile<\/a><\/p>\n<p><\/p>\n","protected":false},"excerpt":{"rendered":"<p>BMW pr\u00e9sente la &#8220;Neue Klasse&#8221; \u00e9lectrique Le constructeur automobile allemand BMW a d\u00e9voil\u00e9 son ambitieux projet de la &#8220;Neue Klasse&#8221; lors de la pr\u00e9-ouverture du salon de l&#8217;automobile de Munich, avec pour objectif de rivaliser avec Tesla et les constructeurs asiatiques leaders dans le domaine de la mobilit\u00e9 \u00e9lectrique. La nouvelle g\u00e9n\u00e9ration de v\u00e9hicules \u00e9lectriques [&hellip;]<\/p>\n","protected":false},"author":8,"featured_media":150737,"comment_status":"close","ping_status":"closed","sticky":false,"template":"","format":"standard","meta":{"_monsterinsights_skip_tracking":false,"_monsterinsights_sitenote_active":false,"_monsterinsights_sitenote_note":"","_monsterinsights_sitenote_category":0,"footnotes":""},"categories":[101],"tags":[],"yoast_head":"<!-- This site is optimized with the Yoast SEO plugin v23.2 - https:\/\/yoast.com\/wordpress\/plugins\/seo\/ -->\n<title>BMW d\u00e9voile sa vision de la mobilit\u00e9 \u00e9lectrique pour contrer Tesla et les constructeurs asiatiques - CanadaMotorJobs.com<\/title>\n<meta name=\"description\" content=\"BMW d\u00e9voile sa vision de la mobilit\u00e9 \u00e9lectrique pour contrer Tesla et les constructeurs asiatiques - Benoit Charette - Annuel automobile - CanadaMotorJobs.com.\" \/>\n<meta name=\"robots\" content=\"index, follow, max-snippet:-1, max-image-preview:large, max-video-preview:-1\" \/>\n<meta property=\"og:locale\" content=\"fr_CA\" \/>\n<meta property=\"og:type\" content=\"article\" \/>\n<meta property=\"og:title\" content=\"BMW d\u00e9voile sa vision de la mobilit\u00e9 \u00e9lectrique pour contrer Tesla et les constructeurs asiatiques - CanadaMotorJobs.com\" \/>\n<meta property=\"og:description\" content=\"BMW d\u00e9voile sa vision de la mobilit\u00e9 \u00e9lectrique pour contrer Tesla et les constructeurs asiatiques - Benoit Charette - Annuel automobile - CanadaMotorJobs.com.\" \/>\n<meta property=\"og:url\" content=\"https:\/\/news.canadamotorjobs.com\/fr\/bmw-devoile-sa-vision-de-la-mobilite-electrique-pour-contrer-tesla-et-les-constructeurs-asiatiques\/\" \/>\n<meta property=\"og:site_name\" content=\"CanadaMotorJobs.com\" \/>\n<meta property=\"article:publisher\" content=\"https:\/\/www.facebook.com\/canadamotorjobs\/\" \/>\n<meta property=\"article:published_time\" content=\"2023-09-03T13:33:04+00:00\" \/>\n<meta property=\"article:modified_time\" content=\"2023-09-03T13:44:59+00:00\" \/>\n<meta property=\"og:image\" content=\"https:\/\/news.canadamotorjobs.com\/wp-content\/uploads\/2023\/09\/P90519764_highRes_bmw-vision-neue-klas.jpg\" \/>\n\t<meta property=\"og:image:width\" content=\"1200\" \/>\n\t<meta property=\"og:image:height\" content=\"1052\" \/>\n\t<meta property=\"og:image:type\" content=\"image\/jpeg\" \/>\n<meta name=\"author\" content=\"Benoit Charette\" \/>\n<meta name=\"twitter:card\" content=\"summary_large_image\" \/>\n<meta name=\"twitter:creator\" content=\"@canadamotorjobs\" \/>\n<meta name=\"twitter:site\" content=\"@canadamotorjobs\" \/>\n<meta name=\"twitter:label1\" content=\"\u00c9crit par\" \/>\n\t<meta name=\"twitter:data1\" content=\"Benoit Charette\" \/>\n\t<meta name=\"twitter:label2\" content=\"Estimation du temps de lecture\" \/>\n\t<meta name=\"twitter:data2\" content=\"3 minutes\" \/>\n<!-- \/ Yoast SEO plugin. -->","yoast_head_json":{"title":"BMW d\u00e9voile sa vision de la mobilit\u00e9 \u00e9lectrique pour contrer Tesla et les constructeurs asiatiques - CanadaMotorJobs.com","description":"BMW d\u00e9voile sa vision de la mobilit\u00e9 \u00e9lectrique pour contrer Tesla et les constructeurs asiatiques - Benoit Charette - Annuel automobile - CanadaMotorJobs.com.","robots":{"index":"index","follow":"follow","max-snippet":"max-snippet:-1","max-image-preview":"max-image-preview:large","max-video-preview":"max-video-preview:-1"},"og_locale":"fr_CA","og_type":"article","og_title":"BMW d\u00e9voile sa vision de la mobilit\u00e9 \u00e9lectrique pour contrer Tesla et les constructeurs asiatiques - CanadaMotorJobs.com","og_description":"BMW d\u00e9voile sa vision de la mobilit\u00e9 \u00e9lectrique pour contrer Tesla et les constructeurs asiatiques - Benoit Charette - Annuel automobile - CanadaMotorJobs.com.","og_url":"https:\/\/news.canadamotorjobs.com\/fr\/bmw-devoile-sa-vision-de-la-mobilite-electrique-pour-contrer-tesla-et-les-constructeurs-asiatiques\/","og_site_name":"CanadaMotorJobs.com","article_publisher":"https:\/\/www.facebook.com\/canadamotorjobs\/","article_published_time":"2023-09-03T13:33:04+00:00","article_modified_time":"2023-09-03T13:44:59+00:00","og_image":[{"width":1200,"height":1052,"url":"https:\/\/news.canadamotorjobs.com\/wp-content\/uploads\/2023\/09\/P90519764_highRes_bmw-vision-neue-klas.jpg","type":"image\/jpeg"}],"author":"Benoit Charette","twitter_card":"summary_large_image","twitter_creator":"@canadamotorjobs","twitter_site":"@canadamotorjobs","twitter_misc":{"\u00c9crit par":"Benoit Charette","Estimation du temps de lecture":"3 minutes"},"schema":{"@context":"https:\/\/schema.org","@graph":[{"@type":"Article","@id":"https:\/\/news.canadamotorjobs.com\/fr\/bmw-devoile-sa-vision-de-la-mobilite-electrique-pour-contrer-tesla-et-les-constructeurs-asiatiques\/#article","isPartOf":{"@id":"https:\/\/news.canadamotorjobs.com\/fr\/bmw-devoile-sa-vision-de-la-mobilite-electrique-pour-contrer-tesla-et-les-constructeurs-asiatiques\/"},"author":{"name":"Benoit Charette","@id":"https:\/\/news.canadamotorjobs.com\/#\/schema\/person\/51793d1f87d44011d7bcc2ed99269a90"},"headline":"BMW d\u00e9voile sa vision de la mobilit\u00e9 \u00e9lectrique pour contrer Tesla et les constructeurs asiatiques","datePublished":"2023-09-03T13:33:04+00:00","dateModified":"2023-09-03T13:44:59+00:00","mainEntityOfPage":{"@id":"https:\/\/news.canadamotorjobs.com\/fr\/bmw-devoile-sa-vision-de-la-mobilite-electrique-pour-contrer-tesla-et-les-constructeurs-asiatiques\/"},"wordCount":580,"publisher":{"@id":"https:\/\/news.canadamotorjobs.com\/#organization"},"image":{"@id":"https:\/\/news.canadamotorjobs.com\/fr\/bmw-devoile-sa-vision-de-la-mobilite-electrique-pour-contrer-tesla-et-les-constructeurs-asiatiques\/#primaryimage"},"thumbnailUrl":"https:\/\/news.canadamotorjobs.com\/wp-content\/uploads\/2023\/09\/P90519764_highRes_bmw-vision-neue-klas.jpg","articleSection":["Annuel automobile"],"inLanguage":"fr-CA"},{"@type":"WebPage","@id":"https:\/\/news.canadamotorjobs.com\/fr\/bmw-devoile-sa-vision-de-la-mobilite-electrique-pour-contrer-tesla-et-les-constructeurs-asiatiques\/","url":"https:\/\/news.canadamotorjobs.com\/fr\/bmw-devoile-sa-vision-de-la-mobilite-electrique-pour-contrer-tesla-et-les-constructeurs-asiatiques\/","name":"BMW d\u00e9voile sa vision de la mobilit\u00e9 \u00e9lectrique pour contrer Tesla et les constructeurs asiatiques - CanadaMotorJobs.com","isPartOf":{"@id":"https:\/\/news.canadamotorjobs.com\/#website"},"primaryImageOfPage":{"@id":"https:\/\/news.canadamotorjobs.com\/fr\/bmw-devoile-sa-vision-de-la-mobilite-electrique-pour-contrer-tesla-et-les-constructeurs-asiatiques\/#primaryimage"},"image":{"@id":"https:\/\/news.canadamotorjobs.com\/fr\/bmw-devoile-sa-vision-de-la-mobilite-electrique-pour-contrer-tesla-et-les-constructeurs-asiatiques\/#primaryimage"},"thumbnailUrl":"https:\/\/news.canadamotorjobs.com\/wp-content\/uploads\/2023\/09\/P90519764_highRes_bmw-vision-neue-klas.jpg","datePublished":"2023-09-03T13:33:04+00:00","dateModified":"2023-09-03T13:44:59+00:00","description":"BMW d\u00e9voile sa vision de la mobilit\u00e9 \u00e9lectrique pour contrer Tesla et les constructeurs asiatiques - Benoit Charette - Annuel automobile - CanadaMotorJobs.com.","breadcrumb":{"@id":"https:\/\/news.canadamotorjobs.com\/fr\/bmw-devoile-sa-vision-de-la-mobilite-electrique-pour-contrer-tesla-et-les-constructeurs-asiatiques\/#breadcrumb"},"inLanguage":"fr-CA","potentialAction":[{"@type":"ReadAction","target":["https:\/\/news.canadamotorjobs.com\/fr\/bmw-devoile-sa-vision-de-la-mobilite-electrique-pour-contrer-tesla-et-les-constructeurs-asiatiques\/"]}]},{"@type":"ImageObject","inLanguage":"fr-CA","@id":"https:\/\/news.canadamotorjobs.com\/fr\/bmw-devoile-sa-vision-de-la-mobilite-electrique-pour-contrer-tesla-et-les-constructeurs-asiatiques\/#primaryimage","url":"https:\/\/news.canadamotorjobs.com\/wp-content\/uploads\/2023\/09\/P90519764_highRes_bmw-vision-neue-klas.jpg","contentUrl":"https:\/\/news.canadamotorjobs.com\/wp-content\/uploads\/2023\/09\/P90519764_highRes_bmw-vision-neue-klas.jpg","width":1200,"height":1052},{"@type":"BreadcrumbList","@id":"https:\/\/news.canadamotorjobs.com\/fr\/bmw-devoile-sa-vision-de-la-mobilite-electrique-pour-contrer-tesla-et-les-constructeurs-asiatiques\/#breadcrumb","itemListElement":[{"@type":"ListItem","position":1,"name":"Home","item":"https:\/\/news.canadamotorjobs.com\/fr\/blog\/"},{"@type":"ListItem","position":2,"name":"BMW d\u00e9voile sa vision de la mobilit\u00e9 \u00e9lectrique pour contrer Tesla et les constructeurs asiatiques"}]},{"@type":"WebSite","@id":"https:\/\/news.canadamotorjobs.com\/#website","url":"https:\/\/news.canadamotorjobs.com\/","name":"CanadaMotorJobs.com","description":"Automotive Jobs","publisher":{"@id":"https:\/\/news.canadamotorjobs.com\/#organization"},"potentialAction":[{"@type":"SearchAction","target":{"@type":"EntryPoint","urlTemplate":"https:\/\/news.canadamotorjobs.com\/?s={search_term_string}"},"query-input":"required name=search_term_string"}],"inLanguage":"fr-CA"},{"@type":"Organization","@id":"https:\/\/news.canadamotorjobs.com\/#organization","name":"Canada Motor Jobs","url":"https:\/\/news.canadamotorjobs.com\/","logo":{"@type":"ImageObject","inLanguage":"fr-CA","@id":"https:\/\/news.canadamotorjobs.com\/#\/schema\/logo\/image\/","url":"https:\/\/news.canadamotorjobs.com\/wp-content\/uploads\/2022\/10\/logo-canada-motor-jobs-1.png","contentUrl":"https:\/\/news.canadamotorjobs.com\/wp-content\/uploads\/2022\/10\/logo-canada-motor-jobs-1.png","width":800,"height":400,"caption":"Canada Motor Jobs"},"image":{"@id":"https:\/\/news.canadamotorjobs.com\/#\/schema\/logo\/image\/"},"sameAs":["https:\/\/www.facebook.com\/canadamotorjobs\/","https:\/\/x.com\/canadamotorjobs","https:\/\/www.instagram.com\/canadamotorjobs\/","https:\/\/www.linkedin.com\/company\/canadamotorjobs"]},{"@type":"Person","@id":"https:\/\/news.canadamotorjobs.com\/#\/schema\/person\/51793d1f87d44011d7bcc2ed99269a90","name":"Benoit Charette","image":{"@type":"ImageObject","inLanguage":"fr-CA","@id":"https:\/\/news.canadamotorjobs.com\/#\/schema\/person\/image\/","url":"https:\/\/secure.gravatar.com\/avatar\/45f3d2eebcccd909668d7ce7ea7267b6?s=96&d=mm&r=g","contentUrl":"https:\/\/secure.gravatar.com\/avatar\/45f3d2eebcccd909668d7ce7ea7267b6?s=96&d=mm&r=g","caption":"Benoit Charette"},"description":"Benoit Charette \/ Propri\u00e9taire et r\u00e9dacteur en chef Benoit Charette pratique le journalisme automobile depuis bient\u00f4t 30 ans. Il a fait ses classes au c\u00f4t\u00e9 de Daniel H\u00e9raud et au Carnet de route de 1992 \u00e0 2001. Il est fondateur, copropri\u00e9taire et r\u00e9dacteur en chef de L\u2019Annuel de l\u2019automobile, qu\u2019il publie depuis 2001. Il a anim\u00e9 les \u00e9missions RPM et RPM+ sur V et les L\u00e9gendes de la route sur Historia. \u00c0 la radio depuis 1986, il reprend l\u2019antenne cette ann\u00e9e sur les ondes de Cogeco et participe pour la deuxi\u00e8me ann\u00e9e \u00e0 l\u2019\u00e9mission Passion Auto sur RDS en plus de mettre en ligne le site Web officiel de L\u2019Annuel de l\u2019automobile sur annuelauto.ca.","sameAs":["https:\/\/annuelauto.ca\/"],"url":"https:\/\/news.canadamotorjobs.com\/fr\/author\/benoit-charette\/"}]}},"_links":{"self":[{"href":"https:\/\/news.canadamotorjobs.com\/fr\/wp-json\/wp\/v2\/posts\/150735"}],"collection":[{"href":"https:\/\/news.canadamotorjobs.com\/fr\/wp-json\/wp\/v2\/posts"}],"about":[{"href":"https:\/\/news.canadamotorjobs.com\/fr\/wp-json\/wp\/v2\/types\/post"}],"author":[{"embeddable":true,"href":"https:\/\/news.canadamotorjobs.com\/fr\/wp-json\/wp\/v2\/users\/8"}],"replies":[{"embeddable":true,"href":"https:\/\/news.canadamotorjobs.com\/fr\/wp-json\/wp\/v2\/comments?post=150735"}],"version-history":[{"count":2,"href":"https:\/\/news.canadamotorjobs.com\/fr\/wp-json\/wp\/v2\/posts\/150735\/revisions"}],"predecessor-version":[{"id":150739,"href":"https:\/\/news.canadamotorjobs.com\/fr\/wp-json\/wp\/v2\/posts\/150735\/revisions\/150739"}],"wp:featuredmedia":[{"embeddable":true,"href":"https:\/\/news.canadamotorjobs.com\/fr\/wp-json\/wp\/v2\/media\/150737"}],"wp:attachment":[{"href":"https:\/\/news.canadamotorjobs.com\/fr\/wp-json\/wp\/v2\/media?parent=150735"}],"wp:term":[{"taxonomy":"category","embeddable":true,"href":"https:\/\/news.canadamotorjobs.com\/fr\/wp-json\/wp\/v2\/categories?post=150735"},{"taxonomy":"post_tag","embeddable":true,"href":"https:\/\/news.canadamotorjobs.com\/fr\/wp-json\/wp\/v2\/tags?post=150735"}],"curies":[{"name":"wp","href":"https:\/\/api.w.org\/{rel}","templated":true}]}}