{"id":150720,"date":"2023-09-02T09:07:57","date_gmt":"2023-09-02T13:07:57","guid":{"rendered":"https:\/\/news.canadamotorjobs.com\/?p=150720"},"modified":"2023-09-02T09:14:40","modified_gmt":"2023-09-02T13:14:40","slug":"nissan-mettra-fin-a-la-production-de-laltima-et-de-la-versa-dici-2025","status":"publish","type":"post","link":"https:\/\/news.canadamotorjobs.com\/fr\/nissan-mettra-fin-a-la-production-de-laltima-et-de-la-versa-dici-2025\/","title":{"rendered":"Nissan mettra fin \u00e0 la production de l\u2019Altima et de la Versa d\u2019ici 2025"},"content":{"rendered":"<\/p>\n<h3>La fin des ic\u00f4nes Nissan?<\/h3>\n<p>\nNissan, l&#8217;un des g\u00e9ants de l&#8217;industrie automobile, envisage de mettre un terme \u00e0 la production de deux de ses mod\u00e8les embl\u00e9matiques : l&#8217;Altima et la Versa. Cette d\u00e9cision a \u00e9t\u00e9 r\u00e9cemment r\u00e9v\u00e9l\u00e9e par Automotive News, suscitant des interrogations quant \u00e0 l&#8217;avenir de ces v\u00e9hicules populaires.<\/p>\n<h3><strong>Investissement dans le segment des berlines<\/strong><\/h3>\n<p>\nUn porte-parole de Nissan a \u00e9t\u00e9 interrog\u00e9 \u00e0 ce sujet, mais n&#8217;a pas confirm\u00e9 explicitement ces plans de cessation de production. Cependant, il a assur\u00e9 que la soci\u00e9t\u00e9 continuerait \u00e0 &#8220;investir dans le segment des berlines&#8221;. Cette d\u00e9claration \u00e9nigmatique n&#8217;a pas dissip\u00e9 les sp\u00e9culations quant au sort des deux mod\u00e8les.<\/p>\n<h3><strong>Le myst\u00e8re entourant les futurs produits<\/strong><\/h3>\n<p>\nLe rapport d&#8217;Automotive News va plus loin en sugg\u00e9rant que Nissan pr\u00e9voit de lancer une nouvelle berline \u00e9lectrique en 2026. Cependant, le porte-parole de l&#8217;entreprise n&#8217;a pas souhait\u00e9 commenter les futurs produits, laissant ainsi planer le doute sur les projets de Nissan.<\/p>\n<h3><strong>L&#8217;histoire de l&#8217;Altima et de la Versa<\/strong><\/h3>\n<p>\nL&#8217;Altima a \u00e9t\u00e9 introduite pour la premi\u00e8re fois en 1992 et la Versa a fait son apparition sur le march\u00e9 \u00e0 l&#8217;\u00e9t\u00e9 2006. Ces deux mod\u00e8les ont acquis une solide r\u00e9putation en tant que v\u00e9hicules compacts abordables et berlines familiales. Si les informations d&#8217;Automotive News se confirment, ils disparaitront du march\u00e9 apr\u00e8s l&#8217;ann\u00e9e mod\u00e8le 2025.<\/p>\n<h3><strong>La vision \u00e9lectrique de Nissan<\/strong><\/h3>\n<p>\nBien que Nissan n&#8217;ait pas confirm\u00e9 explicitement l&#8217;avenir de l&#8217;Altima et de la Versa, ses d\u00e9clarations pass\u00e9es sugg\u00e8rent une orientation vers les v\u00e9hicules \u00e9lectriques. Lorsque la fin de la production de la Maxima a \u00e9t\u00e9 annonc\u00e9e pour l&#8217;ann\u00e9e mod\u00e8le 2023, Nissan a d\u00e9clar\u00e9 qu&#8217;il &#8220;donnait la priorit\u00e9 aux v\u00e9hicules \u00e9lectriques&#8221;. Cette d\u00e9claration laisse penser que la soci\u00e9t\u00e9 pourrait bien pr\u00e9parer une berline \u00e9lectrique pour prendre le relais.<\/p>\n<h3><strong>L&#8217;attente pour la r\u00e9v\u00e9lation future<\/strong><\/h3>\n<p>\nLa question qui se pose maintenant est de savoir si la myst\u00e9rieuse berline \u00e9lectrique \u00e9voqu\u00e9e par Automotive News sera la prochaine Maxima ou un mod\u00e8le compl\u00e8tement nouveau. Les amateurs de Nissan devront patienter pour obtenir des informations plus d\u00e9taill\u00e9es sur les projets \u00e0 venir de la soci\u00e9t\u00e9, car pour l&#8217;instant, le suspense reste entier. Restez \u00e0 l&#8217;\u00e9coute pour de futures mises \u00e0 jour de Nissan alors qu&#8217;ils acc\u00e9l\u00e8rent vers leur vision &#8220;Ambition 2030&#8221;.<\/p>\n<p>Avec des renseignements de Car and Driver<\/p>\n<p>Le texte <a rel=\"nofollow\" href=\"https:\/\/annuelauto.ca\/nissan-mettra-fin-a-la-production-de-laltima-et-de-la-versa-dici-2025\/\">Nissan mettra fin \u00e0 la production de l\u2019Altima et de la Versa d\u2019ici 2025<\/a> provient de <a rel=\"nofollow\" href=\"https:\/\/annuelauto.ca\">L&#8217;annuel de l&#8217;automobile &#8211; Actualit\u00e9 automobile<\/a><\/p>\n<p><\/p>\n","protected":false},"excerpt":{"rendered":"<p>La fin des ic\u00f4nes Nissan? Nissan, l&#8217;un des g\u00e9ants de l&#8217;industrie automobile, envisage de mettre un terme \u00e0 la production de deux de ses mod\u00e8les embl\u00e9matiques : l&#8217;Altima et la Versa. Cette d\u00e9cision a \u00e9t\u00e9 r\u00e9cemment r\u00e9v\u00e9l\u00e9e par Automotive News, suscitant des interrogations quant \u00e0 l&#8217;avenir de ces v\u00e9hicules populaires. Investissement dans le segment des [&hellip;]<\/p>\n","protected":false},"author":8,"featured_media":150722,"comment_status":"close","ping_status":"closed","sticky":false,"template":"","format":"standard","meta":{"_monsterinsights_skip_tracking":false,"_monsterinsights_sitenote_active":false,"_monsterinsights_sitenote_note":"","_monsterinsights_sitenote_category":0,"footnotes":""},"categories":[101],"tags":[],"yoast_head":"<!-- This site is optimized with the Yoast SEO plugin v23.2 - https:\/\/yoast.com\/wordpress\/plugins\/seo\/ -->\n<title>Nissan mettra fin \u00e0 la production de l\u2019Altima et de la Versa d\u2019ici 2025 - CanadaMotorJobs.com<\/title>\n<meta name=\"description\" content=\"Nissan mettra fin \u00e0 la production de l\u2019Altima et de la Versa d\u2019ici 2025 - Benoit Charette - Annuel automobile - CanadaMotorJobs.com.\" \/>\n<meta name=\"robots\" content=\"index, follow, max-snippet:-1, max-image-preview:large, max-video-preview:-1\" \/>\n<meta property=\"og:locale\" content=\"fr_CA\" \/>\n<meta property=\"og:type\" content=\"article\" \/>\n<meta property=\"og:title\" content=\"Nissan mettra fin \u00e0 la production de l\u2019Altima et de la Versa d\u2019ici 2025 - CanadaMotorJobs.com\" \/>\n<meta property=\"og:description\" content=\"Nissan mettra fin \u00e0 la production de l\u2019Altima et de la Versa d\u2019ici 2025 - Benoit Charette - Annuel automobile - CanadaMotorJobs.com.\" \/>\n<meta property=\"og:url\" content=\"https:\/\/news.canadamotorjobs.com\/fr\/nissan-mettra-fin-a-la-production-de-laltima-et-de-la-versa-dici-2025\/\" \/>\n<meta property=\"og:site_name\" content=\"CanadaMotorJobs.com\" \/>\n<meta property=\"article:publisher\" content=\"https:\/\/www.facebook.com\/canadamotorjobs\/\" \/>\n<meta property=\"article:published_time\" content=\"2023-09-02T13:07:57+00:00\" \/>\n<meta property=\"article:modified_time\" content=\"2023-09-02T13:14:40+00:00\" \/>\n<meta property=\"og:image\" content=\"https:\/\/news.canadamotorjobs.com\/wp-content\/uploads\/2023\/09\/f5fa38c00f069146aefbeaa24b0cc765x.jpg\" \/>\n\t<meta property=\"og:image:width\" content=\"568\" \/>\n\t<meta property=\"og:image:height\" content=\"426\" \/>\n\t<meta property=\"og:image:type\" content=\"image\/jpeg\" \/>\n<meta name=\"author\" content=\"Benoit Charette\" \/>\n<meta name=\"twitter:card\" content=\"summary_large_image\" \/>\n<meta name=\"twitter:creator\" content=\"@canadamotorjobs\" \/>\n<meta name=\"twitter:site\" content=\"@canadamotorjobs\" \/>\n<meta name=\"twitter:label1\" content=\"\u00c9crit par\" \/>\n\t<meta name=\"twitter:data1\" content=\"Benoit Charette\" \/>\n\t<meta name=\"twitter:label2\" content=\"Estimation du temps de lecture\" \/>\n\t<meta name=\"twitter:data2\" content=\"2 minutes\" \/>\n<!-- \/ Yoast SEO plugin. -->","yoast_head_json":{"title":"Nissan mettra fin \u00e0 la production de l\u2019Altima et de la Versa d\u2019ici 2025 - CanadaMotorJobs.com","description":"Nissan mettra fin \u00e0 la production de l\u2019Altima et de la Versa d\u2019ici 2025 - Benoit Charette - Annuel automobile - CanadaMotorJobs.com.","robots":{"index":"index","follow":"follow","max-snippet":"max-snippet:-1","max-image-preview":"max-image-preview:large","max-video-preview":"max-video-preview:-1"},"og_locale":"fr_CA","og_type":"article","og_title":"Nissan mettra fin \u00e0 la production de l\u2019Altima et de la Versa d\u2019ici 2025 - CanadaMotorJobs.com","og_description":"Nissan mettra fin \u00e0 la production de l\u2019Altima et de la Versa d\u2019ici 2025 - Benoit Charette - Annuel automobile - CanadaMotorJobs.com.","og_url":"https:\/\/news.canadamotorjobs.com\/fr\/nissan-mettra-fin-a-la-production-de-laltima-et-de-la-versa-dici-2025\/","og_site_name":"CanadaMotorJobs.com","article_publisher":"https:\/\/www.facebook.com\/canadamotorjobs\/","article_published_time":"2023-09-02T13:07:57+00:00","article_modified_time":"2023-09-02T13:14:40+00:00","og_image":[{"width":568,"height":426,"url":"https:\/\/news.canadamotorjobs.com\/wp-content\/uploads\/2023\/09\/f5fa38c00f069146aefbeaa24b0cc765x.jpg","type":"image\/jpeg"}],"author":"Benoit Charette","twitter_card":"summary_large_image","twitter_creator":"@canadamotorjobs","twitter_site":"@canadamotorjobs","twitter_misc":{"\u00c9crit par":"Benoit Charette","Estimation du temps de lecture":"2 minutes"},"schema":{"@context":"https:\/\/schema.org","@graph":[{"@type":"Article","@id":"https:\/\/news.canadamotorjobs.com\/fr\/nissan-mettra-fin-a-la-production-de-laltima-et-de-la-versa-dici-2025\/#article","isPartOf":{"@id":"https:\/\/news.canadamotorjobs.com\/fr\/nissan-mettra-fin-a-la-production-de-laltima-et-de-la-versa-dici-2025\/"},"author":{"name":"Benoit Charette","@id":"https:\/\/news.canadamotorjobs.com\/#\/schema\/person\/51793d1f87d44011d7bcc2ed99269a90"},"headline":"Nissan mettra fin \u00e0 la production de l\u2019Altima et de la Versa d\u2019ici 2025","datePublished":"2023-09-02T13:07:57+00:00","dateModified":"2023-09-02T13:14:40+00:00","mainEntityOfPage":{"@id":"https:\/\/news.canadamotorjobs.com\/fr\/nissan-mettra-fin-a-la-production-de-laltima-et-de-la-versa-dici-2025\/"},"wordCount":468,"publisher":{"@id":"https:\/\/news.canadamotorjobs.com\/#organization"},"image":{"@id":"https:\/\/news.canadamotorjobs.com\/fr\/nissan-mettra-fin-a-la-production-de-laltima-et-de-la-versa-dici-2025\/#primaryimage"},"thumbnailUrl":"https:\/\/news.canadamotorjobs.com\/wp-content\/uploads\/2023\/09\/f5fa38c00f069146aefbeaa24b0cc765x.jpg","articleSection":["Annuel automobile"],"inLanguage":"fr-CA"},{"@type":"WebPage","@id":"https:\/\/news.canadamotorjobs.com\/fr\/nissan-mettra-fin-a-la-production-de-laltima-et-de-la-versa-dici-2025\/","url":"https:\/\/news.canadamotorjobs.com\/fr\/nissan-mettra-fin-a-la-production-de-laltima-et-de-la-versa-dici-2025\/","name":"Nissan mettra fin \u00e0 la production de l\u2019Altima et de la Versa d\u2019ici 2025 - CanadaMotorJobs.com","isPartOf":{"@id":"https:\/\/news.canadamotorjobs.com\/#website"},"primaryImageOfPage":{"@id":"https:\/\/news.canadamotorjobs.com\/fr\/nissan-mettra-fin-a-la-production-de-laltima-et-de-la-versa-dici-2025\/#primaryimage"},"image":{"@id":"https:\/\/news.canadamotorjobs.com\/fr\/nissan-mettra-fin-a-la-production-de-laltima-et-de-la-versa-dici-2025\/#primaryimage"},"thumbnailUrl":"https:\/\/news.canadamotorjobs.com\/wp-content\/uploads\/2023\/09\/f5fa38c00f069146aefbeaa24b0cc765x.jpg","datePublished":"2023-09-02T13:07:57+00:00","dateModified":"2023-09-02T13:14:40+00:00","description":"Nissan mettra fin \u00e0 la production de l\u2019Altima et de la Versa d\u2019ici 2025 - Benoit Charette - Annuel automobile - CanadaMotorJobs.com.","breadcrumb":{"@id":"https:\/\/news.canadamotorjobs.com\/fr\/nissan-mettra-fin-a-la-production-de-laltima-et-de-la-versa-dici-2025\/#breadcrumb"},"inLanguage":"fr-CA","potentialAction":[{"@type":"ReadAction","target":["https:\/\/news.canadamotorjobs.com\/fr\/nissan-mettra-fin-a-la-production-de-laltima-et-de-la-versa-dici-2025\/"]}]},{"@type":"ImageObject","inLanguage":"fr-CA","@id":"https:\/\/news.canadamotorjobs.com\/fr\/nissan-mettra-fin-a-la-production-de-laltima-et-de-la-versa-dici-2025\/#primaryimage","url":"https:\/\/news.canadamotorjobs.com\/wp-content\/uploads\/2023\/09\/f5fa38c00f069146aefbeaa24b0cc765x.jpg","contentUrl":"https:\/\/news.canadamotorjobs.com\/wp-content\/uploads\/2023\/09\/f5fa38c00f069146aefbeaa24b0cc765x.jpg","width":568,"height":426},{"@type":"BreadcrumbList","@id":"https:\/\/news.canadamotorjobs.com\/fr\/nissan-mettra-fin-a-la-production-de-laltima-et-de-la-versa-dici-2025\/#breadcrumb","itemListElement":[{"@type":"ListItem","position":1,"name":"Home","item":"https:\/\/news.canadamotorjobs.com\/fr\/blog\/"},{"@type":"ListItem","position":2,"name":"Nissan mettra fin \u00e0 la production de l\u2019Altima et de la Versa d\u2019ici 2025"}]},{"@type":"WebSite","@id":"https:\/\/news.canadamotorjobs.com\/#website","url":"https:\/\/news.canadamotorjobs.com\/","name":"CanadaMotorJobs.com","description":"Automotive Jobs","publisher":{"@id":"https:\/\/news.canadamotorjobs.com\/#organization"},"potentialAction":[{"@type":"SearchAction","target":{"@type":"EntryPoint","urlTemplate":"https:\/\/news.canadamotorjobs.com\/?s={search_term_string}"},"query-input":"required name=search_term_string"}],"inLanguage":"fr-CA"},{"@type":"Organization","@id":"https:\/\/news.canadamotorjobs.com\/#organization","name":"Canada Motor Jobs","url":"https:\/\/news.canadamotorjobs.com\/","logo":{"@type":"ImageObject","inLanguage":"fr-CA","@id":"https:\/\/news.canadamotorjobs.com\/#\/schema\/logo\/image\/","url":"https:\/\/news.canadamotorjobs.com\/wp-content\/uploads\/2022\/10\/logo-canada-motor-jobs-1.png","contentUrl":"https:\/\/news.canadamotorjobs.com\/wp-content\/uploads\/2022\/10\/logo-canada-motor-jobs-1.png","width":800,"height":400,"caption":"Canada Motor Jobs"},"image":{"@id":"https:\/\/news.canadamotorjobs.com\/#\/schema\/logo\/image\/"},"sameAs":["https:\/\/www.facebook.com\/canadamotorjobs\/","https:\/\/x.com\/canadamotorjobs","https:\/\/www.instagram.com\/canadamotorjobs\/","https:\/\/www.linkedin.com\/company\/canadamotorjobs"]},{"@type":"Person","@id":"https:\/\/news.canadamotorjobs.com\/#\/schema\/person\/51793d1f87d44011d7bcc2ed99269a90","name":"Benoit Charette","image":{"@type":"ImageObject","inLanguage":"fr-CA","@id":"https:\/\/news.canadamotorjobs.com\/#\/schema\/person\/image\/","url":"https:\/\/secure.gravatar.com\/avatar\/45f3d2eebcccd909668d7ce7ea7267b6?s=96&d=mm&r=g","contentUrl":"https:\/\/secure.gravatar.com\/avatar\/45f3d2eebcccd909668d7ce7ea7267b6?s=96&d=mm&r=g","caption":"Benoit Charette"},"description":"Benoit Charette \/ Propri\u00e9taire et r\u00e9dacteur en chef Benoit Charette pratique le journalisme automobile depuis bient\u00f4t 30 ans. Il a fait ses classes au c\u00f4t\u00e9 de Daniel H\u00e9raud et au Carnet de route de 1992 \u00e0 2001. Il est fondateur, copropri\u00e9taire et r\u00e9dacteur en chef de L\u2019Annuel de l\u2019automobile, qu\u2019il publie depuis 2001. Il a anim\u00e9 les \u00e9missions RPM et RPM+ sur V et les L\u00e9gendes de la route sur Historia. \u00c0 la radio depuis 1986, il reprend l\u2019antenne cette ann\u00e9e sur les ondes de Cogeco et participe pour la deuxi\u00e8me ann\u00e9e \u00e0 l\u2019\u00e9mission Passion Auto sur RDS en plus de mettre en ligne le site Web officiel de L\u2019Annuel de l\u2019automobile sur annuelauto.ca.","sameAs":["https:\/\/annuelauto.ca\/"],"url":"https:\/\/news.canadamotorjobs.com\/fr\/author\/benoit-charette\/"}]}},"_links":{"self":[{"href":"https:\/\/news.canadamotorjobs.com\/fr\/wp-json\/wp\/v2\/posts\/150720"}],"collection":[{"href":"https:\/\/news.canadamotorjobs.com\/fr\/wp-json\/wp\/v2\/posts"}],"about":[{"href":"https:\/\/news.canadamotorjobs.com\/fr\/wp-json\/wp\/v2\/types\/post"}],"author":[{"embeddable":true,"href":"https:\/\/news.canadamotorjobs.com\/fr\/wp-json\/wp\/v2\/users\/8"}],"replies":[{"embeddable":true,"href":"https:\/\/news.canadamotorjobs.com\/fr\/wp-json\/wp\/v2\/comments?post=150720"}],"version-history":[{"count":2,"href":"https:\/\/news.canadamotorjobs.com\/fr\/wp-json\/wp\/v2\/posts\/150720\/revisions"}],"predecessor-version":[{"id":150724,"href":"https:\/\/news.canadamotorjobs.com\/fr\/wp-json\/wp\/v2\/posts\/150720\/revisions\/150724"}],"wp:featuredmedia":[{"embeddable":true,"href":"https:\/\/news.canadamotorjobs.com\/fr\/wp-json\/wp\/v2\/media\/150722"}],"wp:attachment":[{"href":"https:\/\/news.canadamotorjobs.com\/fr\/wp-json\/wp\/v2\/media?parent=150720"}],"wp:term":[{"taxonomy":"category","embeddable":true,"href":"https:\/\/news.canadamotorjobs.com\/fr\/wp-json\/wp\/v2\/categories?post=150720"},{"taxonomy":"post_tag","embeddable":true,"href":"https:\/\/news.canadamotorjobs.com\/fr\/wp-json\/wp\/v2\/tags?post=150720"}],"curies":[{"name":"wp","href":"https:\/\/api.w.org\/{rel}","templated":true}]}}