{"id":150701,"date":"2023-09-02T08:45:29","date_gmt":"2023-09-02T12:45:29","guid":{"rendered":"https:\/\/news.canadamotorjobs.com\/?p=150701"},"modified":"2023-09-02T09:01:51","modified_gmt":"2023-09-02T13:01:51","slug":"ford-annonce-le-rappel-de-169-000-vehicules","status":"publish","type":"post","link":"https:\/\/news.canadamotorjobs.com\/fr\/ford-annonce-le-rappel-de-169-000-vehicules\/","title":{"rendered":"Ford annonce le rappel de 169 000 v\u00e9hicules"},"content":{"rendered":"<\/p>\n<p>Dans une annonce r\u00e9cente, Ford Motor a d\u00e9clar\u00e9 qu&#8217;il proc\u00e9derait au rappel de 169 000 v\u00e9hicules am\u00e9ricains dans le but de remplacer les cam\u00e9ras de recul d\u00e9fectueuses et de mettre \u00e0 jour le logiciel associ\u00e9. Cette mesure s&#8217;accompagnera d&#8217;une charge financi\u00e8re estim\u00e9e \u00e0 270 millions de dollars pour l&#8217;entreprise. Cette d\u00e9cision intervient dans le cadre d&#8217;une s\u00e9rie de rappels li\u00e9s aux cam\u00e9ras de recul, un probl\u00e8me r\u00e9current pour le deuxi\u00e8me plus grand constructeur automobile am\u00e9ricain au cours des derni\u00e8res ann\u00e9es.<\/p>\n<h3><strong>Ant\u00e9c\u00e9dents de rappels<\/strong><\/h3>\n<p>\nCe rappel fait suite \u00e0 une s\u00e9rie de pr\u00e9c\u00e9dents rappels concernant les cam\u00e9ras de recul de Ford. En mai, le constructeur de Detroit avait rappel\u00e9 422 000 v\u00e9hicules aux \u00c9tats-Unis en raison d&#8217;un risque de d\u00e9faillance de l&#8217;affichage de la cam\u00e9ra de recul, faisant suite \u00e0 un pr\u00e9c\u00e9dent rappel en janvier de 462 000 v\u00e9hicules \u00e0 l&#8217;\u00e9chelle mondiale. Il convient de noter que de nombreux v\u00e9hicules ont d\u00e9j\u00e0 fait l&#8217;objet de plusieurs rappels pour le m\u00eame probl\u00e8me.<\/p>\n<h3><strong>Risques associ\u00e9s \u00e0 la d\u00e9faillance de la cam\u00e9ra de recul<\/strong><\/h3>\n<p>\nSelon la National Highway Traffic Safety Administration (NHTSA), la perte de l&#8217;image de la cam\u00e9ra de recul peut consid\u00e9rablement r\u00e9duire la visibilit\u00e9 arri\u00e8re du conducteur, augmentant ainsi le risque d&#8217;accident sur la route.<\/p>\n<h3><strong>V\u00e9hicules concern\u00e9s par le rappel<\/strong><\/h3>\n<p>\nFord a pr\u00e9cis\u00e9 que ce rappel engloberait les mod\u00e8les suivants : Explorer et Aviator de 2020 \u00e0 2023, Corsair de 2020 \u00e0 2022, Transit de 2022 \u00e0 2023, Navigator de 2018 \u00e0 2021 et Bronco de 2021. Les propri\u00e9taires de ces v\u00e9hicules devraient \u00eatre inform\u00e9s des d\u00e9marches n\u00e9cessaires pour le remplacement de la cam\u00e9ra de recul et la mise \u00e0 jour du logiciel.<\/p>\n<h3><strong>Co\u00fbt du rappel<\/strong><\/h3>\n<p>\nDans un d\u00e9p\u00f4t effectu\u00e9 aupr\u00e8s de la Securities and Exchange Commission (SEC), Ford a estim\u00e9 que le co\u00fbt total de cette op\u00e9ration, incluant le remplacement des cam\u00e9ras et la mise \u00e0 jour du logiciel, s&#8217;\u00e9l\u00e8verait \u00e0 environ 270 millions de dollars.<\/p>\n<h3><strong>Rapports de d\u00e9faillances et d&#8217;accidents<\/strong><\/h3>\n<p>\nFord a \u00e9galement rapport\u00e9 que dans le cadre de ce dernier rappel, la soci\u00e9t\u00e9 avait re\u00e7u 3 486 rapports de garantie faisant \u00e9tat de d\u00e9faillances de la cam\u00e9ra arri\u00e8re, ainsi que des rapports de deux accidents mineurs, heureusement sans blessures corporelles.<\/p>\n<h3><strong>Enqu\u00eate en cours<\/strong><\/h3>\n<p>\nDepuis 2021, la NHTSA m\u00e8ne une enqu\u00eate pour d\u00e9terminer si Ford a retard\u00e9 un rappel de 620 000 v\u00e9hicules en 2020 en lien avec un probl\u00e8me de cam\u00e9ra arri\u00e8re, et si la soci\u00e9t\u00e9 a proc\u00e9d\u00e9 \u00e0 un nombre suffisant de rappels pour r\u00e9soudre ce probl\u00e8me persistant. Cette enqu\u00eate vise \u00e0 garantir la s\u00e9curit\u00e9 des conducteurs et des passagers sur les routes am\u00e9ricaines. Au Canada, les m\u00eames v\u00e9hicules circulent sur nos routes et feront sans doute aussi l&#8217;objet d&#8217;un rappel.<\/p>\n<p>Avec des renseignements de REUTERS<\/p>\n<p>Le texte <a rel=\"nofollow\" href=\"https:\/\/annuelauto.ca\/ford-annonce-le-rappel-de-169-000-vehicules\/\">Ford annonce le rappel de 169 000 v\u00e9hicules<\/a> provient de <a rel=\"nofollow\" href=\"https:\/\/annuelauto.ca\">L&#8217;annuel de l&#8217;automobile &#8211; Actualit\u00e9 automobile<\/a><\/p>\n<p><\/p>\n","protected":false},"excerpt":{"rendered":"<p>Dans une annonce r\u00e9cente, Ford Motor a d\u00e9clar\u00e9 qu&#8217;il proc\u00e9derait au rappel de 169 000 v\u00e9hicules am\u00e9ricains dans le but de remplacer les cam\u00e9ras de recul d\u00e9fectueuses et de mettre \u00e0 jour le logiciel associ\u00e9. Cette mesure s&#8217;accompagnera d&#8217;une charge financi\u00e8re estim\u00e9e \u00e0 270 millions de dollars pour l&#8217;entreprise. Cette d\u00e9cision intervient dans le cadre [&hellip;]<\/p>\n","protected":false},"author":8,"featured_media":150703,"comment_status":"close","ping_status":"closed","sticky":false,"template":"","format":"standard","meta":{"_monsterinsights_skip_tracking":false,"_monsterinsights_sitenote_active":false,"_monsterinsights_sitenote_note":"","_monsterinsights_sitenote_category":0,"footnotes":""},"categories":[101],"tags":[],"yoast_head":"<!-- This site is optimized with the Yoast SEO plugin v23.2 - https:\/\/yoast.com\/wordpress\/plugins\/seo\/ -->\n<title>Ford annonce le rappel de 169 000 v\u00e9hicules - CanadaMotorJobs.com<\/title>\n<meta name=\"description\" content=\"Ford annonce le rappel de 169 000 v\u00e9hicules - Benoit Charette - Annuel automobile - CanadaMotorJobs.com.\" \/>\n<meta name=\"robots\" content=\"index, follow, max-snippet:-1, max-image-preview:large, max-video-preview:-1\" \/>\n<meta property=\"og:locale\" content=\"fr_CA\" \/>\n<meta property=\"og:type\" content=\"article\" \/>\n<meta property=\"og:title\" content=\"Ford annonce le rappel de 169 000 v\u00e9hicules - CanadaMotorJobs.com\" \/>\n<meta property=\"og:description\" content=\"Ford annonce le rappel de 169 000 v\u00e9hicules - Benoit Charette - Annuel automobile - CanadaMotorJobs.com.\" \/>\n<meta property=\"og:url\" content=\"https:\/\/news.canadamotorjobs.com\/fr\/ford-annonce-le-rappel-de-169-000-vehicules\/\" \/>\n<meta property=\"og:site_name\" content=\"CanadaMotorJobs.com\" \/>\n<meta property=\"article:publisher\" content=\"https:\/\/www.facebook.com\/canadamotorjobs\/\" \/>\n<meta property=\"article:published_time\" content=\"2023-09-02T12:45:29+00:00\" \/>\n<meta property=\"article:modified_time\" content=\"2023-09-02T13:01:51+00:00\" \/>\n<meta property=\"og:image\" content=\"https:\/\/news.canadamotorjobs.com\/wp-content\/uploads\/2023\/09\/IMG_4531.jpg\" \/>\n\t<meta property=\"og:image:width\" content=\"986\" \/>\n\t<meta property=\"og:image:height\" content=\"657\" \/>\n\t<meta property=\"og:image:type\" content=\"image\/jpeg\" \/>\n<meta name=\"author\" content=\"Benoit Charette\" \/>\n<meta name=\"twitter:card\" content=\"summary_large_image\" \/>\n<meta name=\"twitter:creator\" content=\"@canadamotorjobs\" \/>\n<meta name=\"twitter:site\" content=\"@canadamotorjobs\" \/>\n<meta name=\"twitter:label1\" content=\"\u00c9crit par\" \/>\n\t<meta name=\"twitter:data1\" content=\"Benoit Charette\" \/>\n\t<meta name=\"twitter:label2\" content=\"Estimation du temps de lecture\" \/>\n\t<meta name=\"twitter:data2\" content=\"3 minutes\" \/>\n<!-- \/ Yoast SEO plugin. -->","yoast_head_json":{"title":"Ford annonce le rappel de 169 000 v\u00e9hicules - CanadaMotorJobs.com","description":"Ford annonce le rappel de 169 000 v\u00e9hicules - Benoit Charette - Annuel automobile - CanadaMotorJobs.com.","robots":{"index":"index","follow":"follow","max-snippet":"max-snippet:-1","max-image-preview":"max-image-preview:large","max-video-preview":"max-video-preview:-1"},"og_locale":"fr_CA","og_type":"article","og_title":"Ford annonce le rappel de 169 000 v\u00e9hicules - CanadaMotorJobs.com","og_description":"Ford annonce le rappel de 169 000 v\u00e9hicules - Benoit Charette - Annuel automobile - CanadaMotorJobs.com.","og_url":"https:\/\/news.canadamotorjobs.com\/fr\/ford-annonce-le-rappel-de-169-000-vehicules\/","og_site_name":"CanadaMotorJobs.com","article_publisher":"https:\/\/www.facebook.com\/canadamotorjobs\/","article_published_time":"2023-09-02T12:45:29+00:00","article_modified_time":"2023-09-02T13:01:51+00:00","og_image":[{"width":986,"height":657,"url":"https:\/\/news.canadamotorjobs.com\/wp-content\/uploads\/2023\/09\/IMG_4531.jpg","type":"image\/jpeg"}],"author":"Benoit Charette","twitter_card":"summary_large_image","twitter_creator":"@canadamotorjobs","twitter_site":"@canadamotorjobs","twitter_misc":{"\u00c9crit par":"Benoit Charette","Estimation du temps de lecture":"3 minutes"},"schema":{"@context":"https:\/\/schema.org","@graph":[{"@type":"Article","@id":"https:\/\/news.canadamotorjobs.com\/fr\/ford-annonce-le-rappel-de-169-000-vehicules\/#article","isPartOf":{"@id":"https:\/\/news.canadamotorjobs.com\/fr\/ford-annonce-le-rappel-de-169-000-vehicules\/"},"author":{"name":"Benoit Charette","@id":"https:\/\/news.canadamotorjobs.com\/#\/schema\/person\/51793d1f87d44011d7bcc2ed99269a90"},"headline":"Ford annonce le rappel de 169 000 v\u00e9hicules","datePublished":"2023-09-02T12:45:29+00:00","dateModified":"2023-09-02T13:01:51+00:00","mainEntityOfPage":{"@id":"https:\/\/news.canadamotorjobs.com\/fr\/ford-annonce-le-rappel-de-169-000-vehicules\/"},"wordCount":532,"publisher":{"@id":"https:\/\/news.canadamotorjobs.com\/#organization"},"image":{"@id":"https:\/\/news.canadamotorjobs.com\/fr\/ford-annonce-le-rappel-de-169-000-vehicules\/#primaryimage"},"thumbnailUrl":"https:\/\/news.canadamotorjobs.com\/wp-content\/uploads\/2023\/09\/IMG_4531.jpg","articleSection":["Annuel automobile"],"inLanguage":"fr-CA"},{"@type":"WebPage","@id":"https:\/\/news.canadamotorjobs.com\/fr\/ford-annonce-le-rappel-de-169-000-vehicules\/","url":"https:\/\/news.canadamotorjobs.com\/fr\/ford-annonce-le-rappel-de-169-000-vehicules\/","name":"Ford annonce le rappel de 169 000 v\u00e9hicules - CanadaMotorJobs.com","isPartOf":{"@id":"https:\/\/news.canadamotorjobs.com\/#website"},"primaryImageOfPage":{"@id":"https:\/\/news.canadamotorjobs.com\/fr\/ford-annonce-le-rappel-de-169-000-vehicules\/#primaryimage"},"image":{"@id":"https:\/\/news.canadamotorjobs.com\/fr\/ford-annonce-le-rappel-de-169-000-vehicules\/#primaryimage"},"thumbnailUrl":"https:\/\/news.canadamotorjobs.com\/wp-content\/uploads\/2023\/09\/IMG_4531.jpg","datePublished":"2023-09-02T12:45:29+00:00","dateModified":"2023-09-02T13:01:51+00:00","description":"Ford annonce le rappel de 169 000 v\u00e9hicules - Benoit Charette - Annuel automobile - CanadaMotorJobs.com.","breadcrumb":{"@id":"https:\/\/news.canadamotorjobs.com\/fr\/ford-annonce-le-rappel-de-169-000-vehicules\/#breadcrumb"},"inLanguage":"fr-CA","potentialAction":[{"@type":"ReadAction","target":["https:\/\/news.canadamotorjobs.com\/fr\/ford-annonce-le-rappel-de-169-000-vehicules\/"]}]},{"@type":"ImageObject","inLanguage":"fr-CA","@id":"https:\/\/news.canadamotorjobs.com\/fr\/ford-annonce-le-rappel-de-169-000-vehicules\/#primaryimage","url":"https:\/\/news.canadamotorjobs.com\/wp-content\/uploads\/2023\/09\/IMG_4531.jpg","contentUrl":"https:\/\/news.canadamotorjobs.com\/wp-content\/uploads\/2023\/09\/IMG_4531.jpg","width":986,"height":657},{"@type":"BreadcrumbList","@id":"https:\/\/news.canadamotorjobs.com\/fr\/ford-annonce-le-rappel-de-169-000-vehicules\/#breadcrumb","itemListElement":[{"@type":"ListItem","position":1,"name":"Home","item":"https:\/\/news.canadamotorjobs.com\/fr\/blog\/"},{"@type":"ListItem","position":2,"name":"Ford annonce le rappel de 169 000 v\u00e9hicules"}]},{"@type":"WebSite","@id":"https:\/\/news.canadamotorjobs.com\/#website","url":"https:\/\/news.canadamotorjobs.com\/","name":"CanadaMotorJobs.com","description":"Automotive Jobs","publisher":{"@id":"https:\/\/news.canadamotorjobs.com\/#organization"},"potentialAction":[{"@type":"SearchAction","target":{"@type":"EntryPoint","urlTemplate":"https:\/\/news.canadamotorjobs.com\/?s={search_term_string}"},"query-input":"required name=search_term_string"}],"inLanguage":"fr-CA"},{"@type":"Organization","@id":"https:\/\/news.canadamotorjobs.com\/#organization","name":"Canada Motor Jobs","url":"https:\/\/news.canadamotorjobs.com\/","logo":{"@type":"ImageObject","inLanguage":"fr-CA","@id":"https:\/\/news.canadamotorjobs.com\/#\/schema\/logo\/image\/","url":"https:\/\/news.canadamotorjobs.com\/wp-content\/uploads\/2022\/10\/logo-canada-motor-jobs-1.png","contentUrl":"https:\/\/news.canadamotorjobs.com\/wp-content\/uploads\/2022\/10\/logo-canada-motor-jobs-1.png","width":800,"height":400,"caption":"Canada Motor Jobs"},"image":{"@id":"https:\/\/news.canadamotorjobs.com\/#\/schema\/logo\/image\/"},"sameAs":["https:\/\/www.facebook.com\/canadamotorjobs\/","https:\/\/x.com\/canadamotorjobs","https:\/\/www.instagram.com\/canadamotorjobs\/","https:\/\/www.linkedin.com\/company\/canadamotorjobs"]},{"@type":"Person","@id":"https:\/\/news.canadamotorjobs.com\/#\/schema\/person\/51793d1f87d44011d7bcc2ed99269a90","name":"Benoit Charette","image":{"@type":"ImageObject","inLanguage":"fr-CA","@id":"https:\/\/news.canadamotorjobs.com\/#\/schema\/person\/image\/","url":"https:\/\/secure.gravatar.com\/avatar\/45f3d2eebcccd909668d7ce7ea7267b6?s=96&d=mm&r=g","contentUrl":"https:\/\/secure.gravatar.com\/avatar\/45f3d2eebcccd909668d7ce7ea7267b6?s=96&d=mm&r=g","caption":"Benoit Charette"},"description":"Benoit Charette \/ Propri\u00e9taire et r\u00e9dacteur en chef Benoit Charette pratique le journalisme automobile depuis bient\u00f4t 30 ans. Il a fait ses classes au c\u00f4t\u00e9 de Daniel H\u00e9raud et au Carnet de route de 1992 \u00e0 2001. Il est fondateur, copropri\u00e9taire et r\u00e9dacteur en chef de L\u2019Annuel de l\u2019automobile, qu\u2019il publie depuis 2001. Il a anim\u00e9 les \u00e9missions RPM et RPM+ sur V et les L\u00e9gendes de la route sur Historia. \u00c0 la radio depuis 1986, il reprend l\u2019antenne cette ann\u00e9e sur les ondes de Cogeco et participe pour la deuxi\u00e8me ann\u00e9e \u00e0 l\u2019\u00e9mission Passion Auto sur RDS en plus de mettre en ligne le site Web officiel de L\u2019Annuel de l\u2019automobile sur annuelauto.ca.","sameAs":["https:\/\/annuelauto.ca\/"],"url":"https:\/\/news.canadamotorjobs.com\/fr\/author\/benoit-charette\/"}]}},"_links":{"self":[{"href":"https:\/\/news.canadamotorjobs.com\/fr\/wp-json\/wp\/v2\/posts\/150701"}],"collection":[{"href":"https:\/\/news.canadamotorjobs.com\/fr\/wp-json\/wp\/v2\/posts"}],"about":[{"href":"https:\/\/news.canadamotorjobs.com\/fr\/wp-json\/wp\/v2\/types\/post"}],"author":[{"embeddable":true,"href":"https:\/\/news.canadamotorjobs.com\/fr\/wp-json\/wp\/v2\/users\/8"}],"replies":[{"embeddable":true,"href":"https:\/\/news.canadamotorjobs.com\/fr\/wp-json\/wp\/v2\/comments?post=150701"}],"version-history":[{"count":2,"href":"https:\/\/news.canadamotorjobs.com\/fr\/wp-json\/wp\/v2\/posts\/150701\/revisions"}],"predecessor-version":[{"id":150705,"href":"https:\/\/news.canadamotorjobs.com\/fr\/wp-json\/wp\/v2\/posts\/150701\/revisions\/150705"}],"wp:featuredmedia":[{"embeddable":true,"href":"https:\/\/news.canadamotorjobs.com\/fr\/wp-json\/wp\/v2\/media\/150703"}],"wp:attachment":[{"href":"https:\/\/news.canadamotorjobs.com\/fr\/wp-json\/wp\/v2\/media?parent=150701"}],"wp:term":[{"taxonomy":"category","embeddable":true,"href":"https:\/\/news.canadamotorjobs.com\/fr\/wp-json\/wp\/v2\/categories?post=150701"},{"taxonomy":"post_tag","embeddable":true,"href":"https:\/\/news.canadamotorjobs.com\/fr\/wp-json\/wp\/v2\/tags?post=150701"}],"curies":[{"name":"wp","href":"https:\/\/api.w.org\/{rel}","templated":true}]}}