{"id":150655,"date":"2023-09-01T08:37:48","date_gmt":"2023-09-01T12:37:48","guid":{"rendered":"https:\/\/news.canadamotorjobs.com\/?p=150655"},"modified":"2023-09-01T08:46:44","modified_gmt":"2023-09-01T12:46:44","slug":"voici-le-nouveau-mini-countryman-2025","status":"publish","type":"post","link":"https:\/\/news.canadamotorjobs.com\/fr\/voici-le-nouveau-mini-countryman-2025\/","title":{"rendered":"Voici le nouveau MINI Countryman 2025"},"content":{"rendered":"<\/p>\n<h3>&#8211; Le SE ALL4 \u00e0 double moteur d\u00e9veloppe 308 chevaux et 364 lb-pi de couple.<\/h3>\n<p><\/p>\n<h3>&#8211; La nouvelle Mini Countryman est disponible en version tout \u00e9lectrique et en version essence-<\/h3>\n<p><\/p>\n<h3>&#8211; Le Countryman E \u00e0 moteur unique d\u00e9veloppe 201 ch\/184 lb-pi ; le Countryman SE ALL4 d\u00e9veloppe 308 ch\/364 lb-pi.<\/h3>\n<p><\/p>\n<h3>&#8211; Il faut moins de 30 minutes pour passer de 10 % \u00e0 80 % sur un chargeur rapide \u00e0 courant continu.<\/h3>\n<p><\/p>\n<h3>&#8211; L&#8217;int\u00e9rieur minimaliste comprend des textiles recycl\u00e9s et des technologies de pointe.<\/h3>\n<p>\nMini a enfin r\u00e9v\u00e9l\u00e9 son tout nouveau Countryman qui mise sur le style, le d\u00e9veloppement durable et une exp\u00e9rience de conduite divertissante. Tout comme son pr\u00e9d\u00e9cesseur, il est le plus grand v\u00e9hicule de la gamme Mini, offrant aux familles une solution pratique emball\u00e9e dans le charme classique de la marque.<\/p>\n<h3><strong>Deux choix en \u00e9lectrique<\/strong><\/h3>\n<p>\nAu lancement, deux variantes sont disponibles : le Countryman E et le SE ALL4. Le mod\u00e8le E \u00e0 moteur unique d\u00e9veloppe 201 chevaux et 184 lb-pi de couple, atteignant de 0 \u00e0 100 km\/h en 8,6 secondes. Les amateurs de performances seront s\u00e9duits par la SE ALL4 \u00e0 double moteur, d\u00e9livrant 308 ch et 364 lb-pi de couple, acc\u00e9l\u00e9rant \u00e0 100 km\/h trois secondes plus rapidement que le Countryman E, et atteignant une vitesse de pointe de 180km\/h. L&#8217;autonomie est estim\u00e9e \u00e0 460 km pour le mod\u00e8le de base et \u00e0 432 km pour le SE ALL4 en mode WLTP.<\/p>\n<h3><strong>Options de moteur \u00e0 essence \u00e9galement disponibles.<\/strong><\/h3>\n<p>\nMini propose \u00e9galement deux moteurs \u00e0 essence : le Countryman C \u00e0 traction avant, le Countryman S All4 \u00e0 transmission int\u00e9grale, ainsi qu&#8217;un Countryman JCW \u00e0 &#8220;puissance accrue&#8221;. Les sp\u00e9cifications d\u00e9taill\u00e9es de ces mod\u00e8les n&#8217;ont pas encore \u00e9t\u00e9 communiqu\u00e9es, tandis qu&#8217;une variante diesel ne sera probablement pas commercialis\u00e9e aux \u00c9tats-Unis.<\/p>\n<h3><strong>Un plaisir de conduite am\u00e9lior\u00e9 gr\u00e2ce au nouveau ch\u00e2ssis.<\/strong><\/h3>\n<p>\nMini assure que le nouveau Countryman offrira une exp\u00e9rience de conduite plaisante, gr\u00e2ce \u00e0 son nouveau ch\u00e2ssis. Tous les mod\u00e8les b\u00e9n\u00e9ficient d&#8217;un syst\u00e8me d&#8217;amortissement pr\u00e9cis\u00e9ment r\u00e9gl\u00e9, offrant une direction plus pr\u00e9cise et une meilleure maniabilit\u00e9 gr\u00e2ce \u00e0 des stabilisateurs pr\u00e9charg\u00e9s.<\/p>\n<h3><strong>Un design ext\u00e9rieur moderne et personnalisable.<\/strong><\/h3>\n<p>\nLe design ext\u00e9rieur du Countryman est moderne, audacieux, et conserve l&#8217;essence de Mini. Malgr\u00e9 son look anguleux, il est plus a\u00e9rodynamique que son pr\u00e9d\u00e9cesseur, offrant une meilleure efficacit\u00e9 avec un coefficient de tra\u00een\u00e9e de 0,26 contre 0,31 pour le mod\u00e8le pr\u00e9c\u00e9dent. La calandre octogonale domine l&#8217;avant, avec diverses options de finition.<\/p>\n<h3><strong>Technologie et durabilit\u00e9 \u00e0 l&#8217;int\u00e9rieur.<\/strong><\/h3>\n<p>\n\u00c0 l&#8217;int\u00e9rieur, le Countryman pr\u00e9sente un tableau de bord courb\u00e9 et un \u00e9cran central. Les mat\u00e9riaux de qualit\u00e9 incluent des textiles recycl\u00e9s. L&#8217;\u00e9cran est facilement accessible, et le Mini Operating System 9 promet une exp\u00e9rience utilisateur transparente.<\/p>\n<h3><strong>Espace, confort et personnalisation.<\/strong><\/h3>\n<p>\nLes passagers b\u00e9n\u00e9ficient d&#8217;un espace accru, avec des si\u00e8ges avant plus spacieux et des si\u00e8ges arri\u00e8re qui offrent \u00e9galement plus de confort. L&#8217;espace de rangement est g\u00e9n\u00e9reux, et la banquette arri\u00e8re est coulissante pour plus de flexibilit\u00e9. Un toit en verre en option cr\u00e9e une sensation d&#8217;espace suppl\u00e9mentaire.<\/p>\n<h3><strong>Technologie avanc\u00e9e et s\u00e9curit\u00e9.<\/strong><\/h3>\n<p>\nLe Countryman est \u00e9quip\u00e9 des derni\u00e8res technologies de s\u00e9curit\u00e9 et d&#8217;aide \u00e0 la conduite, y compris un assistant personnel intelligent qui apprend les pr\u00e9f\u00e9rences de l&#8217;utilisateur. Il est \u00e9galement \u00e9quip\u00e9 du pack Driving Assistant Plus, offrant un r\u00e9gulateur de vitesse actif et une assistance \u00e0 la direction et \u00e0 la trajectoire.<\/p>\n<h3><strong>Prix et disponibilit\u00e9.<\/strong><\/h3>\n<p>\nLes prix n&#8217;ont pas encore \u00e9t\u00e9 annonc\u00e9s, mais on s&#8217;attend \u00e0 ce que le mod\u00e8le 2024 soit l\u00e9g\u00e8rement plus cher que le mod\u00e8le actuel, Le nouveau Countryman devrait arriver au Canada l&#8217;ann\u00e9e prochaine.<\/p>\n<p>\u00a0<\/p>\n<p>Le texte <a rel=\"nofollow\" href=\"https:\/\/annuelauto.ca\/voici-le-nouveau-mini-countryman-2025\/\">Voici le nouveau MINI Countryman 2025<\/a> provient de <a rel=\"nofollow\" href=\"https:\/\/annuelauto.ca\">L&#8217;annuel de l&#8217;automobile &#8211; Actualit\u00e9 automobile<\/a><\/p>\n<p><\/p>\n","protected":false},"excerpt":{"rendered":"<p>&#8211; Le SE ALL4 \u00e0 double moteur d\u00e9veloppe 308 chevaux et 364 lb-pi de couple. &#8211; La nouvelle Mini Countryman est disponible en version tout \u00e9lectrique et en version essence- &#8211; Le Countryman E \u00e0 moteur unique d\u00e9veloppe 201 ch\/184 lb-pi ; le Countryman SE ALL4 d\u00e9veloppe 308 ch\/364 lb-pi. &#8211; Il faut moins de [&hellip;]<\/p>\n","protected":false},"author":8,"featured_media":150657,"comment_status":"close","ping_status":"closed","sticky":false,"template":"","format":"standard","meta":{"_monsterinsights_skip_tracking":false,"_monsterinsights_sitenote_active":false,"_monsterinsights_sitenote_note":"","_monsterinsights_sitenote_category":0,"footnotes":""},"categories":[101],"tags":[],"yoast_head":"<!-- This site is optimized with the Yoast SEO plugin v23.2 - https:\/\/yoast.com\/wordpress\/plugins\/seo\/ -->\n<title>Voici le nouveau MINI Countryman 2025 - CanadaMotorJobs.com<\/title>\n<meta name=\"description\" content=\"Voici le nouveau MINI Countryman 2025 - Benoit Charette - Annuel automobile - CanadaMotorJobs.com.\" \/>\n<meta name=\"robots\" content=\"index, follow, max-snippet:-1, max-image-preview:large, max-video-preview:-1\" \/>\n<meta property=\"og:locale\" content=\"fr_CA\" \/>\n<meta property=\"og:type\" content=\"article\" \/>\n<meta property=\"og:title\" content=\"Voici le nouveau MINI Countryman 2025 - CanadaMotorJobs.com\" \/>\n<meta property=\"og:description\" content=\"Voici le nouveau MINI Countryman 2025 - Benoit Charette - Annuel automobile - CanadaMotorJobs.com.\" \/>\n<meta property=\"og:url\" content=\"https:\/\/news.canadamotorjobs.com\/fr\/voici-le-nouveau-mini-countryman-2025\/\" \/>\n<meta property=\"og:site_name\" content=\"CanadaMotorJobs.com\" \/>\n<meta property=\"article:publisher\" content=\"https:\/\/www.facebook.com\/canadamotorjobs\/\" \/>\n<meta property=\"article:published_time\" content=\"2023-09-01T12:37:48+00:00\" \/>\n<meta property=\"article:modified_time\" content=\"2023-09-01T12:46:44+00:00\" \/>\n<meta property=\"og:image\" content=\"https:\/\/news.canadamotorjobs.com\/wp-content\/uploads\/2023\/09\/P90518508_highRes_mini-countryman-se-a.jpg\" \/>\n\t<meta property=\"og:image:width\" content=\"1200\" \/>\n\t<meta property=\"og:image:height\" content=\"800\" \/>\n\t<meta property=\"og:image:type\" content=\"image\/jpeg\" \/>\n<meta name=\"author\" content=\"Benoit Charette\" \/>\n<meta name=\"twitter:card\" content=\"summary_large_image\" \/>\n<meta name=\"twitter:creator\" content=\"@canadamotorjobs\" \/>\n<meta name=\"twitter:site\" content=\"@canadamotorjobs\" \/>\n<meta name=\"twitter:label1\" content=\"\u00c9crit par\" \/>\n\t<meta name=\"twitter:data1\" content=\"Benoit Charette\" \/>\n\t<meta name=\"twitter:label2\" content=\"Estimation du temps de lecture\" \/>\n\t<meta name=\"twitter:data2\" content=\"3 minutes\" \/>\n<!-- \/ Yoast SEO plugin. -->","yoast_head_json":{"title":"Voici le nouveau MINI Countryman 2025 - CanadaMotorJobs.com","description":"Voici le nouveau MINI Countryman 2025 - Benoit Charette - Annuel automobile - CanadaMotorJobs.com.","robots":{"index":"index","follow":"follow","max-snippet":"max-snippet:-1","max-image-preview":"max-image-preview:large","max-video-preview":"max-video-preview:-1"},"og_locale":"fr_CA","og_type":"article","og_title":"Voici le nouveau MINI Countryman 2025 - CanadaMotorJobs.com","og_description":"Voici le nouveau MINI Countryman 2025 - Benoit Charette - Annuel automobile - CanadaMotorJobs.com.","og_url":"https:\/\/news.canadamotorjobs.com\/fr\/voici-le-nouveau-mini-countryman-2025\/","og_site_name":"CanadaMotorJobs.com","article_publisher":"https:\/\/www.facebook.com\/canadamotorjobs\/","article_published_time":"2023-09-01T12:37:48+00:00","article_modified_time":"2023-09-01T12:46:44+00:00","og_image":[{"width":1200,"height":800,"url":"https:\/\/news.canadamotorjobs.com\/wp-content\/uploads\/2023\/09\/P90518508_highRes_mini-countryman-se-a.jpg","type":"image\/jpeg"}],"author":"Benoit Charette","twitter_card":"summary_large_image","twitter_creator":"@canadamotorjobs","twitter_site":"@canadamotorjobs","twitter_misc":{"\u00c9crit par":"Benoit Charette","Estimation du temps de lecture":"3 minutes"},"schema":{"@context":"https:\/\/schema.org","@graph":[{"@type":"Article","@id":"https:\/\/news.canadamotorjobs.com\/fr\/voici-le-nouveau-mini-countryman-2025\/#article","isPartOf":{"@id":"https:\/\/news.canadamotorjobs.com\/fr\/voici-le-nouveau-mini-countryman-2025\/"},"author":{"name":"Benoit Charette","@id":"https:\/\/news.canadamotorjobs.com\/#\/schema\/person\/51793d1f87d44011d7bcc2ed99269a90"},"headline":"Voici le nouveau MINI Countryman 2025","datePublished":"2023-09-01T12:37:48+00:00","dateModified":"2023-09-01T12:46:44+00:00","mainEntityOfPage":{"@id":"https:\/\/news.canadamotorjobs.com\/fr\/voici-le-nouveau-mini-countryman-2025\/"},"wordCount":666,"publisher":{"@id":"https:\/\/news.canadamotorjobs.com\/#organization"},"image":{"@id":"https:\/\/news.canadamotorjobs.com\/fr\/voici-le-nouveau-mini-countryman-2025\/#primaryimage"},"thumbnailUrl":"https:\/\/news.canadamotorjobs.com\/wp-content\/uploads\/2023\/09\/P90518508_highRes_mini-countryman-se-a.jpg","articleSection":["Annuel automobile"],"inLanguage":"fr-CA"},{"@type":"WebPage","@id":"https:\/\/news.canadamotorjobs.com\/fr\/voici-le-nouveau-mini-countryman-2025\/","url":"https:\/\/news.canadamotorjobs.com\/fr\/voici-le-nouveau-mini-countryman-2025\/","name":"Voici le nouveau MINI Countryman 2025 - CanadaMotorJobs.com","isPartOf":{"@id":"https:\/\/news.canadamotorjobs.com\/#website"},"primaryImageOfPage":{"@id":"https:\/\/news.canadamotorjobs.com\/fr\/voici-le-nouveau-mini-countryman-2025\/#primaryimage"},"image":{"@id":"https:\/\/news.canadamotorjobs.com\/fr\/voici-le-nouveau-mini-countryman-2025\/#primaryimage"},"thumbnailUrl":"https:\/\/news.canadamotorjobs.com\/wp-content\/uploads\/2023\/09\/P90518508_highRes_mini-countryman-se-a.jpg","datePublished":"2023-09-01T12:37:48+00:00","dateModified":"2023-09-01T12:46:44+00:00","description":"Voici le nouveau MINI Countryman 2025 - Benoit Charette - Annuel automobile - CanadaMotorJobs.com.","breadcrumb":{"@id":"https:\/\/news.canadamotorjobs.com\/fr\/voici-le-nouveau-mini-countryman-2025\/#breadcrumb"},"inLanguage":"fr-CA","potentialAction":[{"@type":"ReadAction","target":["https:\/\/news.canadamotorjobs.com\/fr\/voici-le-nouveau-mini-countryman-2025\/"]}]},{"@type":"ImageObject","inLanguage":"fr-CA","@id":"https:\/\/news.canadamotorjobs.com\/fr\/voici-le-nouveau-mini-countryman-2025\/#primaryimage","url":"https:\/\/news.canadamotorjobs.com\/wp-content\/uploads\/2023\/09\/P90518508_highRes_mini-countryman-se-a.jpg","contentUrl":"https:\/\/news.canadamotorjobs.com\/wp-content\/uploads\/2023\/09\/P90518508_highRes_mini-countryman-se-a.jpg","width":1200,"height":800},{"@type":"BreadcrumbList","@id":"https:\/\/news.canadamotorjobs.com\/fr\/voici-le-nouveau-mini-countryman-2025\/#breadcrumb","itemListElement":[{"@type":"ListItem","position":1,"name":"Home","item":"https:\/\/news.canadamotorjobs.com\/fr\/blog\/"},{"@type":"ListItem","position":2,"name":"Voici le nouveau MINI Countryman 2025"}]},{"@type":"WebSite","@id":"https:\/\/news.canadamotorjobs.com\/#website","url":"https:\/\/news.canadamotorjobs.com\/","name":"CanadaMotorJobs.com","description":"Automotive Jobs","publisher":{"@id":"https:\/\/news.canadamotorjobs.com\/#organization"},"potentialAction":[{"@type":"SearchAction","target":{"@type":"EntryPoint","urlTemplate":"https:\/\/news.canadamotorjobs.com\/?s={search_term_string}"},"query-input":"required name=search_term_string"}],"inLanguage":"fr-CA"},{"@type":"Organization","@id":"https:\/\/news.canadamotorjobs.com\/#organization","name":"Canada Motor Jobs","url":"https:\/\/news.canadamotorjobs.com\/","logo":{"@type":"ImageObject","inLanguage":"fr-CA","@id":"https:\/\/news.canadamotorjobs.com\/#\/schema\/logo\/image\/","url":"https:\/\/news.canadamotorjobs.com\/wp-content\/uploads\/2022\/10\/logo-canada-motor-jobs-1.png","contentUrl":"https:\/\/news.canadamotorjobs.com\/wp-content\/uploads\/2022\/10\/logo-canada-motor-jobs-1.png","width":800,"height":400,"caption":"Canada Motor Jobs"},"image":{"@id":"https:\/\/news.canadamotorjobs.com\/#\/schema\/logo\/image\/"},"sameAs":["https:\/\/www.facebook.com\/canadamotorjobs\/","https:\/\/x.com\/canadamotorjobs","https:\/\/www.instagram.com\/canadamotorjobs\/","https:\/\/www.linkedin.com\/company\/canadamotorjobs"]},{"@type":"Person","@id":"https:\/\/news.canadamotorjobs.com\/#\/schema\/person\/51793d1f87d44011d7bcc2ed99269a90","name":"Benoit Charette","image":{"@type":"ImageObject","inLanguage":"fr-CA","@id":"https:\/\/news.canadamotorjobs.com\/#\/schema\/person\/image\/","url":"https:\/\/secure.gravatar.com\/avatar\/45f3d2eebcccd909668d7ce7ea7267b6?s=96&d=mm&r=g","contentUrl":"https:\/\/secure.gravatar.com\/avatar\/45f3d2eebcccd909668d7ce7ea7267b6?s=96&d=mm&r=g","caption":"Benoit Charette"},"description":"Benoit Charette \/ Propri\u00e9taire et r\u00e9dacteur en chef Benoit Charette pratique le journalisme automobile depuis bient\u00f4t 30 ans. Il a fait ses classes au c\u00f4t\u00e9 de Daniel H\u00e9raud et au Carnet de route de 1992 \u00e0 2001. Il est fondateur, copropri\u00e9taire et r\u00e9dacteur en chef de L\u2019Annuel de l\u2019automobile, qu\u2019il publie depuis 2001. Il a anim\u00e9 les \u00e9missions RPM et RPM+ sur V et les L\u00e9gendes de la route sur Historia. \u00c0 la radio depuis 1986, il reprend l\u2019antenne cette ann\u00e9e sur les ondes de Cogeco et participe pour la deuxi\u00e8me ann\u00e9e \u00e0 l\u2019\u00e9mission Passion Auto sur RDS en plus de mettre en ligne le site Web officiel de L\u2019Annuel de l\u2019automobile sur annuelauto.ca.","sameAs":["https:\/\/annuelauto.ca\/"],"url":"https:\/\/news.canadamotorjobs.com\/fr\/author\/benoit-charette\/"}]}},"_links":{"self":[{"href":"https:\/\/news.canadamotorjobs.com\/fr\/wp-json\/wp\/v2\/posts\/150655"}],"collection":[{"href":"https:\/\/news.canadamotorjobs.com\/fr\/wp-json\/wp\/v2\/posts"}],"about":[{"href":"https:\/\/news.canadamotorjobs.com\/fr\/wp-json\/wp\/v2\/types\/post"}],"author":[{"embeddable":true,"href":"https:\/\/news.canadamotorjobs.com\/fr\/wp-json\/wp\/v2\/users\/8"}],"replies":[{"embeddable":true,"href":"https:\/\/news.canadamotorjobs.com\/fr\/wp-json\/wp\/v2\/comments?post=150655"}],"version-history":[{"count":2,"href":"https:\/\/news.canadamotorjobs.com\/fr\/wp-json\/wp\/v2\/posts\/150655\/revisions"}],"predecessor-version":[{"id":150659,"href":"https:\/\/news.canadamotorjobs.com\/fr\/wp-json\/wp\/v2\/posts\/150655\/revisions\/150659"}],"wp:featuredmedia":[{"embeddable":true,"href":"https:\/\/news.canadamotorjobs.com\/fr\/wp-json\/wp\/v2\/media\/150657"}],"wp:attachment":[{"href":"https:\/\/news.canadamotorjobs.com\/fr\/wp-json\/wp\/v2\/media?parent=150655"}],"wp:term":[{"taxonomy":"category","embeddable":true,"href":"https:\/\/news.canadamotorjobs.com\/fr\/wp-json\/wp\/v2\/categories?post=150655"},{"taxonomy":"post_tag","embeddable":true,"href":"https:\/\/news.canadamotorjobs.com\/fr\/wp-json\/wp\/v2\/tags?post=150655"}],"curies":[{"name":"wp","href":"https:\/\/api.w.org\/{rel}","templated":true}]}}