{"id":150640,"date":"2023-09-01T07:39:20","date_gmt":"2023-09-01T11:39:20","guid":{"rendered":"https:\/\/news.canadamotorjobs.com\/?p=150640"},"modified":"2023-09-01T07:44:50","modified_gmt":"2023-09-01T11:44:50","slug":"le-gouvernement-americain-met-plus-de-15-milliards-a-la-disposition-du-secteur-automobile","status":"publish","type":"post","link":"https:\/\/news.canadamotorjobs.com\/fr\/le-gouvernement-americain-met-plus-de-15-milliards-a-la-disposition-du-secteur-automobile\/","title":{"rendered":"Le gouvernement am\u00e9ricain met plus de 15 milliards \u00e0 la disposition du secteur automobile"},"content":{"rendered":"<\/p>\n<div class=\"flex flex-grow flex-col gap-3 max-w-full\"><\/p>\n<div class=\"min-h-[20px] flex flex-col items-start gap-3 overflow-x-auto whitespace-pre-wrap break-words\"><\/p>\n<div class=\"markdown prose w-full break-words dark:prose-invert light\">\n<p>Les \u00c9tats-Unis mettent 12 milliards de dollars \u00e0 disposition sous forme de subventions et de pr\u00eats pour les constructeurs automobiles et leurs fournisseurs afin de moderniser leurs usines en vue de produire des v\u00e9hicules \u00e9lectriques et d&#8217;autres v\u00e9hicules avanc\u00e9s, a d\u00e9clar\u00e9 la Secr\u00e9taire \u00e0 l&#8217;\u00c9nergie, Jennifer Granholm, aux journalistes jeudi.<\/p>\n<p>L&#8217;administration Biden offrira \u00e9galement 3,5 milliards de dollars de financement aux fabricants de batteries domestiques, a ajout\u00e9 Granholm.<\/p>\n<p>Pour les v\u00e9hicules avanc\u00e9s, 2 milliards de dollars de financement proviendront de la Loi de R\u00e9duction de l&#8217;Inflation que les d\u00e9mocrates ont adopt\u00e9e l&#8217;ann\u00e9e derni\u00e8re, tandis que 10 milliards de dollars proviendront du Bureau des Pr\u00eats du D\u00e9partement de l&#8217;\u00c9nergie, selon Granholm.<\/p>\n<p>L&#8217;acc\u00e9l\u00e9ration des subventions et d&#8217;autres subventions pour financer la transformation des usines automobiles existantes en vue de la production de v\u00e9hicules \u00e9lectriques pourrait aider la Maison Blanche \u00e0 att\u00e9nuer les critiques des constructeurs automobiles et du syndicat United Auto Workers (UAW) concernant les r\u00e8gles environnementales propos\u00e9es visant \u00e0 favoriser l&#8217;av\u00e8nement de l&#8217;\u00e8re des v\u00e9hicules \u00e9lectriques.<\/p>\n<p>Le UAW a mis en garde contre le fait qu&#8217;un changement aussi rapide pourrait mettre en danger des milliers d&#8217;emplois dans des \u00c9tats tels que le Michigan, l&#8217;Ohio, l&#8217;Illinois et l&#8217;Indiana. Shawn Fain, le pr\u00e9sident du UAW, a fait campagne pour sauver une usine Jeep \u00e0 Belvidere, dans l&#8217;Illinois, que Stellantis a pr\u00e9vu de fermer. Le constructeur automobile a laiss\u00e9 la possibilit\u00e9 que l&#8217;usine puisse obtenir un nouveau produit avec l&#8217;aide du gouvernement.<\/p>\n<\/div>\n<p>\nAvec des renseignements d&#8217;Autoblog<\/p>\n<\/div>\n<p>\n<\/div>\n<p>Le texte <a rel=\"nofollow\" href=\"https:\/\/annuelauto.ca\/le-gouvernement-americain-met-plus-de-15-milliards-a-la-disposition-du-secteur-automobile\/\">Le gouvernement am\u00e9ricain met plus de 15 milliards \u00e0 la disposition du secteur automobile<\/a> provient de <a rel=\"nofollow\" href=\"https:\/\/annuelauto.ca\">L&#8217;annuel de l&#8217;automobile &#8211; Actualit\u00e9 automobile<\/a><\/p>\n<p><\/p>\n","protected":false},"excerpt":{"rendered":"<p>Les \u00c9tats-Unis mettent 12 milliards de dollars \u00e0 disposition sous forme de subventions et de pr\u00eats pour les constructeurs automobiles et leurs fournisseurs afin de moderniser leurs usines en vue de produire des v\u00e9hicules \u00e9lectriques et d&#8217;autres v\u00e9hicules avanc\u00e9s, a d\u00e9clar\u00e9 la Secr\u00e9taire \u00e0 l&#8217;\u00c9nergie, Jennifer Granholm, aux journalistes jeudi. L&#8217;administration Biden offrira \u00e9galement 3,5 [&hellip;]<\/p>\n","protected":false},"author":8,"featured_media":150642,"comment_status":"close","ping_status":"closed","sticky":false,"template":"","format":"standard","meta":{"_monsterinsights_skip_tracking":false,"_monsterinsights_sitenote_active":false,"_monsterinsights_sitenote_note":"","_monsterinsights_sitenote_category":0,"footnotes":""},"categories":[101],"tags":[],"yoast_head":"<!-- This site is optimized with the Yoast SEO plugin v23.2 - https:\/\/yoast.com\/wordpress\/plugins\/seo\/ -->\n<title>Le gouvernement am\u00e9ricain met plus de 15 milliards \u00e0 la disposition du secteur automobile - CanadaMotorJobs.com<\/title>\n<meta name=\"description\" content=\"Le gouvernement am\u00e9ricain met plus de 15 milliards \u00e0 la disposition du secteur automobile - Benoit Charette - Annuel automobile - CanadaMotorJobs.com.\" \/>\n<meta name=\"robots\" content=\"index, follow, max-snippet:-1, max-image-preview:large, max-video-preview:-1\" \/>\n<meta property=\"og:locale\" content=\"fr_CA\" \/>\n<meta property=\"og:type\" content=\"article\" \/>\n<meta property=\"og:title\" content=\"Le gouvernement am\u00e9ricain met plus de 15 milliards \u00e0 la disposition du secteur automobile - CanadaMotorJobs.com\" \/>\n<meta property=\"og:description\" content=\"Le gouvernement am\u00e9ricain met plus de 15 milliards \u00e0 la disposition du secteur automobile - Benoit Charette - Annuel automobile - CanadaMotorJobs.com.\" \/>\n<meta property=\"og:url\" content=\"https:\/\/news.canadamotorjobs.com\/fr\/le-gouvernement-americain-met-plus-de-15-milliards-a-la-disposition-du-secteur-automobile\/\" \/>\n<meta property=\"og:site_name\" content=\"CanadaMotorJobs.com\" \/>\n<meta property=\"article:publisher\" content=\"https:\/\/www.facebook.com\/canadamotorjobs\/\" \/>\n<meta property=\"article:published_time\" content=\"2023-09-01T11:39:20+00:00\" \/>\n<meta property=\"article:modified_time\" content=\"2023-09-01T11:44:50+00:00\" \/>\n<meta property=\"og:image\" content=\"https:\/\/news.canadamotorjobs.com\/wp-content\/uploads\/2023\/09\/Seal_of_the_President_of_the_United_States.svg_.png\" \/>\n\t<meta property=\"og:image:width\" content=\"220\" \/>\n\t<meta property=\"og:image:height\" content=\"220\" \/>\n\t<meta property=\"og:image:type\" content=\"image\/png\" \/>\n<meta name=\"author\" content=\"Benoit Charette\" \/>\n<meta name=\"twitter:card\" content=\"summary_large_image\" \/>\n<meta name=\"twitter:creator\" content=\"@canadamotorjobs\" \/>\n<meta name=\"twitter:site\" content=\"@canadamotorjobs\" \/>\n<meta name=\"twitter:label1\" content=\"\u00c9crit par\" \/>\n\t<meta name=\"twitter:data1\" content=\"Benoit Charette\" \/>\n\t<meta name=\"twitter:label2\" content=\"Estimation du temps de lecture\" \/>\n\t<meta name=\"twitter:data2\" content=\"1 minute\" \/>\n<!-- \/ Yoast SEO plugin. -->","yoast_head_json":{"title":"Le gouvernement am\u00e9ricain met plus de 15 milliards \u00e0 la disposition du secteur automobile - CanadaMotorJobs.com","description":"Le gouvernement am\u00e9ricain met plus de 15 milliards \u00e0 la disposition du secteur automobile - Benoit Charette - Annuel automobile - CanadaMotorJobs.com.","robots":{"index":"index","follow":"follow","max-snippet":"max-snippet:-1","max-image-preview":"max-image-preview:large","max-video-preview":"max-video-preview:-1"},"og_locale":"fr_CA","og_type":"article","og_title":"Le gouvernement am\u00e9ricain met plus de 15 milliards \u00e0 la disposition du secteur automobile - CanadaMotorJobs.com","og_description":"Le gouvernement am\u00e9ricain met plus de 15 milliards \u00e0 la disposition du secteur automobile - Benoit Charette - Annuel automobile - CanadaMotorJobs.com.","og_url":"https:\/\/news.canadamotorjobs.com\/fr\/le-gouvernement-americain-met-plus-de-15-milliards-a-la-disposition-du-secteur-automobile\/","og_site_name":"CanadaMotorJobs.com","article_publisher":"https:\/\/www.facebook.com\/canadamotorjobs\/","article_published_time":"2023-09-01T11:39:20+00:00","article_modified_time":"2023-09-01T11:44:50+00:00","og_image":[{"width":220,"height":220,"url":"https:\/\/news.canadamotorjobs.com\/wp-content\/uploads\/2023\/09\/Seal_of_the_President_of_the_United_States.svg_.png","type":"image\/png"}],"author":"Benoit Charette","twitter_card":"summary_large_image","twitter_creator":"@canadamotorjobs","twitter_site":"@canadamotorjobs","twitter_misc":{"\u00c9crit par":"Benoit Charette","Estimation du temps de lecture":"1 minute"},"schema":{"@context":"https:\/\/schema.org","@graph":[{"@type":"Article","@id":"https:\/\/news.canadamotorjobs.com\/fr\/le-gouvernement-americain-met-plus-de-15-milliards-a-la-disposition-du-secteur-automobile\/#article","isPartOf":{"@id":"https:\/\/news.canadamotorjobs.com\/fr\/le-gouvernement-americain-met-plus-de-15-milliards-a-la-disposition-du-secteur-automobile\/"},"author":{"name":"Benoit Charette","@id":"https:\/\/news.canadamotorjobs.com\/#\/schema\/person\/51793d1f87d44011d7bcc2ed99269a90"},"headline":"Le gouvernement am\u00e9ricain met plus de 15 milliards \u00e0 la disposition du secteur automobile","datePublished":"2023-09-01T11:39:20+00:00","dateModified":"2023-09-01T11:44:50+00:00","mainEntityOfPage":{"@id":"https:\/\/news.canadamotorjobs.com\/fr\/le-gouvernement-americain-met-plus-de-15-milliards-a-la-disposition-du-secteur-automobile\/"},"wordCount":315,"publisher":{"@id":"https:\/\/news.canadamotorjobs.com\/#organization"},"image":{"@id":"https:\/\/news.canadamotorjobs.com\/fr\/le-gouvernement-americain-met-plus-de-15-milliards-a-la-disposition-du-secteur-automobile\/#primaryimage"},"thumbnailUrl":"https:\/\/news.canadamotorjobs.com\/wp-content\/uploads\/2023\/09\/Seal_of_the_President_of_the_United_States.svg_.png","articleSection":["Annuel automobile"],"inLanguage":"fr-CA"},{"@type":"WebPage","@id":"https:\/\/news.canadamotorjobs.com\/fr\/le-gouvernement-americain-met-plus-de-15-milliards-a-la-disposition-du-secteur-automobile\/","url":"https:\/\/news.canadamotorjobs.com\/fr\/le-gouvernement-americain-met-plus-de-15-milliards-a-la-disposition-du-secteur-automobile\/","name":"Le gouvernement am\u00e9ricain met plus de 15 milliards \u00e0 la disposition du secteur automobile - CanadaMotorJobs.com","isPartOf":{"@id":"https:\/\/news.canadamotorjobs.com\/#website"},"primaryImageOfPage":{"@id":"https:\/\/news.canadamotorjobs.com\/fr\/le-gouvernement-americain-met-plus-de-15-milliards-a-la-disposition-du-secteur-automobile\/#primaryimage"},"image":{"@id":"https:\/\/news.canadamotorjobs.com\/fr\/le-gouvernement-americain-met-plus-de-15-milliards-a-la-disposition-du-secteur-automobile\/#primaryimage"},"thumbnailUrl":"https:\/\/news.canadamotorjobs.com\/wp-content\/uploads\/2023\/09\/Seal_of_the_President_of_the_United_States.svg_.png","datePublished":"2023-09-01T11:39:20+00:00","dateModified":"2023-09-01T11:44:50+00:00","description":"Le gouvernement am\u00e9ricain met plus de 15 milliards \u00e0 la disposition du secteur automobile - Benoit Charette - Annuel automobile - CanadaMotorJobs.com.","breadcrumb":{"@id":"https:\/\/news.canadamotorjobs.com\/fr\/le-gouvernement-americain-met-plus-de-15-milliards-a-la-disposition-du-secteur-automobile\/#breadcrumb"},"inLanguage":"fr-CA","potentialAction":[{"@type":"ReadAction","target":["https:\/\/news.canadamotorjobs.com\/fr\/le-gouvernement-americain-met-plus-de-15-milliards-a-la-disposition-du-secteur-automobile\/"]}]},{"@type":"ImageObject","inLanguage":"fr-CA","@id":"https:\/\/news.canadamotorjobs.com\/fr\/le-gouvernement-americain-met-plus-de-15-milliards-a-la-disposition-du-secteur-automobile\/#primaryimage","url":"https:\/\/news.canadamotorjobs.com\/wp-content\/uploads\/2023\/09\/Seal_of_the_President_of_the_United_States.svg_.png","contentUrl":"https:\/\/news.canadamotorjobs.com\/wp-content\/uploads\/2023\/09\/Seal_of_the_President_of_the_United_States.svg_.png","width":220,"height":220},{"@type":"BreadcrumbList","@id":"https:\/\/news.canadamotorjobs.com\/fr\/le-gouvernement-americain-met-plus-de-15-milliards-a-la-disposition-du-secteur-automobile\/#breadcrumb","itemListElement":[{"@type":"ListItem","position":1,"name":"Home","item":"https:\/\/news.canadamotorjobs.com\/fr\/blog\/"},{"@type":"ListItem","position":2,"name":"Le gouvernement am\u00e9ricain met plus de 15 milliards \u00e0 la disposition du secteur automobile"}]},{"@type":"WebSite","@id":"https:\/\/news.canadamotorjobs.com\/#website","url":"https:\/\/news.canadamotorjobs.com\/","name":"CanadaMotorJobs.com","description":"Automotive Jobs","publisher":{"@id":"https:\/\/news.canadamotorjobs.com\/#organization"},"potentialAction":[{"@type":"SearchAction","target":{"@type":"EntryPoint","urlTemplate":"https:\/\/news.canadamotorjobs.com\/?s={search_term_string}"},"query-input":"required name=search_term_string"}],"inLanguage":"fr-CA"},{"@type":"Organization","@id":"https:\/\/news.canadamotorjobs.com\/#organization","name":"Canada Motor Jobs","url":"https:\/\/news.canadamotorjobs.com\/","logo":{"@type":"ImageObject","inLanguage":"fr-CA","@id":"https:\/\/news.canadamotorjobs.com\/#\/schema\/logo\/image\/","url":"https:\/\/news.canadamotorjobs.com\/wp-content\/uploads\/2022\/10\/logo-canada-motor-jobs-1.png","contentUrl":"https:\/\/news.canadamotorjobs.com\/wp-content\/uploads\/2022\/10\/logo-canada-motor-jobs-1.png","width":800,"height":400,"caption":"Canada Motor Jobs"},"image":{"@id":"https:\/\/news.canadamotorjobs.com\/#\/schema\/logo\/image\/"},"sameAs":["https:\/\/www.facebook.com\/canadamotorjobs\/","https:\/\/x.com\/canadamotorjobs","https:\/\/www.instagram.com\/canadamotorjobs\/","https:\/\/www.linkedin.com\/company\/canadamotorjobs"]},{"@type":"Person","@id":"https:\/\/news.canadamotorjobs.com\/#\/schema\/person\/51793d1f87d44011d7bcc2ed99269a90","name":"Benoit Charette","image":{"@type":"ImageObject","inLanguage":"fr-CA","@id":"https:\/\/news.canadamotorjobs.com\/#\/schema\/person\/image\/","url":"https:\/\/secure.gravatar.com\/avatar\/45f3d2eebcccd909668d7ce7ea7267b6?s=96&d=mm&r=g","contentUrl":"https:\/\/secure.gravatar.com\/avatar\/45f3d2eebcccd909668d7ce7ea7267b6?s=96&d=mm&r=g","caption":"Benoit Charette"},"description":"Benoit Charette \/ Propri\u00e9taire et r\u00e9dacteur en chef Benoit Charette pratique le journalisme automobile depuis bient\u00f4t 30 ans. Il a fait ses classes au c\u00f4t\u00e9 de Daniel H\u00e9raud et au Carnet de route de 1992 \u00e0 2001. Il est fondateur, copropri\u00e9taire et r\u00e9dacteur en chef de L\u2019Annuel de l\u2019automobile, qu\u2019il publie depuis 2001. Il a anim\u00e9 les \u00e9missions RPM et RPM+ sur V et les L\u00e9gendes de la route sur Historia. \u00c0 la radio depuis 1986, il reprend l\u2019antenne cette ann\u00e9e sur les ondes de Cogeco et participe pour la deuxi\u00e8me ann\u00e9e \u00e0 l\u2019\u00e9mission Passion Auto sur RDS en plus de mettre en ligne le site Web officiel de L\u2019Annuel de l\u2019automobile sur annuelauto.ca.","sameAs":["https:\/\/annuelauto.ca\/"],"url":"https:\/\/news.canadamotorjobs.com\/fr\/author\/benoit-charette\/"}]}},"_links":{"self":[{"href":"https:\/\/news.canadamotorjobs.com\/fr\/wp-json\/wp\/v2\/posts\/150640"}],"collection":[{"href":"https:\/\/news.canadamotorjobs.com\/fr\/wp-json\/wp\/v2\/posts"}],"about":[{"href":"https:\/\/news.canadamotorjobs.com\/fr\/wp-json\/wp\/v2\/types\/post"}],"author":[{"embeddable":true,"href":"https:\/\/news.canadamotorjobs.com\/fr\/wp-json\/wp\/v2\/users\/8"}],"replies":[{"embeddable":true,"href":"https:\/\/news.canadamotorjobs.com\/fr\/wp-json\/wp\/v2\/comments?post=150640"}],"version-history":[{"count":2,"href":"https:\/\/news.canadamotorjobs.com\/fr\/wp-json\/wp\/v2\/posts\/150640\/revisions"}],"predecessor-version":[{"id":150644,"href":"https:\/\/news.canadamotorjobs.com\/fr\/wp-json\/wp\/v2\/posts\/150640\/revisions\/150644"}],"wp:featuredmedia":[{"embeddable":true,"href":"https:\/\/news.canadamotorjobs.com\/fr\/wp-json\/wp\/v2\/media\/150642"}],"wp:attachment":[{"href":"https:\/\/news.canadamotorjobs.com\/fr\/wp-json\/wp\/v2\/media?parent=150640"}],"wp:term":[{"taxonomy":"category","embeddable":true,"href":"https:\/\/news.canadamotorjobs.com\/fr\/wp-json\/wp\/v2\/categories?post=150640"},{"taxonomy":"post_tag","embeddable":true,"href":"https:\/\/news.canadamotorjobs.com\/fr\/wp-json\/wp\/v2\/tags?post=150640"}],"curies":[{"name":"wp","href":"https:\/\/api.w.org\/{rel}","templated":true}]}}