{"id":150613,"date":"2023-09-01T07:15:51","date_gmt":"2023-09-01T11:15:51","guid":{"rendered":"https:\/\/news.canadamotorjobs.com\/?p=150613"},"modified":"2023-09-01T07:21:14","modified_gmt":"2023-09-01T11:21:14","slug":"1er-septembre-1929-creation-de-scuderia-ferrari","status":"publish","type":"post","link":"https:\/\/news.canadamotorjobs.com\/fr\/1er-septembre-1929-creation-de-scuderia-ferrari\/","title":{"rendered":"1er septembre 1929\u00a0: Cr\u00e9ation de Scuderia Ferrari"},"content":{"rendered":"<\/p>\n<p>Avant de mettre au monde la marque automobile Ferrari en 1939, Enzo Ferrari, ancien vendeur et pilote de course pour Alfa Romeo, a \u00e9tabli la Scuderia Ferrari, une \u00e9curie de course, le 1<sup>er<\/sup> septembre 1929. Initialement cr\u00e9\u00e9e pour servir les pilotes amateurs, la Scuderia Ferrari a acquis son statut officieux en piste suite au retrait d&#8217;Alfa Romeo de la comp\u00e9tition en 1933 et gr\u00e2ce aux relations \u00e9troites d&#8217;Enzo au sein de l&#8217;entreprise. Alfa Romeo fournissait \u00e0 Ferrari des voitures de course, permettant ainsi \u00e0 l&#8217;\u00e9curie de rassembler certains des meilleurs pilotes des ann\u00e9es 1930 et de remporter de nombreuses courses avant sa dissolution en 1937.<\/p>\n<h3>Int\u00e9gr\u00e9 \u00e0 Alfa Rom\u00e9o<\/h3>\n<p>\n\u00c0 la fin de 1937, la Scuderia Ferrari a \u00e9t\u00e9 dissoute et int\u00e9gr\u00e9e \u00e0 Alfa Romeo. Cependant, des d\u00e9saccords entre Enzo et la haute direction l&#8217;ont conduit \u00e0 quitter la soci\u00e9t\u00e9 en 1939. Il a alors utilis\u00e9 le r\u00e8glement pour cr\u00e9er sa propre entreprise, avec l&#8217;intention de produire ses propres voitures. Cette nouvelle entreprise a \u00e9t\u00e9 baptis\u00e9e &#8220;Auto Avio Costruzioni&#8221; et a \u00e9tabli ses quartiers dans les locaux de l&#8217;ancienne Scuderia Ferrari. En raison d&#8217;un accord de non-concurrence avec Alfa Romeo, la soci\u00e9t\u00e9 n&#8217;a pas \u00e9t\u00e9 autoris\u00e9e \u00e0 utiliser le nom Ferrari pendant une p\u00e9riode de quatre ans. Auto Avio Costruzioni a con\u00e7u une unique voiture, la &#8220;Auto Avio Costruzioni 815&#8221;, qui a particip\u00e9 \u00e0 une seule course avant le d\u00e9clenchement de la Seconde Guerre mondiale.<\/p>\n<p>\u00a0<\/p>\n<p>Le texte <a rel=\"nofollow\" href=\"https:\/\/annuelauto.ca\/1er-septembre-1929-creation-de-scuderia-ferrari\/\">1er septembre 1929\u00a0: Cr\u00e9ation de Scuderia Ferrari<\/a> provient de <a rel=\"nofollow\" href=\"https:\/\/annuelauto.ca\">L&#8217;annuel de l&#8217;automobile &#8211; Actualit\u00e9 automobile<\/a><\/p>\n<p><\/p>\n","protected":false},"excerpt":{"rendered":"<p>Avant de mettre au monde la marque automobile Ferrari en 1939, Enzo Ferrari, ancien vendeur et pilote de course pour Alfa Romeo, a \u00e9tabli la Scuderia Ferrari, une \u00e9curie de course, le 1er septembre 1929. Initialement cr\u00e9\u00e9e pour servir les pilotes amateurs, la Scuderia Ferrari a acquis son statut officieux en piste suite au retrait [&hellip;]<\/p>\n","protected":false},"author":8,"featured_media":150615,"comment_status":"close","ping_status":"closed","sticky":false,"template":"","format":"standard","meta":{"_monsterinsights_skip_tracking":false,"_monsterinsights_sitenote_active":false,"_monsterinsights_sitenote_note":"","_monsterinsights_sitenote_category":0,"footnotes":""},"categories":[101],"tags":[],"yoast_head":"<!-- This site is optimized with the Yoast SEO plugin v23.2 - https:\/\/yoast.com\/wordpress\/plugins\/seo\/ -->\n<title>1er septembre 1929\u00a0: Cr\u00e9ation de Scuderia Ferrari - CanadaMotorJobs.com<\/title>\n<meta name=\"description\" content=\"1er septembre 1929\u00a0: Cr\u00e9ation de Scuderia Ferrari - Benoit Charette - Annuel automobile - CanadaMotorJobs.com.\" \/>\n<meta name=\"robots\" content=\"index, follow, max-snippet:-1, max-image-preview:large, max-video-preview:-1\" \/>\n<meta property=\"og:locale\" content=\"fr_CA\" \/>\n<meta property=\"og:type\" content=\"article\" \/>\n<meta property=\"og:title\" content=\"1er septembre 1929\u00a0: Cr\u00e9ation de Scuderia Ferrari - CanadaMotorJobs.com\" \/>\n<meta property=\"og:description\" content=\"1er septembre 1929\u00a0: Cr\u00e9ation de Scuderia Ferrari - Benoit Charette - Annuel automobile - CanadaMotorJobs.com.\" \/>\n<meta property=\"og:url\" content=\"https:\/\/news.canadamotorjobs.com\/fr\/1er-septembre-1929-creation-de-scuderia-ferrari\/\" \/>\n<meta property=\"og:site_name\" content=\"CanadaMotorJobs.com\" \/>\n<meta property=\"article:publisher\" content=\"https:\/\/www.facebook.com\/canadamotorjobs\/\" \/>\n<meta property=\"article:published_time\" content=\"2023-09-01T11:15:51+00:00\" \/>\n<meta property=\"article:modified_time\" content=\"2023-09-01T11:21:14+00:00\" \/>\n<meta property=\"og:image\" content=\"https:\/\/news.canadamotorjobs.com\/wp-content\/uploads\/2023\/09\/Car_Musee_Enzo_Ferrari_0063.jpg\" \/>\n\t<meta property=\"og:image:width\" content=\"1600\" \/>\n\t<meta property=\"og:image:height\" content=\"1200\" \/>\n\t<meta property=\"og:image:type\" content=\"image\/jpeg\" \/>\n<meta name=\"author\" content=\"Benoit Charette\" \/>\n<meta name=\"twitter:card\" content=\"summary_large_image\" \/>\n<meta name=\"twitter:creator\" content=\"@canadamotorjobs\" \/>\n<meta name=\"twitter:site\" content=\"@canadamotorjobs\" \/>\n<meta name=\"twitter:label1\" content=\"\u00c9crit par\" \/>\n\t<meta name=\"twitter:data1\" content=\"Benoit Charette\" \/>\n\t<meta name=\"twitter:label2\" content=\"Estimation du temps de lecture\" \/>\n\t<meta name=\"twitter:data2\" content=\"1 minute\" \/>\n<!-- \/ Yoast SEO plugin. -->","yoast_head_json":{"title":"1er septembre 1929\u00a0: Cr\u00e9ation de Scuderia Ferrari - CanadaMotorJobs.com","description":"1er septembre 1929\u00a0: Cr\u00e9ation de Scuderia Ferrari - Benoit Charette - Annuel automobile - CanadaMotorJobs.com.","robots":{"index":"index","follow":"follow","max-snippet":"max-snippet:-1","max-image-preview":"max-image-preview:large","max-video-preview":"max-video-preview:-1"},"og_locale":"fr_CA","og_type":"article","og_title":"1er septembre 1929\u00a0: Cr\u00e9ation de Scuderia Ferrari - CanadaMotorJobs.com","og_description":"1er septembre 1929\u00a0: Cr\u00e9ation de Scuderia Ferrari - Benoit Charette - Annuel automobile - CanadaMotorJobs.com.","og_url":"https:\/\/news.canadamotorjobs.com\/fr\/1er-septembre-1929-creation-de-scuderia-ferrari\/","og_site_name":"CanadaMotorJobs.com","article_publisher":"https:\/\/www.facebook.com\/canadamotorjobs\/","article_published_time":"2023-09-01T11:15:51+00:00","article_modified_time":"2023-09-01T11:21:14+00:00","og_image":[{"width":1600,"height":1200,"url":"https:\/\/news.canadamotorjobs.com\/wp-content\/uploads\/2023\/09\/Car_Musee_Enzo_Ferrari_0063.jpg","type":"image\/jpeg"}],"author":"Benoit Charette","twitter_card":"summary_large_image","twitter_creator":"@canadamotorjobs","twitter_site":"@canadamotorjobs","twitter_misc":{"\u00c9crit par":"Benoit Charette","Estimation du temps de lecture":"1 minute"},"schema":{"@context":"https:\/\/schema.org","@graph":[{"@type":"Article","@id":"https:\/\/news.canadamotorjobs.com\/fr\/1er-septembre-1929-creation-de-scuderia-ferrari\/#article","isPartOf":{"@id":"https:\/\/news.canadamotorjobs.com\/fr\/1er-septembre-1929-creation-de-scuderia-ferrari\/"},"author":{"name":"Benoit Charette","@id":"https:\/\/news.canadamotorjobs.com\/#\/schema\/person\/51793d1f87d44011d7bcc2ed99269a90"},"headline":"1er septembre 1929\u00a0: Cr\u00e9ation de Scuderia Ferrari","datePublished":"2023-09-01T11:15:51+00:00","dateModified":"2023-09-01T11:21:14+00:00","mainEntityOfPage":{"@id":"https:\/\/news.canadamotorjobs.com\/fr\/1er-septembre-1929-creation-de-scuderia-ferrari\/"},"wordCount":272,"publisher":{"@id":"https:\/\/news.canadamotorjobs.com\/#organization"},"image":{"@id":"https:\/\/news.canadamotorjobs.com\/fr\/1er-septembre-1929-creation-de-scuderia-ferrari\/#primaryimage"},"thumbnailUrl":"https:\/\/news.canadamotorjobs.com\/wp-content\/uploads\/2023\/09\/Car_Musee_Enzo_Ferrari_0063.jpg","articleSection":["Annuel automobile"],"inLanguage":"fr-CA"},{"@type":"WebPage","@id":"https:\/\/news.canadamotorjobs.com\/fr\/1er-septembre-1929-creation-de-scuderia-ferrari\/","url":"https:\/\/news.canadamotorjobs.com\/fr\/1er-septembre-1929-creation-de-scuderia-ferrari\/","name":"1er septembre 1929\u00a0: Cr\u00e9ation de Scuderia Ferrari - CanadaMotorJobs.com","isPartOf":{"@id":"https:\/\/news.canadamotorjobs.com\/#website"},"primaryImageOfPage":{"@id":"https:\/\/news.canadamotorjobs.com\/fr\/1er-septembre-1929-creation-de-scuderia-ferrari\/#primaryimage"},"image":{"@id":"https:\/\/news.canadamotorjobs.com\/fr\/1er-septembre-1929-creation-de-scuderia-ferrari\/#primaryimage"},"thumbnailUrl":"https:\/\/news.canadamotorjobs.com\/wp-content\/uploads\/2023\/09\/Car_Musee_Enzo_Ferrari_0063.jpg","datePublished":"2023-09-01T11:15:51+00:00","dateModified":"2023-09-01T11:21:14+00:00","description":"1er septembre 1929\u00a0: Cr\u00e9ation de Scuderia Ferrari - Benoit Charette - Annuel automobile - CanadaMotorJobs.com.","breadcrumb":{"@id":"https:\/\/news.canadamotorjobs.com\/fr\/1er-septembre-1929-creation-de-scuderia-ferrari\/#breadcrumb"},"inLanguage":"fr-CA","potentialAction":[{"@type":"ReadAction","target":["https:\/\/news.canadamotorjobs.com\/fr\/1er-septembre-1929-creation-de-scuderia-ferrari\/"]}]},{"@type":"ImageObject","inLanguage":"fr-CA","@id":"https:\/\/news.canadamotorjobs.com\/fr\/1er-septembre-1929-creation-de-scuderia-ferrari\/#primaryimage","url":"https:\/\/news.canadamotorjobs.com\/wp-content\/uploads\/2023\/09\/Car_Musee_Enzo_Ferrari_0063.jpg","contentUrl":"https:\/\/news.canadamotorjobs.com\/wp-content\/uploads\/2023\/09\/Car_Musee_Enzo_Ferrari_0063.jpg","width":1600,"height":1200},{"@type":"BreadcrumbList","@id":"https:\/\/news.canadamotorjobs.com\/fr\/1er-septembre-1929-creation-de-scuderia-ferrari\/#breadcrumb","itemListElement":[{"@type":"ListItem","position":1,"name":"Home","item":"https:\/\/news.canadamotorjobs.com\/fr\/blog\/"},{"@type":"ListItem","position":2,"name":"1er septembre 1929\u00a0: Cr\u00e9ation de Scuderia Ferrari"}]},{"@type":"WebSite","@id":"https:\/\/news.canadamotorjobs.com\/#website","url":"https:\/\/news.canadamotorjobs.com\/","name":"CanadaMotorJobs.com","description":"Automotive Jobs","publisher":{"@id":"https:\/\/news.canadamotorjobs.com\/#organization"},"potentialAction":[{"@type":"SearchAction","target":{"@type":"EntryPoint","urlTemplate":"https:\/\/news.canadamotorjobs.com\/?s={search_term_string}"},"query-input":"required name=search_term_string"}],"inLanguage":"fr-CA"},{"@type":"Organization","@id":"https:\/\/news.canadamotorjobs.com\/#organization","name":"Canada Motor Jobs","url":"https:\/\/news.canadamotorjobs.com\/","logo":{"@type":"ImageObject","inLanguage":"fr-CA","@id":"https:\/\/news.canadamotorjobs.com\/#\/schema\/logo\/image\/","url":"https:\/\/news.canadamotorjobs.com\/wp-content\/uploads\/2022\/10\/logo-canada-motor-jobs-1.png","contentUrl":"https:\/\/news.canadamotorjobs.com\/wp-content\/uploads\/2022\/10\/logo-canada-motor-jobs-1.png","width":800,"height":400,"caption":"Canada Motor Jobs"},"image":{"@id":"https:\/\/news.canadamotorjobs.com\/#\/schema\/logo\/image\/"},"sameAs":["https:\/\/www.facebook.com\/canadamotorjobs\/","https:\/\/x.com\/canadamotorjobs","https:\/\/www.instagram.com\/canadamotorjobs\/","https:\/\/www.linkedin.com\/company\/canadamotorjobs"]},{"@type":"Person","@id":"https:\/\/news.canadamotorjobs.com\/#\/schema\/person\/51793d1f87d44011d7bcc2ed99269a90","name":"Benoit Charette","image":{"@type":"ImageObject","inLanguage":"fr-CA","@id":"https:\/\/news.canadamotorjobs.com\/#\/schema\/person\/image\/","url":"https:\/\/secure.gravatar.com\/avatar\/45f3d2eebcccd909668d7ce7ea7267b6?s=96&d=mm&r=g","contentUrl":"https:\/\/secure.gravatar.com\/avatar\/45f3d2eebcccd909668d7ce7ea7267b6?s=96&d=mm&r=g","caption":"Benoit Charette"},"description":"Benoit Charette \/ Propri\u00e9taire et r\u00e9dacteur en chef Benoit Charette pratique le journalisme automobile depuis bient\u00f4t 30 ans. Il a fait ses classes au c\u00f4t\u00e9 de Daniel H\u00e9raud et au Carnet de route de 1992 \u00e0 2001. Il est fondateur, copropri\u00e9taire et r\u00e9dacteur en chef de L\u2019Annuel de l\u2019automobile, qu\u2019il publie depuis 2001. Il a anim\u00e9 les \u00e9missions RPM et RPM+ sur V et les L\u00e9gendes de la route sur Historia. \u00c0 la radio depuis 1986, il reprend l\u2019antenne cette ann\u00e9e sur les ondes de Cogeco et participe pour la deuxi\u00e8me ann\u00e9e \u00e0 l\u2019\u00e9mission Passion Auto sur RDS en plus de mettre en ligne le site Web officiel de L\u2019Annuel de l\u2019automobile sur annuelauto.ca.","sameAs":["https:\/\/annuelauto.ca\/"],"url":"https:\/\/news.canadamotorjobs.com\/fr\/author\/benoit-charette\/"}]}},"_links":{"self":[{"href":"https:\/\/news.canadamotorjobs.com\/fr\/wp-json\/wp\/v2\/posts\/150613"}],"collection":[{"href":"https:\/\/news.canadamotorjobs.com\/fr\/wp-json\/wp\/v2\/posts"}],"about":[{"href":"https:\/\/news.canadamotorjobs.com\/fr\/wp-json\/wp\/v2\/types\/post"}],"author":[{"embeddable":true,"href":"https:\/\/news.canadamotorjobs.com\/fr\/wp-json\/wp\/v2\/users\/8"}],"replies":[{"embeddable":true,"href":"https:\/\/news.canadamotorjobs.com\/fr\/wp-json\/wp\/v2\/comments?post=150613"}],"version-history":[{"count":2,"href":"https:\/\/news.canadamotorjobs.com\/fr\/wp-json\/wp\/v2\/posts\/150613\/revisions"}],"predecessor-version":[{"id":150617,"href":"https:\/\/news.canadamotorjobs.com\/fr\/wp-json\/wp\/v2\/posts\/150613\/revisions\/150617"}],"wp:featuredmedia":[{"embeddable":true,"href":"https:\/\/news.canadamotorjobs.com\/fr\/wp-json\/wp\/v2\/media\/150615"}],"wp:attachment":[{"href":"https:\/\/news.canadamotorjobs.com\/fr\/wp-json\/wp\/v2\/media?parent=150613"}],"wp:term":[{"taxonomy":"category","embeddable":true,"href":"https:\/\/news.canadamotorjobs.com\/fr\/wp-json\/wp\/v2\/categories?post=150613"},{"taxonomy":"post_tag","embeddable":true,"href":"https:\/\/news.canadamotorjobs.com\/fr\/wp-json\/wp\/v2\/tags?post=150613"}],"curies":[{"name":"wp","href":"https:\/\/api.w.org\/{rel}","templated":true}]}}