{"id":150570,"date":"2023-08-31T09:03:20","date_gmt":"2023-08-31T13:03:20","guid":{"rendered":"https:\/\/news.canadamotorjobs.com\/?p=150570"},"modified":"2023-08-31T09:14:04","modified_gmt":"2023-08-31T13:14:04","slug":"nous-en-savons-plus-sur-les-ex30-et-ex90-de-volvo","status":"publish","type":"post","link":"https:\/\/news.canadamotorjobs.com\/fr\/nous-en-savons-plus-sur-les-ex30-et-ex90-de-volvo\/","title":{"rendered":"Nous en savons plus sur les EX30 et EX90 de Volvo"},"content":{"rendered":"<\/p>\n<p>C\u2019est \u00e0 Montr\u00e9al \u00e0 la fin ao\u00fbt que Volvo du Canada a pr\u00e9sent\u00e9 en premi\u00e8re nationale les deux prochains VUS \u00e9lectriques qui vont s\u2019ajouter \u00e0 son catalogue. Il s\u2019agit des EX30 et EX90, respectivement le plus petit et le plus gros des v\u00e9hicules \u00e9lectriques de Volvo.<\/p>\n<p>Des deux, c\u2019est l\u2019EX30 qui risque d\u2019int\u00e9resser le plus les acheteurs. Il s\u2019agit plus d\u2019une familiale mont\u00e9e sur des roues de 18 pouces qu\u2019autre chose. Mais son autonomie qui fait 426 km dans la version \u00e0 deux moteurs et 442 km dans la version \u00e0 un seul moteur, et surtout, un prix de d\u00e9tail qui sera l\u00e9g\u00e8rement sup\u00e9rieur \u00e0 50\u00a0000 $, avant l\u2019aide gouvernementale \u00e0 l\u2019achat, devraient attirer les gens qui normalement songeraient \u00e0 acheter un petit VUS de luxe sign\u00e9 BMW ou Lexus.<\/p>\n<p>Les d\u00e9tails sont un peu plus minces \u00e0 propos du VUS EX90, qui sera assez spacieux pour accueillir jusqu\u2019\u00e0 sept personnes. Semble-t-il que ce mod\u00e8le-l\u00e0 vise \u00e0 s\u00e9duire les gens qui ont les moyens de se payer un v\u00e9hicule familial de luxe, mais qui veulent se d\u00e9barrasser des visites \u00e0 la station service.<\/p>\n<p>Sous le capot, on s\u2019attend \u00e0 une m\u00e9canique \u00e0 deux moteurs et \u00e0 une puissance avoisinant les 500 chevaux. \u00c7a devrait g\u00e9n\u00e9rer de bonnes acc\u00e9l\u00e9rations, un peu moins de 5 secondes au proverbial 0-100 km\/h, selon Volvo. Son autonomie devrait se situer quelque part entre 450 et 500 kilom\u00e8tres par charge. On a h\u00e2te de conna\u00eetre le prix de d\u00e9tail de celui-l\u00e0.<\/p>\n<p>Notez en passant qu\u2019en plus du moteur \u00e9lectrique, qui \u00e9limine leurs \u00e9missions polluantes, Volvo a con\u00e7u les EX30 et EX90 pour \u00eatre 25 \u00e0 30% moins polluants durant leur production.\u00a0On trouve une quantit\u00e9 impressionnante de mat\u00e9riaux recycl\u00e9s \u00e0 bord, y compris du plastique fait \u00e0 partir de bouteilles r\u00e9cup\u00e9r\u00e9es de l\u2019oc\u00e9an.<\/p>\n<p>Ce sont donc des v\u00e9hicules doublement \u00e9colos, ce qui n\u2019est pas une mauvaise carte de visite pour des produits sign\u00e9s Volvo, qui a toujours essay\u00e9 d\u2019aller chercher des consommateurs qu\u2019on pourrait qualifier de plus \u00ab\u00a0progressistes\u00a0\u00bb en termes de valeurs sociales.<\/p>\n<p>Si vous vous sentez interpel\u00e9s, sachez que les EX30 et EX90 seront mis en march\u00e9 sinon d\u2019ici No\u00ebl, au plus tard au d\u00e9but de l\u2019\u00e9t\u00e9 prochain.<\/p>\n<p>\u00a0<\/p>\n<p>Le texte <a rel=\"nofollow\" href=\"https:\/\/annuelauto.ca\/nous-en-savons-plus-sur-les-ex30-et-ex90-de-volvo\/\">Nous en savons plus sur les EX30 et EX90 de Volvo<\/a> provient de <a rel=\"nofollow\" href=\"https:\/\/annuelauto.ca\">L&#8217;annuel de l&#8217;automobile &#8211; Actualit\u00e9 automobile<\/a><\/p>\n<p><\/p>\n","protected":false},"excerpt":{"rendered":"<p>C\u2019est \u00e0 Montr\u00e9al \u00e0 la fin ao\u00fbt que Volvo du Canada a pr\u00e9sent\u00e9 en premi\u00e8re nationale les deux prochains VUS \u00e9lectriques qui vont s\u2019ajouter \u00e0 son catalogue. Il s\u2019agit des EX30 et EX90, respectivement le plus petit et le plus gros des v\u00e9hicules \u00e9lectriques de Volvo. Des deux, c\u2019est l\u2019EX30 qui risque d\u2019int\u00e9resser le plus [&hellip;]<\/p>\n","protected":false},"author":8,"featured_media":150572,"comment_status":"close","ping_status":"closed","sticky":false,"template":"","format":"standard","meta":{"_monsterinsights_skip_tracking":false,"_monsterinsights_sitenote_active":false,"_monsterinsights_sitenote_note":"","_monsterinsights_sitenote_category":0,"footnotes":""},"categories":[101],"tags":[],"yoast_head":"<!-- This site is optimized with the Yoast SEO plugin v23.2 - https:\/\/yoast.com\/wordpress\/plugins\/seo\/ -->\n<title>Nous en savons plus sur les EX30 et EX90 de Volvo - CanadaMotorJobs.com<\/title>\n<meta name=\"description\" content=\"Nous en savons plus sur les EX30 et EX90 de Volvo - Benoit Charette - Annuel automobile - CanadaMotorJobs.com.\" \/>\n<meta name=\"robots\" content=\"index, follow, max-snippet:-1, max-image-preview:large, max-video-preview:-1\" \/>\n<meta property=\"og:locale\" content=\"fr_CA\" \/>\n<meta property=\"og:type\" content=\"article\" \/>\n<meta property=\"og:title\" content=\"Nous en savons plus sur les EX30 et EX90 de Volvo - CanadaMotorJobs.com\" \/>\n<meta property=\"og:description\" content=\"Nous en savons plus sur les EX30 et EX90 de Volvo - Benoit Charette - Annuel automobile - CanadaMotorJobs.com.\" \/>\n<meta property=\"og:url\" content=\"https:\/\/news.canadamotorjobs.com\/fr\/nous-en-savons-plus-sur-les-ex30-et-ex90-de-volvo\/\" \/>\n<meta property=\"og:site_name\" content=\"CanadaMotorJobs.com\" \/>\n<meta property=\"article:publisher\" content=\"https:\/\/www.facebook.com\/canadamotorjobs\/\" \/>\n<meta property=\"article:published_time\" content=\"2023-08-31T13:03:20+00:00\" \/>\n<meta property=\"article:modified_time\" content=\"2023-08-31T13:14:04+00:00\" \/>\n<meta property=\"og:image\" content=\"https:\/\/news.canadamotorjobs.com\/wp-content\/uploads\/2023\/08\/305763_Volvo_EX90_Rear.jpg\" \/>\n\t<meta property=\"og:image:width\" content=\"1423\" \/>\n\t<meta property=\"og:image:height\" content=\"800\" \/>\n\t<meta property=\"og:image:type\" content=\"image\/jpeg\" \/>\n<meta name=\"author\" content=\"Benoit Charette\" \/>\n<meta name=\"twitter:card\" content=\"summary_large_image\" \/>\n<meta name=\"twitter:creator\" content=\"@canadamotorjobs\" \/>\n<meta name=\"twitter:site\" content=\"@canadamotorjobs\" \/>\n<meta name=\"twitter:label1\" content=\"\u00c9crit par\" \/>\n\t<meta name=\"twitter:data1\" content=\"Benoit Charette\" \/>\n\t<meta name=\"twitter:label2\" content=\"Estimation du temps de lecture\" \/>\n\t<meta name=\"twitter:data2\" content=\"2 minutes\" \/>\n<!-- \/ Yoast SEO plugin. -->","yoast_head_json":{"title":"Nous en savons plus sur les EX30 et EX90 de Volvo - CanadaMotorJobs.com","description":"Nous en savons plus sur les EX30 et EX90 de Volvo - Benoit Charette - Annuel automobile - CanadaMotorJobs.com.","robots":{"index":"index","follow":"follow","max-snippet":"max-snippet:-1","max-image-preview":"max-image-preview:large","max-video-preview":"max-video-preview:-1"},"og_locale":"fr_CA","og_type":"article","og_title":"Nous en savons plus sur les EX30 et EX90 de Volvo - CanadaMotorJobs.com","og_description":"Nous en savons plus sur les EX30 et EX90 de Volvo - Benoit Charette - Annuel automobile - CanadaMotorJobs.com.","og_url":"https:\/\/news.canadamotorjobs.com\/fr\/nous-en-savons-plus-sur-les-ex30-et-ex90-de-volvo\/","og_site_name":"CanadaMotorJobs.com","article_publisher":"https:\/\/www.facebook.com\/canadamotorjobs\/","article_published_time":"2023-08-31T13:03:20+00:00","article_modified_time":"2023-08-31T13:14:04+00:00","og_image":[{"width":1423,"height":800,"url":"https:\/\/news.canadamotorjobs.com\/wp-content\/uploads\/2023\/08\/305763_Volvo_EX90_Rear.jpg","type":"image\/jpeg"}],"author":"Benoit Charette","twitter_card":"summary_large_image","twitter_creator":"@canadamotorjobs","twitter_site":"@canadamotorjobs","twitter_misc":{"\u00c9crit par":"Benoit Charette","Estimation du temps de lecture":"2 minutes"},"schema":{"@context":"https:\/\/schema.org","@graph":[{"@type":"Article","@id":"https:\/\/news.canadamotorjobs.com\/fr\/nous-en-savons-plus-sur-les-ex30-et-ex90-de-volvo\/#article","isPartOf":{"@id":"https:\/\/news.canadamotorjobs.com\/fr\/nous-en-savons-plus-sur-les-ex30-et-ex90-de-volvo\/"},"author":{"name":"Benoit Charette","@id":"https:\/\/news.canadamotorjobs.com\/#\/schema\/person\/51793d1f87d44011d7bcc2ed99269a90"},"headline":"Nous en savons plus sur les EX30 et EX90 de Volvo","datePublished":"2023-08-31T13:03:20+00:00","dateModified":"2023-08-31T13:14:04+00:00","mainEntityOfPage":{"@id":"https:\/\/news.canadamotorjobs.com\/fr\/nous-en-savons-plus-sur-les-ex30-et-ex90-de-volvo\/"},"wordCount":426,"publisher":{"@id":"https:\/\/news.canadamotorjobs.com\/#organization"},"image":{"@id":"https:\/\/news.canadamotorjobs.com\/fr\/nous-en-savons-plus-sur-les-ex30-et-ex90-de-volvo\/#primaryimage"},"thumbnailUrl":"https:\/\/news.canadamotorjobs.com\/wp-content\/uploads\/2023\/08\/305763_Volvo_EX90_Rear.jpg","articleSection":["Annuel automobile"],"inLanguage":"fr-CA"},{"@type":"WebPage","@id":"https:\/\/news.canadamotorjobs.com\/fr\/nous-en-savons-plus-sur-les-ex30-et-ex90-de-volvo\/","url":"https:\/\/news.canadamotorjobs.com\/fr\/nous-en-savons-plus-sur-les-ex30-et-ex90-de-volvo\/","name":"Nous en savons plus sur les EX30 et EX90 de Volvo - CanadaMotorJobs.com","isPartOf":{"@id":"https:\/\/news.canadamotorjobs.com\/#website"},"primaryImageOfPage":{"@id":"https:\/\/news.canadamotorjobs.com\/fr\/nous-en-savons-plus-sur-les-ex30-et-ex90-de-volvo\/#primaryimage"},"image":{"@id":"https:\/\/news.canadamotorjobs.com\/fr\/nous-en-savons-plus-sur-les-ex30-et-ex90-de-volvo\/#primaryimage"},"thumbnailUrl":"https:\/\/news.canadamotorjobs.com\/wp-content\/uploads\/2023\/08\/305763_Volvo_EX90_Rear.jpg","datePublished":"2023-08-31T13:03:20+00:00","dateModified":"2023-08-31T13:14:04+00:00","description":"Nous en savons plus sur les EX30 et EX90 de Volvo - Benoit Charette - Annuel automobile - CanadaMotorJobs.com.","breadcrumb":{"@id":"https:\/\/news.canadamotorjobs.com\/fr\/nous-en-savons-plus-sur-les-ex30-et-ex90-de-volvo\/#breadcrumb"},"inLanguage":"fr-CA","potentialAction":[{"@type":"ReadAction","target":["https:\/\/news.canadamotorjobs.com\/fr\/nous-en-savons-plus-sur-les-ex30-et-ex90-de-volvo\/"]}]},{"@type":"ImageObject","inLanguage":"fr-CA","@id":"https:\/\/news.canadamotorjobs.com\/fr\/nous-en-savons-plus-sur-les-ex30-et-ex90-de-volvo\/#primaryimage","url":"https:\/\/news.canadamotorjobs.com\/wp-content\/uploads\/2023\/08\/305763_Volvo_EX90_Rear.jpg","contentUrl":"https:\/\/news.canadamotorjobs.com\/wp-content\/uploads\/2023\/08\/305763_Volvo_EX90_Rear.jpg","width":1423,"height":800},{"@type":"BreadcrumbList","@id":"https:\/\/news.canadamotorjobs.com\/fr\/nous-en-savons-plus-sur-les-ex30-et-ex90-de-volvo\/#breadcrumb","itemListElement":[{"@type":"ListItem","position":1,"name":"Home","item":"https:\/\/news.canadamotorjobs.com\/fr\/blog\/"},{"@type":"ListItem","position":2,"name":"Nous en savons plus sur les EX30 et EX90 de Volvo"}]},{"@type":"WebSite","@id":"https:\/\/news.canadamotorjobs.com\/#website","url":"https:\/\/news.canadamotorjobs.com\/","name":"CanadaMotorJobs.com","description":"Automotive Jobs","publisher":{"@id":"https:\/\/news.canadamotorjobs.com\/#organization"},"potentialAction":[{"@type":"SearchAction","target":{"@type":"EntryPoint","urlTemplate":"https:\/\/news.canadamotorjobs.com\/?s={search_term_string}"},"query-input":"required name=search_term_string"}],"inLanguage":"fr-CA"},{"@type":"Organization","@id":"https:\/\/news.canadamotorjobs.com\/#organization","name":"Canada Motor Jobs","url":"https:\/\/news.canadamotorjobs.com\/","logo":{"@type":"ImageObject","inLanguage":"fr-CA","@id":"https:\/\/news.canadamotorjobs.com\/#\/schema\/logo\/image\/","url":"https:\/\/news.canadamotorjobs.com\/wp-content\/uploads\/2022\/10\/logo-canada-motor-jobs-1.png","contentUrl":"https:\/\/news.canadamotorjobs.com\/wp-content\/uploads\/2022\/10\/logo-canada-motor-jobs-1.png","width":800,"height":400,"caption":"Canada Motor Jobs"},"image":{"@id":"https:\/\/news.canadamotorjobs.com\/#\/schema\/logo\/image\/"},"sameAs":["https:\/\/www.facebook.com\/canadamotorjobs\/","https:\/\/x.com\/canadamotorjobs","https:\/\/www.instagram.com\/canadamotorjobs\/","https:\/\/www.linkedin.com\/company\/canadamotorjobs"]},{"@type":"Person","@id":"https:\/\/news.canadamotorjobs.com\/#\/schema\/person\/51793d1f87d44011d7bcc2ed99269a90","name":"Benoit Charette","image":{"@type":"ImageObject","inLanguage":"fr-CA","@id":"https:\/\/news.canadamotorjobs.com\/#\/schema\/person\/image\/","url":"https:\/\/secure.gravatar.com\/avatar\/45f3d2eebcccd909668d7ce7ea7267b6?s=96&d=mm&r=g","contentUrl":"https:\/\/secure.gravatar.com\/avatar\/45f3d2eebcccd909668d7ce7ea7267b6?s=96&d=mm&r=g","caption":"Benoit Charette"},"description":"Benoit Charette \/ Propri\u00e9taire et r\u00e9dacteur en chef Benoit Charette pratique le journalisme automobile depuis bient\u00f4t 30 ans. Il a fait ses classes au c\u00f4t\u00e9 de Daniel H\u00e9raud et au Carnet de route de 1992 \u00e0 2001. Il est fondateur, copropri\u00e9taire et r\u00e9dacteur en chef de L\u2019Annuel de l\u2019automobile, qu\u2019il publie depuis 2001. Il a anim\u00e9 les \u00e9missions RPM et RPM+ sur V et les L\u00e9gendes de la route sur Historia. \u00c0 la radio depuis 1986, il reprend l\u2019antenne cette ann\u00e9e sur les ondes de Cogeco et participe pour la deuxi\u00e8me ann\u00e9e \u00e0 l\u2019\u00e9mission Passion Auto sur RDS en plus de mettre en ligne le site Web officiel de L\u2019Annuel de l\u2019automobile sur annuelauto.ca.","sameAs":["https:\/\/annuelauto.ca\/"],"url":"https:\/\/news.canadamotorjobs.com\/fr\/author\/benoit-charette\/"}]}},"_links":{"self":[{"href":"https:\/\/news.canadamotorjobs.com\/fr\/wp-json\/wp\/v2\/posts\/150570"}],"collection":[{"href":"https:\/\/news.canadamotorjobs.com\/fr\/wp-json\/wp\/v2\/posts"}],"about":[{"href":"https:\/\/news.canadamotorjobs.com\/fr\/wp-json\/wp\/v2\/types\/post"}],"author":[{"embeddable":true,"href":"https:\/\/news.canadamotorjobs.com\/fr\/wp-json\/wp\/v2\/users\/8"}],"replies":[{"embeddable":true,"href":"https:\/\/news.canadamotorjobs.com\/fr\/wp-json\/wp\/v2\/comments?post=150570"}],"version-history":[{"count":2,"href":"https:\/\/news.canadamotorjobs.com\/fr\/wp-json\/wp\/v2\/posts\/150570\/revisions"}],"predecessor-version":[{"id":150574,"href":"https:\/\/news.canadamotorjobs.com\/fr\/wp-json\/wp\/v2\/posts\/150570\/revisions\/150574"}],"wp:featuredmedia":[{"embeddable":true,"href":"https:\/\/news.canadamotorjobs.com\/fr\/wp-json\/wp\/v2\/media\/150572"}],"wp:attachment":[{"href":"https:\/\/news.canadamotorjobs.com\/fr\/wp-json\/wp\/v2\/media?parent=150570"}],"wp:term":[{"taxonomy":"category","embeddable":true,"href":"https:\/\/news.canadamotorjobs.com\/fr\/wp-json\/wp\/v2\/categories?post=150570"},{"taxonomy":"post_tag","embeddable":true,"href":"https:\/\/news.canadamotorjobs.com\/fr\/wp-json\/wp\/v2\/tags?post=150570"}],"curies":[{"name":"wp","href":"https:\/\/api.w.org\/{rel}","templated":true}]}}