{"id":150524,"date":"2023-08-31T08:33:35","date_gmt":"2023-08-31T12:33:35","guid":{"rendered":"https:\/\/news.canadamotorjobs.com\/?p=150524"},"modified":"2023-08-31T08:33:47","modified_gmt":"2023-08-31T12:33:47","slug":"mercedes-benz-canada-annonce-le-prix-de-son-premier-sprinter-electrique","status":"publish","type":"post","link":"https:\/\/news.canadamotorjobs.com\/fr\/mercedes-benz-canada-annonce-le-prix-de-son-premier-sprinter-electrique\/","title":{"rendered":"Mercedes-Benz Canada annonce le prix de son premier Sprinter \u00e9lectrique"},"content":{"rendered":"<\/p>\n<p>Premier fourgon enti\u00e8rement \u00e9lectrique propos\u00e9 par Mercedes-Benz en Am\u00e9rique du Nord, le eSprinter est offert \u00e0 partir de 97 990 \u00a0et affiche une autonomie WLTP de plus de 400 km. Le eSprinter pourra \u00eatre command\u00e9 chez les concessionnaires canadiens \u00e0 partir de fin octobre 2023 et sera admissible \u00e0 l\u2019incitatif \u00e0 l\u2019achat de jusqu\u2019\u00e0 10 000 $ du Programme pour les v\u00e9hicules moyens et lourds z\u00e9ro \u00e9mission (iVMLZE) du gouvernement f\u00e9d\u00e9ral.<\/p>\n<h3>Batterie de 113 kWh<\/h3>\n<p>\n\u00c0 son lancement sur le march\u00e9, l\u2019eSprinter sera commercialis\u00e9 en tant que fourgon \u00e0 empattement de 170 pouces et \u00e0 toit sur\u00e9lev\u00e9, avec une batterie de 113 kilowattheures (capacit\u00e9 utilisable). La technologie lithium\/phosphate de fer \u00e9limine l\u2019utilisation de cobalt ou de nickel et est id\u00e9ale pour les v\u00e9hicules utilitaires l\u00e9gers en raison de sa durabilit\u00e9. Lors de la recharge sur une borne murale, le chargeur embarqu\u00e9 \u00e0 CA offre une puissance maximale de 9,6 kW, tandis qu\u2019aux bornes de recharge rapide \u00e0 CC, la puissance maximale de s\u00e9rie va jusqu\u2019\u00e0 50 kW. Avec la capacit\u00e9 de recharge rapide en option d\u2019une puissance allant jusqu\u2019\u00e0 115 kW, il est possible de passer d\u2019une charge d\u2019environ 10 % \u00e0 80 % de la batterie en \u00e0 peine plus de 40 minutes.<\/p>\n<h3>Deux niveaux de puissance<\/h3>\n<p>\nLe moteur synchrone \u00e0 aimant permanent offre deux niveaux de puissance, avec une puissance de pointe de 100 kilowatts ou de 150 kilowatts (136 chevaux ou 204 chevaux). Les deux permettent de produire un couple allant jusqu\u2019\u00e0 295 lb-pi pendant au moins 30 secondes.<\/p>\n<h3>MBUX en option<\/h3>\n<p>\n\u00c0 l\u2019int\u00e9rieur, l\u2019innovant syst\u00e8me MBUX (Mercedes-Benz User Experience ou Exp\u00e9rience utilisateur Mercedes-Benz) en option, dot\u00e9 de la derni\u00e8re g\u00e9n\u00e9ration de logiciels, comprend une technologie novatrice bas\u00e9e sur l\u2019intelligence artificielle et un syst\u00e8me de commande intuitif. MBUX peut \u00eatre command\u00e9 au moyen du dispositif de commande vocale ou par le biais de l\u2019\u00e9cran tactile, du pav\u00e9 tactile ou encore des boutons de commande tactiles sur le volant. Un autre point fort de l\u2019int\u00e9rieur est le r\u00e9troviseur int\u00e9rieur num\u00e9rique en option, qui fait b\u00e9n\u00e9ficier le conducteur d\u2019une vue d\u00e9gag\u00e9e de l\u2019arri\u00e8re et d\u2019un avantage appr\u00e9ciable en marche arri\u00e8re. Avec cette option, le r\u00e9troviseur int\u00e9rieur conventionnel mont\u00e9 sur le pare-brise sert aussi de r\u00e9troviseur int\u00e9rieur num\u00e9rique transmettant une image \u00e0 partir d\u2019une cam\u00e9ra \u00e0 port\u00e9e dynamique \u00e9lev\u00e9e fix\u00e9e sur la partie arri\u00e8re ext\u00e9rieure du toit. Le r\u00e9troviseur est \u00e9quip\u00e9 de capteurs de luminosit\u00e9 \u00e0 l\u2019avant et \u00e0 l\u2019arri\u00e8re, et ajuste automatiquement la luminosit\u00e9 de l\u2019affichage en fonction des conditions ambiantes. Le volume de chargement est de 14 m\u00b3, tandis que le poids nominal brut du v\u00e9hicule est de 4,25 tonnes.<\/p>\n<p>\u00a0<\/p>\n<p>Source: Mercedes-Benz Canada<\/p>\n<p>\u00a0<\/p>\n<p>\u00a0<\/p>\n<p>\u00a0<\/p>\n<p>\u00a0<\/p>\n<p>Le texte <a rel=\"nofollow\" href=\"https:\/\/annuelauto.ca\/mercedes-benz-canada-annonce-le-prix-de-son-premier-sprinter-electrique\/\">Mercedes-Benz Canada annonce le prix de son premier Sprinter \u00e9lectrique<\/a> provient de <a rel=\"nofollow\" href=\"https:\/\/annuelauto.ca\">L&#8217;annuel de l&#8217;automobile &#8211; Actualit\u00e9 automobile<\/a><\/p>\n<p><\/p>\n","protected":false},"excerpt":{"rendered":"<p>Premier fourgon enti\u00e8rement \u00e9lectrique propos\u00e9 par Mercedes-Benz en Am\u00e9rique du Nord, le eSprinter est offert \u00e0 partir de 97 990 \u00a0et affiche une autonomie WLTP de plus de 400 km. Le eSprinter pourra \u00eatre command\u00e9 chez les concessionnaires canadiens \u00e0 partir de fin octobre 2023 et sera admissible \u00e0 l\u2019incitatif \u00e0 l\u2019achat de jusqu\u2019\u00e0 10 [&hellip;]<\/p>\n","protected":false},"author":8,"featured_media":150526,"comment_status":"close","ping_status":"closed","sticky":false,"template":"","format":"standard","meta":{"_monsterinsights_skip_tracking":false,"_monsterinsights_sitenote_active":false,"_monsterinsights_sitenote_note":"","_monsterinsights_sitenote_category":0,"footnotes":""},"categories":[101],"tags":[],"yoast_head":"<!-- This site is optimized with the Yoast SEO plugin v23.2 - https:\/\/yoast.com\/wordpress\/plugins\/seo\/ -->\n<title>Mercedes-Benz Canada annonce le prix de son premier Sprinter \u00e9lectrique - CanadaMotorJobs.com<\/title>\n<meta name=\"description\" content=\"Mercedes-Benz Canada annonce le prix de son premier Sprinter \u00e9lectrique - Benoit Charette - Annuel automobile - CanadaMotorJobs.com.\" \/>\n<meta name=\"robots\" content=\"index, follow, max-snippet:-1, max-image-preview:large, max-video-preview:-1\" \/>\n<meta property=\"og:locale\" content=\"fr_CA\" \/>\n<meta property=\"og:type\" content=\"article\" \/>\n<meta property=\"og:title\" content=\"Mercedes-Benz Canada annonce le prix de son premier Sprinter \u00e9lectrique - CanadaMotorJobs.com\" \/>\n<meta property=\"og:description\" content=\"Mercedes-Benz Canada annonce le prix de son premier Sprinter \u00e9lectrique - Benoit Charette - Annuel automobile - CanadaMotorJobs.com.\" \/>\n<meta property=\"og:url\" content=\"https:\/\/news.canadamotorjobs.com\/fr\/mercedes-benz-canada-annonce-le-prix-de-son-premier-sprinter-electrique\/\" \/>\n<meta property=\"og:site_name\" content=\"CanadaMotorJobs.com\" \/>\n<meta property=\"article:publisher\" content=\"https:\/\/www.facebook.com\/canadamotorjobs\/\" \/>\n<meta property=\"article:published_time\" content=\"2023-08-31T12:33:35+00:00\" \/>\n<meta property=\"article:modified_time\" content=\"2023-08-31T12:33:47+00:00\" \/>\n<meta property=\"og:image\" content=\"https:\/\/news.canadamotorjobs.com\/wp-content\/uploads\/2023\/08\/eSprinter_Main-Motif_Single-Static_PanelVan_NAFTA_eciRGB.jpg\" \/>\n\t<meta property=\"og:image:width\" content=\"800\" \/>\n\t<meta property=\"og:image:height\" content=\"800\" \/>\n\t<meta property=\"og:image:type\" content=\"image\/jpeg\" \/>\n<meta name=\"author\" content=\"Benoit Charette\" \/>\n<meta name=\"twitter:card\" content=\"summary_large_image\" \/>\n<meta name=\"twitter:creator\" content=\"@canadamotorjobs\" \/>\n<meta name=\"twitter:site\" content=\"@canadamotorjobs\" \/>\n<meta name=\"twitter:label1\" content=\"\u00c9crit par\" \/>\n\t<meta name=\"twitter:data1\" content=\"Benoit Charette\" \/>\n\t<meta name=\"twitter:label2\" content=\"Estimation du temps de lecture\" \/>\n\t<meta name=\"twitter:data2\" content=\"2 minutes\" \/>\n<!-- \/ Yoast SEO plugin. -->","yoast_head_json":{"title":"Mercedes-Benz Canada annonce le prix de son premier Sprinter \u00e9lectrique - CanadaMotorJobs.com","description":"Mercedes-Benz Canada annonce le prix de son premier Sprinter \u00e9lectrique - Benoit Charette - Annuel automobile - CanadaMotorJobs.com.","robots":{"index":"index","follow":"follow","max-snippet":"max-snippet:-1","max-image-preview":"max-image-preview:large","max-video-preview":"max-video-preview:-1"},"og_locale":"fr_CA","og_type":"article","og_title":"Mercedes-Benz Canada annonce le prix de son premier Sprinter \u00e9lectrique - CanadaMotorJobs.com","og_description":"Mercedes-Benz Canada annonce le prix de son premier Sprinter \u00e9lectrique - Benoit Charette - Annuel automobile - CanadaMotorJobs.com.","og_url":"https:\/\/news.canadamotorjobs.com\/fr\/mercedes-benz-canada-annonce-le-prix-de-son-premier-sprinter-electrique\/","og_site_name":"CanadaMotorJobs.com","article_publisher":"https:\/\/www.facebook.com\/canadamotorjobs\/","article_published_time":"2023-08-31T12:33:35+00:00","article_modified_time":"2023-08-31T12:33:47+00:00","og_image":[{"width":800,"height":800,"url":"https:\/\/news.canadamotorjobs.com\/wp-content\/uploads\/2023\/08\/eSprinter_Main-Motif_Single-Static_PanelVan_NAFTA_eciRGB.jpg","type":"image\/jpeg"}],"author":"Benoit Charette","twitter_card":"summary_large_image","twitter_creator":"@canadamotorjobs","twitter_site":"@canadamotorjobs","twitter_misc":{"\u00c9crit par":"Benoit Charette","Estimation du temps de lecture":"2 minutes"},"schema":{"@context":"https:\/\/schema.org","@graph":[{"@type":"Article","@id":"https:\/\/news.canadamotorjobs.com\/fr\/mercedes-benz-canada-annonce-le-prix-de-son-premier-sprinter-electrique\/#article","isPartOf":{"@id":"https:\/\/news.canadamotorjobs.com\/fr\/mercedes-benz-canada-annonce-le-prix-de-son-premier-sprinter-electrique\/"},"author":{"name":"Benoit Charette","@id":"https:\/\/news.canadamotorjobs.com\/#\/schema\/person\/51793d1f87d44011d7bcc2ed99269a90"},"headline":"Mercedes-Benz Canada annonce le prix de son premier Sprinter \u00e9lectrique","datePublished":"2023-08-31T12:33:35+00:00","dateModified":"2023-08-31T12:33:47+00:00","mainEntityOfPage":{"@id":"https:\/\/news.canadamotorjobs.com\/fr\/mercedes-benz-canada-annonce-le-prix-de-son-premier-sprinter-electrique\/"},"wordCount":489,"publisher":{"@id":"https:\/\/news.canadamotorjobs.com\/#organization"},"image":{"@id":"https:\/\/news.canadamotorjobs.com\/fr\/mercedes-benz-canada-annonce-le-prix-de-son-premier-sprinter-electrique\/#primaryimage"},"thumbnailUrl":"https:\/\/news.canadamotorjobs.com\/wp-content\/uploads\/2023\/08\/eSprinter_Main-Motif_Single-Static_PanelVan_NAFTA_eciRGB.jpg","articleSection":["Annuel automobile"],"inLanguage":"fr-CA"},{"@type":"WebPage","@id":"https:\/\/news.canadamotorjobs.com\/fr\/mercedes-benz-canada-annonce-le-prix-de-son-premier-sprinter-electrique\/","url":"https:\/\/news.canadamotorjobs.com\/fr\/mercedes-benz-canada-annonce-le-prix-de-son-premier-sprinter-electrique\/","name":"Mercedes-Benz Canada annonce le prix de son premier Sprinter \u00e9lectrique - CanadaMotorJobs.com","isPartOf":{"@id":"https:\/\/news.canadamotorjobs.com\/#website"},"primaryImageOfPage":{"@id":"https:\/\/news.canadamotorjobs.com\/fr\/mercedes-benz-canada-annonce-le-prix-de-son-premier-sprinter-electrique\/#primaryimage"},"image":{"@id":"https:\/\/news.canadamotorjobs.com\/fr\/mercedes-benz-canada-annonce-le-prix-de-son-premier-sprinter-electrique\/#primaryimage"},"thumbnailUrl":"https:\/\/news.canadamotorjobs.com\/wp-content\/uploads\/2023\/08\/eSprinter_Main-Motif_Single-Static_PanelVan_NAFTA_eciRGB.jpg","datePublished":"2023-08-31T12:33:35+00:00","dateModified":"2023-08-31T12:33:47+00:00","description":"Mercedes-Benz Canada annonce le prix de son premier Sprinter \u00e9lectrique - Benoit Charette - Annuel automobile - CanadaMotorJobs.com.","breadcrumb":{"@id":"https:\/\/news.canadamotorjobs.com\/fr\/mercedes-benz-canada-annonce-le-prix-de-son-premier-sprinter-electrique\/#breadcrumb"},"inLanguage":"fr-CA","potentialAction":[{"@type":"ReadAction","target":["https:\/\/news.canadamotorjobs.com\/fr\/mercedes-benz-canada-annonce-le-prix-de-son-premier-sprinter-electrique\/"]}]},{"@type":"ImageObject","inLanguage":"fr-CA","@id":"https:\/\/news.canadamotorjobs.com\/fr\/mercedes-benz-canada-annonce-le-prix-de-son-premier-sprinter-electrique\/#primaryimage","url":"https:\/\/news.canadamotorjobs.com\/wp-content\/uploads\/2023\/08\/eSprinter_Main-Motif_Single-Static_PanelVan_NAFTA_eciRGB.jpg","contentUrl":"https:\/\/news.canadamotorjobs.com\/wp-content\/uploads\/2023\/08\/eSprinter_Main-Motif_Single-Static_PanelVan_NAFTA_eciRGB.jpg","width":800,"height":800},{"@type":"BreadcrumbList","@id":"https:\/\/news.canadamotorjobs.com\/fr\/mercedes-benz-canada-annonce-le-prix-de-son-premier-sprinter-electrique\/#breadcrumb","itemListElement":[{"@type":"ListItem","position":1,"name":"Home","item":"https:\/\/news.canadamotorjobs.com\/fr\/blog\/"},{"@type":"ListItem","position":2,"name":"Mercedes-Benz Canada annonce le prix de son premier Sprinter \u00e9lectrique"}]},{"@type":"WebSite","@id":"https:\/\/news.canadamotorjobs.com\/#website","url":"https:\/\/news.canadamotorjobs.com\/","name":"CanadaMotorJobs.com","description":"Automotive Jobs","publisher":{"@id":"https:\/\/news.canadamotorjobs.com\/#organization"},"potentialAction":[{"@type":"SearchAction","target":{"@type":"EntryPoint","urlTemplate":"https:\/\/news.canadamotorjobs.com\/?s={search_term_string}"},"query-input":"required name=search_term_string"}],"inLanguage":"fr-CA"},{"@type":"Organization","@id":"https:\/\/news.canadamotorjobs.com\/#organization","name":"Canada Motor Jobs","url":"https:\/\/news.canadamotorjobs.com\/","logo":{"@type":"ImageObject","inLanguage":"fr-CA","@id":"https:\/\/news.canadamotorjobs.com\/#\/schema\/logo\/image\/","url":"https:\/\/news.canadamotorjobs.com\/wp-content\/uploads\/2022\/10\/logo-canada-motor-jobs-1.png","contentUrl":"https:\/\/news.canadamotorjobs.com\/wp-content\/uploads\/2022\/10\/logo-canada-motor-jobs-1.png","width":800,"height":400,"caption":"Canada Motor Jobs"},"image":{"@id":"https:\/\/news.canadamotorjobs.com\/#\/schema\/logo\/image\/"},"sameAs":["https:\/\/www.facebook.com\/canadamotorjobs\/","https:\/\/x.com\/canadamotorjobs","https:\/\/www.instagram.com\/canadamotorjobs\/","https:\/\/www.linkedin.com\/company\/canadamotorjobs"]},{"@type":"Person","@id":"https:\/\/news.canadamotorjobs.com\/#\/schema\/person\/51793d1f87d44011d7bcc2ed99269a90","name":"Benoit Charette","image":{"@type":"ImageObject","inLanguage":"fr-CA","@id":"https:\/\/news.canadamotorjobs.com\/#\/schema\/person\/image\/","url":"https:\/\/secure.gravatar.com\/avatar\/45f3d2eebcccd909668d7ce7ea7267b6?s=96&d=mm&r=g","contentUrl":"https:\/\/secure.gravatar.com\/avatar\/45f3d2eebcccd909668d7ce7ea7267b6?s=96&d=mm&r=g","caption":"Benoit Charette"},"description":"Benoit Charette \/ Propri\u00e9taire et r\u00e9dacteur en chef Benoit Charette pratique le journalisme automobile depuis bient\u00f4t 30 ans. Il a fait ses classes au c\u00f4t\u00e9 de Daniel H\u00e9raud et au Carnet de route de 1992 \u00e0 2001. Il est fondateur, copropri\u00e9taire et r\u00e9dacteur en chef de L\u2019Annuel de l\u2019automobile, qu\u2019il publie depuis 2001. Il a anim\u00e9 les \u00e9missions RPM et RPM+ sur V et les L\u00e9gendes de la route sur Historia. \u00c0 la radio depuis 1986, il reprend l\u2019antenne cette ann\u00e9e sur les ondes de Cogeco et participe pour la deuxi\u00e8me ann\u00e9e \u00e0 l\u2019\u00e9mission Passion Auto sur RDS en plus de mettre en ligne le site Web officiel de L\u2019Annuel de l\u2019automobile sur annuelauto.ca.","sameAs":["https:\/\/annuelauto.ca\/"],"url":"https:\/\/news.canadamotorjobs.com\/fr\/author\/benoit-charette\/"}]}},"_links":{"self":[{"href":"https:\/\/news.canadamotorjobs.com\/fr\/wp-json\/wp\/v2\/posts\/150524"}],"collection":[{"href":"https:\/\/news.canadamotorjobs.com\/fr\/wp-json\/wp\/v2\/posts"}],"about":[{"href":"https:\/\/news.canadamotorjobs.com\/fr\/wp-json\/wp\/v2\/types\/post"}],"author":[{"embeddable":true,"href":"https:\/\/news.canadamotorjobs.com\/fr\/wp-json\/wp\/v2\/users\/8"}],"replies":[{"embeddable":true,"href":"https:\/\/news.canadamotorjobs.com\/fr\/wp-json\/wp\/v2\/comments?post=150524"}],"version-history":[{"count":2,"href":"https:\/\/news.canadamotorjobs.com\/fr\/wp-json\/wp\/v2\/posts\/150524\/revisions"}],"predecessor-version":[{"id":150528,"href":"https:\/\/news.canadamotorjobs.com\/fr\/wp-json\/wp\/v2\/posts\/150524\/revisions\/150528"}],"wp:featuredmedia":[{"embeddable":true,"href":"https:\/\/news.canadamotorjobs.com\/fr\/wp-json\/wp\/v2\/media\/150526"}],"wp:attachment":[{"href":"https:\/\/news.canadamotorjobs.com\/fr\/wp-json\/wp\/v2\/media?parent=150524"}],"wp:term":[{"taxonomy":"category","embeddable":true,"href":"https:\/\/news.canadamotorjobs.com\/fr\/wp-json\/wp\/v2\/categories?post=150524"},{"taxonomy":"post_tag","embeddable":true,"href":"https:\/\/news.canadamotorjobs.com\/fr\/wp-json\/wp\/v2\/tags?post=150524"}],"curies":[{"name":"wp","href":"https:\/\/api.w.org\/{rel}","templated":true}]}}