{"id":150478,"date":"2023-08-30T12:14:47","date_gmt":"2023-08-30T16:14:47","guid":{"rendered":"https:\/\/news.canadamotorjobs.com\/?p=150478"},"modified":"2023-08-30T12:29:02","modified_gmt":"2023-08-30T16:29:02","slug":"2024-sera-la-derniere-annee-de-la-volkswagen-golf-et-jetta-manuelle","status":"publish","type":"post","link":"https:\/\/news.canadamotorjobs.com\/fr\/2024-sera-la-derniere-annee-de-la-volkswagen-golf-et-jetta-manuelle\/","title":{"rendered":"2024 sera la derni\u00e8re ann\u00e9e de la Volkswagen Golf et Jetta manuelle"},"content":{"rendered":"<\/p>\n<p>Une bataille de perdue pour les amateurs de p\u00e9dale d\u2019embrayage. Volkswagen a annonc\u00e9 que la GTi manuelle c\u00e9l\u00e8bre pour 2024 la derni\u00e8re cuv\u00e9e du mod\u00e8le avec bo\u00eete manuelle. \u00c0 compter de 2025, seules les bo\u00eetes DSG seront au programme. L&#8217;ann\u00e9e 2024 marquera \u00e9galement la derni\u00e8re ann\u00e9e de production de bo\u00eetes de vitesses manuelles pour les mod\u00e8les Golf R et Jetta. La sportive Jetta GLI restera disponible en version \u00e0 trois p\u00e9dales \u00e0 partir de l&#8217;ann\u00e9e fiscale 2024.<\/p>\n<h3>\u00c9quipements sp\u00e9ciaux<\/h3>\n<p>\nBaptis\u00e9e Golf GTi 380, cette derni\u00e8re va recevoir un ensemble d&#8217;\u00e9quipements sp\u00e9ciaux comprenant des jantes en alliage d&#8217;aluminium multibranches de 19 pouces noir brillant, ainsi qu&#8217;un toit et des coques de r\u00e9troviseurs noir brillant, et une couleur ext\u00e9rieure exclusive gris graphite m\u00e9tallis\u00e9.<\/p>\n<h3>Pourquoi la 380<\/h3>\n<p>\nLe nom &#8220;380&#8221; provient du code interne du mod\u00e8le Mk8. Il s&#8217;agit d&#8217;un clin d&#8217;\u0153il \u00e0 la GTI 337 \u00e9dition sp\u00e9ciale de quatri\u00e8me g\u00e9n\u00e9ration, vendue en 2002, qui empruntait le code de mod\u00e8le interne de la GTI Mk1. Dans le m\u00eame esprit, la GTI 380 int\u00e8gre des \u00e9l\u00e9ments de design et d&#8217;am\u00e9lioration des performances appr\u00e9ci\u00e9s par les passionn\u00e9s de VW et les associe \u00e0 une couleur exclusive pour offrir un ensemble d&#8217;\u00e9quipements vraiment sp\u00e9cial \u00e0 chaque version \u00e0 transmission manuelle pour les mod\u00e8les 2024-S, SE et Autobahn.<\/p>\n<h3>Amortisseurs adaptatifs<\/h3>\n<p>\nLes passionn\u00e9s appr\u00e9cieront le syst\u00e8me d&#8217;amortissement adaptatif DCC de s\u00e9rie et les jantes en alliage d&#8217;aluminium 19 pouces multibranches noir brillant de la Golf R 20th Anniversary Edition, chauss\u00e9es de pneus d&#8217;\u00e9t\u00e9 haute performance. Le toit peint en noir brillant s&#8217;associe aux coques de r\u00e9troviseurs noires brillantes et se d\u00e9marque des d\u00e9tails ext\u00e9rieurs rouges classiques de la GTI. Les couleurs de la Golf GTI 2024 comprennent le noir profond nacr\u00e9, le bleu Atlantique m\u00e9tallis\u00e9, le rouge Kings m\u00e9tallis\u00e9, l&#8217;argent Reflex m\u00e9tallis\u00e9, le gris Moonstone et le blanc opale nacr\u00e9, ainsi que le gris graphite m\u00e9tallis\u00e9, qui est une exclusivit\u00e9 de la GTI 380.<\/p>\n<h3>Int\u00e9rieur unique<\/h3>\n<p>\n\u00c0 l&#8217;int\u00e9rieur, la GTI 380 rend hommage \u00e0 l&#8217;histoire historique de la GTI avec un pommeau de levier de vitesses manuel inspir\u00e9 d&#8217;une balle de golf &#8211; pr\u00e9sent sur toutes les g\u00e9n\u00e9rations de GTI &#8211; et des accents en nid d&#8217;abeille. Les versions S et SE sont \u00e9quip\u00e9es de si\u00e8ges en tissu classique &#8220;Scalepaper Plaid&#8221; ; les surfaces des si\u00e8ges en cuir Vienna sont de s\u00e9rie sur la version Autobahn et en option sur la version SE. Les si\u00e8ges en cuir de Vienne sont de s\u00e9rie sur la version Autobahn et en option sur la version SE.<\/p>\n<h3>Toujours le m\u00eame moteur<\/h3>\n<p>\nComme le reste de la gamme Golf GTI 2024, les versions GTI 380 sont propuls\u00e9es par un moteur quatre cylindres turbocompress\u00e9 EA888 de 2,0 litres d\u00e9veloppant 241 chevaux et 273 livres-pieds de couple. Ce mod\u00e8le est la derni\u00e8re Golf GTI \u00e0 \u00eatre propos\u00e9e avec une bo\u00eete manuelle \u00e0 6 rapports, tandis que la bo\u00eete DSG\u00ae \u00e0 double embrayage et \u00e0 7 rapports sera reprise sur les futurs mod\u00e8les GTI et sur la Golf R. La Volkswagen Golf GTI 380 2024 arrivera chez les concessionnaires canadiens au d\u00e9but de l&#8217;automne, avec un PDSF de 36 895 $. La GTI \u00e9quip\u00e9e de la bo\u00eete DSG continuera d&#8217;\u00eatre offerte en trois versions pour l&#8217;ann\u00e9e fiscale 2024, avec un PDSF de d\u00e9part de 34 795 $.<\/p>\n<p>\u00a0<\/p>\n<p>\u00a0<\/p>\n<p>Le texte <a rel=\"nofollow\" href=\"https:\/\/annuelauto.ca\/2024-sera-la-derniere-annee-de-la-volkswagen-golf-et-jetta-manuelle\/\">2024 sera la derni\u00e8re ann\u00e9e de la Volkswagen Golf et Jetta manuelle<\/a> provient de <a rel=\"nofollow\" href=\"https:\/\/annuelauto.ca\">L&#8217;annuel de l&#8217;automobile &#8211; Actualit\u00e9 automobile<\/a><\/p>\n<p><\/p>\n","protected":false},"excerpt":{"rendered":"<p>Une bataille de perdue pour les amateurs de p\u00e9dale d\u2019embrayage. Volkswagen a annonc\u00e9 que la GTi manuelle c\u00e9l\u00e8bre pour 2024 la derni\u00e8re cuv\u00e9e du mod\u00e8le avec bo\u00eete manuelle. \u00c0 compter de 2025, seules les bo\u00eetes DSG seront au programme. L&#8217;ann\u00e9e 2024 marquera \u00e9galement la derni\u00e8re ann\u00e9e de production de bo\u00eetes de vitesses manuelles pour les [&hellip;]<\/p>\n","protected":false},"author":8,"featured_media":150480,"comment_status":"close","ping_status":"closed","sticky":false,"template":"","format":"standard","meta":{"_monsterinsights_skip_tracking":false,"_monsterinsights_sitenote_active":false,"_monsterinsights_sitenote_note":"","_monsterinsights_sitenote_category":0,"footnotes":""},"categories":[101],"tags":[],"yoast_head":"<!-- This site is optimized with the Yoast SEO plugin v23.2 - https:\/\/yoast.com\/wordpress\/plugins\/seo\/ -->\n<title>2024 sera la derni\u00e8re ann\u00e9e de la Volkswagen Golf et Jetta manuelle - CanadaMotorJobs.com<\/title>\n<meta name=\"description\" content=\"2024 sera la derni\u00e8re ann\u00e9e de la Volkswagen Golf et Jetta manuelle - Benoit Charette - Annuel automobile - CanadaMotorJobs.com.\" \/>\n<meta name=\"robots\" content=\"index, follow, max-snippet:-1, max-image-preview:large, max-video-preview:-1\" \/>\n<meta property=\"og:locale\" content=\"fr_CA\" \/>\n<meta property=\"og:type\" content=\"article\" \/>\n<meta property=\"og:title\" content=\"2024 sera la derni\u00e8re ann\u00e9e de la Volkswagen Golf et Jetta manuelle - CanadaMotorJobs.com\" \/>\n<meta property=\"og:description\" content=\"2024 sera la derni\u00e8re ann\u00e9e de la Volkswagen Golf et Jetta manuelle - Benoit Charette - Annuel automobile - CanadaMotorJobs.com.\" \/>\n<meta property=\"og:url\" content=\"https:\/\/news.canadamotorjobs.com\/fr\/2024-sera-la-derniere-annee-de-la-volkswagen-golf-et-jetta-manuelle\/\" \/>\n<meta property=\"og:site_name\" content=\"CanadaMotorJobs.com\" \/>\n<meta property=\"article:publisher\" content=\"https:\/\/www.facebook.com\/canadamotorjobs\/\" \/>\n<meta property=\"article:published_time\" content=\"2023-08-30T16:14:47+00:00\" \/>\n<meta property=\"article:modified_time\" content=\"2023-08-30T16:29:02+00:00\" \/>\n<meta property=\"og:image\" content=\"https:\/\/news.canadamotorjobs.com\/wp-content\/uploads\/2023\/08\/GTI-then-and-now.jpg\" \/>\n\t<meta property=\"og:image:width\" content=\"1200\" \/>\n\t<meta property=\"og:image:height\" content=\"800\" \/>\n\t<meta property=\"og:image:type\" content=\"image\/jpeg\" \/>\n<meta name=\"author\" content=\"Benoit Charette\" \/>\n<meta name=\"twitter:card\" content=\"summary_large_image\" \/>\n<meta name=\"twitter:creator\" content=\"@canadamotorjobs\" \/>\n<meta name=\"twitter:site\" content=\"@canadamotorjobs\" \/>\n<meta name=\"twitter:label1\" content=\"\u00c9crit par\" \/>\n\t<meta name=\"twitter:data1\" content=\"Benoit Charette\" \/>\n\t<meta name=\"twitter:label2\" content=\"Estimation du temps de lecture\" \/>\n\t<meta name=\"twitter:data2\" content=\"3 minutes\" \/>\n<!-- \/ Yoast SEO plugin. -->","yoast_head_json":{"title":"2024 sera la derni\u00e8re ann\u00e9e de la Volkswagen Golf et Jetta manuelle - CanadaMotorJobs.com","description":"2024 sera la derni\u00e8re ann\u00e9e de la Volkswagen Golf et Jetta manuelle - Benoit Charette - Annuel automobile - CanadaMotorJobs.com.","robots":{"index":"index","follow":"follow","max-snippet":"max-snippet:-1","max-image-preview":"max-image-preview:large","max-video-preview":"max-video-preview:-1"},"og_locale":"fr_CA","og_type":"article","og_title":"2024 sera la derni\u00e8re ann\u00e9e de la Volkswagen Golf et Jetta manuelle - CanadaMotorJobs.com","og_description":"2024 sera la derni\u00e8re ann\u00e9e de la Volkswagen Golf et Jetta manuelle - Benoit Charette - Annuel automobile - CanadaMotorJobs.com.","og_url":"https:\/\/news.canadamotorjobs.com\/fr\/2024-sera-la-derniere-annee-de-la-volkswagen-golf-et-jetta-manuelle\/","og_site_name":"CanadaMotorJobs.com","article_publisher":"https:\/\/www.facebook.com\/canadamotorjobs\/","article_published_time":"2023-08-30T16:14:47+00:00","article_modified_time":"2023-08-30T16:29:02+00:00","og_image":[{"width":1200,"height":800,"url":"https:\/\/news.canadamotorjobs.com\/wp-content\/uploads\/2023\/08\/GTI-then-and-now.jpg","type":"image\/jpeg"}],"author":"Benoit Charette","twitter_card":"summary_large_image","twitter_creator":"@canadamotorjobs","twitter_site":"@canadamotorjobs","twitter_misc":{"\u00c9crit par":"Benoit Charette","Estimation du temps de lecture":"3 minutes"},"schema":{"@context":"https:\/\/schema.org","@graph":[{"@type":"Article","@id":"https:\/\/news.canadamotorjobs.com\/fr\/2024-sera-la-derniere-annee-de-la-volkswagen-golf-et-jetta-manuelle\/#article","isPartOf":{"@id":"https:\/\/news.canadamotorjobs.com\/fr\/2024-sera-la-derniere-annee-de-la-volkswagen-golf-et-jetta-manuelle\/"},"author":{"name":"Benoit Charette","@id":"https:\/\/news.canadamotorjobs.com\/#\/schema\/person\/51793d1f87d44011d7bcc2ed99269a90"},"headline":"2024 sera la derni\u00e8re ann\u00e9e de la Volkswagen Golf et Jetta manuelle","datePublished":"2023-08-30T16:14:47+00:00","dateModified":"2023-08-30T16:29:02+00:00","mainEntityOfPage":{"@id":"https:\/\/news.canadamotorjobs.com\/fr\/2024-sera-la-derniere-annee-de-la-volkswagen-golf-et-jetta-manuelle\/"},"wordCount":632,"publisher":{"@id":"https:\/\/news.canadamotorjobs.com\/#organization"},"image":{"@id":"https:\/\/news.canadamotorjobs.com\/fr\/2024-sera-la-derniere-annee-de-la-volkswagen-golf-et-jetta-manuelle\/#primaryimage"},"thumbnailUrl":"https:\/\/news.canadamotorjobs.com\/wp-content\/uploads\/2023\/08\/GTI-then-and-now.jpg","articleSection":["Annuel automobile"],"inLanguage":"fr-CA"},{"@type":"WebPage","@id":"https:\/\/news.canadamotorjobs.com\/fr\/2024-sera-la-derniere-annee-de-la-volkswagen-golf-et-jetta-manuelle\/","url":"https:\/\/news.canadamotorjobs.com\/fr\/2024-sera-la-derniere-annee-de-la-volkswagen-golf-et-jetta-manuelle\/","name":"2024 sera la derni\u00e8re ann\u00e9e de la Volkswagen Golf et Jetta manuelle - CanadaMotorJobs.com","isPartOf":{"@id":"https:\/\/news.canadamotorjobs.com\/#website"},"primaryImageOfPage":{"@id":"https:\/\/news.canadamotorjobs.com\/fr\/2024-sera-la-derniere-annee-de-la-volkswagen-golf-et-jetta-manuelle\/#primaryimage"},"image":{"@id":"https:\/\/news.canadamotorjobs.com\/fr\/2024-sera-la-derniere-annee-de-la-volkswagen-golf-et-jetta-manuelle\/#primaryimage"},"thumbnailUrl":"https:\/\/news.canadamotorjobs.com\/wp-content\/uploads\/2023\/08\/GTI-then-and-now.jpg","datePublished":"2023-08-30T16:14:47+00:00","dateModified":"2023-08-30T16:29:02+00:00","description":"2024 sera la derni\u00e8re ann\u00e9e de la Volkswagen Golf et Jetta manuelle - Benoit Charette - Annuel automobile - CanadaMotorJobs.com.","breadcrumb":{"@id":"https:\/\/news.canadamotorjobs.com\/fr\/2024-sera-la-derniere-annee-de-la-volkswagen-golf-et-jetta-manuelle\/#breadcrumb"},"inLanguage":"fr-CA","potentialAction":[{"@type":"ReadAction","target":["https:\/\/news.canadamotorjobs.com\/fr\/2024-sera-la-derniere-annee-de-la-volkswagen-golf-et-jetta-manuelle\/"]}]},{"@type":"ImageObject","inLanguage":"fr-CA","@id":"https:\/\/news.canadamotorjobs.com\/fr\/2024-sera-la-derniere-annee-de-la-volkswagen-golf-et-jetta-manuelle\/#primaryimage","url":"https:\/\/news.canadamotorjobs.com\/wp-content\/uploads\/2023\/08\/GTI-then-and-now.jpg","contentUrl":"https:\/\/news.canadamotorjobs.com\/wp-content\/uploads\/2023\/08\/GTI-then-and-now.jpg","width":1200,"height":800},{"@type":"BreadcrumbList","@id":"https:\/\/news.canadamotorjobs.com\/fr\/2024-sera-la-derniere-annee-de-la-volkswagen-golf-et-jetta-manuelle\/#breadcrumb","itemListElement":[{"@type":"ListItem","position":1,"name":"Home","item":"https:\/\/news.canadamotorjobs.com\/fr\/blog\/"},{"@type":"ListItem","position":2,"name":"2024 sera la derni\u00e8re ann\u00e9e de la Volkswagen Golf et Jetta manuelle"}]},{"@type":"WebSite","@id":"https:\/\/news.canadamotorjobs.com\/#website","url":"https:\/\/news.canadamotorjobs.com\/","name":"CanadaMotorJobs.com","description":"Automotive Jobs","publisher":{"@id":"https:\/\/news.canadamotorjobs.com\/#organization"},"potentialAction":[{"@type":"SearchAction","target":{"@type":"EntryPoint","urlTemplate":"https:\/\/news.canadamotorjobs.com\/?s={search_term_string}"},"query-input":"required name=search_term_string"}],"inLanguage":"fr-CA"},{"@type":"Organization","@id":"https:\/\/news.canadamotorjobs.com\/#organization","name":"Canada Motor Jobs","url":"https:\/\/news.canadamotorjobs.com\/","logo":{"@type":"ImageObject","inLanguage":"fr-CA","@id":"https:\/\/news.canadamotorjobs.com\/#\/schema\/logo\/image\/","url":"https:\/\/news.canadamotorjobs.com\/wp-content\/uploads\/2022\/10\/logo-canada-motor-jobs-1.png","contentUrl":"https:\/\/news.canadamotorjobs.com\/wp-content\/uploads\/2022\/10\/logo-canada-motor-jobs-1.png","width":800,"height":400,"caption":"Canada Motor Jobs"},"image":{"@id":"https:\/\/news.canadamotorjobs.com\/#\/schema\/logo\/image\/"},"sameAs":["https:\/\/www.facebook.com\/canadamotorjobs\/","https:\/\/x.com\/canadamotorjobs","https:\/\/www.instagram.com\/canadamotorjobs\/","https:\/\/www.linkedin.com\/company\/canadamotorjobs"]},{"@type":"Person","@id":"https:\/\/news.canadamotorjobs.com\/#\/schema\/person\/51793d1f87d44011d7bcc2ed99269a90","name":"Benoit Charette","image":{"@type":"ImageObject","inLanguage":"fr-CA","@id":"https:\/\/news.canadamotorjobs.com\/#\/schema\/person\/image\/","url":"https:\/\/secure.gravatar.com\/avatar\/45f3d2eebcccd909668d7ce7ea7267b6?s=96&d=mm&r=g","contentUrl":"https:\/\/secure.gravatar.com\/avatar\/45f3d2eebcccd909668d7ce7ea7267b6?s=96&d=mm&r=g","caption":"Benoit Charette"},"description":"Benoit Charette \/ Propri\u00e9taire et r\u00e9dacteur en chef Benoit Charette pratique le journalisme automobile depuis bient\u00f4t 30 ans. Il a fait ses classes au c\u00f4t\u00e9 de Daniel H\u00e9raud et au Carnet de route de 1992 \u00e0 2001. Il est fondateur, copropri\u00e9taire et r\u00e9dacteur en chef de L\u2019Annuel de l\u2019automobile, qu\u2019il publie depuis 2001. Il a anim\u00e9 les \u00e9missions RPM et RPM+ sur V et les L\u00e9gendes de la route sur Historia. \u00c0 la radio depuis 1986, il reprend l\u2019antenne cette ann\u00e9e sur les ondes de Cogeco et participe pour la deuxi\u00e8me ann\u00e9e \u00e0 l\u2019\u00e9mission Passion Auto sur RDS en plus de mettre en ligne le site Web officiel de L\u2019Annuel de l\u2019automobile sur annuelauto.ca.","sameAs":["https:\/\/annuelauto.ca\/"],"url":"https:\/\/news.canadamotorjobs.com\/fr\/author\/benoit-charette\/"}]}},"_links":{"self":[{"href":"https:\/\/news.canadamotorjobs.com\/fr\/wp-json\/wp\/v2\/posts\/150478"}],"collection":[{"href":"https:\/\/news.canadamotorjobs.com\/fr\/wp-json\/wp\/v2\/posts"}],"about":[{"href":"https:\/\/news.canadamotorjobs.com\/fr\/wp-json\/wp\/v2\/types\/post"}],"author":[{"embeddable":true,"href":"https:\/\/news.canadamotorjobs.com\/fr\/wp-json\/wp\/v2\/users\/8"}],"replies":[{"embeddable":true,"href":"https:\/\/news.canadamotorjobs.com\/fr\/wp-json\/wp\/v2\/comments?post=150478"}],"version-history":[{"count":2,"href":"https:\/\/news.canadamotorjobs.com\/fr\/wp-json\/wp\/v2\/posts\/150478\/revisions"}],"predecessor-version":[{"id":150482,"href":"https:\/\/news.canadamotorjobs.com\/fr\/wp-json\/wp\/v2\/posts\/150478\/revisions\/150482"}],"wp:featuredmedia":[{"embeddable":true,"href":"https:\/\/news.canadamotorjobs.com\/fr\/wp-json\/wp\/v2\/media\/150480"}],"wp:attachment":[{"href":"https:\/\/news.canadamotorjobs.com\/fr\/wp-json\/wp\/v2\/media?parent=150478"}],"wp:term":[{"taxonomy":"category","embeddable":true,"href":"https:\/\/news.canadamotorjobs.com\/fr\/wp-json\/wp\/v2\/categories?post=150478"},{"taxonomy":"post_tag","embeddable":true,"href":"https:\/\/news.canadamotorjobs.com\/fr\/wp-json\/wp\/v2\/tags?post=150478"}],"curies":[{"name":"wp","href":"https:\/\/api.w.org\/{rel}","templated":true}]}}