{"id":150455,"date":"2023-08-30T09:02:13","date_gmt":"2023-08-30T13:02:13","guid":{"rendered":"https:\/\/news.canadamotorjobs.com\/?p=150455"},"modified":"2023-08-30T09:14:35","modified_gmt":"2023-08-30T13:14:35","slug":"une-riposte-de-jaguar-a-la-bmw-i7-et-mercedes-eqs","status":"publish","type":"post","link":"https:\/\/news.canadamotorjobs.com\/fr\/une-riposte-de-jaguar-a-la-bmw-i7-et-mercedes-eqs\/","title":{"rendered":"Une riposte de Jaguar \u00e0 la BMW i7 et Mercedes EQS"},"content":{"rendered":"<\/p>\n<p>Jaguar se pr\u00e9pare \u00e0 lancer une grande et somptueuse berline \u00e9lectrique pour remplacer indirectement la XJ EV supprim\u00e9e, r\u00e9v\u00e8le Autocar. Il \u00e9tait pr\u00e9c\u00e9demment entendu que la nouvelle grande routi\u00e8re quatre places de Jaguar, lanc\u00e9e en 2025, serait suivie dans les concessions par une paire de VUS de luxe. \u00a0Mais aujourd&#8217;hui, une source famili\u00e8re avec les nouveaux mod\u00e8les a d\u00e9clar\u00e9 \u00e0 Autocar que si l&#8217;une des deux autres voitures est effectivement un VUS xde la taille du Bentley Bentayga, l&#8217;autre est en fait une imposante limousine con\u00e7ue dans le moule de la XJ, bien que fortement redessin\u00e9e, consid\u00e9rablement plus grande et beaucoup plus luxueuse.<\/p>\n<h3>Plateforme commune<\/h3>\n<p>\nLes trois voitures reposeront sur la plate-forme de v\u00e9hicules \u00e9lectriques JEA \u00e0 empattement long, d\u00e9velopp\u00e9e exclusivement pour les mod\u00e8les Jaguar de la nouvelle g\u00e9n\u00e9ration. Vendues entre 100 000 et 125 000 livres sterling ( 172 \u00e0 200\u00a0000 $), les trois voitures seront \u00e9quip\u00e9es de quatre roues motrices, de quatre roues directrices et d&#8217;une capacit\u00e9 de charge ultra-rapide qui permettra une recharge de 10 \u00e0 80 % en seulement 13 minutes. \u00a0Les premiers d\u00e9tails sugg\u00e8rent que chaque voiture produira pas moins de 450 chevaux, atteindra le 0-100 km entre 3 et 3,8 sec, atteindra 250 km\/h et offrira une autonomie de 620 \u00e0 765 km en mode WLTP.<\/p>\n<h3>Pas de dessin de la voiture encore<\/h3>\n<p>\nCette voiture n&#8217;a jamais \u00e9t\u00e9 d\u00e9voil\u00e9e et Jaguar n&#8217;a donn\u00e9 aucune indication sur ses performances potentielles avant l&#8217;arr\u00eat du programme en 2021. Le plus surprenant des d\u00e9tails obtenus par Autocar est que les nouveaux mod\u00e8les ne portent plus l&#8217;embl\u00e8me du chat bondissant qui orne la plupart des voitures de la firme de Coventry depuis la fin de la Seconde Guerre mondiale. \u00a0\u00c0 la place, le nom Jaguar sera \u00e9pel\u00e9 \u00e0 l&#8217;avant et \u00e0 l&#8217;arri\u00e8re dans une nouvelle police de caract\u00e8res, ce qui est embl\u00e9matique de l&#8217;approche granulaire adopt\u00e9e par les patrons dans le cadre du programme de r\u00e9invention de la marque.<\/p>\n<h3>On repart avec une feuille blanche<\/h3>\n<p>\nJaguar veut briser le moule avec la venue des mod\u00e8les \u00e9lectriques. D\u00e9crite comme comparable en taille \u00e0 la Bentley Mulsanne &#8211; qui mesurait 5,6 m\u00e8tres, la nouvelle berline aura une silhouette basse d\u00e9finie par des surfaces nettes et des proportions g\u00e9n\u00e9reuses. \u00a0L&#8217;avant plat accueillera des phares DEL ultraminces dispos\u00e9s selon un nouveau motif distinctif autour d&#8217;une structure de type calandre non fonctionnelle qui sera connue comme le nouveau visage de Jaguar. Elle sera reli\u00e9e \u00e0 un angle de pr\u00e8s de 90 degr\u00e9s \u00e0 un capot large et profond qui sera plus long que celui de n&#8217;importe quelle Jaguar pr\u00e9c\u00e9dente. Parmi les autres caract\u00e9ristiques de la berline et de ses compagnons GT et SUV, citons un effet de toit &#8220;flottant&#8221; obtenu gr\u00e2ce \u00e0 des montants A et B noirs, des jantes en alliage de 22 pouces au design saisissant et une gamme d&#8217;options de peinture ouvertement luxueuses, dont l&#8217;or et l&#8217;argent bross\u00e9s.<\/p>\n<h3>Le royaume de la techno<\/h3>\n<p>\nLa visibilit\u00e9 arri\u00e8re sera assur\u00e9e par un &#8220;miroir&#8221; num\u00e9rique situ\u00e9 \u00e0 la base du pare-brise, tandis que des \u00e9crans plus petits situ\u00e9s \u00e0 la base des montants A remplaceront les r\u00e9troviseurs lat\u00e9raux conventionnels. \u00a0Le th\u00e8me du design minimaliste se retrouve dans les int\u00e9rieurs des nouvelles voitures, qui mettent l&#8217;accent sur les technologies de pointe, l&#8217;espace et les mat\u00e9riaux haut de gamme (y compris des options de rev\u00eatement respectueuses de l&#8217;environnement) &#8211; bien que les diff\u00e9rences individuelles pour chaque mod\u00e8le restent \u00e0 voir. \u00a0\u00c0 ce stade, il est entendu que la berline n&#8217;a que des boutons sur le volant, avec un \u00e9cran num\u00e9rique enveloppant derri\u00e8re le volant servant d&#8217;interface d&#8217;infodivertissement principale. \u00a0Un \u00e9cran tactile plus petit situ\u00e9 sur la console centrale g\u00e8re quant \u00e0 lui les fonctions cl\u00e9s telles que la climatisation et l&#8217;audio. La console centrale s&#8217;\u00e9tendra sur toute la longueur de l&#8217;habitacle pour diviser la banquette arri\u00e8re en deux espaces distincts ou sera raccourcie pour donner une disposition plus conventionnelle \u00e0 cinq places. \u00a0L&#8217;objectif de JLR est que la nouvelle marque Jaguar vende 4 000 voitures par mois dans le monde. Pour y parvenir, compte tenu des structures de prix beaucoup plus \u00e9lev\u00e9es qu&#8217;elle introduira, ses voitures doivent \u00eatre con\u00e7ues pour s\u00e9duire les acheteurs des march\u00e9s \u00e9mergents des voitures de luxe.<\/p>\n<p>\u00a0<\/p>\n<p>Avec des renseignements d\u2019Autocar<\/p>\n<p>\u00a0<\/p>\n<p>\u00a0<\/p>\n<p>Le texte <a rel=\"nofollow\" href=\"https:\/\/annuelauto.ca\/une-riposte-de-jaguar-a-la-bmw-i7-et-mercedes-eqs\/\">Une riposte de Jaguar \u00e0 la BMW i7 et Mercedes EQS<\/a> provient de <a rel=\"nofollow\" href=\"https:\/\/annuelauto.ca\">L&#8217;annuel de l&#8217;automobile &#8211; Actualit\u00e9 automobile<\/a><\/p>\n<p><\/p>\n","protected":false},"excerpt":{"rendered":"<p>Jaguar se pr\u00e9pare \u00e0 lancer une grande et somptueuse berline \u00e9lectrique pour remplacer indirectement la XJ EV supprim\u00e9e, r\u00e9v\u00e8le Autocar. Il \u00e9tait pr\u00e9c\u00e9demment entendu que la nouvelle grande routi\u00e8re quatre places de Jaguar, lanc\u00e9e en 2025, serait suivie dans les concessions par une paire de VUS de luxe. \u00a0Mais aujourd&#8217;hui, une source famili\u00e8re avec les [&hellip;]<\/p>\n","protected":false},"author":8,"featured_media":150457,"comment_status":"close","ping_status":"closed","sticky":false,"template":"","format":"standard","meta":{"_monsterinsights_skip_tracking":false,"_monsterinsights_sitenote_active":false,"_monsterinsights_sitenote_note":"","_monsterinsights_sitenote_category":0,"footnotes":""},"categories":[101],"tags":[],"yoast_head":"<!-- This site is optimized with the Yoast SEO plugin v23.2 - https:\/\/yoast.com\/wordpress\/plugins\/seo\/ -->\n<title>Une riposte de Jaguar \u00e0 la BMW i7 et Mercedes EQS - CanadaMotorJobs.com<\/title>\n<meta name=\"description\" content=\"Une riposte de Jaguar \u00e0 la BMW i7 et Mercedes EQS - Benoit Charette - Annuel automobile - CanadaMotorJobs.com.\" \/>\n<meta name=\"robots\" content=\"index, follow, max-snippet:-1, max-image-preview:large, max-video-preview:-1\" \/>\n<meta property=\"og:locale\" content=\"fr_CA\" \/>\n<meta property=\"og:type\" content=\"article\" \/>\n<meta property=\"og:title\" content=\"Une riposte de Jaguar \u00e0 la BMW i7 et Mercedes EQS - CanadaMotorJobs.com\" \/>\n<meta property=\"og:description\" content=\"Une riposte de Jaguar \u00e0 la BMW i7 et Mercedes EQS - Benoit Charette - Annuel automobile - CanadaMotorJobs.com.\" \/>\n<meta property=\"og:url\" content=\"https:\/\/news.canadamotorjobs.com\/fr\/une-riposte-de-jaguar-a-la-bmw-i7-et-mercedes-eqs\/\" \/>\n<meta property=\"og:site_name\" content=\"CanadaMotorJobs.com\" \/>\n<meta property=\"article:publisher\" content=\"https:\/\/www.facebook.com\/canadamotorjobs\/\" \/>\n<meta property=\"article:published_time\" content=\"2023-08-30T13:02:13+00:00\" \/>\n<meta property=\"article:modified_time\" content=\"2023-08-30T13:14:35+00:00\" \/>\n<meta property=\"og:image\" content=\"https:\/\/news.canadamotorjobs.com\/wp-content\/uploads\/2023\/08\/New-Jaguar-EV-GT-Sedan-9-Carscoops-FCD.jpg\" \/>\n\t<meta property=\"og:image:width\" content=\"1290\" \/>\n\t<meta property=\"og:image:height\" content=\"726\" \/>\n\t<meta property=\"og:image:type\" content=\"image\/jpeg\" \/>\n<meta name=\"author\" content=\"Benoit Charette\" \/>\n<meta name=\"twitter:card\" content=\"summary_large_image\" \/>\n<meta name=\"twitter:creator\" content=\"@canadamotorjobs\" \/>\n<meta name=\"twitter:site\" content=\"@canadamotorjobs\" \/>\n<meta name=\"twitter:label1\" content=\"\u00c9crit par\" \/>\n\t<meta name=\"twitter:data1\" content=\"Benoit Charette\" \/>\n\t<meta name=\"twitter:label2\" content=\"Estimation du temps de lecture\" \/>\n\t<meta name=\"twitter:data2\" content=\"4 minutes\" \/>\n<!-- \/ Yoast SEO plugin. -->","yoast_head_json":{"title":"Une riposte de Jaguar \u00e0 la BMW i7 et Mercedes EQS - CanadaMotorJobs.com","description":"Une riposte de Jaguar \u00e0 la BMW i7 et Mercedes EQS - Benoit Charette - Annuel automobile - CanadaMotorJobs.com.","robots":{"index":"index","follow":"follow","max-snippet":"max-snippet:-1","max-image-preview":"max-image-preview:large","max-video-preview":"max-video-preview:-1"},"og_locale":"fr_CA","og_type":"article","og_title":"Une riposte de Jaguar \u00e0 la BMW i7 et Mercedes EQS - CanadaMotorJobs.com","og_description":"Une riposte de Jaguar \u00e0 la BMW i7 et Mercedes EQS - Benoit Charette - Annuel automobile - CanadaMotorJobs.com.","og_url":"https:\/\/news.canadamotorjobs.com\/fr\/une-riposte-de-jaguar-a-la-bmw-i7-et-mercedes-eqs\/","og_site_name":"CanadaMotorJobs.com","article_publisher":"https:\/\/www.facebook.com\/canadamotorjobs\/","article_published_time":"2023-08-30T13:02:13+00:00","article_modified_time":"2023-08-30T13:14:35+00:00","og_image":[{"width":1290,"height":726,"url":"https:\/\/news.canadamotorjobs.com\/wp-content\/uploads\/2023\/08\/New-Jaguar-EV-GT-Sedan-9-Carscoops-FCD.jpg","type":"image\/jpeg"}],"author":"Benoit Charette","twitter_card":"summary_large_image","twitter_creator":"@canadamotorjobs","twitter_site":"@canadamotorjobs","twitter_misc":{"\u00c9crit par":"Benoit Charette","Estimation du temps de lecture":"4 minutes"},"schema":{"@context":"https:\/\/schema.org","@graph":[{"@type":"Article","@id":"https:\/\/news.canadamotorjobs.com\/fr\/une-riposte-de-jaguar-a-la-bmw-i7-et-mercedes-eqs\/#article","isPartOf":{"@id":"https:\/\/news.canadamotorjobs.com\/fr\/une-riposte-de-jaguar-a-la-bmw-i7-et-mercedes-eqs\/"},"author":{"name":"Benoit Charette","@id":"https:\/\/news.canadamotorjobs.com\/#\/schema\/person\/51793d1f87d44011d7bcc2ed99269a90"},"headline":"Une riposte de Jaguar \u00e0 la BMW i7 et Mercedes EQS","datePublished":"2023-08-30T13:02:13+00:00","dateModified":"2023-08-30T13:14:35+00:00","mainEntityOfPage":{"@id":"https:\/\/news.canadamotorjobs.com\/fr\/une-riposte-de-jaguar-a-la-bmw-i7-et-mercedes-eqs\/"},"wordCount":786,"publisher":{"@id":"https:\/\/news.canadamotorjobs.com\/#organization"},"image":{"@id":"https:\/\/news.canadamotorjobs.com\/fr\/une-riposte-de-jaguar-a-la-bmw-i7-et-mercedes-eqs\/#primaryimage"},"thumbnailUrl":"https:\/\/news.canadamotorjobs.com\/wp-content\/uploads\/2023\/08\/New-Jaguar-EV-GT-Sedan-9-Carscoops-FCD.jpg","articleSection":["Annuel automobile"],"inLanguage":"fr-CA"},{"@type":"WebPage","@id":"https:\/\/news.canadamotorjobs.com\/fr\/une-riposte-de-jaguar-a-la-bmw-i7-et-mercedes-eqs\/","url":"https:\/\/news.canadamotorjobs.com\/fr\/une-riposte-de-jaguar-a-la-bmw-i7-et-mercedes-eqs\/","name":"Une riposte de Jaguar \u00e0 la BMW i7 et Mercedes EQS - CanadaMotorJobs.com","isPartOf":{"@id":"https:\/\/news.canadamotorjobs.com\/#website"},"primaryImageOfPage":{"@id":"https:\/\/news.canadamotorjobs.com\/fr\/une-riposte-de-jaguar-a-la-bmw-i7-et-mercedes-eqs\/#primaryimage"},"image":{"@id":"https:\/\/news.canadamotorjobs.com\/fr\/une-riposte-de-jaguar-a-la-bmw-i7-et-mercedes-eqs\/#primaryimage"},"thumbnailUrl":"https:\/\/news.canadamotorjobs.com\/wp-content\/uploads\/2023\/08\/New-Jaguar-EV-GT-Sedan-9-Carscoops-FCD.jpg","datePublished":"2023-08-30T13:02:13+00:00","dateModified":"2023-08-30T13:14:35+00:00","description":"Une riposte de Jaguar \u00e0 la BMW i7 et Mercedes EQS - Benoit Charette - Annuel automobile - CanadaMotorJobs.com.","breadcrumb":{"@id":"https:\/\/news.canadamotorjobs.com\/fr\/une-riposte-de-jaguar-a-la-bmw-i7-et-mercedes-eqs\/#breadcrumb"},"inLanguage":"fr-CA","potentialAction":[{"@type":"ReadAction","target":["https:\/\/news.canadamotorjobs.com\/fr\/une-riposte-de-jaguar-a-la-bmw-i7-et-mercedes-eqs\/"]}]},{"@type":"ImageObject","inLanguage":"fr-CA","@id":"https:\/\/news.canadamotorjobs.com\/fr\/une-riposte-de-jaguar-a-la-bmw-i7-et-mercedes-eqs\/#primaryimage","url":"https:\/\/news.canadamotorjobs.com\/wp-content\/uploads\/2023\/08\/New-Jaguar-EV-GT-Sedan-9-Carscoops-FCD.jpg","contentUrl":"https:\/\/news.canadamotorjobs.com\/wp-content\/uploads\/2023\/08\/New-Jaguar-EV-GT-Sedan-9-Carscoops-FCD.jpg","width":1290,"height":726},{"@type":"BreadcrumbList","@id":"https:\/\/news.canadamotorjobs.com\/fr\/une-riposte-de-jaguar-a-la-bmw-i7-et-mercedes-eqs\/#breadcrumb","itemListElement":[{"@type":"ListItem","position":1,"name":"Home","item":"https:\/\/news.canadamotorjobs.com\/fr\/blog\/"},{"@type":"ListItem","position":2,"name":"Une riposte de Jaguar \u00e0 la BMW i7 et Mercedes EQS"}]},{"@type":"WebSite","@id":"https:\/\/news.canadamotorjobs.com\/#website","url":"https:\/\/news.canadamotorjobs.com\/","name":"CanadaMotorJobs.com","description":"Automotive Jobs","publisher":{"@id":"https:\/\/news.canadamotorjobs.com\/#organization"},"potentialAction":[{"@type":"SearchAction","target":{"@type":"EntryPoint","urlTemplate":"https:\/\/news.canadamotorjobs.com\/?s={search_term_string}"},"query-input":"required name=search_term_string"}],"inLanguage":"fr-CA"},{"@type":"Organization","@id":"https:\/\/news.canadamotorjobs.com\/#organization","name":"Canada Motor Jobs","url":"https:\/\/news.canadamotorjobs.com\/","logo":{"@type":"ImageObject","inLanguage":"fr-CA","@id":"https:\/\/news.canadamotorjobs.com\/#\/schema\/logo\/image\/","url":"https:\/\/news.canadamotorjobs.com\/wp-content\/uploads\/2022\/10\/logo-canada-motor-jobs-1.png","contentUrl":"https:\/\/news.canadamotorjobs.com\/wp-content\/uploads\/2022\/10\/logo-canada-motor-jobs-1.png","width":800,"height":400,"caption":"Canada Motor Jobs"},"image":{"@id":"https:\/\/news.canadamotorjobs.com\/#\/schema\/logo\/image\/"},"sameAs":["https:\/\/www.facebook.com\/canadamotorjobs\/","https:\/\/x.com\/canadamotorjobs","https:\/\/www.instagram.com\/canadamotorjobs\/","https:\/\/www.linkedin.com\/company\/canadamotorjobs"]},{"@type":"Person","@id":"https:\/\/news.canadamotorjobs.com\/#\/schema\/person\/51793d1f87d44011d7bcc2ed99269a90","name":"Benoit Charette","image":{"@type":"ImageObject","inLanguage":"fr-CA","@id":"https:\/\/news.canadamotorjobs.com\/#\/schema\/person\/image\/","url":"https:\/\/secure.gravatar.com\/avatar\/45f3d2eebcccd909668d7ce7ea7267b6?s=96&d=mm&r=g","contentUrl":"https:\/\/secure.gravatar.com\/avatar\/45f3d2eebcccd909668d7ce7ea7267b6?s=96&d=mm&r=g","caption":"Benoit Charette"},"description":"Benoit Charette \/ Propri\u00e9taire et r\u00e9dacteur en chef Benoit Charette pratique le journalisme automobile depuis bient\u00f4t 30 ans. Il a fait ses classes au c\u00f4t\u00e9 de Daniel H\u00e9raud et au Carnet de route de 1992 \u00e0 2001. Il est fondateur, copropri\u00e9taire et r\u00e9dacteur en chef de L\u2019Annuel de l\u2019automobile, qu\u2019il publie depuis 2001. Il a anim\u00e9 les \u00e9missions RPM et RPM+ sur V et les L\u00e9gendes de la route sur Historia. \u00c0 la radio depuis 1986, il reprend l\u2019antenne cette ann\u00e9e sur les ondes de Cogeco et participe pour la deuxi\u00e8me ann\u00e9e \u00e0 l\u2019\u00e9mission Passion Auto sur RDS en plus de mettre en ligne le site Web officiel de L\u2019Annuel de l\u2019automobile sur annuelauto.ca.","sameAs":["https:\/\/annuelauto.ca\/"],"url":"https:\/\/news.canadamotorjobs.com\/fr\/author\/benoit-charette\/"}]}},"_links":{"self":[{"href":"https:\/\/news.canadamotorjobs.com\/fr\/wp-json\/wp\/v2\/posts\/150455"}],"collection":[{"href":"https:\/\/news.canadamotorjobs.com\/fr\/wp-json\/wp\/v2\/posts"}],"about":[{"href":"https:\/\/news.canadamotorjobs.com\/fr\/wp-json\/wp\/v2\/types\/post"}],"author":[{"embeddable":true,"href":"https:\/\/news.canadamotorjobs.com\/fr\/wp-json\/wp\/v2\/users\/8"}],"replies":[{"embeddable":true,"href":"https:\/\/news.canadamotorjobs.com\/fr\/wp-json\/wp\/v2\/comments?post=150455"}],"version-history":[{"count":2,"href":"https:\/\/news.canadamotorjobs.com\/fr\/wp-json\/wp\/v2\/posts\/150455\/revisions"}],"predecessor-version":[{"id":150459,"href":"https:\/\/news.canadamotorjobs.com\/fr\/wp-json\/wp\/v2\/posts\/150455\/revisions\/150459"}],"wp:featuredmedia":[{"embeddable":true,"href":"https:\/\/news.canadamotorjobs.com\/fr\/wp-json\/wp\/v2\/media\/150457"}],"wp:attachment":[{"href":"https:\/\/news.canadamotorjobs.com\/fr\/wp-json\/wp\/v2\/media?parent=150455"}],"wp:term":[{"taxonomy":"category","embeddable":true,"href":"https:\/\/news.canadamotorjobs.com\/fr\/wp-json\/wp\/v2\/categories?post=150455"},{"taxonomy":"post_tag","embeddable":true,"href":"https:\/\/news.canadamotorjobs.com\/fr\/wp-json\/wp\/v2\/tags?post=150455"}],"curies":[{"name":"wp","href":"https:\/\/api.w.org\/{rel}","templated":true}]}}