{"id":150382,"date":"2023-08-29T06:42:22","date_gmt":"2023-08-29T10:42:22","guid":{"rendered":"https:\/\/news.canadamotorjobs.com\/?p=150382"},"modified":"2023-08-29T06:47:36","modified_gmt":"2023-08-29T10:47:36","slug":"la-production-de-toyota-au-japon-est-a-larret","status":"publish","type":"post","link":"https:\/\/news.canadamotorjobs.com\/fr\/la-production-de-toyota-au-japon-est-a-larret\/","title":{"rendered":"La production de Toyota au Japon est \u00e0 l\u2019arr\u00eat"},"content":{"rendered":"<\/p>\n<p>Toyota Motor Corp. a annonc\u00e9 mardi avoir suspendu les op\u00e9rations dans toutes ses usines d&#8217;assemblage au Japon en raison d&#8217;un dysfonctionnement du syst\u00e8me de production, ce qui a entra\u00een\u00e9 une paralysie de la production nationale du constructeur automobile le plus vendu au monde.<\/p>\n<h3>Une d\u00e9faillance du syst\u00e8me informatique<\/h3>\n<p>\nUne d\u00e9faillance informatique emp\u00eache Toyota de commander des composants et sa cause fait l&#8217;objet d&#8217;une enqu\u00eate, bien qu&#8217;il ne soit &#8220;probablement pas d\u00fb \u00e0 une cyberattaque&#8221;, a d\u00e9clar\u00e9 un porte-parole. Toyota a ferm\u00e9 ses 14 usines au Japon. L&#8217;ampleur de la perte de production n&#8217;a pas \u00e9t\u00e9 pr\u00e9cis\u00e9e.<\/p>\n<h3>Un tiers de la production mondiale<\/h3>\n<p>\nL&#8217;ensemble des usines repr\u00e9sente environ un tiers de la production mondiale du constructeur automobile, selon les calculs de Reuters. La production nationale de Toyota a connu une reprise apr\u00e8s une s\u00e9rie de r\u00e9ductions de production qu&#8217;elle a imput\u00e9es \u00e0 des p\u00e9nuries de semi-conducteurs. La production a augment\u00e9 de 29 % entre janvier et juin, la premi\u00e8re augmentation de ce type en deux ans.<\/p>\n<h3>13\u00a0500 v\u00e9hicules par jour<\/h3>\n<p>\nLa production japonaise s&#8217;est \u00e9lev\u00e9e en moyenne \u00e0 environ 13 500 v\u00e9hicules par jour au cours du premier semestre, selon les calculs de Reuters. Ce chiffre exclut les v\u00e9hicules des constructeurs automobiles du groupe, Daihatsu et Hino. L&#8217;ann\u00e9e derni\u00e8re, les op\u00e9rations ont \u00e9t\u00e9 interrompues pendant une journ\u00e9e lorsqu&#8217;un fournisseur a \u00e9t\u00e9 victime d&#8217;une cyberattaque, ce qui a emp\u00each\u00e9 Toyota de commander des pi\u00e8ces. Toyota a repris ses activit\u00e9s en utilisant un r\u00e9seau de secours.<\/p>\n<h3>Effet d&#8217;entra\u00eenement<\/h3>\n<p>\nCe incident a des r\u00e9percussions. Le groupe Toyota Industries a d\u00e9clar\u00e9 qu&#8217;il avait partiellement suspendu les activit\u00e9s de deux usines de moteurs en raison du probl\u00e8me rencontr\u00e9 par le constructeur automobile. Toyota est un pionnier de la gestion des stocks en flux tendu, ce qui permet de r\u00e9duire les co\u00fbts mais signifie que les probl\u00e8mes de cha\u00eene d&#8217;approvisionnement mettent la production en p\u00e9ril.<\/p>\n<h3>Des appels inqui\u00e9tants<\/h3>\n<p>\nBien que la cause du dernier dysfonctionnement ne soit pas claire, les entreprises japonaises ont \u00e9t\u00e9 mises en \u00e9tat d&#8217;alerte ces derniers jours, car des entreprises et des administrations ont signal\u00e9 des appels t\u00e9l\u00e9phoniques de harc\u00e8lement. Le gouvernement a d\u00e9clar\u00e9 que ces appels provenaient probablement de Chine et qu&#8217;ils \u00e9taient li\u00e9s au rejet dans l&#8217;oc\u00e9an Pacifique d&#8217;eau radioactive trait\u00e9e provenant de la centrale nucl\u00e9aire accident\u00e9e de Fukushima.<\/p>\n<p>\u00a0<\/p>\n<p>Avec des renseignements d\u2019Automotive News<\/p>\n<p>\u00a0<\/p>\n<p>\u00a0<\/p>\n<p>Le texte <a rel=\"nofollow\" href=\"https:\/\/annuelauto.ca\/la-production-de-toyota-au-japon-est-a-larret\/\">La production de Toyota au Japon est \u00e0 l\u2019arr\u00eat<\/a> provient de <a rel=\"nofollow\" href=\"https:\/\/annuelauto.ca\">L&#8217;annuel de l&#8217;automobile &#8211; Actualit\u00e9 automobile<\/a><\/p>\n<p><\/p>\n","protected":false},"excerpt":{"rendered":"<p>Toyota Motor Corp. a annonc\u00e9 mardi avoir suspendu les op\u00e9rations dans toutes ses usines d&#8217;assemblage au Japon en raison d&#8217;un dysfonctionnement du syst\u00e8me de production, ce qui a entra\u00een\u00e9 une paralysie de la production nationale du constructeur automobile le plus vendu au monde. Une d\u00e9faillance du syst\u00e8me informatique Une d\u00e9faillance informatique emp\u00eache Toyota de commander [&hellip;]<\/p>\n","protected":false},"author":8,"featured_media":150384,"comment_status":"close","ping_status":"closed","sticky":false,"template":"","format":"standard","meta":{"_monsterinsights_skip_tracking":false,"_monsterinsights_sitenote_active":false,"_monsterinsights_sitenote_note":"","_monsterinsights_sitenote_category":0,"footnotes":""},"categories":[101],"tags":[],"yoast_head":"<!-- This site is optimized with the Yoast SEO plugin v23.2 - https:\/\/yoast.com\/wordpress\/plugins\/seo\/ -->\n<title>La production de Toyota au Japon est \u00e0 l\u2019arr\u00eat - CanadaMotorJobs.com<\/title>\n<meta name=\"description\" content=\"La production de Toyota au Japon est \u00e0 l\u2019arr\u00eat - Benoit Charette - Annuel automobile - CanadaMotorJobs.com.\" \/>\n<meta name=\"robots\" content=\"index, follow, max-snippet:-1, max-image-preview:large, max-video-preview:-1\" \/>\n<meta property=\"og:locale\" content=\"fr_CA\" \/>\n<meta property=\"og:type\" content=\"article\" \/>\n<meta property=\"og:title\" content=\"La production de Toyota au Japon est \u00e0 l\u2019arr\u00eat - CanadaMotorJobs.com\" \/>\n<meta property=\"og:description\" content=\"La production de Toyota au Japon est \u00e0 l\u2019arr\u00eat - Benoit Charette - Annuel automobile - CanadaMotorJobs.com.\" \/>\n<meta property=\"og:url\" content=\"https:\/\/news.canadamotorjobs.com\/fr\/la-production-de-toyota-au-japon-est-a-larret\/\" \/>\n<meta property=\"og:site_name\" content=\"CanadaMotorJobs.com\" \/>\n<meta property=\"article:publisher\" content=\"https:\/\/www.facebook.com\/canadamotorjobs\/\" \/>\n<meta property=\"article:published_time\" content=\"2023-08-29T10:42:22+00:00\" \/>\n<meta property=\"article:modified_time\" content=\"2023-08-29T10:47:36+00:00\" \/>\n<meta property=\"og:image\" content=\"https:\/\/news.canadamotorjobs.com\/wp-content\/uploads\/2023\/08\/facilities_ogp_001.jpg\" \/>\n\t<meta property=\"og:image:width\" content=\"1200\" \/>\n\t<meta property=\"og:image:height\" content=\"630\" \/>\n\t<meta property=\"og:image:type\" content=\"image\/jpeg\" \/>\n<meta name=\"author\" content=\"Benoit Charette\" \/>\n<meta name=\"twitter:card\" content=\"summary_large_image\" \/>\n<meta name=\"twitter:creator\" content=\"@canadamotorjobs\" \/>\n<meta name=\"twitter:site\" content=\"@canadamotorjobs\" \/>\n<meta name=\"twitter:label1\" content=\"\u00c9crit par\" \/>\n\t<meta name=\"twitter:data1\" content=\"Benoit Charette\" \/>\n\t<meta name=\"twitter:label2\" content=\"Estimation du temps de lecture\" \/>\n\t<meta name=\"twitter:data2\" content=\"2 minutes\" \/>\n<!-- \/ Yoast SEO plugin. -->","yoast_head_json":{"title":"La production de Toyota au Japon est \u00e0 l\u2019arr\u00eat - CanadaMotorJobs.com","description":"La production de Toyota au Japon est \u00e0 l\u2019arr\u00eat - Benoit Charette - Annuel automobile - CanadaMotorJobs.com.","robots":{"index":"index","follow":"follow","max-snippet":"max-snippet:-1","max-image-preview":"max-image-preview:large","max-video-preview":"max-video-preview:-1"},"og_locale":"fr_CA","og_type":"article","og_title":"La production de Toyota au Japon est \u00e0 l\u2019arr\u00eat - CanadaMotorJobs.com","og_description":"La production de Toyota au Japon est \u00e0 l\u2019arr\u00eat - Benoit Charette - Annuel automobile - CanadaMotorJobs.com.","og_url":"https:\/\/news.canadamotorjobs.com\/fr\/la-production-de-toyota-au-japon-est-a-larret\/","og_site_name":"CanadaMotorJobs.com","article_publisher":"https:\/\/www.facebook.com\/canadamotorjobs\/","article_published_time":"2023-08-29T10:42:22+00:00","article_modified_time":"2023-08-29T10:47:36+00:00","og_image":[{"width":1200,"height":630,"url":"https:\/\/news.canadamotorjobs.com\/wp-content\/uploads\/2023\/08\/facilities_ogp_001.jpg","type":"image\/jpeg"}],"author":"Benoit Charette","twitter_card":"summary_large_image","twitter_creator":"@canadamotorjobs","twitter_site":"@canadamotorjobs","twitter_misc":{"\u00c9crit par":"Benoit Charette","Estimation du temps de lecture":"2 minutes"},"schema":{"@context":"https:\/\/schema.org","@graph":[{"@type":"Article","@id":"https:\/\/news.canadamotorjobs.com\/fr\/la-production-de-toyota-au-japon-est-a-larret\/#article","isPartOf":{"@id":"https:\/\/news.canadamotorjobs.com\/fr\/la-production-de-toyota-au-japon-est-a-larret\/"},"author":{"name":"Benoit Charette","@id":"https:\/\/news.canadamotorjobs.com\/#\/schema\/person\/51793d1f87d44011d7bcc2ed99269a90"},"headline":"La production de Toyota au Japon est \u00e0 l\u2019arr\u00eat","datePublished":"2023-08-29T10:42:22+00:00","dateModified":"2023-08-29T10:47:36+00:00","mainEntityOfPage":{"@id":"https:\/\/news.canadamotorjobs.com\/fr\/la-production-de-toyota-au-japon-est-a-larret\/"},"wordCount":477,"publisher":{"@id":"https:\/\/news.canadamotorjobs.com\/#organization"},"image":{"@id":"https:\/\/news.canadamotorjobs.com\/fr\/la-production-de-toyota-au-japon-est-a-larret\/#primaryimage"},"thumbnailUrl":"https:\/\/news.canadamotorjobs.com\/wp-content\/uploads\/2023\/08\/facilities_ogp_001.jpg","articleSection":["Annuel automobile"],"inLanguage":"fr-CA"},{"@type":"WebPage","@id":"https:\/\/news.canadamotorjobs.com\/fr\/la-production-de-toyota-au-japon-est-a-larret\/","url":"https:\/\/news.canadamotorjobs.com\/fr\/la-production-de-toyota-au-japon-est-a-larret\/","name":"La production de Toyota au Japon est \u00e0 l\u2019arr\u00eat - CanadaMotorJobs.com","isPartOf":{"@id":"https:\/\/news.canadamotorjobs.com\/#website"},"primaryImageOfPage":{"@id":"https:\/\/news.canadamotorjobs.com\/fr\/la-production-de-toyota-au-japon-est-a-larret\/#primaryimage"},"image":{"@id":"https:\/\/news.canadamotorjobs.com\/fr\/la-production-de-toyota-au-japon-est-a-larret\/#primaryimage"},"thumbnailUrl":"https:\/\/news.canadamotorjobs.com\/wp-content\/uploads\/2023\/08\/facilities_ogp_001.jpg","datePublished":"2023-08-29T10:42:22+00:00","dateModified":"2023-08-29T10:47:36+00:00","description":"La production de Toyota au Japon est \u00e0 l\u2019arr\u00eat - Benoit Charette - Annuel automobile - CanadaMotorJobs.com.","breadcrumb":{"@id":"https:\/\/news.canadamotorjobs.com\/fr\/la-production-de-toyota-au-japon-est-a-larret\/#breadcrumb"},"inLanguage":"fr-CA","potentialAction":[{"@type":"ReadAction","target":["https:\/\/news.canadamotorjobs.com\/fr\/la-production-de-toyota-au-japon-est-a-larret\/"]}]},{"@type":"ImageObject","inLanguage":"fr-CA","@id":"https:\/\/news.canadamotorjobs.com\/fr\/la-production-de-toyota-au-japon-est-a-larret\/#primaryimage","url":"https:\/\/news.canadamotorjobs.com\/wp-content\/uploads\/2023\/08\/facilities_ogp_001.jpg","contentUrl":"https:\/\/news.canadamotorjobs.com\/wp-content\/uploads\/2023\/08\/facilities_ogp_001.jpg","width":1200,"height":630},{"@type":"BreadcrumbList","@id":"https:\/\/news.canadamotorjobs.com\/fr\/la-production-de-toyota-au-japon-est-a-larret\/#breadcrumb","itemListElement":[{"@type":"ListItem","position":1,"name":"Home","item":"https:\/\/news.canadamotorjobs.com\/fr\/blog\/"},{"@type":"ListItem","position":2,"name":"La production de Toyota au Japon est \u00e0 l\u2019arr\u00eat"}]},{"@type":"WebSite","@id":"https:\/\/news.canadamotorjobs.com\/#website","url":"https:\/\/news.canadamotorjobs.com\/","name":"CanadaMotorJobs.com","description":"Automotive Jobs","publisher":{"@id":"https:\/\/news.canadamotorjobs.com\/#organization"},"potentialAction":[{"@type":"SearchAction","target":{"@type":"EntryPoint","urlTemplate":"https:\/\/news.canadamotorjobs.com\/?s={search_term_string}"},"query-input":"required name=search_term_string"}],"inLanguage":"fr-CA"},{"@type":"Organization","@id":"https:\/\/news.canadamotorjobs.com\/#organization","name":"Canada Motor Jobs","url":"https:\/\/news.canadamotorjobs.com\/","logo":{"@type":"ImageObject","inLanguage":"fr-CA","@id":"https:\/\/news.canadamotorjobs.com\/#\/schema\/logo\/image\/","url":"https:\/\/news.canadamotorjobs.com\/wp-content\/uploads\/2022\/10\/logo-canada-motor-jobs-1.png","contentUrl":"https:\/\/news.canadamotorjobs.com\/wp-content\/uploads\/2022\/10\/logo-canada-motor-jobs-1.png","width":800,"height":400,"caption":"Canada Motor Jobs"},"image":{"@id":"https:\/\/news.canadamotorjobs.com\/#\/schema\/logo\/image\/"},"sameAs":["https:\/\/www.facebook.com\/canadamotorjobs\/","https:\/\/x.com\/canadamotorjobs","https:\/\/www.instagram.com\/canadamotorjobs\/","https:\/\/www.linkedin.com\/company\/canadamotorjobs"]},{"@type":"Person","@id":"https:\/\/news.canadamotorjobs.com\/#\/schema\/person\/51793d1f87d44011d7bcc2ed99269a90","name":"Benoit Charette","image":{"@type":"ImageObject","inLanguage":"fr-CA","@id":"https:\/\/news.canadamotorjobs.com\/#\/schema\/person\/image\/","url":"https:\/\/secure.gravatar.com\/avatar\/45f3d2eebcccd909668d7ce7ea7267b6?s=96&d=mm&r=g","contentUrl":"https:\/\/secure.gravatar.com\/avatar\/45f3d2eebcccd909668d7ce7ea7267b6?s=96&d=mm&r=g","caption":"Benoit Charette"},"description":"Benoit Charette \/ Propri\u00e9taire et r\u00e9dacteur en chef Benoit Charette pratique le journalisme automobile depuis bient\u00f4t 30 ans. Il a fait ses classes au c\u00f4t\u00e9 de Daniel H\u00e9raud et au Carnet de route de 1992 \u00e0 2001. Il est fondateur, copropri\u00e9taire et r\u00e9dacteur en chef de L\u2019Annuel de l\u2019automobile, qu\u2019il publie depuis 2001. Il a anim\u00e9 les \u00e9missions RPM et RPM+ sur V et les L\u00e9gendes de la route sur Historia. \u00c0 la radio depuis 1986, il reprend l\u2019antenne cette ann\u00e9e sur les ondes de Cogeco et participe pour la deuxi\u00e8me ann\u00e9e \u00e0 l\u2019\u00e9mission Passion Auto sur RDS en plus de mettre en ligne le site Web officiel de L\u2019Annuel de l\u2019automobile sur annuelauto.ca.","sameAs":["https:\/\/annuelauto.ca\/"],"url":"https:\/\/news.canadamotorjobs.com\/fr\/author\/benoit-charette\/"}]}},"_links":{"self":[{"href":"https:\/\/news.canadamotorjobs.com\/fr\/wp-json\/wp\/v2\/posts\/150382"}],"collection":[{"href":"https:\/\/news.canadamotorjobs.com\/fr\/wp-json\/wp\/v2\/posts"}],"about":[{"href":"https:\/\/news.canadamotorjobs.com\/fr\/wp-json\/wp\/v2\/types\/post"}],"author":[{"embeddable":true,"href":"https:\/\/news.canadamotorjobs.com\/fr\/wp-json\/wp\/v2\/users\/8"}],"replies":[{"embeddable":true,"href":"https:\/\/news.canadamotorjobs.com\/fr\/wp-json\/wp\/v2\/comments?post=150382"}],"version-history":[{"count":2,"href":"https:\/\/news.canadamotorjobs.com\/fr\/wp-json\/wp\/v2\/posts\/150382\/revisions"}],"predecessor-version":[{"id":150386,"href":"https:\/\/news.canadamotorjobs.com\/fr\/wp-json\/wp\/v2\/posts\/150382\/revisions\/150386"}],"wp:featuredmedia":[{"embeddable":true,"href":"https:\/\/news.canadamotorjobs.com\/fr\/wp-json\/wp\/v2\/media\/150384"}],"wp:attachment":[{"href":"https:\/\/news.canadamotorjobs.com\/fr\/wp-json\/wp\/v2\/media?parent=150382"}],"wp:term":[{"taxonomy":"category","embeddable":true,"href":"https:\/\/news.canadamotorjobs.com\/fr\/wp-json\/wp\/v2\/categories?post=150382"},{"taxonomy":"post_tag","embeddable":true,"href":"https:\/\/news.canadamotorjobs.com\/fr\/wp-json\/wp\/v2\/tags?post=150382"}],"curies":[{"name":"wp","href":"https:\/\/api.w.org\/{rel}","templated":true}]}}