{"id":150363,"date":"2023-08-28T20:51:29","date_gmt":"2023-08-29T00:51:29","guid":{"rendered":"https:\/\/news.canadamotorjobs.com\/?p=150363"},"modified":"2023-08-28T21:15:29","modified_gmt":"2023-08-29T01:15:29","slug":"wanted-the-escape-of-carlos-ghosn-lascension-decheance-et-levasion-de-carlos-ghosn-lex-pdg-de-renault-et-nissan","status":"publish","type":"post","link":"https:\/\/news.canadamotorjobs.com\/fr\/wanted-the-escape-of-carlos-ghosn-lascension-decheance-et-levasion-de-carlos-ghosn-lex-pdg-de-renault-et-nissan\/","title":{"rendered":"\u00ab\u00a0Wanted: The Escape of Carlos Ghosn\u00a0\u00bb\u00a0: l\u2019ascension, d\u00e9ch\u00e9ance et  l\u2019\u00e9vasion de Carlos Ghosn, l\u2019ex-PDG de Renault et Nissan"},"content":{"rendered":"<\/p>\n<p>Depuis le 25 ao\u00fbt dernier, les abonn\u00e9s d\u2019Apple TV+ peuvent visionner <em>Wanted: The Escape of Carlos Ghosn<\/em>, un documentaire en quatre \u00e9pisodes qui projette un nouvel \u00e9clairage sur l\u2019histoire captivante de <a href=\"https:\/\/annuelauto.ca\/carlos-ghosn-poursuit-nissan-pour-1-milliard-de-dollars\/\" target=\"_blank\" rel=\"noopener noreferrer\">Carlos Ghosn<\/a>.<\/p>\n<p>Homme charismatique, il est nomm\u00e9 PDG de <a href=\"https:\/\/annuelauto.ca\/la-prochaine-nissan-leaf-deviendra-un-petit-vus-en-2025\/\" target=\"_blank\" rel=\"noopener noreferrer\">Nissan<\/a> en juin 2001, puis PDG du Groupe <a href=\"https:\/\/annuelauto.ca\/rien-ne-va-plus-entre-renault-et-nissan\/\" target=\"_blank\" rel=\"noopener noreferrer\">Renault<\/a> en mai 2005. V\u00e9ritable superh\u00e9ros de l\u2019industrie et grande vedette des mangas japonais, il a \u00e9t\u00e9 la premi\u00e8re personne \u00e0 \u00eatre PDG simultan\u00e9ment de deux entreprises inscrites au prestigieux palmar\u00e8s du Fortune Global 500.<\/p>\n<h3><strong>De superh\u00e9ros \u00e0 supervilain<\/strong><\/h3>\n<p>\nMais sa belle aventure bascule en novembre 2018. Apr\u00e8s avoir atterri \u00e0 Tokyo pour un voyage d\u2019affaires de routine, il est arr\u00eat\u00e9 et emprisonn\u00e9. On l\u2019accuse d\u2019\u00e9vasion fiscale, mais aussi d\u2019avoir utilis\u00e9 des biens de Nissan \u00e0 des fins personnelles.<\/p>\n<p>Lib\u00e9r\u00e9 sous caution, il est de nouveau arr\u00eat\u00e9, puis assign\u00e9 \u00e0 domicile. Ghosn r\u00e9fute fermement les accusations, mais dans cette affaire qui semble para\u00eet sans issue, puisque ficel\u00e9e par de hauts dirigeants du constructeur nippon, il \u00e9chafaude un plan pour fuir le Japon.<\/p>\n<p>En d\u00e9cembre 2019, il met \u00e0 ex\u00e9cution un plan rocambolesque et r\u00e9ussit \u00e0 s\u2019\u00e9vader vers Beyrouth \u00e0 bord d&#8217;un jet priv\u00e9, cach\u00e9 dans une malle d\u2019instruments de musique\u00a0! Depuis, il est devenu le fugitif le plus connu et le plus visible du monde en multipliant entrevues et reportages.<\/p>\n<h3><strong>\u00c9vasion pr\u00e9par\u00e9e par un B\u00e9ret vert<\/strong><\/h3>\n<p>\nLa s\u00e9rie offre un acc\u00e8s approfondi \u00e0 tous les acteurs cl\u00e9s de cette saga, \u00e0 commencer par Mike Taylor, l&#8217;ancien B\u00e9ret vert qui a mis sur pied l\u2019\u00e9vasion pour Ghosn. Cette s\u00e9rie raconte aussi l\u2019histoire captivante de cet ex-PDG\u00a0: son r\u00e8gne \u00e0 la t\u00eate de deux des plus grandes entreprises de l\u2019industrie, son arrestation choquante et sa fuite calcul\u00e9e qui a stup\u00e9fi\u00e9 le monde.<\/p>\n<p>Cette s\u00e9rie retrace l\u2019histoire de Ghosn depuis son enfance. N\u00e9 au Br\u00e9sil en 1954, il a trois citoyennet\u00e9s : libanaise, br\u00e9silienne et fran\u00e7aise. Aujourd\u2019hui \u00e2g\u00e9 de 69 ans, il se raconte librement dans ce documentaire r\u00e9alis\u00e9 par James Gay-Rees, laur\u00e9at d&#8217;un Oscar pour le documentaire <em>Amy<\/em>, et Paul Martin, connu pour le docudrame <em>Drive to Survive<\/em> qu\u2019il a consacr\u00e9 au monde de la F1 et qui lui a valu un prix Emmy.<\/p>\n<h3><strong>De l\u2019or pour la t\u00e9l\u00e9<\/strong><\/h3>\n<p>\nCette s\u00e9rie n\u2019est toutefois pas la premi\u00e8re qui a exploit\u00e9 ce sujet en or. En 2020, CNBC TV a pr\u00e9sent\u00e9 une biographie intitul\u00e9e <em>Fugitive CEO: The Carlos Ghosn Story<\/em>. Puis, l\u2019ann\u00e9e suivante, diff\u00e9rentes plateformes ont diffus\u00e9 le documentaire du r\u00e9alisateur Nick Green <em>Carlos Ghosn: The Last Flight<\/em>. Enfin, en 2022, <em>Fugitive: The Curious Case of Carlos Ghosn<\/em> (<em>L\u2019\u00e9vad\u00e9\u00a0: l\u2019\u00e9trange affaire Carlos Ghosn<\/em> en V.F.) de Lucy Blackstad est sorti sur Netflix.<\/p>\n<p>Et ce n\u2019est pas fini puisqu\u2019en 2024 (ou plus tard), on devrait voir un autre docudrame en six \u00e9pisodes intitul\u00e9 <em>Fall of the God of Cars<\/em> o\u00f9 l\u2019acteur \u00e9tatsunien Tony Shalhoub (qu\u2019on a vu dans <em>Monk<\/em> et <em>The Marvellous Mrs. Maisel<\/em>) interpr\u00e9tera M.\u00a0Ghosn.<\/p>\n<p><em>Photos : Apple TV+ et Nissan<\/em><\/p>\n<p>Le texte <a rel=\"nofollow\" href=\"https:\/\/annuelauto.ca\/wanted-the-escape-of-carlos-ghosn-lascension-decheance-et-levasion-de-carlos-ghosn-lex-pdg-de-renault-et-nissan\/\">\u00ab\u00a0Wanted: The Escape of Carlos Ghosn\u00a0\u00bb\u00a0: l\u2019ascension, d\u00e9ch\u00e9ance et  l\u2019\u00e9vasion de Carlos Ghosn, l\u2019ex-PDG de Renault et Nissan<\/a> provient de <a rel=\"nofollow\" href=\"https:\/\/annuelauto.ca\">L&#8217;annuel de l&#8217;automobile &#8211; Actualit\u00e9 automobile<\/a><\/p>\n<p><\/p>\n","protected":false},"excerpt":{"rendered":"<p>Depuis le 25 ao\u00fbt dernier, les abonn\u00e9s d\u2019Apple TV+ peuvent visionner Wanted: The Escape of Carlos Ghosn, un documentaire en quatre \u00e9pisodes qui projette un nouvel \u00e9clairage sur l\u2019histoire captivante de Carlos Ghosn. Homme charismatique, il est nomm\u00e9 PDG de Nissan en juin 2001, puis PDG du Groupe Renault en mai 2005. V\u00e9ritable superh\u00e9ros de [&hellip;]<\/p>\n","protected":false},"author":8,"featured_media":150365,"comment_status":"close","ping_status":"closed","sticky":false,"template":"","format":"standard","meta":{"_monsterinsights_skip_tracking":false,"_monsterinsights_sitenote_active":false,"_monsterinsights_sitenote_note":"","_monsterinsights_sitenote_category":0,"footnotes":""},"categories":[101],"tags":[],"yoast_head":"<!-- This site is optimized with the Yoast SEO plugin v23.2 - https:\/\/yoast.com\/wordpress\/plugins\/seo\/ -->\n<title>\u00ab\u00a0Wanted: The Escape of Carlos Ghosn\u00a0\u00bb\u00a0: l\u2019ascension, d\u00e9ch\u00e9ance et l\u2019\u00e9vasion de Carlos Ghosn, l\u2019ex-PDG de Renault et Nissan - CanadaMotorJobs.com<\/title>\n<meta name=\"description\" content=\"\u00ab\u00a0Wanted: The Escape of Carlos Ghosn\u00a0\u00bb\u00a0: l\u2019ascension, d\u00e9ch\u00e9ance et l\u2019\u00e9vasion de Carlos Ghosn, l\u2019ex-PDG de Renault et Nissan - Benoit Charette - Annuel automobile - CanadaMotorJobs.com.\" \/>\n<meta name=\"robots\" content=\"index, follow, max-snippet:-1, max-image-preview:large, max-video-preview:-1\" \/>\n<meta property=\"og:locale\" content=\"fr_CA\" \/>\n<meta property=\"og:type\" content=\"article\" \/>\n<meta property=\"og:title\" content=\"\u00ab\u00a0Wanted: The Escape of Carlos Ghosn\u00a0\u00bb\u00a0: l\u2019ascension, d\u00e9ch\u00e9ance et l\u2019\u00e9vasion de Carlos Ghosn, l\u2019ex-PDG de Renault et Nissan - CanadaMotorJobs.com\" \/>\n<meta property=\"og:description\" content=\"\u00ab\u00a0Wanted: The Escape of Carlos Ghosn\u00a0\u00bb\u00a0: l\u2019ascension, d\u00e9ch\u00e9ance et l\u2019\u00e9vasion de Carlos Ghosn, l\u2019ex-PDG de Renault et Nissan - Benoit Charette - Annuel automobile - CanadaMotorJobs.com.\" \/>\n<meta property=\"og:url\" content=\"https:\/\/news.canadamotorjobs.com\/fr\/wanted-the-escape-of-carlos-ghosn-lascension-decheance-et-levasion-de-carlos-ghosn-lex-pdg-de-renault-et-nissan\/\" \/>\n<meta property=\"og:site_name\" content=\"CanadaMotorJobs.com\" \/>\n<meta property=\"article:publisher\" content=\"https:\/\/www.facebook.com\/canadamotorjobs\/\" \/>\n<meta property=\"article:published_time\" content=\"2023-08-29T00:51:29+00:00\" \/>\n<meta property=\"article:modified_time\" content=\"2023-08-29T01:15:29+00:00\" \/>\n<meta property=\"og:image\" content=\"https:\/\/news.canadamotorjobs.com\/wp-content\/uploads\/2023\/08\/Documentaire-22Wanted22-Carlos-Ghosn.jpg\" \/>\n\t<meta property=\"og:image:width\" content=\"1024\" \/>\n\t<meta property=\"og:image:height\" content=\"683\" \/>\n\t<meta property=\"og:image:type\" content=\"image\/jpeg\" \/>\n<meta name=\"author\" content=\"Benoit Charette\" \/>\n<meta name=\"twitter:card\" content=\"summary_large_image\" \/>\n<meta name=\"twitter:creator\" content=\"@canadamotorjobs\" \/>\n<meta name=\"twitter:site\" content=\"@canadamotorjobs\" \/>\n<meta name=\"twitter:label1\" content=\"\u00c9crit par\" \/>\n\t<meta name=\"twitter:data1\" content=\"Benoit Charette\" \/>\n\t<meta name=\"twitter:label2\" content=\"Estimation du temps de lecture\" \/>\n\t<meta name=\"twitter:data2\" content=\"3 minutes\" \/>\n<!-- \/ Yoast SEO plugin. -->","yoast_head_json":{"title":"\u00ab\u00a0Wanted: The Escape of Carlos Ghosn\u00a0\u00bb\u00a0: l\u2019ascension, d\u00e9ch\u00e9ance et l\u2019\u00e9vasion de Carlos Ghosn, l\u2019ex-PDG de Renault et Nissan - CanadaMotorJobs.com","description":"\u00ab\u00a0Wanted: The Escape of Carlos Ghosn\u00a0\u00bb\u00a0: l\u2019ascension, d\u00e9ch\u00e9ance et l\u2019\u00e9vasion de Carlos Ghosn, l\u2019ex-PDG de Renault et Nissan - Benoit Charette - Annuel automobile - CanadaMotorJobs.com.","robots":{"index":"index","follow":"follow","max-snippet":"max-snippet:-1","max-image-preview":"max-image-preview:large","max-video-preview":"max-video-preview:-1"},"og_locale":"fr_CA","og_type":"article","og_title":"\u00ab\u00a0Wanted: The Escape of Carlos Ghosn\u00a0\u00bb\u00a0: l\u2019ascension, d\u00e9ch\u00e9ance et l\u2019\u00e9vasion de Carlos Ghosn, l\u2019ex-PDG de Renault et Nissan - CanadaMotorJobs.com","og_description":"\u00ab\u00a0Wanted: The Escape of Carlos Ghosn\u00a0\u00bb\u00a0: l\u2019ascension, d\u00e9ch\u00e9ance et l\u2019\u00e9vasion de Carlos Ghosn, l\u2019ex-PDG de Renault et Nissan - Benoit Charette - Annuel automobile - CanadaMotorJobs.com.","og_url":"https:\/\/news.canadamotorjobs.com\/fr\/wanted-the-escape-of-carlos-ghosn-lascension-decheance-et-levasion-de-carlos-ghosn-lex-pdg-de-renault-et-nissan\/","og_site_name":"CanadaMotorJobs.com","article_publisher":"https:\/\/www.facebook.com\/canadamotorjobs\/","article_published_time":"2023-08-29T00:51:29+00:00","article_modified_time":"2023-08-29T01:15:29+00:00","og_image":[{"width":1024,"height":683,"url":"https:\/\/news.canadamotorjobs.com\/wp-content\/uploads\/2023\/08\/Documentaire-22Wanted22-Carlos-Ghosn.jpg","type":"image\/jpeg"}],"author":"Benoit Charette","twitter_card":"summary_large_image","twitter_creator":"@canadamotorjobs","twitter_site":"@canadamotorjobs","twitter_misc":{"\u00c9crit par":"Benoit Charette","Estimation du temps de lecture":"3 minutes"},"schema":{"@context":"https:\/\/schema.org","@graph":[{"@type":"Article","@id":"https:\/\/news.canadamotorjobs.com\/fr\/wanted-the-escape-of-carlos-ghosn-lascension-decheance-et-levasion-de-carlos-ghosn-lex-pdg-de-renault-et-nissan\/#article","isPartOf":{"@id":"https:\/\/news.canadamotorjobs.com\/fr\/wanted-the-escape-of-carlos-ghosn-lascension-decheance-et-levasion-de-carlos-ghosn-lex-pdg-de-renault-et-nissan\/"},"author":{"name":"Benoit Charette","@id":"https:\/\/news.canadamotorjobs.com\/#\/schema\/person\/51793d1f87d44011d7bcc2ed99269a90"},"headline":"\u00ab\u00a0Wanted: The Escape of Carlos Ghosn\u00a0\u00bb\u00a0: l\u2019ascension, d\u00e9ch\u00e9ance et l\u2019\u00e9vasion de Carlos Ghosn, l\u2019ex-PDG de Renault et Nissan","datePublished":"2023-08-29T00:51:29+00:00","dateModified":"2023-08-29T01:15:29+00:00","mainEntityOfPage":{"@id":"https:\/\/news.canadamotorjobs.com\/fr\/wanted-the-escape-of-carlos-ghosn-lascension-decheance-et-levasion-de-carlos-ghosn-lex-pdg-de-renault-et-nissan\/"},"wordCount":594,"publisher":{"@id":"https:\/\/news.canadamotorjobs.com\/#organization"},"image":{"@id":"https:\/\/news.canadamotorjobs.com\/fr\/wanted-the-escape-of-carlos-ghosn-lascension-decheance-et-levasion-de-carlos-ghosn-lex-pdg-de-renault-et-nissan\/#primaryimage"},"thumbnailUrl":"https:\/\/news.canadamotorjobs.com\/wp-content\/uploads\/2023\/08\/Documentaire-22Wanted22-Carlos-Ghosn.jpg","articleSection":["Annuel automobile"],"inLanguage":"fr-CA"},{"@type":"WebPage","@id":"https:\/\/news.canadamotorjobs.com\/fr\/wanted-the-escape-of-carlos-ghosn-lascension-decheance-et-levasion-de-carlos-ghosn-lex-pdg-de-renault-et-nissan\/","url":"https:\/\/news.canadamotorjobs.com\/fr\/wanted-the-escape-of-carlos-ghosn-lascension-decheance-et-levasion-de-carlos-ghosn-lex-pdg-de-renault-et-nissan\/","name":"\u00ab\u00a0Wanted: The Escape of Carlos Ghosn\u00a0\u00bb\u00a0: l\u2019ascension, d\u00e9ch\u00e9ance et l\u2019\u00e9vasion de Carlos Ghosn, l\u2019ex-PDG de Renault et Nissan - CanadaMotorJobs.com","isPartOf":{"@id":"https:\/\/news.canadamotorjobs.com\/#website"},"primaryImageOfPage":{"@id":"https:\/\/news.canadamotorjobs.com\/fr\/wanted-the-escape-of-carlos-ghosn-lascension-decheance-et-levasion-de-carlos-ghosn-lex-pdg-de-renault-et-nissan\/#primaryimage"},"image":{"@id":"https:\/\/news.canadamotorjobs.com\/fr\/wanted-the-escape-of-carlos-ghosn-lascension-decheance-et-levasion-de-carlos-ghosn-lex-pdg-de-renault-et-nissan\/#primaryimage"},"thumbnailUrl":"https:\/\/news.canadamotorjobs.com\/wp-content\/uploads\/2023\/08\/Documentaire-22Wanted22-Carlos-Ghosn.jpg","datePublished":"2023-08-29T00:51:29+00:00","dateModified":"2023-08-29T01:15:29+00:00","description":"\u00ab\u00a0Wanted: The Escape of Carlos Ghosn\u00a0\u00bb\u00a0: l\u2019ascension, d\u00e9ch\u00e9ance et l\u2019\u00e9vasion de Carlos Ghosn, l\u2019ex-PDG de Renault et Nissan - Benoit Charette - Annuel automobile - CanadaMotorJobs.com.","breadcrumb":{"@id":"https:\/\/news.canadamotorjobs.com\/fr\/wanted-the-escape-of-carlos-ghosn-lascension-decheance-et-levasion-de-carlos-ghosn-lex-pdg-de-renault-et-nissan\/#breadcrumb"},"inLanguage":"fr-CA","potentialAction":[{"@type":"ReadAction","target":["https:\/\/news.canadamotorjobs.com\/fr\/wanted-the-escape-of-carlos-ghosn-lascension-decheance-et-levasion-de-carlos-ghosn-lex-pdg-de-renault-et-nissan\/"]}]},{"@type":"ImageObject","inLanguage":"fr-CA","@id":"https:\/\/news.canadamotorjobs.com\/fr\/wanted-the-escape-of-carlos-ghosn-lascension-decheance-et-levasion-de-carlos-ghosn-lex-pdg-de-renault-et-nissan\/#primaryimage","url":"https:\/\/news.canadamotorjobs.com\/wp-content\/uploads\/2023\/08\/Documentaire-22Wanted22-Carlos-Ghosn.jpg","contentUrl":"https:\/\/news.canadamotorjobs.com\/wp-content\/uploads\/2023\/08\/Documentaire-22Wanted22-Carlos-Ghosn.jpg","width":1024,"height":683},{"@type":"BreadcrumbList","@id":"https:\/\/news.canadamotorjobs.com\/fr\/wanted-the-escape-of-carlos-ghosn-lascension-decheance-et-levasion-de-carlos-ghosn-lex-pdg-de-renault-et-nissan\/#breadcrumb","itemListElement":[{"@type":"ListItem","position":1,"name":"Home","item":"https:\/\/news.canadamotorjobs.com\/fr\/blog\/"},{"@type":"ListItem","position":2,"name":"\u00ab\u00a0Wanted: The Escape of Carlos Ghosn\u00a0\u00bb\u00a0: l\u2019ascension, d\u00e9ch\u00e9ance et l\u2019\u00e9vasion de Carlos Ghosn, l\u2019ex-PDG de Renault et Nissan"}]},{"@type":"WebSite","@id":"https:\/\/news.canadamotorjobs.com\/#website","url":"https:\/\/news.canadamotorjobs.com\/","name":"CanadaMotorJobs.com","description":"Automotive Jobs","publisher":{"@id":"https:\/\/news.canadamotorjobs.com\/#organization"},"potentialAction":[{"@type":"SearchAction","target":{"@type":"EntryPoint","urlTemplate":"https:\/\/news.canadamotorjobs.com\/?s={search_term_string}"},"query-input":"required name=search_term_string"}],"inLanguage":"fr-CA"},{"@type":"Organization","@id":"https:\/\/news.canadamotorjobs.com\/#organization","name":"Canada Motor Jobs","url":"https:\/\/news.canadamotorjobs.com\/","logo":{"@type":"ImageObject","inLanguage":"fr-CA","@id":"https:\/\/news.canadamotorjobs.com\/#\/schema\/logo\/image\/","url":"https:\/\/news.canadamotorjobs.com\/wp-content\/uploads\/2022\/10\/logo-canada-motor-jobs-1.png","contentUrl":"https:\/\/news.canadamotorjobs.com\/wp-content\/uploads\/2022\/10\/logo-canada-motor-jobs-1.png","width":800,"height":400,"caption":"Canada Motor Jobs"},"image":{"@id":"https:\/\/news.canadamotorjobs.com\/#\/schema\/logo\/image\/"},"sameAs":["https:\/\/www.facebook.com\/canadamotorjobs\/","https:\/\/x.com\/canadamotorjobs","https:\/\/www.instagram.com\/canadamotorjobs\/","https:\/\/www.linkedin.com\/company\/canadamotorjobs"]},{"@type":"Person","@id":"https:\/\/news.canadamotorjobs.com\/#\/schema\/person\/51793d1f87d44011d7bcc2ed99269a90","name":"Benoit Charette","image":{"@type":"ImageObject","inLanguage":"fr-CA","@id":"https:\/\/news.canadamotorjobs.com\/#\/schema\/person\/image\/","url":"https:\/\/secure.gravatar.com\/avatar\/45f3d2eebcccd909668d7ce7ea7267b6?s=96&d=mm&r=g","contentUrl":"https:\/\/secure.gravatar.com\/avatar\/45f3d2eebcccd909668d7ce7ea7267b6?s=96&d=mm&r=g","caption":"Benoit Charette"},"description":"Benoit Charette \/ Propri\u00e9taire et r\u00e9dacteur en chef Benoit Charette pratique le journalisme automobile depuis bient\u00f4t 30 ans. Il a fait ses classes au c\u00f4t\u00e9 de Daniel H\u00e9raud et au Carnet de route de 1992 \u00e0 2001. Il est fondateur, copropri\u00e9taire et r\u00e9dacteur en chef de L\u2019Annuel de l\u2019automobile, qu\u2019il publie depuis 2001. Il a anim\u00e9 les \u00e9missions RPM et RPM+ sur V et les L\u00e9gendes de la route sur Historia. \u00c0 la radio depuis 1986, il reprend l\u2019antenne cette ann\u00e9e sur les ondes de Cogeco et participe pour la deuxi\u00e8me ann\u00e9e \u00e0 l\u2019\u00e9mission Passion Auto sur RDS en plus de mettre en ligne le site Web officiel de L\u2019Annuel de l\u2019automobile sur annuelauto.ca.","sameAs":["https:\/\/annuelauto.ca\/"],"url":"https:\/\/news.canadamotorjobs.com\/fr\/author\/benoit-charette\/"}]}},"_links":{"self":[{"href":"https:\/\/news.canadamotorjobs.com\/fr\/wp-json\/wp\/v2\/posts\/150363"}],"collection":[{"href":"https:\/\/news.canadamotorjobs.com\/fr\/wp-json\/wp\/v2\/posts"}],"about":[{"href":"https:\/\/news.canadamotorjobs.com\/fr\/wp-json\/wp\/v2\/types\/post"}],"author":[{"embeddable":true,"href":"https:\/\/news.canadamotorjobs.com\/fr\/wp-json\/wp\/v2\/users\/8"}],"replies":[{"embeddable":true,"href":"https:\/\/news.canadamotorjobs.com\/fr\/wp-json\/wp\/v2\/comments?post=150363"}],"version-history":[{"count":2,"href":"https:\/\/news.canadamotorjobs.com\/fr\/wp-json\/wp\/v2\/posts\/150363\/revisions"}],"predecessor-version":[{"id":150367,"href":"https:\/\/news.canadamotorjobs.com\/fr\/wp-json\/wp\/v2\/posts\/150363\/revisions\/150367"}],"wp:featuredmedia":[{"embeddable":true,"href":"https:\/\/news.canadamotorjobs.com\/fr\/wp-json\/wp\/v2\/media\/150365"}],"wp:attachment":[{"href":"https:\/\/news.canadamotorjobs.com\/fr\/wp-json\/wp\/v2\/media?parent=150363"}],"wp:term":[{"taxonomy":"category","embeddable":true,"href":"https:\/\/news.canadamotorjobs.com\/fr\/wp-json\/wp\/v2\/categories?post=150363"},{"taxonomy":"post_tag","embeddable":true,"href":"https:\/\/news.canadamotorjobs.com\/fr\/wp-json\/wp\/v2\/tags?post=150363"}],"curies":[{"name":"wp","href":"https:\/\/api.w.org\/{rel}","templated":true}]}}