{"id":150313,"date":"2023-08-28T07:37:56","date_gmt":"2023-08-28T11:37:56","guid":{"rendered":"https:\/\/news.canadamotorjobs.com\/?p=150313"},"modified":"2023-08-28T07:46:11","modified_gmt":"2023-08-28T11:46:11","slug":"regain-dinteret-pour-les-vehicules-hybrides-enfichables","status":"publish","type":"post","link":"https:\/\/news.canadamotorjobs.com\/fr\/regain-dinteret-pour-les-vehicules-hybrides-enfichables\/","title":{"rendered":"Regain d\u2019int\u00e9r\u00eat pour les v\u00e9hicules hybrides enfichables"},"content":{"rendered":"<\/p>\n<p>Malgr\u00e9 la mont\u00e9e en puissance des v\u00e9hicules \u00e9lectriques, les v\u00e9hicules hybrides essence-\u00e9lectricit\u00e9 pourraient continuer \u00e0 jouer un r\u00f4le important dans l&#8217;industrie automobile. Des g\u00e9ants tels que Ford Motor Co., Toyota Motor Corp. et Chrysler Stellantis ont annonc\u00e9 leurs projets de produire et vendre des centaines de milliers de v\u00e9hicules hybrides aux \u00c9tats-Unis au cours des cinq prochaines ann\u00e9es, selon des analystes du secteur.<\/p>\n<h3><strong>Un compromis attirant<\/strong><\/h3>\n<p>\nLes constructeurs automobiles consid\u00e8rent les v\u00e9hicules hybrides comme une alternative viable pour les consommateurs et les entreprises qui souhaitent adopter une solution de transport plus durable sans basculer compl\u00e8tement vers les v\u00e9hicules enti\u00e8rement \u00e9lectriques. Les hybrides offrent un compromis s\u00e9duisant en mati\u00e8re d&#8217;efficacit\u00e9 \u00e9nerg\u00e9tique et de r\u00e9duction des \u00e9missions, sans les inconv\u00e9nients li\u00e9s aux co\u00fbts \u00e9lev\u00e9s et \u00e0 l&#8217;infrastructure de recharge associ\u00e9s aux v\u00e9hicules \u00e9lectriques.<\/p>\n<h3><strong>Plus de mod\u00e8les \u00e0 venir<\/strong><\/h3>\n<p>\nL&#8217;int\u00e9r\u00eat pour les v\u00e9hicules hybrides conna\u00eet une r\u00e9surgence, car la demande pour les v\u00e9hicules \u00e9lectriques purs ne cro\u00eet pas aussi rapidement que pr\u00e9vu. Plusieurs facteurs tels que le prix initial \u00e9lev\u00e9, les pr\u00e9occupations concernant l&#8217;autonomie, les temps de recharge prolong\u00e9s et le manque de bornes de recharge publiques ont contribu\u00e9 \u00e0 cette situation.<\/p>\n<h3><strong>Pr\u00e9visions optimistes<br \/>\n<\/strong><\/h3>\n<p>\nS&amp;P Global Mobility estime que les ventes de v\u00e9hicules hybrides aux \u00c9tats-Unis vont plus que tripler au cours des cinq prochaines ann\u00e9es, atteignant 24 % des ventes totales en 2028. Les v\u00e9hicules \u00e9lectriques purs repr\u00e9senteront environ 37 % des ventes, tandis que les v\u00e9hicules \u00e0 combustion et les hybrides l\u00e9gers constitueront pr\u00e8s de 40 %.<\/p>\n<h3><strong>La transition vers l&#8217;\u00e9lectrique<\/strong><\/h3>\n<p>\nLes constructeurs automobiles, y compris Ford, pr\u00e9voient une transition dynamique vers les v\u00e9hicules \u00e9lectriques. Toutefois, ils reconnaissent que cette transition n\u00e9cessite du temps et que les hybrides peuvent jouer un r\u00f4le crucial dans la r\u00e9duction des \u00e9missions et la pr\u00e9paration des consommateurs \u00e0 la mobilit\u00e9 \u00e9lectrique.<\/p>\n<h3>Chaque constructeur a son approche<\/h3>\n<p>\nChaque constructeur adopte une approche diff\u00e9rente envers les hybrides. Ford vise \u00e0 augmenter ses ventes d&#8217;hybrides de mani\u00e8re significative au cours des cinq prochaines ann\u00e9es. General Motors, en revanche, met davantage l&#8217;accent sur les v\u00e9hicules enti\u00e8rement \u00e9lectriques et vise \u00e0 une transition compl\u00e8te d&#8217;ici 2030. Stellantis, le groupe automobile fusionn\u00e9, pr\u00e9voit de proposer une vari\u00e9t\u00e9 de groupes motopropulseurs, y compris des hybrides, jusqu&#8217;\u00e0 ce que les ventes de v\u00e9hicules \u00e9lectriques purs gagnent en traction.<\/p>\n<h3><strong>Conclusion<\/strong><\/h3>\n<p>\nBien que les v\u00e9hicules \u00e9lectriques continuent de gagner en popularit\u00e9, les v\u00e9hicules hybrides conservent leur pertinence dans l&#8217;industrie automobile. Ils offrent un compromis attrayant pour les consommateurs qui cherchent \u00e0 adopter des solutions de transport plus respectueuses de l&#8217;environnement sans sacrifier la praticit\u00e9 et la polyvalence. Les pr\u00e9visions optimistes pour les ventes de v\u00e9hicules hybrides sugg\u00e8rent que cette technologie restera un pilier essentiel de la transition vers une mobilit\u00e9 plus durable.<\/p>\n<p>\u00a0<\/p>\n<p>Avec des renseignements d\u2019Automotive News<\/p>\n<p>\u00a0<\/p>\n<p>Le texte <a rel=\"nofollow\" href=\"https:\/\/annuelauto.ca\/regain-dinteret-pour-les-vehicules-hybrides-enfichables\/\">Regain d\u2019int\u00e9r\u00eat pour les v\u00e9hicules hybrides enfichables<\/a> provient de <a rel=\"nofollow\" href=\"https:\/\/annuelauto.ca\">L&#8217;annuel de l&#8217;automobile &#8211; Actualit\u00e9 automobile<\/a><\/p>\n<p><\/p>\n","protected":false},"excerpt":{"rendered":"<p>Malgr\u00e9 la mont\u00e9e en puissance des v\u00e9hicules \u00e9lectriques, les v\u00e9hicules hybrides essence-\u00e9lectricit\u00e9 pourraient continuer \u00e0 jouer un r\u00f4le important dans l&#8217;industrie automobile. Des g\u00e9ants tels que Ford Motor Co., Toyota Motor Corp. et Chrysler Stellantis ont annonc\u00e9 leurs projets de produire et vendre des centaines de milliers de v\u00e9hicules hybrides aux \u00c9tats-Unis au cours des [&hellip;]<\/p>\n","protected":false},"author":8,"featured_media":150315,"comment_status":"close","ping_status":"closed","sticky":false,"template":"","format":"standard","meta":{"_monsterinsights_skip_tracking":false,"_monsterinsights_sitenote_active":false,"_monsterinsights_sitenote_note":"","_monsterinsights_sitenote_category":0,"footnotes":""},"categories":[101],"tags":[],"yoast_head":"<!-- This site is optimized with the Yoast SEO plugin v23.2 - https:\/\/yoast.com\/wordpress\/plugins\/seo\/ -->\n<title>Regain d\u2019int\u00e9r\u00eat pour les v\u00e9hicules hybrides enfichables - CanadaMotorJobs.com<\/title>\n<meta name=\"description\" content=\"Regain d\u2019int\u00e9r\u00eat pour les v\u00e9hicules hybrides enfichables - Benoit Charette - Annuel automobile - CanadaMotorJobs.com.\" \/>\n<meta name=\"robots\" content=\"index, follow, max-snippet:-1, max-image-preview:large, max-video-preview:-1\" \/>\n<meta property=\"og:locale\" content=\"fr_CA\" \/>\n<meta property=\"og:type\" content=\"article\" \/>\n<meta property=\"og:title\" content=\"Regain d\u2019int\u00e9r\u00eat pour les v\u00e9hicules hybrides enfichables - CanadaMotorJobs.com\" \/>\n<meta property=\"og:description\" content=\"Regain d\u2019int\u00e9r\u00eat pour les v\u00e9hicules hybrides enfichables - Benoit Charette - Annuel automobile - CanadaMotorJobs.com.\" \/>\n<meta property=\"og:url\" content=\"https:\/\/news.canadamotorjobs.com\/fr\/regain-dinteret-pour-les-vehicules-hybrides-enfichables\/\" \/>\n<meta property=\"og:site_name\" content=\"CanadaMotorJobs.com\" \/>\n<meta property=\"article:publisher\" content=\"https:\/\/www.facebook.com\/canadamotorjobs\/\" \/>\n<meta property=\"article:published_time\" content=\"2023-08-28T11:37:56+00:00\" \/>\n<meta property=\"article:modified_time\" content=\"2023-08-28T11:46:11+00:00\" \/>\n<meta property=\"og:image\" content=\"https:\/\/news.canadamotorjobs.com\/wp-content\/uploads\/2023\/08\/2023_PriusPrime_XSE_CuttingEdge_001.jpg\" \/>\n\t<meta property=\"og:image:width\" content=\"1200\" \/>\n\t<meta property=\"og:image:height\" content=\"795\" \/>\n\t<meta property=\"og:image:type\" content=\"image\/jpeg\" \/>\n<meta name=\"author\" content=\"Benoit Charette\" \/>\n<meta name=\"twitter:card\" content=\"summary_large_image\" \/>\n<meta name=\"twitter:creator\" content=\"@canadamotorjobs\" \/>\n<meta name=\"twitter:site\" content=\"@canadamotorjobs\" \/>\n<meta name=\"twitter:label1\" content=\"\u00c9crit par\" \/>\n\t<meta name=\"twitter:data1\" content=\"Benoit Charette\" \/>\n\t<meta name=\"twitter:label2\" content=\"Estimation du temps de lecture\" \/>\n\t<meta name=\"twitter:data2\" content=\"3 minutes\" \/>\n<!-- \/ Yoast SEO plugin. -->","yoast_head_json":{"title":"Regain d\u2019int\u00e9r\u00eat pour les v\u00e9hicules hybrides enfichables - CanadaMotorJobs.com","description":"Regain d\u2019int\u00e9r\u00eat pour les v\u00e9hicules hybrides enfichables - Benoit Charette - Annuel automobile - CanadaMotorJobs.com.","robots":{"index":"index","follow":"follow","max-snippet":"max-snippet:-1","max-image-preview":"max-image-preview:large","max-video-preview":"max-video-preview:-1"},"og_locale":"fr_CA","og_type":"article","og_title":"Regain d\u2019int\u00e9r\u00eat pour les v\u00e9hicules hybrides enfichables - CanadaMotorJobs.com","og_description":"Regain d\u2019int\u00e9r\u00eat pour les v\u00e9hicules hybrides enfichables - Benoit Charette - Annuel automobile - CanadaMotorJobs.com.","og_url":"https:\/\/news.canadamotorjobs.com\/fr\/regain-dinteret-pour-les-vehicules-hybrides-enfichables\/","og_site_name":"CanadaMotorJobs.com","article_publisher":"https:\/\/www.facebook.com\/canadamotorjobs\/","article_published_time":"2023-08-28T11:37:56+00:00","article_modified_time":"2023-08-28T11:46:11+00:00","og_image":[{"width":1200,"height":795,"url":"https:\/\/news.canadamotorjobs.com\/wp-content\/uploads\/2023\/08\/2023_PriusPrime_XSE_CuttingEdge_001.jpg","type":"image\/jpeg"}],"author":"Benoit Charette","twitter_card":"summary_large_image","twitter_creator":"@canadamotorjobs","twitter_site":"@canadamotorjobs","twitter_misc":{"\u00c9crit par":"Benoit Charette","Estimation du temps de lecture":"3 minutes"},"schema":{"@context":"https:\/\/schema.org","@graph":[{"@type":"Article","@id":"https:\/\/news.canadamotorjobs.com\/fr\/regain-dinteret-pour-les-vehicules-hybrides-enfichables\/#article","isPartOf":{"@id":"https:\/\/news.canadamotorjobs.com\/fr\/regain-dinteret-pour-les-vehicules-hybrides-enfichables\/"},"author":{"name":"Benoit Charette","@id":"https:\/\/news.canadamotorjobs.com\/#\/schema\/person\/51793d1f87d44011d7bcc2ed99269a90"},"headline":"Regain d\u2019int\u00e9r\u00eat pour les v\u00e9hicules hybrides enfichables","datePublished":"2023-08-28T11:37:56+00:00","dateModified":"2023-08-28T11:46:11+00:00","mainEntityOfPage":{"@id":"https:\/\/news.canadamotorjobs.com\/fr\/regain-dinteret-pour-les-vehicules-hybrides-enfichables\/"},"wordCount":545,"publisher":{"@id":"https:\/\/news.canadamotorjobs.com\/#organization"},"image":{"@id":"https:\/\/news.canadamotorjobs.com\/fr\/regain-dinteret-pour-les-vehicules-hybrides-enfichables\/#primaryimage"},"thumbnailUrl":"https:\/\/news.canadamotorjobs.com\/wp-content\/uploads\/2023\/08\/2023_PriusPrime_XSE_CuttingEdge_001.jpg","articleSection":["Annuel automobile"],"inLanguage":"fr-CA"},{"@type":"WebPage","@id":"https:\/\/news.canadamotorjobs.com\/fr\/regain-dinteret-pour-les-vehicules-hybrides-enfichables\/","url":"https:\/\/news.canadamotorjobs.com\/fr\/regain-dinteret-pour-les-vehicules-hybrides-enfichables\/","name":"Regain d\u2019int\u00e9r\u00eat pour les v\u00e9hicules hybrides enfichables - CanadaMotorJobs.com","isPartOf":{"@id":"https:\/\/news.canadamotorjobs.com\/#website"},"primaryImageOfPage":{"@id":"https:\/\/news.canadamotorjobs.com\/fr\/regain-dinteret-pour-les-vehicules-hybrides-enfichables\/#primaryimage"},"image":{"@id":"https:\/\/news.canadamotorjobs.com\/fr\/regain-dinteret-pour-les-vehicules-hybrides-enfichables\/#primaryimage"},"thumbnailUrl":"https:\/\/news.canadamotorjobs.com\/wp-content\/uploads\/2023\/08\/2023_PriusPrime_XSE_CuttingEdge_001.jpg","datePublished":"2023-08-28T11:37:56+00:00","dateModified":"2023-08-28T11:46:11+00:00","description":"Regain d\u2019int\u00e9r\u00eat pour les v\u00e9hicules hybrides enfichables - Benoit Charette - Annuel automobile - CanadaMotorJobs.com.","breadcrumb":{"@id":"https:\/\/news.canadamotorjobs.com\/fr\/regain-dinteret-pour-les-vehicules-hybrides-enfichables\/#breadcrumb"},"inLanguage":"fr-CA","potentialAction":[{"@type":"ReadAction","target":["https:\/\/news.canadamotorjobs.com\/fr\/regain-dinteret-pour-les-vehicules-hybrides-enfichables\/"]}]},{"@type":"ImageObject","inLanguage":"fr-CA","@id":"https:\/\/news.canadamotorjobs.com\/fr\/regain-dinteret-pour-les-vehicules-hybrides-enfichables\/#primaryimage","url":"https:\/\/news.canadamotorjobs.com\/wp-content\/uploads\/2023\/08\/2023_PriusPrime_XSE_CuttingEdge_001.jpg","contentUrl":"https:\/\/news.canadamotorjobs.com\/wp-content\/uploads\/2023\/08\/2023_PriusPrime_XSE_CuttingEdge_001.jpg","width":1200,"height":795},{"@type":"BreadcrumbList","@id":"https:\/\/news.canadamotorjobs.com\/fr\/regain-dinteret-pour-les-vehicules-hybrides-enfichables\/#breadcrumb","itemListElement":[{"@type":"ListItem","position":1,"name":"Home","item":"https:\/\/news.canadamotorjobs.com\/fr\/blog\/"},{"@type":"ListItem","position":2,"name":"Regain d\u2019int\u00e9r\u00eat pour les v\u00e9hicules hybrides enfichables"}]},{"@type":"WebSite","@id":"https:\/\/news.canadamotorjobs.com\/#website","url":"https:\/\/news.canadamotorjobs.com\/","name":"CanadaMotorJobs.com","description":"Automotive Jobs","publisher":{"@id":"https:\/\/news.canadamotorjobs.com\/#organization"},"potentialAction":[{"@type":"SearchAction","target":{"@type":"EntryPoint","urlTemplate":"https:\/\/news.canadamotorjobs.com\/?s={search_term_string}"},"query-input":"required name=search_term_string"}],"inLanguage":"fr-CA"},{"@type":"Organization","@id":"https:\/\/news.canadamotorjobs.com\/#organization","name":"Canada Motor Jobs","url":"https:\/\/news.canadamotorjobs.com\/","logo":{"@type":"ImageObject","inLanguage":"fr-CA","@id":"https:\/\/news.canadamotorjobs.com\/#\/schema\/logo\/image\/","url":"https:\/\/news.canadamotorjobs.com\/wp-content\/uploads\/2022\/10\/logo-canada-motor-jobs-1.png","contentUrl":"https:\/\/news.canadamotorjobs.com\/wp-content\/uploads\/2022\/10\/logo-canada-motor-jobs-1.png","width":800,"height":400,"caption":"Canada Motor Jobs"},"image":{"@id":"https:\/\/news.canadamotorjobs.com\/#\/schema\/logo\/image\/"},"sameAs":["https:\/\/www.facebook.com\/canadamotorjobs\/","https:\/\/x.com\/canadamotorjobs","https:\/\/www.instagram.com\/canadamotorjobs\/","https:\/\/www.linkedin.com\/company\/canadamotorjobs"]},{"@type":"Person","@id":"https:\/\/news.canadamotorjobs.com\/#\/schema\/person\/51793d1f87d44011d7bcc2ed99269a90","name":"Benoit Charette","image":{"@type":"ImageObject","inLanguage":"fr-CA","@id":"https:\/\/news.canadamotorjobs.com\/#\/schema\/person\/image\/","url":"https:\/\/secure.gravatar.com\/avatar\/45f3d2eebcccd909668d7ce7ea7267b6?s=96&d=mm&r=g","contentUrl":"https:\/\/secure.gravatar.com\/avatar\/45f3d2eebcccd909668d7ce7ea7267b6?s=96&d=mm&r=g","caption":"Benoit Charette"},"description":"Benoit Charette \/ Propri\u00e9taire et r\u00e9dacteur en chef Benoit Charette pratique le journalisme automobile depuis bient\u00f4t 30 ans. Il a fait ses classes au c\u00f4t\u00e9 de Daniel H\u00e9raud et au Carnet de route de 1992 \u00e0 2001. Il est fondateur, copropri\u00e9taire et r\u00e9dacteur en chef de L\u2019Annuel de l\u2019automobile, qu\u2019il publie depuis 2001. Il a anim\u00e9 les \u00e9missions RPM et RPM+ sur V et les L\u00e9gendes de la route sur Historia. \u00c0 la radio depuis 1986, il reprend l\u2019antenne cette ann\u00e9e sur les ondes de Cogeco et participe pour la deuxi\u00e8me ann\u00e9e \u00e0 l\u2019\u00e9mission Passion Auto sur RDS en plus de mettre en ligne le site Web officiel de L\u2019Annuel de l\u2019automobile sur annuelauto.ca.","sameAs":["https:\/\/annuelauto.ca\/"],"url":"https:\/\/news.canadamotorjobs.com\/fr\/author\/benoit-charette\/"}]}},"_links":{"self":[{"href":"https:\/\/news.canadamotorjobs.com\/fr\/wp-json\/wp\/v2\/posts\/150313"}],"collection":[{"href":"https:\/\/news.canadamotorjobs.com\/fr\/wp-json\/wp\/v2\/posts"}],"about":[{"href":"https:\/\/news.canadamotorjobs.com\/fr\/wp-json\/wp\/v2\/types\/post"}],"author":[{"embeddable":true,"href":"https:\/\/news.canadamotorjobs.com\/fr\/wp-json\/wp\/v2\/users\/8"}],"replies":[{"embeddable":true,"href":"https:\/\/news.canadamotorjobs.com\/fr\/wp-json\/wp\/v2\/comments?post=150313"}],"version-history":[{"count":2,"href":"https:\/\/news.canadamotorjobs.com\/fr\/wp-json\/wp\/v2\/posts\/150313\/revisions"}],"predecessor-version":[{"id":150317,"href":"https:\/\/news.canadamotorjobs.com\/fr\/wp-json\/wp\/v2\/posts\/150313\/revisions\/150317"}],"wp:featuredmedia":[{"embeddable":true,"href":"https:\/\/news.canadamotorjobs.com\/fr\/wp-json\/wp\/v2\/media\/150315"}],"wp:attachment":[{"href":"https:\/\/news.canadamotorjobs.com\/fr\/wp-json\/wp\/v2\/media?parent=150313"}],"wp:term":[{"taxonomy":"category","embeddable":true,"href":"https:\/\/news.canadamotorjobs.com\/fr\/wp-json\/wp\/v2\/categories?post=150313"},{"taxonomy":"post_tag","embeddable":true,"href":"https:\/\/news.canadamotorjobs.com\/fr\/wp-json\/wp\/v2\/tags?post=150313"}],"curies":[{"name":"wp","href":"https:\/\/api.w.org\/{rel}","templated":true}]}}