{"id":150282,"date":"2023-08-28T06:56:35","date_gmt":"2023-08-28T10:56:35","guid":{"rendered":"https:\/\/news.canadamotorjobs.com\/?p=150282"},"modified":"2023-08-28T07:07:35","modified_gmt":"2023-08-28T11:07:35","slug":"tesla-fait-face-a-la-justice-aux-etats-unis-pour-son-systeme-autopilot","status":"publish","type":"post","link":"https:\/\/news.canadamotorjobs.com\/fr\/tesla-fait-face-a-la-justice-aux-etats-unis-pour-son-systeme-autopilot\/","title":{"rendered":"Tesla fait face \u00e0 la justice aux \u00c9tats-Unis pour son syst\u00e8me Autopilot"},"content":{"rendered":"<\/p>\n<p>La soci\u00e9t\u00e9 Tesla se pr\u00e9pare pour son premier proc\u00e8s o\u00f9 elle devra se d\u00e9fendre contre des all\u00e9gations selon lesquelles des d\u00e9faillances de sa fonction d&#8217;assistance \u00e0 la conduite Autopilot ont caus\u00e9 des d\u00e9c\u00e8s. Ce proc\u00e8s repr\u00e9sente un test majeur des affirmations du PDG Elon Musk concernant la technologie de conduite autonome.<\/p>\n<h3><strong>Enjeux financiers<\/strong><\/h3>\n<p>\nLa capacit\u00e9 de conduite autonome est cruciale pour l&#8217;avenir financier de Tesla, notamment selon M. Musk lui-m\u00eame. La r\u00e9putation d&#8217;ing\u00e9nieur de pointe de Musk est mise en jeu par les all\u00e9gations formul\u00e9es par les plaignants dans deux actions en justice. Ces plaignants accusent Musk de diriger personnellement l&#8217;\u00e9quipe responsable de la technologie d\u00e9faillante. Les succ\u00e8s de Tesla dans ces affaires pourraient renforcer la confiance des clients et stimuler les ventes de son logiciel Autopilot, qui peut atteindre un co\u00fbt de 15 000 dollars par v\u00e9hicule.<\/p>\n<h3><strong>Les proc\u00e8s \u00e0 venir<\/strong><\/h3>\n<p>\nTesla est confront\u00e9e \u00e0 deux proc\u00e8s successifs, avec d&#8217;autres pr\u00e9vus pour l&#8217;avenir. Le premier proc\u00e8s, pr\u00e9vu pour mi-septembre en Californie, concerne un accident o\u00f9 la fonction Autopilot aurait provoqu\u00e9 la sortie impr\u00e9vue d&#8217;une Model 3 de la route, causant un d\u00e9c\u00e8s. Le deuxi\u00e8me proc\u00e8s, d\u00e9but octobre en Floride, porte sur un accident o\u00f9 Autopilot aurait \u00e9chou\u00e9 \u00e0 \u00e9viter une collision mortelle avec un camion.<\/p>\n<h3><strong>Les d\u00e9fenses et les contestations de Tesla<\/strong><\/h3>\n<p>\nTesla nie toute responsabilit\u00e9 dans les accidents, attribuant les causes \u00e0 des erreurs de conduite humaines. La soci\u00e9t\u00e9 souligne que son Autopilot doit \u00eatre supervis\u00e9 en permanence par les conducteurs. Cependant, les plaignants affirment que des preuves internes montrent que Musk \u00e9tait de facto le responsable de l&#8217;\u00e9quipe Autopilot et \u00e9tait conscient des lacunes du syst\u00e8me.<\/p>\n<h3><strong>Les implications pour l\u2019industrie<\/strong><\/h3>\n<p>\nLes r\u00e9sultats de ces proc\u00e8s auront d&#8217;importantes implications pour l&#8217;avenir de la technologie de conduite autonome et pour l&#8217;image de Tesla en tant que leader du secteur. Les victoires de Tesla pourraient influencer les r\u00e9sultats d&#8217;autres affaires similaires \u00e0 l&#8217;avenir, tandis qu&#8217;une d\u00e9faite majeure pourrait changer le paysage juridique et l&#8217;opinion publique sur la technologie.<\/p>\n<h3><strong>Conclusion<\/strong><\/h3>\n<p>\nTesla se trouve \u00e0 un tournant crucial avec les proc\u00e8s \u00e0 venir, qui \u00e9valueront la responsabilit\u00e9 de l&#8217;entreprise dans des accidents tragiques li\u00e9s \u00e0 son syst\u00e8me Autopilot. Ces proc\u00e8s auront des r\u00e9percussions significatives sur la perception de la technologie de conduite autonome et sur la position de Tesla en tant qu&#8217;acteur majeur de l&#8217;industrie automobile. Les r\u00e9sultats influenceront non seulement l&#8217;entreprise elle-m\u00eame, mais \u00e9galement le d\u00e9veloppement futur de la conduite autonome dans le secteur automobile.<\/p>\n<p>Avec des renseignements de Reuters<\/p>\n<p>Le texte <a rel=\"nofollow\" href=\"https:\/\/annuelauto.ca\/tesla-fait-face-a-la-justice-aux-etats-unis-pour-son-systeme-autopilot\/\">Tesla fait face \u00e0 la justice aux \u00c9tats-Unis pour son syst\u00e8me Autopilot<\/a> provient de <a rel=\"nofollow\" href=\"https:\/\/annuelauto.ca\">L&#8217;annuel de l&#8217;automobile &#8211; Actualit\u00e9 automobile<\/a><\/p>\n<p><\/p>\n","protected":false},"excerpt":{"rendered":"<p>La soci\u00e9t\u00e9 Tesla se pr\u00e9pare pour son premier proc\u00e8s o\u00f9 elle devra se d\u00e9fendre contre des all\u00e9gations selon lesquelles des d\u00e9faillances de sa fonction d&#8217;assistance \u00e0 la conduite Autopilot ont caus\u00e9 des d\u00e9c\u00e8s. Ce proc\u00e8s repr\u00e9sente un test majeur des affirmations du PDG Elon Musk concernant la technologie de conduite autonome. Enjeux financiers La capacit\u00e9 [&hellip;]<\/p>\n","protected":false},"author":8,"featured_media":150284,"comment_status":"close","ping_status":"closed","sticky":false,"template":"","format":"standard","meta":{"_monsterinsights_skip_tracking":false,"_monsterinsights_sitenote_active":false,"_monsterinsights_sitenote_note":"","_monsterinsights_sitenote_category":0,"footnotes":""},"categories":[101],"tags":[],"yoast_head":"<!-- This site is optimized with the Yoast SEO plugin v23.2 - https:\/\/yoast.com\/wordpress\/plugins\/seo\/ -->\n<title>Tesla fait face \u00e0 la justice aux \u00c9tats-Unis pour son syst\u00e8me Autopilot - CanadaMotorJobs.com<\/title>\n<meta name=\"description\" content=\"Tesla fait face \u00e0 la justice aux \u00c9tats-Unis pour son syst\u00e8me Autopilot - Benoit Charette - Annuel automobile - CanadaMotorJobs.com.\" \/>\n<meta name=\"robots\" content=\"index, follow, max-snippet:-1, max-image-preview:large, max-video-preview:-1\" \/>\n<meta property=\"og:locale\" content=\"fr_CA\" \/>\n<meta property=\"og:type\" content=\"article\" \/>\n<meta property=\"og:title\" content=\"Tesla fait face \u00e0 la justice aux \u00c9tats-Unis pour son syst\u00e8me Autopilot - CanadaMotorJobs.com\" \/>\n<meta property=\"og:description\" content=\"Tesla fait face \u00e0 la justice aux \u00c9tats-Unis pour son syst\u00e8me Autopilot - Benoit Charette - Annuel automobile - CanadaMotorJobs.com.\" \/>\n<meta property=\"og:url\" content=\"https:\/\/news.canadamotorjobs.com\/fr\/tesla-fait-face-a-la-justice-aux-etats-unis-pour-son-systeme-autopilot\/\" \/>\n<meta property=\"og:site_name\" content=\"CanadaMotorJobs.com\" \/>\n<meta property=\"article:publisher\" content=\"https:\/\/www.facebook.com\/canadamotorjobs\/\" \/>\n<meta property=\"article:published_time\" content=\"2023-08-28T10:56:35+00:00\" \/>\n<meta property=\"article:modified_time\" content=\"2023-08-28T11:07:35+00:00\" \/>\n<meta property=\"og:image\" content=\"https:\/\/news.canadamotorjobs.com\/wp-content\/uploads\/2023\/08\/Tesla-Emblem.png\" \/>\n\t<meta property=\"og:image:width\" content=\"3840\" \/>\n\t<meta property=\"og:image:height\" content=\"2160\" \/>\n\t<meta property=\"og:image:type\" content=\"image\/png\" \/>\n<meta name=\"author\" content=\"Benoit Charette\" \/>\n<meta name=\"twitter:card\" content=\"summary_large_image\" \/>\n<meta name=\"twitter:creator\" content=\"@canadamotorjobs\" \/>\n<meta name=\"twitter:site\" content=\"@canadamotorjobs\" \/>\n<meta name=\"twitter:label1\" content=\"\u00c9crit par\" \/>\n\t<meta name=\"twitter:data1\" content=\"Benoit Charette\" \/>\n\t<meta name=\"twitter:label2\" content=\"Estimation du temps de lecture\" \/>\n\t<meta name=\"twitter:data2\" content=\"2 minutes\" \/>\n<!-- \/ Yoast SEO plugin. -->","yoast_head_json":{"title":"Tesla fait face \u00e0 la justice aux \u00c9tats-Unis pour son syst\u00e8me Autopilot - CanadaMotorJobs.com","description":"Tesla fait face \u00e0 la justice aux \u00c9tats-Unis pour son syst\u00e8me Autopilot - Benoit Charette - Annuel automobile - CanadaMotorJobs.com.","robots":{"index":"index","follow":"follow","max-snippet":"max-snippet:-1","max-image-preview":"max-image-preview:large","max-video-preview":"max-video-preview:-1"},"og_locale":"fr_CA","og_type":"article","og_title":"Tesla fait face \u00e0 la justice aux \u00c9tats-Unis pour son syst\u00e8me Autopilot - CanadaMotorJobs.com","og_description":"Tesla fait face \u00e0 la justice aux \u00c9tats-Unis pour son syst\u00e8me Autopilot - Benoit Charette - Annuel automobile - CanadaMotorJobs.com.","og_url":"https:\/\/news.canadamotorjobs.com\/fr\/tesla-fait-face-a-la-justice-aux-etats-unis-pour-son-systeme-autopilot\/","og_site_name":"CanadaMotorJobs.com","article_publisher":"https:\/\/www.facebook.com\/canadamotorjobs\/","article_published_time":"2023-08-28T10:56:35+00:00","article_modified_time":"2023-08-28T11:07:35+00:00","og_image":[{"width":3840,"height":2160,"url":"https:\/\/news.canadamotorjobs.com\/wp-content\/uploads\/2023\/08\/Tesla-Emblem.png","type":"image\/png"}],"author":"Benoit Charette","twitter_card":"summary_large_image","twitter_creator":"@canadamotorjobs","twitter_site":"@canadamotorjobs","twitter_misc":{"\u00c9crit par":"Benoit Charette","Estimation du temps de lecture":"2 minutes"},"schema":{"@context":"https:\/\/schema.org","@graph":[{"@type":"Article","@id":"https:\/\/news.canadamotorjobs.com\/fr\/tesla-fait-face-a-la-justice-aux-etats-unis-pour-son-systeme-autopilot\/#article","isPartOf":{"@id":"https:\/\/news.canadamotorjobs.com\/fr\/tesla-fait-face-a-la-justice-aux-etats-unis-pour-son-systeme-autopilot\/"},"author":{"name":"Benoit Charette","@id":"https:\/\/news.canadamotorjobs.com\/#\/schema\/person\/51793d1f87d44011d7bcc2ed99269a90"},"headline":"Tesla fait face \u00e0 la justice aux \u00c9tats-Unis pour son syst\u00e8me Autopilot","datePublished":"2023-08-28T10:56:35+00:00","dateModified":"2023-08-28T11:07:35+00:00","mainEntityOfPage":{"@id":"https:\/\/news.canadamotorjobs.com\/fr\/tesla-fait-face-a-la-justice-aux-etats-unis-pour-son-systeme-autopilot\/"},"wordCount":498,"publisher":{"@id":"https:\/\/news.canadamotorjobs.com\/#organization"},"image":{"@id":"https:\/\/news.canadamotorjobs.com\/fr\/tesla-fait-face-a-la-justice-aux-etats-unis-pour-son-systeme-autopilot\/#primaryimage"},"thumbnailUrl":"https:\/\/news.canadamotorjobs.com\/wp-content\/uploads\/2023\/08\/Tesla-Emblem.png","articleSection":["Annuel automobile"],"inLanguage":"fr-CA"},{"@type":"WebPage","@id":"https:\/\/news.canadamotorjobs.com\/fr\/tesla-fait-face-a-la-justice-aux-etats-unis-pour-son-systeme-autopilot\/","url":"https:\/\/news.canadamotorjobs.com\/fr\/tesla-fait-face-a-la-justice-aux-etats-unis-pour-son-systeme-autopilot\/","name":"Tesla fait face \u00e0 la justice aux \u00c9tats-Unis pour son syst\u00e8me Autopilot - CanadaMotorJobs.com","isPartOf":{"@id":"https:\/\/news.canadamotorjobs.com\/#website"},"primaryImageOfPage":{"@id":"https:\/\/news.canadamotorjobs.com\/fr\/tesla-fait-face-a-la-justice-aux-etats-unis-pour-son-systeme-autopilot\/#primaryimage"},"image":{"@id":"https:\/\/news.canadamotorjobs.com\/fr\/tesla-fait-face-a-la-justice-aux-etats-unis-pour-son-systeme-autopilot\/#primaryimage"},"thumbnailUrl":"https:\/\/news.canadamotorjobs.com\/wp-content\/uploads\/2023\/08\/Tesla-Emblem.png","datePublished":"2023-08-28T10:56:35+00:00","dateModified":"2023-08-28T11:07:35+00:00","description":"Tesla fait face \u00e0 la justice aux \u00c9tats-Unis pour son syst\u00e8me Autopilot - Benoit Charette - Annuel automobile - CanadaMotorJobs.com.","breadcrumb":{"@id":"https:\/\/news.canadamotorjobs.com\/fr\/tesla-fait-face-a-la-justice-aux-etats-unis-pour-son-systeme-autopilot\/#breadcrumb"},"inLanguage":"fr-CA","potentialAction":[{"@type":"ReadAction","target":["https:\/\/news.canadamotorjobs.com\/fr\/tesla-fait-face-a-la-justice-aux-etats-unis-pour-son-systeme-autopilot\/"]}]},{"@type":"ImageObject","inLanguage":"fr-CA","@id":"https:\/\/news.canadamotorjobs.com\/fr\/tesla-fait-face-a-la-justice-aux-etats-unis-pour-son-systeme-autopilot\/#primaryimage","url":"https:\/\/news.canadamotorjobs.com\/wp-content\/uploads\/2023\/08\/Tesla-Emblem.png","contentUrl":"https:\/\/news.canadamotorjobs.com\/wp-content\/uploads\/2023\/08\/Tesla-Emblem.png","width":3840,"height":2160},{"@type":"BreadcrumbList","@id":"https:\/\/news.canadamotorjobs.com\/fr\/tesla-fait-face-a-la-justice-aux-etats-unis-pour-son-systeme-autopilot\/#breadcrumb","itemListElement":[{"@type":"ListItem","position":1,"name":"Home","item":"https:\/\/news.canadamotorjobs.com\/fr\/blog\/"},{"@type":"ListItem","position":2,"name":"Tesla fait face \u00e0 la justice aux \u00c9tats-Unis pour son syst\u00e8me Autopilot"}]},{"@type":"WebSite","@id":"https:\/\/news.canadamotorjobs.com\/#website","url":"https:\/\/news.canadamotorjobs.com\/","name":"CanadaMotorJobs.com","description":"Automotive Jobs","publisher":{"@id":"https:\/\/news.canadamotorjobs.com\/#organization"},"potentialAction":[{"@type":"SearchAction","target":{"@type":"EntryPoint","urlTemplate":"https:\/\/news.canadamotorjobs.com\/?s={search_term_string}"},"query-input":"required name=search_term_string"}],"inLanguage":"fr-CA"},{"@type":"Organization","@id":"https:\/\/news.canadamotorjobs.com\/#organization","name":"Canada Motor Jobs","url":"https:\/\/news.canadamotorjobs.com\/","logo":{"@type":"ImageObject","inLanguage":"fr-CA","@id":"https:\/\/news.canadamotorjobs.com\/#\/schema\/logo\/image\/","url":"https:\/\/news.canadamotorjobs.com\/wp-content\/uploads\/2022\/10\/logo-canada-motor-jobs-1.png","contentUrl":"https:\/\/news.canadamotorjobs.com\/wp-content\/uploads\/2022\/10\/logo-canada-motor-jobs-1.png","width":800,"height":400,"caption":"Canada Motor Jobs"},"image":{"@id":"https:\/\/news.canadamotorjobs.com\/#\/schema\/logo\/image\/"},"sameAs":["https:\/\/www.facebook.com\/canadamotorjobs\/","https:\/\/x.com\/canadamotorjobs","https:\/\/www.instagram.com\/canadamotorjobs\/","https:\/\/www.linkedin.com\/company\/canadamotorjobs"]},{"@type":"Person","@id":"https:\/\/news.canadamotorjobs.com\/#\/schema\/person\/51793d1f87d44011d7bcc2ed99269a90","name":"Benoit Charette","image":{"@type":"ImageObject","inLanguage":"fr-CA","@id":"https:\/\/news.canadamotorjobs.com\/#\/schema\/person\/image\/","url":"https:\/\/secure.gravatar.com\/avatar\/45f3d2eebcccd909668d7ce7ea7267b6?s=96&d=mm&r=g","contentUrl":"https:\/\/secure.gravatar.com\/avatar\/45f3d2eebcccd909668d7ce7ea7267b6?s=96&d=mm&r=g","caption":"Benoit Charette"},"description":"Benoit Charette \/ Propri\u00e9taire et r\u00e9dacteur en chef Benoit Charette pratique le journalisme automobile depuis bient\u00f4t 30 ans. Il a fait ses classes au c\u00f4t\u00e9 de Daniel H\u00e9raud et au Carnet de route de 1992 \u00e0 2001. Il est fondateur, copropri\u00e9taire et r\u00e9dacteur en chef de L\u2019Annuel de l\u2019automobile, qu\u2019il publie depuis 2001. Il a anim\u00e9 les \u00e9missions RPM et RPM+ sur V et les L\u00e9gendes de la route sur Historia. \u00c0 la radio depuis 1986, il reprend l\u2019antenne cette ann\u00e9e sur les ondes de Cogeco et participe pour la deuxi\u00e8me ann\u00e9e \u00e0 l\u2019\u00e9mission Passion Auto sur RDS en plus de mettre en ligne le site Web officiel de L\u2019Annuel de l\u2019automobile sur annuelauto.ca.","sameAs":["https:\/\/annuelauto.ca\/"],"url":"https:\/\/news.canadamotorjobs.com\/fr\/author\/benoit-charette\/"}]}},"_links":{"self":[{"href":"https:\/\/news.canadamotorjobs.com\/fr\/wp-json\/wp\/v2\/posts\/150282"}],"collection":[{"href":"https:\/\/news.canadamotorjobs.com\/fr\/wp-json\/wp\/v2\/posts"}],"about":[{"href":"https:\/\/news.canadamotorjobs.com\/fr\/wp-json\/wp\/v2\/types\/post"}],"author":[{"embeddable":true,"href":"https:\/\/news.canadamotorjobs.com\/fr\/wp-json\/wp\/v2\/users\/8"}],"replies":[{"embeddable":true,"href":"https:\/\/news.canadamotorjobs.com\/fr\/wp-json\/wp\/v2\/comments?post=150282"}],"version-history":[{"count":2,"href":"https:\/\/news.canadamotorjobs.com\/fr\/wp-json\/wp\/v2\/posts\/150282\/revisions"}],"predecessor-version":[{"id":150286,"href":"https:\/\/news.canadamotorjobs.com\/fr\/wp-json\/wp\/v2\/posts\/150282\/revisions\/150286"}],"wp:featuredmedia":[{"embeddable":true,"href":"https:\/\/news.canadamotorjobs.com\/fr\/wp-json\/wp\/v2\/media\/150284"}],"wp:attachment":[{"href":"https:\/\/news.canadamotorjobs.com\/fr\/wp-json\/wp\/v2\/media?parent=150282"}],"wp:term":[{"taxonomy":"category","embeddable":true,"href":"https:\/\/news.canadamotorjobs.com\/fr\/wp-json\/wp\/v2\/categories?post=150282"},{"taxonomy":"post_tag","embeddable":true,"href":"https:\/\/news.canadamotorjobs.com\/fr\/wp-json\/wp\/v2\/tags?post=150282"}],"curies":[{"name":"wp","href":"https:\/\/api.w.org\/{rel}","templated":true}]}}