{"id":150251,"date":"2023-08-26T10:28:59","date_gmt":"2023-08-26T14:28:59","guid":{"rendered":"https:\/\/news.canadamotorjobs.com\/?p=150251"},"modified":"2023-08-26T10:31:04","modified_gmt":"2023-08-26T14:31:04","slug":"hyundai-devoile-les-versions-rafraichies-de-la-sonata-et-de-lelantra","status":"publish","type":"post","link":"https:\/\/news.canadamotorjobs.com\/fr\/hyundai-devoile-les-versions-rafraichies-de-la-sonata-et-de-lelantra\/","title":{"rendered":"Hyundai d\u00e9voile les versions rafra\u00eechies de la Sonata et de l\u2019Elantra"},"content":{"rendered":"<\/p>\n<p>Alors que l\u2019industrie automobile en g\u00e9n\u00e9ral abandonne les berlines, Hyundai persiste en lan\u00e7ant les versions actualis\u00e9es de la Sonata et de l&#8217;Elantra en Am\u00e9rique du Nord. Les deux mod\u00e8les ont \u00e9t\u00e9 redessin\u00e9s pour refl\u00e9ter le langage stylistique unique de la marque, avec des am\u00e9liorations notables tant sur le plan du design que de la technologie.<\/p>\n<h3><strong>Une ligne sensuelle et sportive<\/strong><\/h3>\n<p>\nHyundai fait preuve de r\u00e9silience en maintenant sa gamme de berlines face aux tendances changeantes du march\u00e9. La Sonata et l&#8217;Elantra, fra\u00eechement remani\u00e9es, incarneront le langage stylistique de Hyundai appel\u00e9 &#8220;Sensuous Sportiness&#8221;. Ces mod\u00e8les red\u00e9finissent l&#8217;esth\u00e9tique des berlines avec des lignes fluides et un design futuriste.<\/p>\n<h3><strong>Design audacieux <\/strong><\/h3>\n<p>\nLes nouvelles versions de la Sonata et de l&#8217;Elantra arborent un look audacieux et moderne, conforme \u00e0 la philosophie de design de Hyundai. Le lifting important de la Sonata, notamment son \u00e9clairage diurne distinctif, cr\u00e9e une apparence futuriste. La conception de la calandre de l&#8217;Elantra a \u00e9t\u00e9 repens\u00e9e pour am\u00e9liorer l&#8217;a\u00e9rodynamisme et l&#8217;efficacit\u00e9.<\/p>\n<h3><strong>Technologie en avant-plan <\/strong><\/h3>\n<p>\nHyundai met en avant les am\u00e9liorations technologiques de pointe de ces nouvelles berlines. Une caract\u00e9ristique marquante est l&#8217;\u00e9cran incurv\u00e9 unifi\u00e9 de la Sonata, combinant un tableau de bord num\u00e9rique de 12,3 pouces avec un syst\u00e8me d&#8217;infodivertissement du m\u00eame format. Cette mise \u00e0 niveau \u00e9limine les \u00e9crans plus petits pour une exp\u00e9rience utilisateur plus immersive.<\/p>\n<h3><strong>Options de personnalisation <\/strong><\/h3>\n<p>\nLes amateurs de sportivit\u00e9 peuvent opter pour le pack N Line, disponible pour la Sonata. Ce pack ajoute des \u00e9l\u00e9ments distinctifs tels que des jantes exclusives de 19 pouces, un spoiler arri\u00e8re et un syst\u00e8me d&#8217;\u00e9chappement \u00e0 double embout. Des rumeurs sugg\u00e8rent \u00e9galement l&#8217;arriv\u00e9e d&#8217;une variante N encore plus performante.<\/p>\n<h3><strong>L&#8217;avenir des berlines Hyundai <\/strong><\/h3>\n<p>\nLe lancement de ces versions actualis\u00e9es marque la d\u00e9termination de Hyundai \u00e0 r\u00e9pondre aux attentes changeantes des acheteurs nord-am\u00e9ricains. Les nouvelles Sonata et Elantra devraient maintenir leur gamme de moteurs, y compris des options hybrides, pour se conformer aux normes d&#8217;\u00e9missions strictes.<\/p>\n<h3><strong>Conclusion <\/strong><\/h3>\n<p>\nHyundai se distingue en maintenant sa pr\u00e9sence sur le march\u00e9 des berlines avec les versions r\u00e9invent\u00e9es de la Sonata et de l&#8217;Elantra. Le design novateur, les technologies avanc\u00e9es et les options de personnalisation t\u00e9moignent de l&#8217;engagement continu de Hyundai \u00e0 offrir des choix attrayants pour les consommateurs nord-am\u00e9ricains \u00e0 la recherche de berlines \u00e9l\u00e9gantes et performantes. La sortie pr\u00e9vue pour le 30 ao\u00fbt suscite l&#8217;anticipation pour d\u00e9couvrir tous les d\u00e9tails de ces deux mod\u00e8les actualis\u00e9s.<\/p>\n<p>\u00a0<\/p>\n<p>Le texte <a rel=\"nofollow\" href=\"https:\/\/annuelauto.ca\/hyundai-devoile-les-versions-rafraichies-de-la-sonata-et-de-lelantra\/\">Hyundai d\u00e9voile les versions rafra\u00eechies de la Sonata et de l\u2019Elantra<\/a> provient de <a rel=\"nofollow\" href=\"https:\/\/annuelauto.ca\">L&#8217;annuel de l&#8217;automobile &#8211; Actualit\u00e9 automobile<\/a><\/p>\n<p><\/p>\n","protected":false},"excerpt":{"rendered":"<p>Alors que l\u2019industrie automobile en g\u00e9n\u00e9ral abandonne les berlines, Hyundai persiste en lan\u00e7ant les versions actualis\u00e9es de la Sonata et de l&#8217;Elantra en Am\u00e9rique du Nord. Les deux mod\u00e8les ont \u00e9t\u00e9 redessin\u00e9s pour refl\u00e9ter le langage stylistique unique de la marque, avec des am\u00e9liorations notables tant sur le plan du design que de la technologie. [&hellip;]<\/p>\n","protected":false},"author":8,"featured_media":150253,"comment_status":"close","ping_status":"closed","sticky":false,"template":"","format":"standard","meta":{"_monsterinsights_skip_tracking":false,"_monsterinsights_sitenote_active":false,"_monsterinsights_sitenote_note":"","_monsterinsights_sitenote_category":0,"footnotes":""},"categories":[101],"tags":[],"yoast_head":"<!-- This site is optimized with the Yoast SEO plugin v23.2 - https:\/\/yoast.com\/wordpress\/plugins\/seo\/ -->\n<title>Hyundai d\u00e9voile les versions rafra\u00eechies de la Sonata et de l\u2019Elantra - CanadaMotorJobs.com<\/title>\n<meta name=\"description\" content=\"Hyundai d\u00e9voile les versions rafra\u00eechies de la Sonata et de l\u2019Elantra - Benoit Charette - Annuel automobile - CanadaMotorJobs.com.\" \/>\n<meta name=\"robots\" content=\"index, follow, max-snippet:-1, max-image-preview:large, max-video-preview:-1\" \/>\n<meta property=\"og:locale\" content=\"fr_CA\" \/>\n<meta property=\"og:type\" content=\"article\" \/>\n<meta property=\"og:title\" content=\"Hyundai d\u00e9voile les versions rafra\u00eechies de la Sonata et de l\u2019Elantra - CanadaMotorJobs.com\" \/>\n<meta property=\"og:description\" content=\"Hyundai d\u00e9voile les versions rafra\u00eechies de la Sonata et de l\u2019Elantra - Benoit Charette - Annuel automobile - CanadaMotorJobs.com.\" \/>\n<meta property=\"og:url\" content=\"https:\/\/news.canadamotorjobs.com\/fr\/hyundai-devoile-les-versions-rafraichies-de-la-sonata-et-de-lelantra\/\" \/>\n<meta property=\"og:site_name\" content=\"CanadaMotorJobs.com\" \/>\n<meta property=\"article:publisher\" content=\"https:\/\/www.facebook.com\/canadamotorjobs\/\" \/>\n<meta property=\"article:published_time\" content=\"2023-08-26T14:28:59+00:00\" \/>\n<meta property=\"article:modified_time\" content=\"2023-08-26T14:31:04+00:00\" \/>\n<meta property=\"og:image\" content=\"https:\/\/news.canadamotorjobs.com\/wp-content\/uploads\/2023\/08\/2024-Hyundai-Sonata-4567-Carscoops.jpg\" \/>\n\t<meta property=\"og:image:width\" content=\"2250\" \/>\n\t<meta property=\"og:image:height\" content=\"1266\" \/>\n\t<meta property=\"og:image:type\" content=\"image\/jpeg\" \/>\n<meta name=\"author\" content=\"Benoit Charette\" \/>\n<meta name=\"twitter:card\" content=\"summary_large_image\" \/>\n<meta name=\"twitter:creator\" content=\"@canadamotorjobs\" \/>\n<meta name=\"twitter:site\" content=\"@canadamotorjobs\" \/>\n<meta name=\"twitter:label1\" content=\"\u00c9crit par\" \/>\n\t<meta name=\"twitter:data1\" content=\"Benoit Charette\" \/>\n\t<meta name=\"twitter:label2\" content=\"Estimation du temps de lecture\" \/>\n\t<meta name=\"twitter:data2\" content=\"2 minutes\" \/>\n<!-- \/ Yoast SEO plugin. -->","yoast_head_json":{"title":"Hyundai d\u00e9voile les versions rafra\u00eechies de la Sonata et de l\u2019Elantra - CanadaMotorJobs.com","description":"Hyundai d\u00e9voile les versions rafra\u00eechies de la Sonata et de l\u2019Elantra - Benoit Charette - Annuel automobile - CanadaMotorJobs.com.","robots":{"index":"index","follow":"follow","max-snippet":"max-snippet:-1","max-image-preview":"max-image-preview:large","max-video-preview":"max-video-preview:-1"},"og_locale":"fr_CA","og_type":"article","og_title":"Hyundai d\u00e9voile les versions rafra\u00eechies de la Sonata et de l\u2019Elantra - CanadaMotorJobs.com","og_description":"Hyundai d\u00e9voile les versions rafra\u00eechies de la Sonata et de l\u2019Elantra - Benoit Charette - Annuel automobile - CanadaMotorJobs.com.","og_url":"https:\/\/news.canadamotorjobs.com\/fr\/hyundai-devoile-les-versions-rafraichies-de-la-sonata-et-de-lelantra\/","og_site_name":"CanadaMotorJobs.com","article_publisher":"https:\/\/www.facebook.com\/canadamotorjobs\/","article_published_time":"2023-08-26T14:28:59+00:00","article_modified_time":"2023-08-26T14:31:04+00:00","og_image":[{"width":2250,"height":1266,"url":"https:\/\/news.canadamotorjobs.com\/wp-content\/uploads\/2023\/08\/2024-Hyundai-Sonata-4567-Carscoops.jpg","type":"image\/jpeg"}],"author":"Benoit Charette","twitter_card":"summary_large_image","twitter_creator":"@canadamotorjobs","twitter_site":"@canadamotorjobs","twitter_misc":{"\u00c9crit par":"Benoit Charette","Estimation du temps de lecture":"2 minutes"},"schema":{"@context":"https:\/\/schema.org","@graph":[{"@type":"Article","@id":"https:\/\/news.canadamotorjobs.com\/fr\/hyundai-devoile-les-versions-rafraichies-de-la-sonata-et-de-lelantra\/#article","isPartOf":{"@id":"https:\/\/news.canadamotorjobs.com\/fr\/hyundai-devoile-les-versions-rafraichies-de-la-sonata-et-de-lelantra\/"},"author":{"name":"Benoit Charette","@id":"https:\/\/news.canadamotorjobs.com\/#\/schema\/person\/51793d1f87d44011d7bcc2ed99269a90"},"headline":"Hyundai d\u00e9voile les versions rafra\u00eechies de la Sonata et de l\u2019Elantra","datePublished":"2023-08-26T14:28:59+00:00","dateModified":"2023-08-26T14:31:04+00:00","mainEntityOfPage":{"@id":"https:\/\/news.canadamotorjobs.com\/fr\/hyundai-devoile-les-versions-rafraichies-de-la-sonata-et-de-lelantra\/"},"wordCount":489,"publisher":{"@id":"https:\/\/news.canadamotorjobs.com\/#organization"},"image":{"@id":"https:\/\/news.canadamotorjobs.com\/fr\/hyundai-devoile-les-versions-rafraichies-de-la-sonata-et-de-lelantra\/#primaryimage"},"thumbnailUrl":"https:\/\/news.canadamotorjobs.com\/wp-content\/uploads\/2023\/08\/2024-Hyundai-Sonata-4567-Carscoops.jpg","articleSection":["Annuel automobile"],"inLanguage":"fr-CA"},{"@type":"WebPage","@id":"https:\/\/news.canadamotorjobs.com\/fr\/hyundai-devoile-les-versions-rafraichies-de-la-sonata-et-de-lelantra\/","url":"https:\/\/news.canadamotorjobs.com\/fr\/hyundai-devoile-les-versions-rafraichies-de-la-sonata-et-de-lelantra\/","name":"Hyundai d\u00e9voile les versions rafra\u00eechies de la Sonata et de l\u2019Elantra - CanadaMotorJobs.com","isPartOf":{"@id":"https:\/\/news.canadamotorjobs.com\/#website"},"primaryImageOfPage":{"@id":"https:\/\/news.canadamotorjobs.com\/fr\/hyundai-devoile-les-versions-rafraichies-de-la-sonata-et-de-lelantra\/#primaryimage"},"image":{"@id":"https:\/\/news.canadamotorjobs.com\/fr\/hyundai-devoile-les-versions-rafraichies-de-la-sonata-et-de-lelantra\/#primaryimage"},"thumbnailUrl":"https:\/\/news.canadamotorjobs.com\/wp-content\/uploads\/2023\/08\/2024-Hyundai-Sonata-4567-Carscoops.jpg","datePublished":"2023-08-26T14:28:59+00:00","dateModified":"2023-08-26T14:31:04+00:00","description":"Hyundai d\u00e9voile les versions rafra\u00eechies de la Sonata et de l\u2019Elantra - Benoit Charette - Annuel automobile - CanadaMotorJobs.com.","breadcrumb":{"@id":"https:\/\/news.canadamotorjobs.com\/fr\/hyundai-devoile-les-versions-rafraichies-de-la-sonata-et-de-lelantra\/#breadcrumb"},"inLanguage":"fr-CA","potentialAction":[{"@type":"ReadAction","target":["https:\/\/news.canadamotorjobs.com\/fr\/hyundai-devoile-les-versions-rafraichies-de-la-sonata-et-de-lelantra\/"]}]},{"@type":"ImageObject","inLanguage":"fr-CA","@id":"https:\/\/news.canadamotorjobs.com\/fr\/hyundai-devoile-les-versions-rafraichies-de-la-sonata-et-de-lelantra\/#primaryimage","url":"https:\/\/news.canadamotorjobs.com\/wp-content\/uploads\/2023\/08\/2024-Hyundai-Sonata-4567-Carscoops.jpg","contentUrl":"https:\/\/news.canadamotorjobs.com\/wp-content\/uploads\/2023\/08\/2024-Hyundai-Sonata-4567-Carscoops.jpg","width":2250,"height":1266},{"@type":"BreadcrumbList","@id":"https:\/\/news.canadamotorjobs.com\/fr\/hyundai-devoile-les-versions-rafraichies-de-la-sonata-et-de-lelantra\/#breadcrumb","itemListElement":[{"@type":"ListItem","position":1,"name":"Home","item":"https:\/\/news.canadamotorjobs.com\/fr\/blog\/"},{"@type":"ListItem","position":2,"name":"Hyundai d\u00e9voile les versions rafra\u00eechies de la Sonata et de l\u2019Elantra"}]},{"@type":"WebSite","@id":"https:\/\/news.canadamotorjobs.com\/#website","url":"https:\/\/news.canadamotorjobs.com\/","name":"CanadaMotorJobs.com","description":"Automotive Jobs","publisher":{"@id":"https:\/\/news.canadamotorjobs.com\/#organization"},"potentialAction":[{"@type":"SearchAction","target":{"@type":"EntryPoint","urlTemplate":"https:\/\/news.canadamotorjobs.com\/?s={search_term_string}"},"query-input":"required name=search_term_string"}],"inLanguage":"fr-CA"},{"@type":"Organization","@id":"https:\/\/news.canadamotorjobs.com\/#organization","name":"Canada Motor Jobs","url":"https:\/\/news.canadamotorjobs.com\/","logo":{"@type":"ImageObject","inLanguage":"fr-CA","@id":"https:\/\/news.canadamotorjobs.com\/#\/schema\/logo\/image\/","url":"https:\/\/news.canadamotorjobs.com\/wp-content\/uploads\/2022\/10\/logo-canada-motor-jobs-1.png","contentUrl":"https:\/\/news.canadamotorjobs.com\/wp-content\/uploads\/2022\/10\/logo-canada-motor-jobs-1.png","width":800,"height":400,"caption":"Canada Motor Jobs"},"image":{"@id":"https:\/\/news.canadamotorjobs.com\/#\/schema\/logo\/image\/"},"sameAs":["https:\/\/www.facebook.com\/canadamotorjobs\/","https:\/\/x.com\/canadamotorjobs","https:\/\/www.instagram.com\/canadamotorjobs\/","https:\/\/www.linkedin.com\/company\/canadamotorjobs"]},{"@type":"Person","@id":"https:\/\/news.canadamotorjobs.com\/#\/schema\/person\/51793d1f87d44011d7bcc2ed99269a90","name":"Benoit Charette","image":{"@type":"ImageObject","inLanguage":"fr-CA","@id":"https:\/\/news.canadamotorjobs.com\/#\/schema\/person\/image\/","url":"https:\/\/secure.gravatar.com\/avatar\/45f3d2eebcccd909668d7ce7ea7267b6?s=96&d=mm&r=g","contentUrl":"https:\/\/secure.gravatar.com\/avatar\/45f3d2eebcccd909668d7ce7ea7267b6?s=96&d=mm&r=g","caption":"Benoit Charette"},"description":"Benoit Charette \/ Propri\u00e9taire et r\u00e9dacteur en chef Benoit Charette pratique le journalisme automobile depuis bient\u00f4t 30 ans. Il a fait ses classes au c\u00f4t\u00e9 de Daniel H\u00e9raud et au Carnet de route de 1992 \u00e0 2001. Il est fondateur, copropri\u00e9taire et r\u00e9dacteur en chef de L\u2019Annuel de l\u2019automobile, qu\u2019il publie depuis 2001. Il a anim\u00e9 les \u00e9missions RPM et RPM+ sur V et les L\u00e9gendes de la route sur Historia. \u00c0 la radio depuis 1986, il reprend l\u2019antenne cette ann\u00e9e sur les ondes de Cogeco et participe pour la deuxi\u00e8me ann\u00e9e \u00e0 l\u2019\u00e9mission Passion Auto sur RDS en plus de mettre en ligne le site Web officiel de L\u2019Annuel de l\u2019automobile sur annuelauto.ca.","sameAs":["https:\/\/annuelauto.ca\/"],"url":"https:\/\/news.canadamotorjobs.com\/fr\/author\/benoit-charette\/"}]}},"_links":{"self":[{"href":"https:\/\/news.canadamotorjobs.com\/fr\/wp-json\/wp\/v2\/posts\/150251"}],"collection":[{"href":"https:\/\/news.canadamotorjobs.com\/fr\/wp-json\/wp\/v2\/posts"}],"about":[{"href":"https:\/\/news.canadamotorjobs.com\/fr\/wp-json\/wp\/v2\/types\/post"}],"author":[{"embeddable":true,"href":"https:\/\/news.canadamotorjobs.com\/fr\/wp-json\/wp\/v2\/users\/8"}],"replies":[{"embeddable":true,"href":"https:\/\/news.canadamotorjobs.com\/fr\/wp-json\/wp\/v2\/comments?post=150251"}],"version-history":[{"count":2,"href":"https:\/\/news.canadamotorjobs.com\/fr\/wp-json\/wp\/v2\/posts\/150251\/revisions"}],"predecessor-version":[{"id":150255,"href":"https:\/\/news.canadamotorjobs.com\/fr\/wp-json\/wp\/v2\/posts\/150251\/revisions\/150255"}],"wp:featuredmedia":[{"embeddable":true,"href":"https:\/\/news.canadamotorjobs.com\/fr\/wp-json\/wp\/v2\/media\/150253"}],"wp:attachment":[{"href":"https:\/\/news.canadamotorjobs.com\/fr\/wp-json\/wp\/v2\/media?parent=150251"}],"wp:term":[{"taxonomy":"category","embeddable":true,"href":"https:\/\/news.canadamotorjobs.com\/fr\/wp-json\/wp\/v2\/categories?post=150251"},{"taxonomy":"post_tag","embeddable":true,"href":"https:\/\/news.canadamotorjobs.com\/fr\/wp-json\/wp\/v2\/tags?post=150251"}],"curies":[{"name":"wp","href":"https:\/\/api.w.org\/{rel}","templated":true}]}}