{"id":150228,"date":"2023-08-26T09:29:36","date_gmt":"2023-08-26T13:29:36","guid":{"rendered":"https:\/\/news.canadamotorjobs.com\/?p=150228"},"modified":"2023-08-26T09:34:10","modified_gmt":"2023-08-26T13:34:10","slug":"les-membres-du-united-auto-workers-soutiennent-un-vote-de-greve","status":"publish","type":"post","link":"https:\/\/news.canadamotorjobs.com\/fr\/les-membres-du-united-auto-workers-soutiennent-un-vote-de-greve\/","title":{"rendered":"Les membres du United Auto Workers soutiennent un vote de gr\u00e8ve"},"content":{"rendered":"<\/p>\n<p>Le moment des n\u00e9gociations entre Ford, GM, Stellantis et leurs employ\u00e9s approche \u00e0 grand pas et l\u2019atmosph\u00e8re est particuli\u00e8rement tendu. Au sud de la fronti\u00e8re, les membres de l&#8217;UAW donnent leur accord pour la possibilit\u00e9 d&#8217;une gr\u00e8ve en cas de non-aboutissement des n\u00e9gociations contractuelles, \u00e0 l&#8217;approche de la date limite du 14 septembre. Pr\u00e8s de 97 % des travailleurs ayant particip\u00e9 au vote ont exprim\u00e9 leur soutien \u00e0 l&#8217;\u00e9ventualit\u00e9 d&#8217;une gr\u00e8ve, selon une annonce de l&#8217;UAW faite vendredi.<\/p>\n<h3>Piquet de gr\u00e8ve<\/h3>\n<p>\nCette semaine, le syndicat organise des piquets de gr\u00e8ve avec des travailleurs \u00e0 Detroit et \u00e0 Louisville, dans le Kentucky. L&#8217;UAW a augment\u00e9 les indemnit\u00e9s de gr\u00e8ve \u00e0 500 dollars par membre par semaine et dispose d&#8217;un fonds de gr\u00e8ve de plus de 825 millions de dollars. En 2019, une gr\u00e8ve de 40 jours chez GM avait entra\u00een\u00e9 des interruptions de production, impactant les concessionnaires et les fournisseurs.<\/p>\n<h3>Une gr\u00e8ve qui co\u00fbterait ch\u00e8re<\/h3>\n<p>\nLe responsable du syndicat n&#8217;a pas \u00e9cart\u00e9 la possibilit\u00e9 d&#8217;une gr\u00e8ve simultan\u00e9e chez les trois constructeurs. Une gr\u00e8ve de 10 jours entra\u00eenerait plus de 5 milliards de dollars de pertes \u00e9conomiques, d&#8217;apr\u00e8s une analyse d&#8217;Anderson Economic Group. Les cons\u00e9quences financi\u00e8res toucheraient les salaires, les constructeurs, les fournisseurs et les concessionnaires.<\/p>\n<h3>Des n\u00e9gociations qui n\u2019avancent pas vite<\/h3>\n<p>\nLa semaine derni\u00e8re, le patron du syndicat Shawn Fain avait exprim\u00e9 son m\u00e9contentement face \u00e0 la lenteur des n\u00e9gociations avec les constructeurs. Alors qu\u2019aux \u00c9tats-Unis le syndicat n\u00e9gocie d\u2019abord avec Stellantis, les travailleurs canadien de l\u2019automobile ont choisi Ford comme premi\u00e8re cible de n\u00e9gociation. L\u2019atmosph\u00e8re risque de devenir encore plus tendu des deux c\u00f4t\u00e9s de la fronti\u00e8re.<\/p>\n<p>\u00a0<\/p>\n<p>Avec des renseignements d&#8217;Automotive News<\/p>\n<p>\u00a0<\/p>\n<p>Le texte <a rel=\"nofollow\" href=\"https:\/\/annuelauto.ca\/les-membres-du-united-auto-workers-soutiennent-un-vote-de-greve\/\">Les membres du United Auto Workers soutiennent un vote de gr\u00e8ve<\/a> provient de <a rel=\"nofollow\" href=\"https:\/\/annuelauto.ca\">L&#8217;annuel de l&#8217;automobile &#8211; Actualit\u00e9 automobile<\/a><\/p>\n<p><\/p>\n","protected":false},"excerpt":{"rendered":"<p>Le moment des n\u00e9gociations entre Ford, GM, Stellantis et leurs employ\u00e9s approche \u00e0 grand pas et l\u2019atmosph\u00e8re est particuli\u00e8rement tendu. Au sud de la fronti\u00e8re, les membres de l&#8217;UAW donnent leur accord pour la possibilit\u00e9 d&#8217;une gr\u00e8ve en cas de non-aboutissement des n\u00e9gociations contractuelles, \u00e0 l&#8217;approche de la date limite du 14 septembre. Pr\u00e8s de [&hellip;]<\/p>\n","protected":false},"author":8,"featured_media":150230,"comment_status":"close","ping_status":"closed","sticky":false,"template":"","format":"standard","meta":{"_monsterinsights_skip_tracking":false,"_monsterinsights_sitenote_active":false,"_monsterinsights_sitenote_note":"","_monsterinsights_sitenote_category":0,"footnotes":""},"categories":[101],"tags":[],"yoast_head":"<!-- This site is optimized with the Yoast SEO plugin v23.2 - https:\/\/yoast.com\/wordpress\/plugins\/seo\/ -->\n<title>Les membres du United Auto Workers soutiennent un vote de gr\u00e8ve - CanadaMotorJobs.com<\/title>\n<meta name=\"description\" content=\"Les membres du United Auto Workers soutiennent un vote de gr\u00e8ve - Benoit Charette - Annuel automobile - CanadaMotorJobs.com.\" \/>\n<meta name=\"robots\" content=\"index, follow, max-snippet:-1, max-image-preview:large, max-video-preview:-1\" \/>\n<meta property=\"og:locale\" content=\"fr_CA\" \/>\n<meta property=\"og:type\" content=\"article\" \/>\n<meta property=\"og:title\" content=\"Les membres du United Auto Workers soutiennent un vote de gr\u00e8ve - CanadaMotorJobs.com\" \/>\n<meta property=\"og:description\" content=\"Les membres du United Auto Workers soutiennent un vote de gr\u00e8ve - Benoit Charette - Annuel automobile - CanadaMotorJobs.com.\" \/>\n<meta property=\"og:url\" content=\"https:\/\/news.canadamotorjobs.com\/fr\/les-membres-du-united-auto-workers-soutiennent-un-vote-de-greve\/\" \/>\n<meta property=\"og:site_name\" content=\"CanadaMotorJobs.com\" \/>\n<meta property=\"article:publisher\" content=\"https:\/\/www.facebook.com\/canadamotorjobs\/\" \/>\n<meta property=\"article:published_time\" content=\"2023-08-26T13:29:36+00:00\" \/>\n<meta property=\"article:modified_time\" content=\"2023-08-26T13:34:10+00:00\" \/>\n<meta property=\"og:image\" content=\"https:\/\/news.canadamotorjobs.com\/wp-content\/uploads\/2023\/08\/United_Auto_Workers_logo.svg_.png\" \/>\n\t<meta property=\"og:image:width\" content=\"800\" \/>\n\t<meta property=\"og:image:height\" content=\"800\" \/>\n\t<meta property=\"og:image:type\" content=\"image\/png\" \/>\n<meta name=\"author\" content=\"Benoit Charette\" \/>\n<meta name=\"twitter:card\" content=\"summary_large_image\" \/>\n<meta name=\"twitter:creator\" content=\"@canadamotorjobs\" \/>\n<meta name=\"twitter:site\" content=\"@canadamotorjobs\" \/>\n<meta name=\"twitter:label1\" content=\"\u00c9crit par\" \/>\n\t<meta name=\"twitter:data1\" content=\"Benoit Charette\" \/>\n\t<meta name=\"twitter:label2\" content=\"Estimation du temps de lecture\" \/>\n\t<meta name=\"twitter:data2\" content=\"2 minutes\" \/>\n<!-- \/ Yoast SEO plugin. -->","yoast_head_json":{"title":"Les membres du United Auto Workers soutiennent un vote de gr\u00e8ve - CanadaMotorJobs.com","description":"Les membres du United Auto Workers soutiennent un vote de gr\u00e8ve - Benoit Charette - Annuel automobile - CanadaMotorJobs.com.","robots":{"index":"index","follow":"follow","max-snippet":"max-snippet:-1","max-image-preview":"max-image-preview:large","max-video-preview":"max-video-preview:-1"},"og_locale":"fr_CA","og_type":"article","og_title":"Les membres du United Auto Workers soutiennent un vote de gr\u00e8ve - CanadaMotorJobs.com","og_description":"Les membres du United Auto Workers soutiennent un vote de gr\u00e8ve - Benoit Charette - Annuel automobile - CanadaMotorJobs.com.","og_url":"https:\/\/news.canadamotorjobs.com\/fr\/les-membres-du-united-auto-workers-soutiennent-un-vote-de-greve\/","og_site_name":"CanadaMotorJobs.com","article_publisher":"https:\/\/www.facebook.com\/canadamotorjobs\/","article_published_time":"2023-08-26T13:29:36+00:00","article_modified_time":"2023-08-26T13:34:10+00:00","og_image":[{"width":800,"height":800,"url":"https:\/\/news.canadamotorjobs.com\/wp-content\/uploads\/2023\/08\/United_Auto_Workers_logo.svg_.png","type":"image\/png"}],"author":"Benoit Charette","twitter_card":"summary_large_image","twitter_creator":"@canadamotorjobs","twitter_site":"@canadamotorjobs","twitter_misc":{"\u00c9crit par":"Benoit Charette","Estimation du temps de lecture":"2 minutes"},"schema":{"@context":"https:\/\/schema.org","@graph":[{"@type":"Article","@id":"https:\/\/news.canadamotorjobs.com\/fr\/les-membres-du-united-auto-workers-soutiennent-un-vote-de-greve\/#article","isPartOf":{"@id":"https:\/\/news.canadamotorjobs.com\/fr\/les-membres-du-united-auto-workers-soutiennent-un-vote-de-greve\/"},"author":{"name":"Benoit Charette","@id":"https:\/\/news.canadamotorjobs.com\/#\/schema\/person\/51793d1f87d44011d7bcc2ed99269a90"},"headline":"Les membres du United Auto Workers soutiennent un vote de gr\u00e8ve","datePublished":"2023-08-26T13:29:36+00:00","dateModified":"2023-08-26T13:34:10+00:00","mainEntityOfPage":{"@id":"https:\/\/news.canadamotorjobs.com\/fr\/les-membres-du-united-auto-workers-soutiennent-un-vote-de-greve\/"},"wordCount":348,"publisher":{"@id":"https:\/\/news.canadamotorjobs.com\/#organization"},"image":{"@id":"https:\/\/news.canadamotorjobs.com\/fr\/les-membres-du-united-auto-workers-soutiennent-un-vote-de-greve\/#primaryimage"},"thumbnailUrl":"https:\/\/news.canadamotorjobs.com\/wp-content\/uploads\/2023\/08\/United_Auto_Workers_logo.svg_.png","articleSection":["Annuel automobile"],"inLanguage":"fr-CA"},{"@type":"WebPage","@id":"https:\/\/news.canadamotorjobs.com\/fr\/les-membres-du-united-auto-workers-soutiennent-un-vote-de-greve\/","url":"https:\/\/news.canadamotorjobs.com\/fr\/les-membres-du-united-auto-workers-soutiennent-un-vote-de-greve\/","name":"Les membres du United Auto Workers soutiennent un vote de gr\u00e8ve - CanadaMotorJobs.com","isPartOf":{"@id":"https:\/\/news.canadamotorjobs.com\/#website"},"primaryImageOfPage":{"@id":"https:\/\/news.canadamotorjobs.com\/fr\/les-membres-du-united-auto-workers-soutiennent-un-vote-de-greve\/#primaryimage"},"image":{"@id":"https:\/\/news.canadamotorjobs.com\/fr\/les-membres-du-united-auto-workers-soutiennent-un-vote-de-greve\/#primaryimage"},"thumbnailUrl":"https:\/\/news.canadamotorjobs.com\/wp-content\/uploads\/2023\/08\/United_Auto_Workers_logo.svg_.png","datePublished":"2023-08-26T13:29:36+00:00","dateModified":"2023-08-26T13:34:10+00:00","description":"Les membres du United Auto Workers soutiennent un vote de gr\u00e8ve - Benoit Charette - Annuel automobile - CanadaMotorJobs.com.","breadcrumb":{"@id":"https:\/\/news.canadamotorjobs.com\/fr\/les-membres-du-united-auto-workers-soutiennent-un-vote-de-greve\/#breadcrumb"},"inLanguage":"fr-CA","potentialAction":[{"@type":"ReadAction","target":["https:\/\/news.canadamotorjobs.com\/fr\/les-membres-du-united-auto-workers-soutiennent-un-vote-de-greve\/"]}]},{"@type":"ImageObject","inLanguage":"fr-CA","@id":"https:\/\/news.canadamotorjobs.com\/fr\/les-membres-du-united-auto-workers-soutiennent-un-vote-de-greve\/#primaryimage","url":"https:\/\/news.canadamotorjobs.com\/wp-content\/uploads\/2023\/08\/United_Auto_Workers_logo.svg_.png","contentUrl":"https:\/\/news.canadamotorjobs.com\/wp-content\/uploads\/2023\/08\/United_Auto_Workers_logo.svg_.png","width":800,"height":800},{"@type":"BreadcrumbList","@id":"https:\/\/news.canadamotorjobs.com\/fr\/les-membres-du-united-auto-workers-soutiennent-un-vote-de-greve\/#breadcrumb","itemListElement":[{"@type":"ListItem","position":1,"name":"Home","item":"https:\/\/news.canadamotorjobs.com\/fr\/blog\/"},{"@type":"ListItem","position":2,"name":"Les membres du United Auto Workers soutiennent un vote de gr\u00e8ve"}]},{"@type":"WebSite","@id":"https:\/\/news.canadamotorjobs.com\/#website","url":"https:\/\/news.canadamotorjobs.com\/","name":"CanadaMotorJobs.com","description":"Automotive Jobs","publisher":{"@id":"https:\/\/news.canadamotorjobs.com\/#organization"},"potentialAction":[{"@type":"SearchAction","target":{"@type":"EntryPoint","urlTemplate":"https:\/\/news.canadamotorjobs.com\/?s={search_term_string}"},"query-input":"required name=search_term_string"}],"inLanguage":"fr-CA"},{"@type":"Organization","@id":"https:\/\/news.canadamotorjobs.com\/#organization","name":"Canada Motor Jobs","url":"https:\/\/news.canadamotorjobs.com\/","logo":{"@type":"ImageObject","inLanguage":"fr-CA","@id":"https:\/\/news.canadamotorjobs.com\/#\/schema\/logo\/image\/","url":"https:\/\/news.canadamotorjobs.com\/wp-content\/uploads\/2022\/10\/logo-canada-motor-jobs-1.png","contentUrl":"https:\/\/news.canadamotorjobs.com\/wp-content\/uploads\/2022\/10\/logo-canada-motor-jobs-1.png","width":800,"height":400,"caption":"Canada Motor Jobs"},"image":{"@id":"https:\/\/news.canadamotorjobs.com\/#\/schema\/logo\/image\/"},"sameAs":["https:\/\/www.facebook.com\/canadamotorjobs\/","https:\/\/x.com\/canadamotorjobs","https:\/\/www.instagram.com\/canadamotorjobs\/","https:\/\/www.linkedin.com\/company\/canadamotorjobs"]},{"@type":"Person","@id":"https:\/\/news.canadamotorjobs.com\/#\/schema\/person\/51793d1f87d44011d7bcc2ed99269a90","name":"Benoit Charette","image":{"@type":"ImageObject","inLanguage":"fr-CA","@id":"https:\/\/news.canadamotorjobs.com\/#\/schema\/person\/image\/","url":"https:\/\/secure.gravatar.com\/avatar\/45f3d2eebcccd909668d7ce7ea7267b6?s=96&d=mm&r=g","contentUrl":"https:\/\/secure.gravatar.com\/avatar\/45f3d2eebcccd909668d7ce7ea7267b6?s=96&d=mm&r=g","caption":"Benoit Charette"},"description":"Benoit Charette \/ Propri\u00e9taire et r\u00e9dacteur en chef Benoit Charette pratique le journalisme automobile depuis bient\u00f4t 30 ans. Il a fait ses classes au c\u00f4t\u00e9 de Daniel H\u00e9raud et au Carnet de route de 1992 \u00e0 2001. Il est fondateur, copropri\u00e9taire et r\u00e9dacteur en chef de L\u2019Annuel de l\u2019automobile, qu\u2019il publie depuis 2001. Il a anim\u00e9 les \u00e9missions RPM et RPM+ sur V et les L\u00e9gendes de la route sur Historia. \u00c0 la radio depuis 1986, il reprend l\u2019antenne cette ann\u00e9e sur les ondes de Cogeco et participe pour la deuxi\u00e8me ann\u00e9e \u00e0 l\u2019\u00e9mission Passion Auto sur RDS en plus de mettre en ligne le site Web officiel de L\u2019Annuel de l\u2019automobile sur annuelauto.ca.","sameAs":["https:\/\/annuelauto.ca\/"],"url":"https:\/\/news.canadamotorjobs.com\/fr\/author\/benoit-charette\/"}]}},"_links":{"self":[{"href":"https:\/\/news.canadamotorjobs.com\/fr\/wp-json\/wp\/v2\/posts\/150228"}],"collection":[{"href":"https:\/\/news.canadamotorjobs.com\/fr\/wp-json\/wp\/v2\/posts"}],"about":[{"href":"https:\/\/news.canadamotorjobs.com\/fr\/wp-json\/wp\/v2\/types\/post"}],"author":[{"embeddable":true,"href":"https:\/\/news.canadamotorjobs.com\/fr\/wp-json\/wp\/v2\/users\/8"}],"replies":[{"embeddable":true,"href":"https:\/\/news.canadamotorjobs.com\/fr\/wp-json\/wp\/v2\/comments?post=150228"}],"version-history":[{"count":2,"href":"https:\/\/news.canadamotorjobs.com\/fr\/wp-json\/wp\/v2\/posts\/150228\/revisions"}],"predecessor-version":[{"id":150232,"href":"https:\/\/news.canadamotorjobs.com\/fr\/wp-json\/wp\/v2\/posts\/150228\/revisions\/150232"}],"wp:featuredmedia":[{"embeddable":true,"href":"https:\/\/news.canadamotorjobs.com\/fr\/wp-json\/wp\/v2\/media\/150230"}],"wp:attachment":[{"href":"https:\/\/news.canadamotorjobs.com\/fr\/wp-json\/wp\/v2\/media?parent=150228"}],"wp:term":[{"taxonomy":"category","embeddable":true,"href":"https:\/\/news.canadamotorjobs.com\/fr\/wp-json\/wp\/v2\/categories?post=150228"},{"taxonomy":"post_tag","embeddable":true,"href":"https:\/\/news.canadamotorjobs.com\/fr\/wp-json\/wp\/v2\/tags?post=150228"}],"curies":[{"name":"wp","href":"https:\/\/api.w.org\/{rel}","templated":true}]}}